{"id":117723,"date":"2025-03-27T08:02:57","date_gmt":"2025-03-27T13:02:57","guid":{"rendered":"https:\/\/futbolhoy.co\/?p=117723"},"modified":"2025-03-28T10:17:56","modified_gmt":"2025-03-28T15:17:56","slug":"neiser-villarreal-genera-opiniones-encontradas-tras-accion-en-el-clasico","status":"publish","type":"post","link":"https:\/\/futbolhoy.co\/index.php\/2025\/03\/27\/neiser-villarreal-genera-opiniones-encontradas-tras-accion-en-el-clasico\/","title":{"rendered":"Neiser Villarreal genera opiniones encontradas tras acci\u00f3n en el cl\u00e1sico"},"content":{"rendered":"<p style=\"text-align: justify;\"><span style=\"font-family: helvetica, arial, sans-serif;\"><strong>Millonarios<\/strong> tom\u00f3 revancha inmediata por su derrota 3-2 en el cl\u00e1sico ante <strong>Santa Fe<\/strong> el pasado fin de semana y lo super\u00f3 2-0 este mi\u00e9rcoles, en juego adelantado por la fecha 17 de la <strong>Liga BetPlay.<\/strong><\/span><\/p>\n<p style=\"text-align: justify;\"><span style=\"font-family: helvetica, arial, sans-serif;\">El encuentro tuvo un momento de alta tensi\u00f3n durante el segundo tiempo, luego de que <strong>Neiser Villarreal<\/strong> imitara a <strong>FranciscoChaverra,<\/strong> del<strong> Medell\u00edn,<\/strong>\u00a0y se parara encima de la pelota, recibiendo una cartulina amarilla de parte del \u00e1rbitro <strong>Jos\u00e9 Ortiz<\/strong> y desatando la ira de varios jugadores Cardenales.<\/span><\/p>\n<p style=\"text-align: justify;\"><span style=\"font-family: helvetica, arial, sans-serif;\"><strong>Cr\u00edticas de Rodallega<\/strong><\/span><\/p>\n<p style=\"text-align: justify;\"><span style=\"font-family: helvetica, arial, sans-serif;\">El m\u00e1s molesto de ellos fue <strong>Hugo Rodallega,<\/strong> capit\u00e1n rival, quien en rueda de prensa critic\u00f3 al joven jugador y pidi\u00f3 que sea aconsejado<strong>. <\/strong>\u201cNo estoy en contra de las jugadas de fantas\u00eda. Al contrario, admiro cuando un jugador tiene la capacidad de hacer una jugada de fantas\u00eda\u201d, coment\u00f3 inicialmente.<\/span><\/p>\n<p style=\"text-align: justify;\"><span style=\"font-family: helvetica, arial, sans-serif;\">Y a\u00f1adi\u00f3: \"hay que ense\u00f1arle, no solo a Neiser, sino a todos los j\u00f3venes aqu\u00ed en <strong>Colombia,<\/strong> que no es simplemente cuando vayan ganando un partido, cuando est\u00e9n de local con su gente\u2026 si lo va a hacer, que lo haga cuando est\u00e9n 0-0\u201d.<\/span><\/p>\n<p style=\"text-align: justify;\"><span style=\"font-family: helvetica, arial, sans-serif;\"><strong>Defensa de \u00c1lvaro Montero<\/strong><\/span><\/p>\n<p style=\"text-align: justify;\"><span style=\"font-family: helvetica, arial, sans-serif;\">Por su parte, <strong>\u00c1lvaro Montero,<\/strong> portero de Millonarios y capit\u00e1n azul durante el cl\u00e1sico, resalt\u00f3 el trabajo de Neiser Villarreal y lo defendi\u00f3 por lo hecho, pidiendo que tanto \u00e9l como otros jugadores del pa\u00eds sean aplaudidos.<\/span><\/p>\n<p style=\"text-align: justify;\"><span style=\"font-family: helvetica, arial, sans-serif;\">\"Aplaudirlo. Hay que premiar a los buenos jugadores, los que tiene las caracter\u00edsticas y la personalidad de hacerlo. Yo no lo veo como una falta de respeto, m\u00e1s all\u00e1 de que s\u00ed incomoda al otro equipo. Disfr\u00fatemelo, eso genera en el ambiente cosas buenas. No se\u00f1alemos tanto, tenemos a <strong>Marino Hinestroza<\/strong> y a <strong>Francisco Chaverra,<\/strong> que sigan disfrutando\", coment\u00f3 Montero.<\/span><\/p>\n","protected":false},"excerpt":{"rendered":"<p>Millonarios tom\u00f3 revancha inmediata por su derrota 3-2 en el cl\u00e1sico ante Santa Fe el pasado fin de semana y lo super\u00f3 2-0 este mi\u00e9rcoles, en juego adelantado por la fecha 17 de la Liga BetPlay. El encuentro tuvo un momento de alta tensi\u00f3n durante el segundo tiempo, luego de que Neiser Villarreal imitara a [&hellip;]<\/p>\n","protected":false},"author":4,"featured_media":117724,"comment_status":"open","ping_status":"open","sticky":false,"template":"","format":"standard","meta":{"_acf_changed":false,"footnotes":""},"categories":[7],"tags":[],"class_list":{"0":"post-117723","1":"post","2":"type-post","3":"status-publish","4":"format-standard","5":"has-post-thumbnail","7":"category-liga-betplay"},"acf":[],"yoast_head":"<!-- This site is optimized with the Yoast SEO plugin v26.8 - https:\/\/yoast.com\/product\/yoast-seo-wordpress\/ -->\n<title>Neiser Villarreal genera opiniones encontradas tras acci\u00f3n en el cl\u00e1sico -<\/title>\n<meta name=\"robots\" content=\"index, follow, max-snippet:-1, max-image-preview:large, max-video-preview:-1\" \/>\n<link rel=\"canonical\" href=\"https:\/\/futbolhoy.co\/index.php\/2025\/03\/27\/neiser-villarreal-genera-opiniones-encontradas-tras-accion-en-el-clasico\/\" \/>\n<meta property=\"og:locale\" content=\"es_ES\" \/>\n<meta property=\"og:type\" content=\"article\" \/>\n<meta property=\"og:title\" content=\"Neiser Villarreal genera opiniones encontradas tras acci\u00f3n en el cl\u00e1sico -\" \/>\n<meta property=\"og:description\" content=\"Millonarios tom\u00f3 revancha inmediata por su derrota 3-2 en el cl\u00e1sico ante Santa Fe el pasado fin de semana y lo super\u00f3 2-0 este mi\u00e9rcoles, en juego adelantado por la fecha 17 de la Liga BetPlay. El encuentro tuvo un momento de alta tensi\u00f3n durante el segundo tiempo, luego de que Neiser Villarreal imitara a [&hellip;]\" \/>\n<meta property=\"og:url\" content=\"https:\/\/futbolhoy.co\/index.php\/2025\/03\/27\/neiser-villarreal-genera-opiniones-encontradas-tras-accion-en-el-clasico\/\" \/>\n<meta property=\"article:publisher\" content=\"https:\/\/www.facebook.com\/FutbolHoyCol\/\" \/>\n<meta property=\"article:published_time\" content=\"2025-03-27T13:02:57+00:00\" \/>\n<meta property=\"article:modified_time\" content=\"2025-03-28T15:17:56+00:00\" \/>\n<meta property=\"og:image\" content=\"https:\/\/futbolhoy.co\/wp-content\/uploads\/2025\/03\/GnBiJv4XwAAiZcH.jpg\" \/>\n\t<meta property=\"og:image:width\" content=\"2048\" \/>\n\t<meta property=\"og:image:height\" content=\"1638\" \/>\n\t<meta property=\"og:image:type\" content=\"image\/jpeg\" \/>\n<meta name=\"author\" content=\"contenido\" \/>\n<meta name=\"twitter:card\" content=\"summary_large_image\" \/>\n<meta name=\"twitter:creator\" content=\"@FutbolHoyCol\" \/>\n<meta name=\"twitter:site\" content=\"@FutbolHoyCol\" \/>\n<meta name=\"twitter:label1\" content=\"Escrito por\" \/>\n\t<meta name=\"twitter:data1\" content=\"contenido\" \/>\n\t<meta name=\"twitter:label2\" content=\"Tiempo de lectura\" \/>\n\t<meta name=\"twitter:data2\" content=\"2 minutos\" \/>\n<script type=\"application\/ld+json\" class=\"yoast-schema-graph\">{\"@context\":\"https:\/\/schema.org\",\"@graph\":[{\"@type\":\"Article\",\"@id\":\"https:\/\/futbolhoy.co\/index.php\/2025\/03\/27\/neiser-villarreal-genera-opiniones-encontradas-tras-accion-en-el-clasico\/#article\",\"isPartOf\":{\"@id\":\"https:\/\/futbolhoy.co\/index.php\/2025\/03\/27\/neiser-villarreal-genera-opiniones-encontradas-tras-accion-en-el-clasico\/\"},\"author\":{\"name\":\"contenido\",\"@id\":\"https:\/\/futbolhoy.co\/#\/schema\/person\/1721b69355b6623eaff15ac7b92d4cc3\"},\"headline\":\"Neiser Villarreal genera opiniones encontradas tras acci\u00f3n en el cl\u00e1sico\",\"datePublished\":\"2025-03-27T13:02:57+00:00\",\"dateModified\":\"2025-03-28T15:17:56+00:00\",\"mainEntityOfPage\":{\"@id\":\"https:\/\/futbolhoy.co\/index.php\/2025\/03\/27\/neiser-villarreal-genera-opiniones-encontradas-tras-accion-en-el-clasico\/\"},\"wordCount\":313,\"commentCount\":0,\"publisher\":{\"@id\":\"https:\/\/futbolhoy.co\/#organization\"},\"image\":{\"@id\":\"https:\/\/futbolhoy.co\/index.php\/2025\/03\/27\/neiser-villarreal-genera-opiniones-encontradas-tras-accion-en-el-clasico\/#primaryimage\"},\"thumbnailUrl\":\"https:\/\/futbolhoy.co\/wp-content\/uploads\/2025\/03\/GnBiJv4XwAAiZcH.jpg\",\"articleSection\":[\"Liga BetPlay\"],\"inLanguage\":\"es\",\"potentialAction\":[{\"@type\":\"CommentAction\",\"name\":\"Comment\",\"target\":[\"https:\/\/futbolhoy.co\/index.php\/2025\/03\/27\/neiser-villarreal-genera-opiniones-encontradas-tras-accion-en-el-clasico\/#respond\"]}]},{\"@type\":\"WebPage\",\"@id\":\"https:\/\/futbolhoy.co\/index.php\/2025\/03\/27\/neiser-villarreal-genera-opiniones-encontradas-tras-accion-en-el-clasico\/\",\"url\":\"https:\/\/futbolhoy.co\/index.php\/2025\/03\/27\/neiser-villarreal-genera-opiniones-encontradas-tras-accion-en-el-clasico\/\",\"name\":\"Neiser Villarreal genera opiniones encontradas tras acci\u00f3n en el cl\u00e1sico -\",\"isPartOf\":{\"@id\":\"https:\/\/futbolhoy.co\/#website\"},\"primaryImageOfPage\":{\"@id\":\"https:\/\/futbolhoy.co\/index.php\/2025\/03\/27\/neiser-villarreal-genera-opiniones-encontradas-tras-accion-en-el-clasico\/#primaryimage\"},\"image\":{\"@id\":\"https:\/\/futbolhoy.co\/index.php\/2025\/03\/27\/neiser-villarreal-genera-opiniones-encontradas-tras-accion-en-el-clasico\/#primaryimage\"},\"thumbnailUrl\":\"https:\/\/futbolhoy.co\/wp-content\/uploads\/2025\/03\/GnBiJv4XwAAiZcH.jpg\",\"datePublished\":\"2025-03-27T13:02:57+00:00\",\"dateModified\":\"2025-03-28T15:17:56+00:00\",\"breadcrumb\":{\"@id\":\"https:\/\/futbolhoy.co\/index.php\/2025\/03\/27\/neiser-villarreal-genera-opiniones-encontradas-tras-accion-en-el-clasico\/#breadcrumb\"},\"inLanguage\":\"es\",\"potentialAction\":[{\"@type\":\"ReadAction\",\"target\":[\"https:\/\/futbolhoy.co\/index.php\/2025\/03\/27\/neiser-villarreal-genera-opiniones-encontradas-tras-accion-en-el-clasico\/\"]}]},{\"@type\":\"ImageObject\",\"inLanguage\":\"es\",\"@id\":\"https:\/\/futbolhoy.co\/index.php\/2025\/03\/27\/neiser-villarreal-genera-opiniones-encontradas-tras-accion-en-el-clasico\/#primaryimage\",\"url\":\"https:\/\/futbolhoy.co\/wp-content\/uploads\/2025\/03\/GnBiJv4XwAAiZcH.jpg\",\"contentUrl\":\"https:\/\/futbolhoy.co\/wp-content\/uploads\/2025\/03\/GnBiJv4XwAAiZcH.jpg\",\"width\":2048,\"height\":1638},{\"@type\":\"BreadcrumbList\",\"@id\":\"https:\/\/futbolhoy.co\/index.php\/2025\/03\/27\/neiser-villarreal-genera-opiniones-encontradas-tras-accion-en-el-clasico\/#breadcrumb\",\"itemListElement\":[{\"@type\":\"ListItem\",\"position\":1,\"name\":\"Portada\",\"item\":\"https:\/\/futbolhoy.co\/\"},{\"@type\":\"ListItem\",\"position\":2,\"name\":\"Neiser Villarreal genera opiniones encontradas tras acci\u00f3n en el cl\u00e1sico\"}]},{\"@type\":\"WebSite\",\"@id\":\"https:\/\/futbolhoy.co\/#website\",\"url\":\"https:\/\/futbolhoy.co\/\",\"name\":\"FutbolHoy\",\"description\":\"\",\"publisher\":{\"@id\":\"https:\/\/futbolhoy.co\/#organization\"},\"potentialAction\":[{\"@type\":\"SearchAction\",\"target\":{\"@type\":\"EntryPoint\",\"urlTemplate\":\"https:\/\/futbolhoy.co\/?s={search_term_string}\"},\"query-input\":{\"@type\":\"PropertyValueSpecification\",\"valueRequired\":true,\"valueName\":\"search_term_string\"}}],\"inLanguage\":\"es\"},{\"@type\":\"Organization\",\"@id\":\"https:\/\/futbolhoy.co\/#organization\",\"name\":\"Futbolhoy.co\",\"url\":\"https:\/\/futbolhoy.co\/\",\"logo\":{\"@type\":\"ImageObject\",\"inLanguage\":\"es\",\"@id\":\"https:\/\/futbolhoy.co\/#\/schema\/logo\/image\/\",\"url\":\"https:\/\/futbolhoy.co\/wp-content\/uploads\/2018\/08\/17426380_1906371736249227_6326180412931521141_n.jpg\",\"contentUrl\":\"https:\/\/futbolhoy.co\/wp-content\/uploads\/2018\/08\/17426380_1906371736249227_6326180412931521141_n.jpg\",\"width\":960,\"height\":960,\"caption\":\"Futbolhoy.co\"},\"image\":{\"@id\":\"https:\/\/futbolhoy.co\/#\/schema\/logo\/image\/\"},\"sameAs\":[\"https:\/\/www.facebook.com\/FutbolHoyCol\/\",\"https:\/\/x.com\/FutbolHoyCol\",\"https:\/\/www.instagram.com\/futbolhoycol\/\"]},{\"@type\":\"Person\",\"@id\":\"https:\/\/futbolhoy.co\/#\/schema\/person\/1721b69355b6623eaff15ac7b92d4cc3\",\"name\":\"contenido\",\"image\":{\"@type\":\"ImageObject\",\"inLanguage\":\"es\",\"@id\":\"https:\/\/futbolhoy.co\/#\/schema\/person\/image\/\",\"url\":\"https:\/\/secure.gravatar.com\/avatar\/4f656d3256f5134f466206e7c3941518?s=96&d=mm&r=g\",\"contentUrl\":\"https:\/\/secure.gravatar.com\/avatar\/4f656d3256f5134f466206e7c3941518?s=96&d=mm&r=g\",\"caption\":\"contenido\"}}]}<\/script>\n<!-- \/ Yoast SEO plugin. -->","yoast_head_json":{"title":"Neiser Villarreal genera opiniones encontradas tras acci\u00f3n en el cl\u00e1sico -","robots":{"index":"index","follow":"follow","max-snippet":"max-snippet:-1","max-image-preview":"max-image-preview:large","max-video-preview":"max-video-preview:-1"},"canonical":"https:\/\/futbolhoy.co\/index.php\/2025\/03\/27\/neiser-villarreal-genera-opiniones-encontradas-tras-accion-en-el-clasico\/","og_locale":"es_ES","og_type":"article","og_title":"Neiser Villarreal genera opiniones encontradas tras acci\u00f3n en el cl\u00e1sico -","og_description":"Millonarios tom\u00f3 revancha inmediata por su derrota 3-2 en el cl\u00e1sico ante Santa Fe el pasado fin de semana y lo super\u00f3 2-0 este mi\u00e9rcoles, en juego adelantado por la fecha 17 de la Liga BetPlay. El encuentro tuvo un momento de alta tensi\u00f3n durante el segundo tiempo, luego de que Neiser Villarreal imitara a [&hellip;]","og_url":"https:\/\/futbolhoy.co\/index.php\/2025\/03\/27\/neiser-villarreal-genera-opiniones-encontradas-tras-accion-en-el-clasico\/","article_publisher":"https:\/\/www.facebook.com\/FutbolHoyCol\/","article_published_time":"2025-03-27T13:02:57+00:00","article_modified_time":"2025-03-28T15:17:56+00:00","og_image":[{"width":2048,"height":1638,"url":"https:\/\/futbolhoy.co\/wp-content\/uploads\/2025\/03\/GnBiJv4XwAAiZcH.jpg","type":"image\/jpeg"}],"author":"contenido","twitter_card":"summary_large_image","twitter_creator":"@FutbolHoyCol","twitter_site":"@FutbolHoyCol","twitter_misc":{"Escrito por":"contenido","Tiempo de lectura":"2 minutos"},"schema":{"@context":"https:\/\/schema.org","@graph":[{"@type":"Article","@id":"https:\/\/futbolhoy.co\/index.php\/2025\/03\/27\/neiser-villarreal-genera-opiniones-encontradas-tras-accion-en-el-clasico\/#article","isPartOf":{"@id":"https:\/\/futbolhoy.co\/index.php\/2025\/03\/27\/neiser-villarreal-genera-opiniones-encontradas-tras-accion-en-el-clasico\/"},"author":{"name":"contenido","@id":"https:\/\/futbolhoy.co\/#\/schema\/person\/1721b69355b6623eaff15ac7b92d4cc3"},"headline":"Neiser Villarreal genera opiniones encontradas tras acci\u00f3n en el cl\u00e1sico","datePublished":"2025-03-27T13:02:57+00:00","dateModified":"2025-03-28T15:17:56+00:00","mainEntityOfPage":{"@id":"https:\/\/futbolhoy.co\/index.php\/2025\/03\/27\/neiser-villarreal-genera-opiniones-encontradas-tras-accion-en-el-clasico\/"},"wordCount":313,"commentCount":0,"publisher":{"@id":"https:\/\/futbolhoy.co\/#organization"},"image":{"@id":"https:\/\/futbolhoy.co\/index.php\/2025\/03\/27\/neiser-villarreal-genera-opiniones-encontradas-tras-accion-en-el-clasico\/#primaryimage"},"thumbnailUrl":"https:\/\/futbolhoy.co\/wp-content\/uploads\/2025\/03\/GnBiJv4XwAAiZcH.jpg","articleSection":["Liga BetPlay"],"inLanguage":"es","potentialAction":[{"@type":"CommentAction","name":"Comment","target":["https:\/\/futbolhoy.co\/index.php\/2025\/03\/27\/neiser-villarreal-genera-opiniones-encontradas-tras-accion-en-el-clasico\/#respond"]}]},{"@type":"WebPage","@id":"https:\/\/futbolhoy.co\/index.php\/2025\/03\/27\/neiser-villarreal-genera-opiniones-encontradas-tras-accion-en-el-clasico\/","url":"https:\/\/futbolhoy.co\/index.php\/2025\/03\/27\/neiser-villarreal-genera-opiniones-encontradas-tras-accion-en-el-clasico\/","name":"Neiser Villarreal genera opiniones encontradas tras acci\u00f3n en el cl\u00e1sico -","isPartOf":{"@id":"https:\/\/futbolhoy.co\/#website"},"primaryImageOfPage":{"@id":"https:\/\/futbolhoy.co\/index.php\/2025\/03\/27\/neiser-villarreal-genera-opiniones-encontradas-tras-accion-en-el-clasico\/#primaryimage"},"image":{"@id":"https:\/\/futbolhoy.co\/index.php\/2025\/03\/27\/neiser-villarreal-genera-opiniones-encontradas-tras-accion-en-el-clasico\/#primaryimage"},"thumbnailUrl":"https:\/\/futbolhoy.co\/wp-content\/uploads\/2025\/03\/GnBiJv4XwAAiZcH.jpg","datePublished":"2025-03-27T13:02:57+00:00","dateModified":"2025-03-28T15:17:56+00:00","breadcrumb":{"@id":"https:\/\/futbolhoy.co\/index.php\/2025\/03\/27\/neiser-villarreal-genera-opiniones-encontradas-tras-accion-en-el-clasico\/#breadcrumb"},"inLanguage":"es","potentialAction":[{"@type":"ReadAction","target":["https:\/\/futbolhoy.co\/index.php\/2025\/03\/27\/neiser-villarreal-genera-opiniones-encontradas-tras-accion-en-el-clasico\/"]}]},{"@type":"ImageObject","inLanguage":"es","@id":"https:\/\/futbolhoy.co\/index.php\/2025\/03\/27\/neiser-villarreal-genera-opiniones-encontradas-tras-accion-en-el-clasico\/#primaryimage","url":"https:\/\/futbolhoy.co\/wp-content\/uploads\/2025\/03\/GnBiJv4XwAAiZcH.jpg","contentUrl":"https:\/\/futbolhoy.co\/wp-content\/uploads\/2025\/03\/GnBiJv4XwAAiZcH.jpg","width":2048,"height":1638},{"@type":"BreadcrumbList","@id":"https:\/\/futbolhoy.co\/index.php\/2025\/03\/27\/neiser-villarreal-genera-opiniones-encontradas-tras-accion-en-el-clasico\/#breadcrumb","itemListElement":[{"@type":"ListItem","position":1,"name":"Portada","item":"https:\/\/futbolhoy.co\/"},{"@type":"ListItem","position":2,"name":"Neiser Villarreal genera opiniones encontradas tras acci\u00f3n en el cl\u00e1sico"}]},{"@type":"WebSite","@id":"https:\/\/futbolhoy.co\/#website","url":"https:\/\/futbolhoy.co\/","name":"FutbolHoy","description":"","publisher":{"@id":"https:\/\/futbolhoy.co\/#organization"},"potentialAction":[{"@type":"SearchAction","target":{"@type":"EntryPoint","urlTemplate":"https:\/\/futbolhoy.co\/?s={search_term_string}"},"query-input":{"@type":"PropertyValueSpecification","valueRequired":true,"valueName":"search_term_string"}}],"inLanguage":"es"},{"@type":"Organization","@id":"https:\/\/futbolhoy.co\/#organization","name":"Futbolhoy.co","url":"https:\/\/futbolhoy.co\/","logo":{"@type":"ImageObject","inLanguage":"es","@id":"https:\/\/futbolhoy.co\/#\/schema\/logo\/image\/","url":"https:\/\/futbolhoy.co\/wp-content\/uploads\/2018\/08\/17426380_1906371736249227_6326180412931521141_n.jpg","contentUrl":"https:\/\/futbolhoy.co\/wp-content\/uploads\/2018\/08\/17426380_1906371736249227_6326180412931521141_n.jpg","width":960,"height":960,"caption":"Futbolhoy.co"},"image":{"@id":"https:\/\/futbolhoy.co\/#\/schema\/logo\/image\/"},"sameAs":["https:\/\/www.facebook.com\/FutbolHoyCol\/","https:\/\/x.com\/FutbolHoyCol","https:\/\/www.instagram.com\/futbolhoycol\/"]},{"@type":"Person","@id":"https:\/\/futbolhoy.co\/#\/schema\/person\/1721b69355b6623eaff15ac7b92d4cc3","name":"contenido","image":{"@type":"ImageObject","inLanguage":"es","@id":"https:\/\/futbolhoy.co\/#\/schema\/person\/image\/","url":"https:\/\/secure.gravatar.com\/avatar\/4f656d3256f5134f466206e7c3941518?s=96&d=mm&r=g","contentUrl":"https:\/\/secure.gravatar.com\/avatar\/4f656d3256f5134f466206e7c3941518?s=96&d=mm&r=g","caption":"contenido"}}]}},"publishpress_future_action":{"enabled":false,"date":"2026-05-04 22:13:36","action":"change-status","newStatus":"draft","terms":[],"taxonomy":"category","extraData":[]},"publishpress_future_workflow_manual_trigger":{"enabledWorkflows":[]},"_links":{"self":[{"href":"https:\/\/futbolhoy.co\/index.php\/wp-json\/wp\/v2\/posts\/117723","targetHints":{"allow":["GET"]}}],"collection":[{"href":"https:\/\/futbolhoy.co\/index.php\/wp-json\/wp\/v2\/posts"}],"about":[{"href":"https:\/\/futbolhoy.co\/index.php\/wp-json\/wp\/v2\/types\/post"}],"author":[{"embeddable":true,"href":"https:\/\/futbolhoy.co\/index.php\/wp-json\/wp\/v2\/users\/4"}],"replies":[{"embeddable":true,"href":"https:\/\/futbolhoy.co\/index.php\/wp-json\/wp\/v2\/comments?post=117723"}],"version-history":[{"count":1,"href":"https:\/\/futbolhoy.co\/index.php\/wp-json\/wp\/v2\/posts\/117723\/revisions"}],"predecessor-version":[{"id":117725,"href":"https:\/\/futbolhoy.co\/index.php\/wp-json\/wp\/v2\/posts\/117723\/revisions\/117725"}],"wp:featuredmedia":[{"embeddable":true,"href":"https:\/\/futbolhoy.co\/index.php\/wp-json\/wp\/v2\/media\/117724"}],"wp:attachment":[{"href":"https:\/\/futbolhoy.co\/index.php\/wp-json\/wp\/v2\/media?parent=117723"}],"wp:term":[{"taxonomy":"category","embeddable":true,"href":"https:\/\/futbolhoy.co\/index.php\/wp-json\/wp\/v2\/categories?post=117723"},{"taxonomy":"post_tag","embeddable":true,"href":"https:\/\/futbolhoy.co\/index.php\/wp-json\/wp\/v2\/tags?post=117723"}],"curies":[{"name":"wp","href":"https:\/\/api.w.org\/{rel}","templated":true}]}}