{"id":117750,"date":"2025-03-27T11:44:55","date_gmt":"2025-03-27T16:44:55","guid":{"rendered":"https:\/\/futbolhoy.co\/?p=117750"},"modified":"2025-03-28T10:18:20","modified_gmt":"2025-03-28T15:18:20","slug":"santa-fe-oficializo-la-contratacion-de-jorge-bava","status":"publish","type":"post","link":"https:\/\/futbolhoy.co\/index.php\/2025\/03\/27\/santa-fe-oficializo-la-contratacion-de-jorge-bava\/","title":{"rendered":"Santa Fe oficializ\u00f3 la contrataci\u00f3n de Jorge Bava"},"content":{"rendered":"<p style=\"text-align: justify;\"><span style=\"font-family: helvetica, arial, sans-serif;\"><strong>Independiente Santa Fe<\/strong> oficializ\u00f3 este jueves la contrataci\u00f3n del uruguayo <strong>Jorge Bava<\/strong> como su nuevo director t\u00e9cnico. El exportero de 43 a\u00f1os tendr\u00e1 su tercera experiencia como entrenador.<\/span><\/p>\n<blockquote class=\"twitter-tweet\" data-media-max-width=\"560\">\n<p dir=\"ltr\" lang=\"und\">\ud835\udfef, \ud835\udfee, \ud835\udfed ... \ud83c\udfac<a href=\"https:\/\/twitter.com\/hashtag\/VamosSantaFe?src=hash&amp;ref_src=twsrc%5Etfw\">#VamosSantaFe<\/a> \ud83c\uddee\ud83c\udde9 <a href=\"https:\/\/t.co\/YjRQJALMJ0\">pic.twitter.com\/YjRQJALMJ0<\/a><\/p>\n<p>\u2014 Independiente Santa Fe (@SantaFe) <a href=\"https:\/\/twitter.com\/SantaFe\/status\/1905290577668653101?ref_src=twsrc%5Etfw\">March 27, 2025<\/a><\/p><\/blockquote>\n<p><script async src=\"https:\/\/platform.twitter.com\/widgets.js\" charset=\"utf-8\"><\/script><\/p>\n<p style=\"text-align: justify;\"><span style=\"font-family: helvetica, arial, sans-serif;\">Bava reemplazar\u00e1 como t\u00e9cnico en propiedad a su compatriota <strong>Pablo Peirano.<\/strong> Durante los \u00faltimos partidos estuvo al comando del club como estratega interino<strong> Francisco L\u00f3pez.<\/strong><\/span><\/p>\n<p style=\"text-align: justify;\"><span style=\"font-family: helvetica, arial, sans-serif;\">L\u00f3pez seguir\u00e1 al frente del equipo bogotano durante el pr\u00f3ximo domingo, cuando Santa Fe visite al <strong>Uni\u00f3n Magdalena<\/strong> por la fecha 11 del f\u00fatbol colombiano, esto debido a que el uruguayo no contar\u00e1 a\u00fan con el permiso de trabajo.<\/span><\/p>\n<p style=\"text-align: justify;\"><span style=\"font-family: helvetica, arial, sans-serif;\">Jorge Bava estuvo presente este jueves en su primera pr\u00e1ctica al frente del cuadro bogotano, conociendo a sus nuevos dirigidos.\u00a0<\/span><\/p>\n<p style=\"text-align: justify;\"><span style=\"font-family: helvetica, arial, sans-serif;\">Como jugador, Bava defendi\u00f3 el arco del <strong>Atl\u00e9tico Bucaramanga<\/strong> en el a\u00f1o 2016, defendiendo tambi\u00e9n el arco de <strong>Nacional<\/strong> de <strong>Montevideo, Libertad<\/strong> de <strong>Paraguay, Atlas<\/strong> de <strong>M\u00e9xico<\/strong> y <strong>Rosario Central<\/strong> de <strong>Argentina,<\/strong> entre otros.<\/span><\/p>\n<p style=\"text-align: justify;\"><span style=\"font-family: helvetica, arial, sans-serif;\">Como director t\u00e9cnico, dirigi\u00f3 a <strong>Liverpool<\/strong> de su pa\u00eds, consiguiendo cinco t\u00edtulos entre los a\u00f1os 2022 y 2023. Tambi\u00e9n tuvo un breve paso por el <strong>Le\u00f3n de M\u00e9xico.<\/strong><\/span><\/p>\n","protected":false},"excerpt":{"rendered":"<p>Independiente Santa Fe oficializ\u00f3 este jueves la contrataci\u00f3n del uruguayo Jorge Bava como su nuevo director t\u00e9cnico. El exportero de 43 a\u00f1os tendr\u00e1 su tercera experiencia como entrenador. \ud835\udfef, \ud835\udfee, \ud835\udfed ... \ud83c\udfac#VamosSantaFe \ud83c\uddee\ud83c\udde9 pic.twitter.com\/YjRQJALMJ0 \u2014 Independiente Santa Fe (@SantaFe) March 27, 2025 Bava reemplazar\u00e1 como t\u00e9cnico en propiedad a su compatriota Pablo Peirano. Durante [&hellip;]<\/p>\n","protected":false},"author":4,"featured_media":117752,"comment_status":"open","ping_status":"open","sticky":false,"template":"","format":"standard","meta":{"_acf_changed":false,"footnotes":""},"categories":[7],"tags":[],"class_list":{"0":"post-117750","1":"post","2":"type-post","3":"status-publish","4":"format-standard","5":"has-post-thumbnail","7":"category-liga-betplay"},"acf":[],"yoast_head":"<!-- This site is optimized with the Yoast SEO plugin v26.8 - https:\/\/yoast.com\/product\/yoast-seo-wordpress\/ -->\n<title>Santa Fe oficializ\u00f3 la contrataci\u00f3n de Jorge Bava -<\/title>\n<meta name=\"robots\" content=\"index, follow, max-snippet:-1, max-image-preview:large, max-video-preview:-1\" \/>\n<link rel=\"canonical\" href=\"https:\/\/futbolhoy.co\/index.php\/2025\/03\/27\/santa-fe-oficializo-la-contratacion-de-jorge-bava\/\" \/>\n<meta property=\"og:locale\" content=\"es_ES\" \/>\n<meta property=\"og:type\" content=\"article\" \/>\n<meta property=\"og:title\" content=\"Santa Fe oficializ\u00f3 la contrataci\u00f3n de Jorge Bava -\" \/>\n<meta property=\"og:description\" content=\"Independiente Santa Fe oficializ\u00f3 este jueves la contrataci\u00f3n del uruguayo Jorge Bava como su nuevo director t\u00e9cnico. El exportero de 43 a\u00f1os tendr\u00e1 su tercera experiencia como entrenador. \ud835\udfef, \ud835\udfee, \ud835\udfed ... \ud83c\udfac#VamosSantaFe \ud83c\uddee\ud83c\udde9 pic.twitter.com\/YjRQJALMJ0 \u2014 Independiente Santa Fe (@SantaFe) March 27, 2025 Bava reemplazar\u00e1 como t\u00e9cnico en propiedad a su compatriota Pablo Peirano. Durante [&hellip;]\" \/>\n<meta property=\"og:url\" content=\"https:\/\/futbolhoy.co\/index.php\/2025\/03\/27\/santa-fe-oficializo-la-contratacion-de-jorge-bava\/\" \/>\n<meta property=\"article:publisher\" content=\"https:\/\/www.facebook.com\/FutbolHoyCol\/\" \/>\n<meta property=\"article:published_time\" content=\"2025-03-27T16:44:55+00:00\" \/>\n<meta property=\"article:modified_time\" content=\"2025-03-28T15:18:20+00:00\" \/>\n<meta property=\"og:image\" content=\"https:\/\/futbolhoy.co\/wp-content\/uploads\/2025\/03\/Bava-1024x709.png\" \/>\n\t<meta property=\"og:image:width\" content=\"1024\" \/>\n\t<meta property=\"og:image:height\" content=\"709\" \/>\n\t<meta property=\"og:image:type\" content=\"image\/png\" \/>\n<meta name=\"author\" content=\"contenido\" \/>\n<meta name=\"twitter:card\" content=\"summary_large_image\" \/>\n<meta name=\"twitter:creator\" content=\"@FutbolHoyCol\" \/>\n<meta name=\"twitter:site\" content=\"@FutbolHoyCol\" \/>\n<meta name=\"twitter:label1\" content=\"Escrito por\" \/>\n\t<meta name=\"twitter:data1\" content=\"contenido\" \/>\n\t<meta name=\"twitter:label2\" content=\"Tiempo de lectura\" \/>\n\t<meta name=\"twitter:data2\" content=\"1 minuto\" \/>\n<script type=\"application\/ld+json\" class=\"yoast-schema-graph\">{\"@context\":\"https:\/\/schema.org\",\"@graph\":[{\"@type\":\"Article\",\"@id\":\"https:\/\/futbolhoy.co\/index.php\/2025\/03\/27\/santa-fe-oficializo-la-contratacion-de-jorge-bava\/#article\",\"isPartOf\":{\"@id\":\"https:\/\/futbolhoy.co\/index.php\/2025\/03\/27\/santa-fe-oficializo-la-contratacion-de-jorge-bava\/\"},\"author\":{\"name\":\"contenido\",\"@id\":\"https:\/\/futbolhoy.co\/#\/schema\/person\/1721b69355b6623eaff15ac7b92d4cc3\"},\"headline\":\"Santa Fe oficializ\u00f3 la contrataci\u00f3n de Jorge Bava\",\"datePublished\":\"2025-03-27T16:44:55+00:00\",\"dateModified\":\"2025-03-28T15:18:20+00:00\",\"mainEntityOfPage\":{\"@id\":\"https:\/\/futbolhoy.co\/index.php\/2025\/03\/27\/santa-fe-oficializo-la-contratacion-de-jorge-bava\/\"},\"wordCount\":210,\"commentCount\":0,\"publisher\":{\"@id\":\"https:\/\/futbolhoy.co\/#organization\"},\"image\":{\"@id\":\"https:\/\/futbolhoy.co\/index.php\/2025\/03\/27\/santa-fe-oficializo-la-contratacion-de-jorge-bava\/#primaryimage\"},\"thumbnailUrl\":\"https:\/\/futbolhoy.co\/wp-content\/uploads\/2025\/03\/Bava.png\",\"articleSection\":[\"Liga BetPlay\"],\"inLanguage\":\"es\",\"potentialAction\":[{\"@type\":\"CommentAction\",\"name\":\"Comment\",\"target\":[\"https:\/\/futbolhoy.co\/index.php\/2025\/03\/27\/santa-fe-oficializo-la-contratacion-de-jorge-bava\/#respond\"]}]},{\"@type\":\"WebPage\",\"@id\":\"https:\/\/futbolhoy.co\/index.php\/2025\/03\/27\/santa-fe-oficializo-la-contratacion-de-jorge-bava\/\",\"url\":\"https:\/\/futbolhoy.co\/index.php\/2025\/03\/27\/santa-fe-oficializo-la-contratacion-de-jorge-bava\/\",\"name\":\"Santa Fe oficializ\u00f3 la contrataci\u00f3n de Jorge Bava -\",\"isPartOf\":{\"@id\":\"https:\/\/futbolhoy.co\/#website\"},\"primaryImageOfPage\":{\"@id\":\"https:\/\/futbolhoy.co\/index.php\/2025\/03\/27\/santa-fe-oficializo-la-contratacion-de-jorge-bava\/#primaryimage\"},\"image\":{\"@id\":\"https:\/\/futbolhoy.co\/index.php\/2025\/03\/27\/santa-fe-oficializo-la-contratacion-de-jorge-bava\/#primaryimage\"},\"thumbnailUrl\":\"https:\/\/futbolhoy.co\/wp-content\/uploads\/2025\/03\/Bava.png\",\"datePublished\":\"2025-03-27T16:44:55+00:00\",\"dateModified\":\"2025-03-28T15:18:20+00:00\",\"breadcrumb\":{\"@id\":\"https:\/\/futbolhoy.co\/index.php\/2025\/03\/27\/santa-fe-oficializo-la-contratacion-de-jorge-bava\/#breadcrumb\"},\"inLanguage\":\"es\",\"potentialAction\":[{\"@type\":\"ReadAction\",\"target\":[\"https:\/\/futbolhoy.co\/index.php\/2025\/03\/27\/santa-fe-oficializo-la-contratacion-de-jorge-bava\/\"]}]},{\"@type\":\"ImageObject\",\"inLanguage\":\"es\",\"@id\":\"https:\/\/futbolhoy.co\/index.php\/2025\/03\/27\/santa-fe-oficializo-la-contratacion-de-jorge-bava\/#primaryimage\",\"url\":\"https:\/\/futbolhoy.co\/wp-content\/uploads\/2025\/03\/Bava.png\",\"contentUrl\":\"https:\/\/futbolhoy.co\/wp-content\/uploads\/2025\/03\/Bava.png\",\"width\":1225,\"height\":848},{\"@type\":\"BreadcrumbList\",\"@id\":\"https:\/\/futbolhoy.co\/index.php\/2025\/03\/27\/santa-fe-oficializo-la-contratacion-de-jorge-bava\/#breadcrumb\",\"itemListElement\":[{\"@type\":\"ListItem\",\"position\":1,\"name\":\"Portada\",\"item\":\"https:\/\/futbolhoy.co\/\"},{\"@type\":\"ListItem\",\"position\":2,\"name\":\"Santa Fe oficializ\u00f3 la contrataci\u00f3n de Jorge Bava\"}]},{\"@type\":\"WebSite\",\"@id\":\"https:\/\/futbolhoy.co\/#website\",\"url\":\"https:\/\/futbolhoy.co\/\",\"name\":\"FutbolHoy\",\"description\":\"\",\"publisher\":{\"@id\":\"https:\/\/futbolhoy.co\/#organization\"},\"potentialAction\":[{\"@type\":\"SearchAction\",\"target\":{\"@type\":\"EntryPoint\",\"urlTemplate\":\"https:\/\/futbolhoy.co\/?s={search_term_string}\"},\"query-input\":{\"@type\":\"PropertyValueSpecification\",\"valueRequired\":true,\"valueName\":\"search_term_string\"}}],\"inLanguage\":\"es\"},{\"@type\":\"Organization\",\"@id\":\"https:\/\/futbolhoy.co\/#organization\",\"name\":\"Futbolhoy.co\",\"url\":\"https:\/\/futbolhoy.co\/\",\"logo\":{\"@type\":\"ImageObject\",\"inLanguage\":\"es\",\"@id\":\"https:\/\/futbolhoy.co\/#\/schema\/logo\/image\/\",\"url\":\"https:\/\/futbolhoy.co\/wp-content\/uploads\/2018\/08\/17426380_1906371736249227_6326180412931521141_n.jpg\",\"contentUrl\":\"https:\/\/futbolhoy.co\/wp-content\/uploads\/2018\/08\/17426380_1906371736249227_6326180412931521141_n.jpg\",\"width\":960,\"height\":960,\"caption\":\"Futbolhoy.co\"},\"image\":{\"@id\":\"https:\/\/futbolhoy.co\/#\/schema\/logo\/image\/\"},\"sameAs\":[\"https:\/\/www.facebook.com\/FutbolHoyCol\/\",\"https:\/\/x.com\/FutbolHoyCol\",\"https:\/\/www.instagram.com\/futbolhoycol\/\"]},{\"@type\":\"Person\",\"@id\":\"https:\/\/futbolhoy.co\/#\/schema\/person\/1721b69355b6623eaff15ac7b92d4cc3\",\"name\":\"contenido\",\"image\":{\"@type\":\"ImageObject\",\"inLanguage\":\"es\",\"@id\":\"https:\/\/futbolhoy.co\/#\/schema\/person\/image\/\",\"url\":\"https:\/\/secure.gravatar.com\/avatar\/4f656d3256f5134f466206e7c3941518?s=96&d=mm&r=g\",\"contentUrl\":\"https:\/\/secure.gravatar.com\/avatar\/4f656d3256f5134f466206e7c3941518?s=96&d=mm&r=g\",\"caption\":\"contenido\"}}]}<\/script>\n<!-- \/ Yoast SEO plugin. -->","yoast_head_json":{"title":"Santa Fe oficializ\u00f3 la contrataci\u00f3n de Jorge Bava -","robots":{"index":"index","follow":"follow","max-snippet":"max-snippet:-1","max-image-preview":"max-image-preview:large","max-video-preview":"max-video-preview:-1"},"canonical":"https:\/\/futbolhoy.co\/index.php\/2025\/03\/27\/santa-fe-oficializo-la-contratacion-de-jorge-bava\/","og_locale":"es_ES","og_type":"article","og_title":"Santa Fe oficializ\u00f3 la contrataci\u00f3n de Jorge Bava -","og_description":"Independiente Santa Fe oficializ\u00f3 este jueves la contrataci\u00f3n del uruguayo Jorge Bava como su nuevo director t\u00e9cnico. El exportero de 43 a\u00f1os tendr\u00e1 su tercera experiencia como entrenador. \ud835\udfef, \ud835\udfee, \ud835\udfed ... \ud83c\udfac#VamosSantaFe \ud83c\uddee\ud83c\udde9 pic.twitter.com\/YjRQJALMJ0 \u2014 Independiente Santa Fe (@SantaFe) March 27, 2025 Bava reemplazar\u00e1 como t\u00e9cnico en propiedad a su compatriota Pablo Peirano. Durante [&hellip;]","og_url":"https:\/\/futbolhoy.co\/index.php\/2025\/03\/27\/santa-fe-oficializo-la-contratacion-de-jorge-bava\/","article_publisher":"https:\/\/www.facebook.com\/FutbolHoyCol\/","article_published_time":"2025-03-27T16:44:55+00:00","article_modified_time":"2025-03-28T15:18:20+00:00","og_image":[{"width":1024,"height":709,"url":"https:\/\/futbolhoy.co\/wp-content\/uploads\/2025\/03\/Bava-1024x709.png","type":"image\/png"}],"author":"contenido","twitter_card":"summary_large_image","twitter_creator":"@FutbolHoyCol","twitter_site":"@FutbolHoyCol","twitter_misc":{"Escrito por":"contenido","Tiempo de lectura":"1 minuto"},"schema":{"@context":"https:\/\/schema.org","@graph":[{"@type":"Article","@id":"https:\/\/futbolhoy.co\/index.php\/2025\/03\/27\/santa-fe-oficializo-la-contratacion-de-jorge-bava\/#article","isPartOf":{"@id":"https:\/\/futbolhoy.co\/index.php\/2025\/03\/27\/santa-fe-oficializo-la-contratacion-de-jorge-bava\/"},"author":{"name":"contenido","@id":"https:\/\/futbolhoy.co\/#\/schema\/person\/1721b69355b6623eaff15ac7b92d4cc3"},"headline":"Santa Fe oficializ\u00f3 la contrataci\u00f3n de Jorge Bava","datePublished":"2025-03-27T16:44:55+00:00","dateModified":"2025-03-28T15:18:20+00:00","mainEntityOfPage":{"@id":"https:\/\/futbolhoy.co\/index.php\/2025\/03\/27\/santa-fe-oficializo-la-contratacion-de-jorge-bava\/"},"wordCount":210,"commentCount":0,"publisher":{"@id":"https:\/\/futbolhoy.co\/#organization"},"image":{"@id":"https:\/\/futbolhoy.co\/index.php\/2025\/03\/27\/santa-fe-oficializo-la-contratacion-de-jorge-bava\/#primaryimage"},"thumbnailUrl":"https:\/\/futbolhoy.co\/wp-content\/uploads\/2025\/03\/Bava.png","articleSection":["Liga BetPlay"],"inLanguage":"es","potentialAction":[{"@type":"CommentAction","name":"Comment","target":["https:\/\/futbolhoy.co\/index.php\/2025\/03\/27\/santa-fe-oficializo-la-contratacion-de-jorge-bava\/#respond"]}]},{"@type":"WebPage","@id":"https:\/\/futbolhoy.co\/index.php\/2025\/03\/27\/santa-fe-oficializo-la-contratacion-de-jorge-bava\/","url":"https:\/\/futbolhoy.co\/index.php\/2025\/03\/27\/santa-fe-oficializo-la-contratacion-de-jorge-bava\/","name":"Santa Fe oficializ\u00f3 la contrataci\u00f3n de Jorge Bava -","isPartOf":{"@id":"https:\/\/futbolhoy.co\/#website"},"primaryImageOfPage":{"@id":"https:\/\/futbolhoy.co\/index.php\/2025\/03\/27\/santa-fe-oficializo-la-contratacion-de-jorge-bava\/#primaryimage"},"image":{"@id":"https:\/\/futbolhoy.co\/index.php\/2025\/03\/27\/santa-fe-oficializo-la-contratacion-de-jorge-bava\/#primaryimage"},"thumbnailUrl":"https:\/\/futbolhoy.co\/wp-content\/uploads\/2025\/03\/Bava.png","datePublished":"2025-03-27T16:44:55+00:00","dateModified":"2025-03-28T15:18:20+00:00","breadcrumb":{"@id":"https:\/\/futbolhoy.co\/index.php\/2025\/03\/27\/santa-fe-oficializo-la-contratacion-de-jorge-bava\/#breadcrumb"},"inLanguage":"es","potentialAction":[{"@type":"ReadAction","target":["https:\/\/futbolhoy.co\/index.php\/2025\/03\/27\/santa-fe-oficializo-la-contratacion-de-jorge-bava\/"]}]},{"@type":"ImageObject","inLanguage":"es","@id":"https:\/\/futbolhoy.co\/index.php\/2025\/03\/27\/santa-fe-oficializo-la-contratacion-de-jorge-bava\/#primaryimage","url":"https:\/\/futbolhoy.co\/wp-content\/uploads\/2025\/03\/Bava.png","contentUrl":"https:\/\/futbolhoy.co\/wp-content\/uploads\/2025\/03\/Bava.png","width":1225,"height":848},{"@type":"BreadcrumbList","@id":"https:\/\/futbolhoy.co\/index.php\/2025\/03\/27\/santa-fe-oficializo-la-contratacion-de-jorge-bava\/#breadcrumb","itemListElement":[{"@type":"ListItem","position":1,"name":"Portada","item":"https:\/\/futbolhoy.co\/"},{"@type":"ListItem","position":2,"name":"Santa Fe oficializ\u00f3 la contrataci\u00f3n de Jorge Bava"}]},{"@type":"WebSite","@id":"https:\/\/futbolhoy.co\/#website","url":"https:\/\/futbolhoy.co\/","name":"FutbolHoy","description":"","publisher":{"@id":"https:\/\/futbolhoy.co\/#organization"},"potentialAction":[{"@type":"SearchAction","target":{"@type":"EntryPoint","urlTemplate":"https:\/\/futbolhoy.co\/?s={search_term_string}"},"query-input":{"@type":"PropertyValueSpecification","valueRequired":true,"valueName":"search_term_string"}}],"inLanguage":"es"},{"@type":"Organization","@id":"https:\/\/futbolhoy.co\/#organization","name":"Futbolhoy.co","url":"https:\/\/futbolhoy.co\/","logo":{"@type":"ImageObject","inLanguage":"es","@id":"https:\/\/futbolhoy.co\/#\/schema\/logo\/image\/","url":"https:\/\/futbolhoy.co\/wp-content\/uploads\/2018\/08\/17426380_1906371736249227_6326180412931521141_n.jpg","contentUrl":"https:\/\/futbolhoy.co\/wp-content\/uploads\/2018\/08\/17426380_1906371736249227_6326180412931521141_n.jpg","width":960,"height":960,"caption":"Futbolhoy.co"},"image":{"@id":"https:\/\/futbolhoy.co\/#\/schema\/logo\/image\/"},"sameAs":["https:\/\/www.facebook.com\/FutbolHoyCol\/","https:\/\/x.com\/FutbolHoyCol","https:\/\/www.instagram.com\/futbolhoycol\/"]},{"@type":"Person","@id":"https:\/\/futbolhoy.co\/#\/schema\/person\/1721b69355b6623eaff15ac7b92d4cc3","name":"contenido","image":{"@type":"ImageObject","inLanguage":"es","@id":"https:\/\/futbolhoy.co\/#\/schema\/person\/image\/","url":"https:\/\/secure.gravatar.com\/avatar\/4f656d3256f5134f466206e7c3941518?s=96&d=mm&r=g","contentUrl":"https:\/\/secure.gravatar.com\/avatar\/4f656d3256f5134f466206e7c3941518?s=96&d=mm&r=g","caption":"contenido"}}]}},"publishpress_future_action":{"enabled":false,"date":"2026-05-04 20:19:01","action":"change-status","newStatus":"draft","terms":[],"taxonomy":"category","extraData":[]},"publishpress_future_workflow_manual_trigger":{"enabledWorkflows":[]},"_links":{"self":[{"href":"https:\/\/futbolhoy.co\/index.php\/wp-json\/wp\/v2\/posts\/117750","targetHints":{"allow":["GET"]}}],"collection":[{"href":"https:\/\/futbolhoy.co\/index.php\/wp-json\/wp\/v2\/posts"}],"about":[{"href":"https:\/\/futbolhoy.co\/index.php\/wp-json\/wp\/v2\/types\/post"}],"author":[{"embeddable":true,"href":"https:\/\/futbolhoy.co\/index.php\/wp-json\/wp\/v2\/users\/4"}],"replies":[{"embeddable":true,"href":"https:\/\/futbolhoy.co\/index.php\/wp-json\/wp\/v2\/comments?post=117750"}],"version-history":[{"count":2,"href":"https:\/\/futbolhoy.co\/index.php\/wp-json\/wp\/v2\/posts\/117750\/revisions"}],"predecessor-version":[{"id":117753,"href":"https:\/\/futbolhoy.co\/index.php\/wp-json\/wp\/v2\/posts\/117750\/revisions\/117753"}],"wp:featuredmedia":[{"embeddable":true,"href":"https:\/\/futbolhoy.co\/index.php\/wp-json\/wp\/v2\/media\/117752"}],"wp:attachment":[{"href":"https:\/\/futbolhoy.co\/index.php\/wp-json\/wp\/v2\/media?parent=117750"}],"wp:term":[{"taxonomy":"category","embeddable":true,"href":"https:\/\/futbolhoy.co\/index.php\/wp-json\/wp\/v2\/categories?post=117750"},{"taxonomy":"post_tag","embeddable":true,"href":"https:\/\/futbolhoy.co\/index.php\/wp-json\/wp\/v2\/tags?post=117750"}],"curies":[{"name":"wp","href":"https:\/\/api.w.org\/{rel}","templated":true}]}}