{"id":117755,"date":"2025-03-27T16:40:12","date_gmt":"2025-03-27T21:40:12","guid":{"rendered":"https:\/\/futbolhoy.co\/?p=117755"},"modified":"2025-03-28T10:33:56","modified_gmt":"2025-03-28T15:33:56","slug":"alvaro-gonzalez-critico-con-la-seleccion-tengo-fe-pero-mas-preocupacion","status":"publish","type":"post","link":"https:\/\/futbolhoy.co\/index.php\/2025\/03\/27\/alvaro-gonzalez-critico-con-la-seleccion-tengo-fe-pero-mas-preocupacion\/","title":{"rendered":"\u00c1lvaro Gonz\u00e1lez, cr\u00edtico con la Selecci\u00f3n: \u201cTengo fe, pero m\u00e1s preocupaci\u00f3n\u201d"},"content":{"rendered":"<p style=\"text-align: justify;\"><span style=\"font-family: helvetica, arial, sans-serif;\"><b>El presente de la Selecci\u00f3n Colombia<\/b><span style=\"font-weight: 400;\"> ha generado preocupaci\u00f3n y cr\u00edticas no solo en la afici\u00f3n, sino tambi\u00e9n en la dirigencia de la Federaci\u00f3n Colombiana de F\u00fatbol, y el m\u00e1s reciente en mostrar su inconformismo fue <\/span><b>\u00c1lvaro Gonz\u00e1lez, vicepresidente de la FCF.<\/b><\/span><\/p>\n<p style=\"text-align: justify;\"><span style=\"font-family: helvetica, arial, sans-serif;\"><span style=\"font-weight: 400;\">El dirigente explic\u00f3 que aunque tiene fe de que la Selecci\u00f3n Colombia conseguir\u00e1 el <\/span><b>cupo al Mundial de 2026,<\/b><span style=\"font-weight: 400;\"> la preocupaci\u00f3n es mayor, teniendo en cuenta que \u201chay equipo y hay jugadores\u201d.\u00a0<\/span><\/span><\/p>\n<p style=\"text-align: justify;\"><span style=\"font-family: helvetica, arial, sans-serif;\"><span style=\"font-weight: 400;\">\u201cYo como dirigente deportivo tengo fe, pero la fe est\u00e1 un poco opacada por la preocupaci\u00f3n, tenemos equipo, tenemos jugadores, est\u00e1n activos, pero no s\u00e9 qu\u00e9 <\/span><b>pasa, Dios quiera que no suceda nada. <\/b><span style=\"font-weight: 400;\">Pero como dirigente estoy preocupado, no estoy tan confiado como muchos\u201d, afirm\u00f3.<\/span><\/span><\/p>\n<p style=\"text-align: justify;\"><span style=\"font-family: helvetica, arial, sans-serif;\"><span style=\"font-weight: 400;\">Gonz\u00e1lez resalt\u00f3 que no entiende el bajo nivel de la Selecci\u00f3n actualmente, teniendo en cuenta que ya complet\u00f3 cuatro partidos sin ganar en las Eliminatorias, con tres derrotas y un empate, situaci\u00f3n que no deja bien parado <\/span><b>al t\u00e9cnico N\u00e9stor Lorenzo.<\/b><\/span><\/p>\n","protected":false},"excerpt":{"rendered":"<p>El presente de la Selecci\u00f3n Colombia ha generado preocupaci\u00f3n y cr\u00edticas no solo en la afici\u00f3n, sino tambi\u00e9n en la dirigencia de la Federaci\u00f3n Colombiana de F\u00fatbol, y el m\u00e1s reciente en mostrar su inconformismo fue \u00c1lvaro Gonz\u00e1lez, vicepresidente de la FCF. El dirigente explic\u00f3 que aunque tiene fe de que la Selecci\u00f3n Colombia conseguir\u00e1 [&hellip;]<\/p>\n","protected":false},"author":4,"featured_media":117756,"comment_status":"open","ping_status":"open","sticky":false,"template":"","format":"standard","meta":{"_acf_changed":false,"footnotes":""},"categories":[418],"tags":[],"class_list":{"0":"post-117755","1":"post","2":"type-post","3":"status-publish","4":"format-standard","5":"has-post-thumbnail","7":"category-colombia"},"acf":[],"yoast_head":"<!-- This site is optimized with the Yoast SEO plugin v26.8 - https:\/\/yoast.com\/product\/yoast-seo-wordpress\/ -->\n<title>\u00c1lvaro Gonz\u00e1lez, cr\u00edtico con la Selecci\u00f3n: \u201cTengo fe, pero m\u00e1s preocupaci\u00f3n\u201d -<\/title>\n<meta name=\"robots\" content=\"index, follow, max-snippet:-1, max-image-preview:large, max-video-preview:-1\" \/>\n<link rel=\"canonical\" href=\"https:\/\/futbolhoy.co\/index.php\/2025\/03\/27\/alvaro-gonzalez-critico-con-la-seleccion-tengo-fe-pero-mas-preocupacion\/\" \/>\n<meta property=\"og:locale\" content=\"es_ES\" \/>\n<meta property=\"og:type\" content=\"article\" \/>\n<meta property=\"og:title\" content=\"\u00c1lvaro Gonz\u00e1lez, cr\u00edtico con la Selecci\u00f3n: \u201cTengo fe, pero m\u00e1s preocupaci\u00f3n\u201d -\" \/>\n<meta property=\"og:description\" content=\"El presente de la Selecci\u00f3n Colombia ha generado preocupaci\u00f3n y cr\u00edticas no solo en la afici\u00f3n, sino tambi\u00e9n en la dirigencia de la Federaci\u00f3n Colombiana de F\u00fatbol, y el m\u00e1s reciente en mostrar su inconformismo fue \u00c1lvaro Gonz\u00e1lez, vicepresidente de la FCF. El dirigente explic\u00f3 que aunque tiene fe de que la Selecci\u00f3n Colombia conseguir\u00e1 [&hellip;]\" \/>\n<meta property=\"og:url\" content=\"https:\/\/futbolhoy.co\/index.php\/2025\/03\/27\/alvaro-gonzalez-critico-con-la-seleccion-tengo-fe-pero-mas-preocupacion\/\" \/>\n<meta property=\"article:publisher\" content=\"https:\/\/www.facebook.com\/FutbolHoyCol\/\" \/>\n<meta property=\"article:published_time\" content=\"2025-03-27T21:40:12+00:00\" \/>\n<meta property=\"article:modified_time\" content=\"2025-03-28T15:33:56+00:00\" \/>\n<meta property=\"og:image\" content=\"https:\/\/futbolhoy.co\/wp-content\/uploads\/2025\/03\/Captura-de-pantalla-2025-03-27-a-las-4.38.14\u202fp.-m-1024x702.png\" \/>\n\t<meta property=\"og:image:width\" content=\"1024\" \/>\n\t<meta property=\"og:image:height\" content=\"702\" \/>\n\t<meta property=\"og:image:type\" content=\"image\/png\" \/>\n<meta name=\"author\" content=\"contenido\" \/>\n<meta name=\"twitter:card\" content=\"summary_large_image\" \/>\n<meta name=\"twitter:creator\" content=\"@FutbolHoyCol\" \/>\n<meta name=\"twitter:site\" content=\"@FutbolHoyCol\" \/>\n<meta name=\"twitter:label1\" content=\"Escrito por\" \/>\n\t<meta name=\"twitter:data1\" content=\"contenido\" \/>\n\t<meta name=\"twitter:label2\" content=\"Tiempo de lectura\" \/>\n\t<meta name=\"twitter:data2\" content=\"1 minuto\" \/>\n<script type=\"application\/ld+json\" class=\"yoast-schema-graph\">{\"@context\":\"https:\/\/schema.org\",\"@graph\":[{\"@type\":\"Article\",\"@id\":\"https:\/\/futbolhoy.co\/index.php\/2025\/03\/27\/alvaro-gonzalez-critico-con-la-seleccion-tengo-fe-pero-mas-preocupacion\/#article\",\"isPartOf\":{\"@id\":\"https:\/\/futbolhoy.co\/index.php\/2025\/03\/27\/alvaro-gonzalez-critico-con-la-seleccion-tengo-fe-pero-mas-preocupacion\/\"},\"author\":{\"name\":\"contenido\",\"@id\":\"https:\/\/futbolhoy.co\/#\/schema\/person\/1721b69355b6623eaff15ac7b92d4cc3\"},\"headline\":\"\u00c1lvaro Gonz\u00e1lez, cr\u00edtico con la Selecci\u00f3n: \u201cTengo fe, pero m\u00e1s preocupaci\u00f3n\u201d\",\"datePublished\":\"2025-03-27T21:40:12+00:00\",\"dateModified\":\"2025-03-28T15:33:56+00:00\",\"mainEntityOfPage\":{\"@id\":\"https:\/\/futbolhoy.co\/index.php\/2025\/03\/27\/alvaro-gonzalez-critico-con-la-seleccion-tengo-fe-pero-mas-preocupacion\/\"},\"wordCount\":193,\"commentCount\":0,\"publisher\":{\"@id\":\"https:\/\/futbolhoy.co\/#organization\"},\"image\":{\"@id\":\"https:\/\/futbolhoy.co\/index.php\/2025\/03\/27\/alvaro-gonzalez-critico-con-la-seleccion-tengo-fe-pero-mas-preocupacion\/#primaryimage\"},\"thumbnailUrl\":\"https:\/\/futbolhoy.co\/wp-content\/uploads\/2025\/03\/Captura-de-pantalla-2025-03-27-a-las-4.38.14\u202fp.-m.png\",\"articleSection\":[\"Colombia\"],\"inLanguage\":\"es\",\"potentialAction\":[{\"@type\":\"CommentAction\",\"name\":\"Comment\",\"target\":[\"https:\/\/futbolhoy.co\/index.php\/2025\/03\/27\/alvaro-gonzalez-critico-con-la-seleccion-tengo-fe-pero-mas-preocupacion\/#respond\"]}]},{\"@type\":\"WebPage\",\"@id\":\"https:\/\/futbolhoy.co\/index.php\/2025\/03\/27\/alvaro-gonzalez-critico-con-la-seleccion-tengo-fe-pero-mas-preocupacion\/\",\"url\":\"https:\/\/futbolhoy.co\/index.php\/2025\/03\/27\/alvaro-gonzalez-critico-con-la-seleccion-tengo-fe-pero-mas-preocupacion\/\",\"name\":\"\u00c1lvaro Gonz\u00e1lez, cr\u00edtico con la Selecci\u00f3n: \u201cTengo fe, pero m\u00e1s preocupaci\u00f3n\u201d -\",\"isPartOf\":{\"@id\":\"https:\/\/futbolhoy.co\/#website\"},\"primaryImageOfPage\":{\"@id\":\"https:\/\/futbolhoy.co\/index.php\/2025\/03\/27\/alvaro-gonzalez-critico-con-la-seleccion-tengo-fe-pero-mas-preocupacion\/#primaryimage\"},\"image\":{\"@id\":\"https:\/\/futbolhoy.co\/index.php\/2025\/03\/27\/alvaro-gonzalez-critico-con-la-seleccion-tengo-fe-pero-mas-preocupacion\/#primaryimage\"},\"thumbnailUrl\":\"https:\/\/futbolhoy.co\/wp-content\/uploads\/2025\/03\/Captura-de-pantalla-2025-03-27-a-las-4.38.14\u202fp.-m.png\",\"datePublished\":\"2025-03-27T21:40:12+00:00\",\"dateModified\":\"2025-03-28T15:33:56+00:00\",\"breadcrumb\":{\"@id\":\"https:\/\/futbolhoy.co\/index.php\/2025\/03\/27\/alvaro-gonzalez-critico-con-la-seleccion-tengo-fe-pero-mas-preocupacion\/#breadcrumb\"},\"inLanguage\":\"es\",\"potentialAction\":[{\"@type\":\"ReadAction\",\"target\":[\"https:\/\/futbolhoy.co\/index.php\/2025\/03\/27\/alvaro-gonzalez-critico-con-la-seleccion-tengo-fe-pero-mas-preocupacion\/\"]}]},{\"@type\":\"ImageObject\",\"inLanguage\":\"es\",\"@id\":\"https:\/\/futbolhoy.co\/index.php\/2025\/03\/27\/alvaro-gonzalez-critico-con-la-seleccion-tengo-fe-pero-mas-preocupacion\/#primaryimage\",\"url\":\"https:\/\/futbolhoy.co\/wp-content\/uploads\/2025\/03\/Captura-de-pantalla-2025-03-27-a-las-4.38.14\u202fp.-m.png\",\"contentUrl\":\"https:\/\/futbolhoy.co\/wp-content\/uploads\/2025\/03\/Captura-de-pantalla-2025-03-27-a-las-4.38.14\u202fp.-m.png\",\"width\":1770,\"height\":1214},{\"@type\":\"BreadcrumbList\",\"@id\":\"https:\/\/futbolhoy.co\/index.php\/2025\/03\/27\/alvaro-gonzalez-critico-con-la-seleccion-tengo-fe-pero-mas-preocupacion\/#breadcrumb\",\"itemListElement\":[{\"@type\":\"ListItem\",\"position\":1,\"name\":\"Portada\",\"item\":\"https:\/\/futbolhoy.co\/\"},{\"@type\":\"ListItem\",\"position\":2,\"name\":\"\u00c1lvaro Gonz\u00e1lez, cr\u00edtico con la Selecci\u00f3n: \u201cTengo fe, pero m\u00e1s preocupaci\u00f3n\u201d\"}]},{\"@type\":\"WebSite\",\"@id\":\"https:\/\/futbolhoy.co\/#website\",\"url\":\"https:\/\/futbolhoy.co\/\",\"name\":\"FutbolHoy\",\"description\":\"\",\"publisher\":{\"@id\":\"https:\/\/futbolhoy.co\/#organization\"},\"potentialAction\":[{\"@type\":\"SearchAction\",\"target\":{\"@type\":\"EntryPoint\",\"urlTemplate\":\"https:\/\/futbolhoy.co\/?s={search_term_string}\"},\"query-input\":{\"@type\":\"PropertyValueSpecification\",\"valueRequired\":true,\"valueName\":\"search_term_string\"}}],\"inLanguage\":\"es\"},{\"@type\":\"Organization\",\"@id\":\"https:\/\/futbolhoy.co\/#organization\",\"name\":\"Futbolhoy.co\",\"url\":\"https:\/\/futbolhoy.co\/\",\"logo\":{\"@type\":\"ImageObject\",\"inLanguage\":\"es\",\"@id\":\"https:\/\/futbolhoy.co\/#\/schema\/logo\/image\/\",\"url\":\"https:\/\/futbolhoy.co\/wp-content\/uploads\/2018\/08\/17426380_1906371736249227_6326180412931521141_n.jpg\",\"contentUrl\":\"https:\/\/futbolhoy.co\/wp-content\/uploads\/2018\/08\/17426380_1906371736249227_6326180412931521141_n.jpg\",\"width\":960,\"height\":960,\"caption\":\"Futbolhoy.co\"},\"image\":{\"@id\":\"https:\/\/futbolhoy.co\/#\/schema\/logo\/image\/\"},\"sameAs\":[\"https:\/\/www.facebook.com\/FutbolHoyCol\/\",\"https:\/\/x.com\/FutbolHoyCol\",\"https:\/\/www.instagram.com\/futbolhoycol\/\"]},{\"@type\":\"Person\",\"@id\":\"https:\/\/futbolhoy.co\/#\/schema\/person\/1721b69355b6623eaff15ac7b92d4cc3\",\"name\":\"contenido\",\"image\":{\"@type\":\"ImageObject\",\"inLanguage\":\"es\",\"@id\":\"https:\/\/futbolhoy.co\/#\/schema\/person\/image\/\",\"url\":\"https:\/\/secure.gravatar.com\/avatar\/4f656d3256f5134f466206e7c3941518?s=96&d=mm&r=g\",\"contentUrl\":\"https:\/\/secure.gravatar.com\/avatar\/4f656d3256f5134f466206e7c3941518?s=96&d=mm&r=g\",\"caption\":\"contenido\"}}]}<\/script>\n<!-- \/ Yoast SEO plugin. -->","yoast_head_json":{"title":"\u00c1lvaro Gonz\u00e1lez, cr\u00edtico con la Selecci\u00f3n: \u201cTengo fe, pero m\u00e1s preocupaci\u00f3n\u201d -","robots":{"index":"index","follow":"follow","max-snippet":"max-snippet:-1","max-image-preview":"max-image-preview:large","max-video-preview":"max-video-preview:-1"},"canonical":"https:\/\/futbolhoy.co\/index.php\/2025\/03\/27\/alvaro-gonzalez-critico-con-la-seleccion-tengo-fe-pero-mas-preocupacion\/","og_locale":"es_ES","og_type":"article","og_title":"\u00c1lvaro Gonz\u00e1lez, cr\u00edtico con la Selecci\u00f3n: \u201cTengo fe, pero m\u00e1s preocupaci\u00f3n\u201d -","og_description":"El presente de la Selecci\u00f3n Colombia ha generado preocupaci\u00f3n y cr\u00edticas no solo en la afici\u00f3n, sino tambi\u00e9n en la dirigencia de la Federaci\u00f3n Colombiana de F\u00fatbol, y el m\u00e1s reciente en mostrar su inconformismo fue \u00c1lvaro Gonz\u00e1lez, vicepresidente de la FCF. El dirigente explic\u00f3 que aunque tiene fe de que la Selecci\u00f3n Colombia conseguir\u00e1 [&hellip;]","og_url":"https:\/\/futbolhoy.co\/index.php\/2025\/03\/27\/alvaro-gonzalez-critico-con-la-seleccion-tengo-fe-pero-mas-preocupacion\/","article_publisher":"https:\/\/www.facebook.com\/FutbolHoyCol\/","article_published_time":"2025-03-27T21:40:12+00:00","article_modified_time":"2025-03-28T15:33:56+00:00","og_image":[{"width":1024,"height":702,"url":"https:\/\/futbolhoy.co\/wp-content\/uploads\/2025\/03\/Captura-de-pantalla-2025-03-27-a-las-4.38.14\u202fp.-m-1024x702.png","type":"image\/png"}],"author":"contenido","twitter_card":"summary_large_image","twitter_creator":"@FutbolHoyCol","twitter_site":"@FutbolHoyCol","twitter_misc":{"Escrito por":"contenido","Tiempo de lectura":"1 minuto"},"schema":{"@context":"https:\/\/schema.org","@graph":[{"@type":"Article","@id":"https:\/\/futbolhoy.co\/index.php\/2025\/03\/27\/alvaro-gonzalez-critico-con-la-seleccion-tengo-fe-pero-mas-preocupacion\/#article","isPartOf":{"@id":"https:\/\/futbolhoy.co\/index.php\/2025\/03\/27\/alvaro-gonzalez-critico-con-la-seleccion-tengo-fe-pero-mas-preocupacion\/"},"author":{"name":"contenido","@id":"https:\/\/futbolhoy.co\/#\/schema\/person\/1721b69355b6623eaff15ac7b92d4cc3"},"headline":"\u00c1lvaro Gonz\u00e1lez, cr\u00edtico con la Selecci\u00f3n: \u201cTengo fe, pero m\u00e1s preocupaci\u00f3n\u201d","datePublished":"2025-03-27T21:40:12+00:00","dateModified":"2025-03-28T15:33:56+00:00","mainEntityOfPage":{"@id":"https:\/\/futbolhoy.co\/index.php\/2025\/03\/27\/alvaro-gonzalez-critico-con-la-seleccion-tengo-fe-pero-mas-preocupacion\/"},"wordCount":193,"commentCount":0,"publisher":{"@id":"https:\/\/futbolhoy.co\/#organization"},"image":{"@id":"https:\/\/futbolhoy.co\/index.php\/2025\/03\/27\/alvaro-gonzalez-critico-con-la-seleccion-tengo-fe-pero-mas-preocupacion\/#primaryimage"},"thumbnailUrl":"https:\/\/futbolhoy.co\/wp-content\/uploads\/2025\/03\/Captura-de-pantalla-2025-03-27-a-las-4.38.14\u202fp.-m.png","articleSection":["Colombia"],"inLanguage":"es","potentialAction":[{"@type":"CommentAction","name":"Comment","target":["https:\/\/futbolhoy.co\/index.php\/2025\/03\/27\/alvaro-gonzalez-critico-con-la-seleccion-tengo-fe-pero-mas-preocupacion\/#respond"]}]},{"@type":"WebPage","@id":"https:\/\/futbolhoy.co\/index.php\/2025\/03\/27\/alvaro-gonzalez-critico-con-la-seleccion-tengo-fe-pero-mas-preocupacion\/","url":"https:\/\/futbolhoy.co\/index.php\/2025\/03\/27\/alvaro-gonzalez-critico-con-la-seleccion-tengo-fe-pero-mas-preocupacion\/","name":"\u00c1lvaro Gonz\u00e1lez, cr\u00edtico con la Selecci\u00f3n: \u201cTengo fe, pero m\u00e1s preocupaci\u00f3n\u201d -","isPartOf":{"@id":"https:\/\/futbolhoy.co\/#website"},"primaryImageOfPage":{"@id":"https:\/\/futbolhoy.co\/index.php\/2025\/03\/27\/alvaro-gonzalez-critico-con-la-seleccion-tengo-fe-pero-mas-preocupacion\/#primaryimage"},"image":{"@id":"https:\/\/futbolhoy.co\/index.php\/2025\/03\/27\/alvaro-gonzalez-critico-con-la-seleccion-tengo-fe-pero-mas-preocupacion\/#primaryimage"},"thumbnailUrl":"https:\/\/futbolhoy.co\/wp-content\/uploads\/2025\/03\/Captura-de-pantalla-2025-03-27-a-las-4.38.14\u202fp.-m.png","datePublished":"2025-03-27T21:40:12+00:00","dateModified":"2025-03-28T15:33:56+00:00","breadcrumb":{"@id":"https:\/\/futbolhoy.co\/index.php\/2025\/03\/27\/alvaro-gonzalez-critico-con-la-seleccion-tengo-fe-pero-mas-preocupacion\/#breadcrumb"},"inLanguage":"es","potentialAction":[{"@type":"ReadAction","target":["https:\/\/futbolhoy.co\/index.php\/2025\/03\/27\/alvaro-gonzalez-critico-con-la-seleccion-tengo-fe-pero-mas-preocupacion\/"]}]},{"@type":"ImageObject","inLanguage":"es","@id":"https:\/\/futbolhoy.co\/index.php\/2025\/03\/27\/alvaro-gonzalez-critico-con-la-seleccion-tengo-fe-pero-mas-preocupacion\/#primaryimage","url":"https:\/\/futbolhoy.co\/wp-content\/uploads\/2025\/03\/Captura-de-pantalla-2025-03-27-a-las-4.38.14\u202fp.-m.png","contentUrl":"https:\/\/futbolhoy.co\/wp-content\/uploads\/2025\/03\/Captura-de-pantalla-2025-03-27-a-las-4.38.14\u202fp.-m.png","width":1770,"height":1214},{"@type":"BreadcrumbList","@id":"https:\/\/futbolhoy.co\/index.php\/2025\/03\/27\/alvaro-gonzalez-critico-con-la-seleccion-tengo-fe-pero-mas-preocupacion\/#breadcrumb","itemListElement":[{"@type":"ListItem","position":1,"name":"Portada","item":"https:\/\/futbolhoy.co\/"},{"@type":"ListItem","position":2,"name":"\u00c1lvaro Gonz\u00e1lez, cr\u00edtico con la Selecci\u00f3n: \u201cTengo fe, pero m\u00e1s preocupaci\u00f3n\u201d"}]},{"@type":"WebSite","@id":"https:\/\/futbolhoy.co\/#website","url":"https:\/\/futbolhoy.co\/","name":"FutbolHoy","description":"","publisher":{"@id":"https:\/\/futbolhoy.co\/#organization"},"potentialAction":[{"@type":"SearchAction","target":{"@type":"EntryPoint","urlTemplate":"https:\/\/futbolhoy.co\/?s={search_term_string}"},"query-input":{"@type":"PropertyValueSpecification","valueRequired":true,"valueName":"search_term_string"}}],"inLanguage":"es"},{"@type":"Organization","@id":"https:\/\/futbolhoy.co\/#organization","name":"Futbolhoy.co","url":"https:\/\/futbolhoy.co\/","logo":{"@type":"ImageObject","inLanguage":"es","@id":"https:\/\/futbolhoy.co\/#\/schema\/logo\/image\/","url":"https:\/\/futbolhoy.co\/wp-content\/uploads\/2018\/08\/17426380_1906371736249227_6326180412931521141_n.jpg","contentUrl":"https:\/\/futbolhoy.co\/wp-content\/uploads\/2018\/08\/17426380_1906371736249227_6326180412931521141_n.jpg","width":960,"height":960,"caption":"Futbolhoy.co"},"image":{"@id":"https:\/\/futbolhoy.co\/#\/schema\/logo\/image\/"},"sameAs":["https:\/\/www.facebook.com\/FutbolHoyCol\/","https:\/\/x.com\/FutbolHoyCol","https:\/\/www.instagram.com\/futbolhoycol\/"]},{"@type":"Person","@id":"https:\/\/futbolhoy.co\/#\/schema\/person\/1721b69355b6623eaff15ac7b92d4cc3","name":"contenido","image":{"@type":"ImageObject","inLanguage":"es","@id":"https:\/\/futbolhoy.co\/#\/schema\/person\/image\/","url":"https:\/\/secure.gravatar.com\/avatar\/4f656d3256f5134f466206e7c3941518?s=96&d=mm&r=g","contentUrl":"https:\/\/secure.gravatar.com\/avatar\/4f656d3256f5134f466206e7c3941518?s=96&d=mm&r=g","caption":"contenido"}}]}},"publishpress_future_action":{"enabled":false,"date":"2026-05-04 16:00:23","action":"change-status","newStatus":"draft","terms":[],"taxonomy":"category","extraData":[]},"publishpress_future_workflow_manual_trigger":{"enabledWorkflows":[]},"_links":{"self":[{"href":"https:\/\/futbolhoy.co\/index.php\/wp-json\/wp\/v2\/posts\/117755","targetHints":{"allow":["GET"]}}],"collection":[{"href":"https:\/\/futbolhoy.co\/index.php\/wp-json\/wp\/v2\/posts"}],"about":[{"href":"https:\/\/futbolhoy.co\/index.php\/wp-json\/wp\/v2\/types\/post"}],"author":[{"embeddable":true,"href":"https:\/\/futbolhoy.co\/index.php\/wp-json\/wp\/v2\/users\/4"}],"replies":[{"embeddable":true,"href":"https:\/\/futbolhoy.co\/index.php\/wp-json\/wp\/v2\/comments?post=117755"}],"version-history":[{"count":1,"href":"https:\/\/futbolhoy.co\/index.php\/wp-json\/wp\/v2\/posts\/117755\/revisions"}],"predecessor-version":[{"id":117757,"href":"https:\/\/futbolhoy.co\/index.php\/wp-json\/wp\/v2\/posts\/117755\/revisions\/117757"}],"wp:featuredmedia":[{"embeddable":true,"href":"https:\/\/futbolhoy.co\/index.php\/wp-json\/wp\/v2\/media\/117756"}],"wp:attachment":[{"href":"https:\/\/futbolhoy.co\/index.php\/wp-json\/wp\/v2\/media?parent=117755"}],"wp:term":[{"taxonomy":"category","embeddable":true,"href":"https:\/\/futbolhoy.co\/index.php\/wp-json\/wp\/v2\/categories?post=117755"},{"taxonomy":"post_tag","embeddable":true,"href":"https:\/\/futbolhoy.co\/index.php\/wp-json\/wp\/v2\/tags?post=117755"}],"curies":[{"name":"wp","href":"https:\/\/api.w.org\/{rel}","templated":true}]}}