{"id":117764,"date":"2025-03-27T22:22:20","date_gmt":"2025-03-28T03:22:20","guid":{"rendered":"https:\/\/futbolhoy.co\/?p=117764"},"modified":"2025-03-28T17:50:38","modified_gmt":"2025-03-28T22:50:38","slug":"juanfer-se-sacude-de-seleccion-y-america-golea-al-chico-hay-nuevo-lider-en-la-liga","status":"publish","type":"post","link":"https:\/\/futbolhoy.co\/index.php\/2025\/03\/27\/juanfer-se-sacude-de-seleccion-y-america-golea-al-chico-hay-nuevo-lider-en-la-liga\/","title":{"rendered":"Juanfer se sacude de Selecci\u00f3n y Am\u00e9rica golea al Chic\u00f3: Hay nuevo l\u00edder en la Liga"},"content":{"rendered":"<p style=\"text-align: justify;\"><span style=\"font-family: helvetica, arial, sans-serif;\"><b>Am\u00e9rica sigue por buen camino en la Liga BetPlay <\/b><span style=\"font-weight: 400;\">y este jueves, en el partido adelantado por la fecha 18, gole\u00f3 a Boyac\u00e1 Chic\u00f3 en el estadio Pascual Guerrero y se pudo l\u00edder de la clasificaci\u00f3n.<\/span><\/span><\/p>\n<p style=\"text-align: justify;\"><span style=\"font-family: helvetica, arial, sans-serif;\"><span style=\"font-weight: 400;\">Juan Fernando Quintero regres\u00f3 tras una desilusionada jornada de Eliminatorias, pero con \u00e9l la <\/span><b>alegr\u00eda para los escarlatas, que con la magia del 10<\/b><span style=\"font-weight: 400;\"> abrieron el marcador al minuto 30 tras una asistencia de Yerson Candelo.\u00a0<\/span><\/span><\/p>\n<p style=\"text-align: justify;\"><span style=\"font-family: helvetica, arial, sans-serif;\"><span style=\"font-weight: 400;\">El segundo para los locales lleg\u00f3 r\u00e1pidamente, luego que Rodrigo Holgado al minuto <\/span><b>37 aprovechara la asistencia de Marcos Mina.<\/b><span style=\"font-weight: 400;\"> El 3-0 se dio sobre el final, cuando al 80\u2019 Duv\u00e1n Vergara anot\u00f3 de penal tras una falta dentro del \u00e1rea sobre Cristian Barrios.\u00a0<\/span><\/span><\/p>\n<p style=\"text-align: justify;\"><span style=\"font-family: helvetica, arial, sans-serif;\"><span style=\"font-weight: 400;\">Con la victoria Am\u00e9rica lleg\u00f3 a 21 puntos en la tabla, mismos que Atl\u00e9tico Nacional que era l\u00edder, pero los rojos, con mejor diferencia de gol, se pusieron en la punta y buscar\u00e1n mantener la posici\u00f3n en la pr\u00f3xima jornada cuando reciban a Fortaleza <\/span><b>por la fecha 11 de la Liga.<\/b><\/span><\/p>\n<blockquote class=\"twitter-tweet\">\n<p dir=\"ltr\" lang=\"es\">\ud83d\udc79\u26bd\ud83d\udd25\u00a1LOS 'ESCARLATAS\u2019 GANAN, GUSTAN, GOLEAN Y SON LOS NUEVOS L\u00cdDERES DEL CAMPEONATO! Am\u00e9rica super\u00f3 3 a 0 a Boyac\u00e1 Chic\u00f3 en el partido adelantado por la fecha 18 de <a href=\"https:\/\/twitter.com\/hashtag\/LALIGAxWIN?src=hash&amp;ref_src=twsrc%5Etfw\">#LALIGAxWIN<\/a>.<\/p>\n<p>\ud83e\udd29\ud83c\udfdf\ufe0fLos goles fueron de Juan Fernando Quintero, Rodrigo Holgado y Duv\u00e1n Vergara. <a href=\"https:\/\/t.co\/inDSxBZIli\">pic.twitter.com\/inDSxBZIli<\/a><\/p>\n<p>\u2014 Win Sports (@WinSportsTV) <a href=\"https:\/\/twitter.com\/WinSportsTV\/status\/1905456385925558457?ref_src=twsrc%5Etfw\">March 28, 2025<\/a><\/p><\/blockquote>\n<p><script async src=\"https:\/\/platform.twitter.com\/widgets.js\" charset=\"utf-8\"><\/script><\/p>\n","protected":false},"excerpt":{"rendered":"<p>Am\u00e9rica sigue por buen camino en la Liga BetPlay y este jueves, en el partido adelantado por la fecha 18, gole\u00f3 a Boyac\u00e1 Chic\u00f3 en el estadio Pascual Guerrero y se pudo l\u00edder de la clasificaci\u00f3n. Juan Fernando Quintero regres\u00f3 tras una desilusionada jornada de Eliminatorias, pero con \u00e9l la alegr\u00eda para los escarlatas, que [&hellip;]<\/p>\n","protected":false},"author":4,"featured_media":117765,"comment_status":"open","ping_status":"open","sticky":false,"template":"","format":"standard","meta":{"_acf_changed":false,"footnotes":""},"categories":[7],"tags":[],"class_list":{"0":"post-117764","1":"post","2":"type-post","3":"status-publish","4":"format-standard","5":"has-post-thumbnail","7":"category-liga-betplay"},"acf":[],"yoast_head":"<!-- This site is optimized with the Yoast SEO plugin v26.8 - https:\/\/yoast.com\/product\/yoast-seo-wordpress\/ -->\n<title>Juanfer se sacude de Selecci\u00f3n y Am\u00e9rica golea al Chic\u00f3: Hay nuevo l\u00edder en la Liga -<\/title>\n<meta name=\"robots\" content=\"index, follow, max-snippet:-1, max-image-preview:large, max-video-preview:-1\" \/>\n<link rel=\"canonical\" href=\"https:\/\/futbolhoy.co\/index.php\/2025\/03\/27\/juanfer-se-sacude-de-seleccion-y-america-golea-al-chico-hay-nuevo-lider-en-la-liga\/\" \/>\n<meta property=\"og:locale\" content=\"es_ES\" \/>\n<meta property=\"og:type\" content=\"article\" \/>\n<meta property=\"og:title\" content=\"Juanfer se sacude de Selecci\u00f3n y Am\u00e9rica golea al Chic\u00f3: Hay nuevo l\u00edder en la Liga -\" \/>\n<meta property=\"og:description\" content=\"Am\u00e9rica sigue por buen camino en la Liga BetPlay y este jueves, en el partido adelantado por la fecha 18, gole\u00f3 a Boyac\u00e1 Chic\u00f3 en el estadio Pascual Guerrero y se pudo l\u00edder de la clasificaci\u00f3n. Juan Fernando Quintero regres\u00f3 tras una desilusionada jornada de Eliminatorias, pero con \u00e9l la alegr\u00eda para los escarlatas, que [&hellip;]\" \/>\n<meta property=\"og:url\" content=\"https:\/\/futbolhoy.co\/index.php\/2025\/03\/27\/juanfer-se-sacude-de-seleccion-y-america-golea-al-chico-hay-nuevo-lider-en-la-liga\/\" \/>\n<meta property=\"article:publisher\" content=\"https:\/\/www.facebook.com\/FutbolHoyCol\/\" \/>\n<meta property=\"article:published_time\" content=\"2025-03-28T03:22:20+00:00\" \/>\n<meta property=\"article:modified_time\" content=\"2025-03-28T22:50:38+00:00\" \/>\n<meta property=\"og:image\" content=\"https:\/\/futbolhoy.co\/wp-content\/uploads\/2025\/03\/Captura-de-pantalla-2025-03-27-a-las-10.18.44\u202fp.-m-1024x775.png\" \/>\n\t<meta property=\"og:image:width\" content=\"1024\" \/>\n\t<meta property=\"og:image:height\" content=\"775\" \/>\n\t<meta property=\"og:image:type\" content=\"image\/png\" \/>\n<meta name=\"author\" content=\"contenido\" \/>\n<meta name=\"twitter:card\" content=\"summary_large_image\" \/>\n<meta name=\"twitter:creator\" content=\"@FutbolHoyCol\" \/>\n<meta name=\"twitter:site\" content=\"@FutbolHoyCol\" \/>\n<meta name=\"twitter:label1\" content=\"Escrito por\" \/>\n\t<meta name=\"twitter:data1\" content=\"contenido\" \/>\n\t<meta name=\"twitter:label2\" content=\"Tiempo de lectura\" \/>\n\t<meta name=\"twitter:data2\" content=\"1 minuto\" \/>\n<script type=\"application\/ld+json\" class=\"yoast-schema-graph\">{\"@context\":\"https:\/\/schema.org\",\"@graph\":[{\"@type\":\"Article\",\"@id\":\"https:\/\/futbolhoy.co\/index.php\/2025\/03\/27\/juanfer-se-sacude-de-seleccion-y-america-golea-al-chico-hay-nuevo-lider-en-la-liga\/#article\",\"isPartOf\":{\"@id\":\"https:\/\/futbolhoy.co\/index.php\/2025\/03\/27\/juanfer-se-sacude-de-seleccion-y-america-golea-al-chico-hay-nuevo-lider-en-la-liga\/\"},\"author\":{\"name\":\"contenido\",\"@id\":\"https:\/\/futbolhoy.co\/#\/schema\/person\/1721b69355b6623eaff15ac7b92d4cc3\"},\"headline\":\"Juanfer se sacude de Selecci\u00f3n y Am\u00e9rica golea al Chic\u00f3: Hay nuevo l\u00edder en la Liga\",\"datePublished\":\"2025-03-28T03:22:20+00:00\",\"dateModified\":\"2025-03-28T22:50:38+00:00\",\"mainEntityOfPage\":{\"@id\":\"https:\/\/futbolhoy.co\/index.php\/2025\/03\/27\/juanfer-se-sacude-de-seleccion-y-america-golea-al-chico-hay-nuevo-lider-en-la-liga\/\"},\"wordCount\":241,\"commentCount\":0,\"publisher\":{\"@id\":\"https:\/\/futbolhoy.co\/#organization\"},\"image\":{\"@id\":\"https:\/\/futbolhoy.co\/index.php\/2025\/03\/27\/juanfer-se-sacude-de-seleccion-y-america-golea-al-chico-hay-nuevo-lider-en-la-liga\/#primaryimage\"},\"thumbnailUrl\":\"https:\/\/futbolhoy.co\/wp-content\/uploads\/2025\/03\/Captura-de-pantalla-2025-03-27-a-las-10.18.44\u202fp.-m.png\",\"articleSection\":[\"Liga BetPlay\"],\"inLanguage\":\"es\",\"potentialAction\":[{\"@type\":\"CommentAction\",\"name\":\"Comment\",\"target\":[\"https:\/\/futbolhoy.co\/index.php\/2025\/03\/27\/juanfer-se-sacude-de-seleccion-y-america-golea-al-chico-hay-nuevo-lider-en-la-liga\/#respond\"]}]},{\"@type\":\"WebPage\",\"@id\":\"https:\/\/futbolhoy.co\/index.php\/2025\/03\/27\/juanfer-se-sacude-de-seleccion-y-america-golea-al-chico-hay-nuevo-lider-en-la-liga\/\",\"url\":\"https:\/\/futbolhoy.co\/index.php\/2025\/03\/27\/juanfer-se-sacude-de-seleccion-y-america-golea-al-chico-hay-nuevo-lider-en-la-liga\/\",\"name\":\"Juanfer se sacude de Selecci\u00f3n y Am\u00e9rica golea al Chic\u00f3: Hay nuevo l\u00edder en la Liga -\",\"isPartOf\":{\"@id\":\"https:\/\/futbolhoy.co\/#website\"},\"primaryImageOfPage\":{\"@id\":\"https:\/\/futbolhoy.co\/index.php\/2025\/03\/27\/juanfer-se-sacude-de-seleccion-y-america-golea-al-chico-hay-nuevo-lider-en-la-liga\/#primaryimage\"},\"image\":{\"@id\":\"https:\/\/futbolhoy.co\/index.php\/2025\/03\/27\/juanfer-se-sacude-de-seleccion-y-america-golea-al-chico-hay-nuevo-lider-en-la-liga\/#primaryimage\"},\"thumbnailUrl\":\"https:\/\/futbolhoy.co\/wp-content\/uploads\/2025\/03\/Captura-de-pantalla-2025-03-27-a-las-10.18.44\u202fp.-m.png\",\"datePublished\":\"2025-03-28T03:22:20+00:00\",\"dateModified\":\"2025-03-28T22:50:38+00:00\",\"breadcrumb\":{\"@id\":\"https:\/\/futbolhoy.co\/index.php\/2025\/03\/27\/juanfer-se-sacude-de-seleccion-y-america-golea-al-chico-hay-nuevo-lider-en-la-liga\/#breadcrumb\"},\"inLanguage\":\"es\",\"potentialAction\":[{\"@type\":\"ReadAction\",\"target\":[\"https:\/\/futbolhoy.co\/index.php\/2025\/03\/27\/juanfer-se-sacude-de-seleccion-y-america-golea-al-chico-hay-nuevo-lider-en-la-liga\/\"]}]},{\"@type\":\"ImageObject\",\"inLanguage\":\"es\",\"@id\":\"https:\/\/futbolhoy.co\/index.php\/2025\/03\/27\/juanfer-se-sacude-de-seleccion-y-america-golea-al-chico-hay-nuevo-lider-en-la-liga\/#primaryimage\",\"url\":\"https:\/\/futbolhoy.co\/wp-content\/uploads\/2025\/03\/Captura-de-pantalla-2025-03-27-a-las-10.18.44\u202fp.-m.png\",\"contentUrl\":\"https:\/\/futbolhoy.co\/wp-content\/uploads\/2025\/03\/Captura-de-pantalla-2025-03-27-a-las-10.18.44\u202fp.-m.png\",\"width\":1586,\"height\":1200},{\"@type\":\"BreadcrumbList\",\"@id\":\"https:\/\/futbolhoy.co\/index.php\/2025\/03\/27\/juanfer-se-sacude-de-seleccion-y-america-golea-al-chico-hay-nuevo-lider-en-la-liga\/#breadcrumb\",\"itemListElement\":[{\"@type\":\"ListItem\",\"position\":1,\"name\":\"Portada\",\"item\":\"https:\/\/futbolhoy.co\/\"},{\"@type\":\"ListItem\",\"position\":2,\"name\":\"Juanfer se sacude de Selecci\u00f3n y Am\u00e9rica golea al Chic\u00f3: Hay nuevo l\u00edder en la Liga\"}]},{\"@type\":\"WebSite\",\"@id\":\"https:\/\/futbolhoy.co\/#website\",\"url\":\"https:\/\/futbolhoy.co\/\",\"name\":\"FutbolHoy\",\"description\":\"\",\"publisher\":{\"@id\":\"https:\/\/futbolhoy.co\/#organization\"},\"potentialAction\":[{\"@type\":\"SearchAction\",\"target\":{\"@type\":\"EntryPoint\",\"urlTemplate\":\"https:\/\/futbolhoy.co\/?s={search_term_string}\"},\"query-input\":{\"@type\":\"PropertyValueSpecification\",\"valueRequired\":true,\"valueName\":\"search_term_string\"}}],\"inLanguage\":\"es\"},{\"@type\":\"Organization\",\"@id\":\"https:\/\/futbolhoy.co\/#organization\",\"name\":\"Futbolhoy.co\",\"url\":\"https:\/\/futbolhoy.co\/\",\"logo\":{\"@type\":\"ImageObject\",\"inLanguage\":\"es\",\"@id\":\"https:\/\/futbolhoy.co\/#\/schema\/logo\/image\/\",\"url\":\"https:\/\/futbolhoy.co\/wp-content\/uploads\/2018\/08\/17426380_1906371736249227_6326180412931521141_n.jpg\",\"contentUrl\":\"https:\/\/futbolhoy.co\/wp-content\/uploads\/2018\/08\/17426380_1906371736249227_6326180412931521141_n.jpg\",\"width\":960,\"height\":960,\"caption\":\"Futbolhoy.co\"},\"image\":{\"@id\":\"https:\/\/futbolhoy.co\/#\/schema\/logo\/image\/\"},\"sameAs\":[\"https:\/\/www.facebook.com\/FutbolHoyCol\/\",\"https:\/\/x.com\/FutbolHoyCol\",\"https:\/\/www.instagram.com\/futbolhoycol\/\"]},{\"@type\":\"Person\",\"@id\":\"https:\/\/futbolhoy.co\/#\/schema\/person\/1721b69355b6623eaff15ac7b92d4cc3\",\"name\":\"contenido\",\"image\":{\"@type\":\"ImageObject\",\"inLanguage\":\"es\",\"@id\":\"https:\/\/futbolhoy.co\/#\/schema\/person\/image\/\",\"url\":\"https:\/\/secure.gravatar.com\/avatar\/4f656d3256f5134f466206e7c3941518?s=96&d=mm&r=g\",\"contentUrl\":\"https:\/\/secure.gravatar.com\/avatar\/4f656d3256f5134f466206e7c3941518?s=96&d=mm&r=g\",\"caption\":\"contenido\"}}]}<\/script>\n<!-- \/ Yoast SEO plugin. -->","yoast_head_json":{"title":"Juanfer se sacude de Selecci\u00f3n y Am\u00e9rica golea al Chic\u00f3: Hay nuevo l\u00edder en la Liga -","robots":{"index":"index","follow":"follow","max-snippet":"max-snippet:-1","max-image-preview":"max-image-preview:large","max-video-preview":"max-video-preview:-1"},"canonical":"https:\/\/futbolhoy.co\/index.php\/2025\/03\/27\/juanfer-se-sacude-de-seleccion-y-america-golea-al-chico-hay-nuevo-lider-en-la-liga\/","og_locale":"es_ES","og_type":"article","og_title":"Juanfer se sacude de Selecci\u00f3n y Am\u00e9rica golea al Chic\u00f3: Hay nuevo l\u00edder en la Liga -","og_description":"Am\u00e9rica sigue por buen camino en la Liga BetPlay y este jueves, en el partido adelantado por la fecha 18, gole\u00f3 a Boyac\u00e1 Chic\u00f3 en el estadio Pascual Guerrero y se pudo l\u00edder de la clasificaci\u00f3n. Juan Fernando Quintero regres\u00f3 tras una desilusionada jornada de Eliminatorias, pero con \u00e9l la alegr\u00eda para los escarlatas, que [&hellip;]","og_url":"https:\/\/futbolhoy.co\/index.php\/2025\/03\/27\/juanfer-se-sacude-de-seleccion-y-america-golea-al-chico-hay-nuevo-lider-en-la-liga\/","article_publisher":"https:\/\/www.facebook.com\/FutbolHoyCol\/","article_published_time":"2025-03-28T03:22:20+00:00","article_modified_time":"2025-03-28T22:50:38+00:00","og_image":[{"width":1024,"height":775,"url":"https:\/\/futbolhoy.co\/wp-content\/uploads\/2025\/03\/Captura-de-pantalla-2025-03-27-a-las-10.18.44\u202fp.-m-1024x775.png","type":"image\/png"}],"author":"contenido","twitter_card":"summary_large_image","twitter_creator":"@FutbolHoyCol","twitter_site":"@FutbolHoyCol","twitter_misc":{"Escrito por":"contenido","Tiempo de lectura":"1 minuto"},"schema":{"@context":"https:\/\/schema.org","@graph":[{"@type":"Article","@id":"https:\/\/futbolhoy.co\/index.php\/2025\/03\/27\/juanfer-se-sacude-de-seleccion-y-america-golea-al-chico-hay-nuevo-lider-en-la-liga\/#article","isPartOf":{"@id":"https:\/\/futbolhoy.co\/index.php\/2025\/03\/27\/juanfer-se-sacude-de-seleccion-y-america-golea-al-chico-hay-nuevo-lider-en-la-liga\/"},"author":{"name":"contenido","@id":"https:\/\/futbolhoy.co\/#\/schema\/person\/1721b69355b6623eaff15ac7b92d4cc3"},"headline":"Juanfer se sacude de Selecci\u00f3n y Am\u00e9rica golea al Chic\u00f3: Hay nuevo l\u00edder en la Liga","datePublished":"2025-03-28T03:22:20+00:00","dateModified":"2025-03-28T22:50:38+00:00","mainEntityOfPage":{"@id":"https:\/\/futbolhoy.co\/index.php\/2025\/03\/27\/juanfer-se-sacude-de-seleccion-y-america-golea-al-chico-hay-nuevo-lider-en-la-liga\/"},"wordCount":241,"commentCount":0,"publisher":{"@id":"https:\/\/futbolhoy.co\/#organization"},"image":{"@id":"https:\/\/futbolhoy.co\/index.php\/2025\/03\/27\/juanfer-se-sacude-de-seleccion-y-america-golea-al-chico-hay-nuevo-lider-en-la-liga\/#primaryimage"},"thumbnailUrl":"https:\/\/futbolhoy.co\/wp-content\/uploads\/2025\/03\/Captura-de-pantalla-2025-03-27-a-las-10.18.44\u202fp.-m.png","articleSection":["Liga BetPlay"],"inLanguage":"es","potentialAction":[{"@type":"CommentAction","name":"Comment","target":["https:\/\/futbolhoy.co\/index.php\/2025\/03\/27\/juanfer-se-sacude-de-seleccion-y-america-golea-al-chico-hay-nuevo-lider-en-la-liga\/#respond"]}]},{"@type":"WebPage","@id":"https:\/\/futbolhoy.co\/index.php\/2025\/03\/27\/juanfer-se-sacude-de-seleccion-y-america-golea-al-chico-hay-nuevo-lider-en-la-liga\/","url":"https:\/\/futbolhoy.co\/index.php\/2025\/03\/27\/juanfer-se-sacude-de-seleccion-y-america-golea-al-chico-hay-nuevo-lider-en-la-liga\/","name":"Juanfer se sacude de Selecci\u00f3n y Am\u00e9rica golea al Chic\u00f3: Hay nuevo l\u00edder en la Liga -","isPartOf":{"@id":"https:\/\/futbolhoy.co\/#website"},"primaryImageOfPage":{"@id":"https:\/\/futbolhoy.co\/index.php\/2025\/03\/27\/juanfer-se-sacude-de-seleccion-y-america-golea-al-chico-hay-nuevo-lider-en-la-liga\/#primaryimage"},"image":{"@id":"https:\/\/futbolhoy.co\/index.php\/2025\/03\/27\/juanfer-se-sacude-de-seleccion-y-america-golea-al-chico-hay-nuevo-lider-en-la-liga\/#primaryimage"},"thumbnailUrl":"https:\/\/futbolhoy.co\/wp-content\/uploads\/2025\/03\/Captura-de-pantalla-2025-03-27-a-las-10.18.44\u202fp.-m.png","datePublished":"2025-03-28T03:22:20+00:00","dateModified":"2025-03-28T22:50:38+00:00","breadcrumb":{"@id":"https:\/\/futbolhoy.co\/index.php\/2025\/03\/27\/juanfer-se-sacude-de-seleccion-y-america-golea-al-chico-hay-nuevo-lider-en-la-liga\/#breadcrumb"},"inLanguage":"es","potentialAction":[{"@type":"ReadAction","target":["https:\/\/futbolhoy.co\/index.php\/2025\/03\/27\/juanfer-se-sacude-de-seleccion-y-america-golea-al-chico-hay-nuevo-lider-en-la-liga\/"]}]},{"@type":"ImageObject","inLanguage":"es","@id":"https:\/\/futbolhoy.co\/index.php\/2025\/03\/27\/juanfer-se-sacude-de-seleccion-y-america-golea-al-chico-hay-nuevo-lider-en-la-liga\/#primaryimage","url":"https:\/\/futbolhoy.co\/wp-content\/uploads\/2025\/03\/Captura-de-pantalla-2025-03-27-a-las-10.18.44\u202fp.-m.png","contentUrl":"https:\/\/futbolhoy.co\/wp-content\/uploads\/2025\/03\/Captura-de-pantalla-2025-03-27-a-las-10.18.44\u202fp.-m.png","width":1586,"height":1200},{"@type":"BreadcrumbList","@id":"https:\/\/futbolhoy.co\/index.php\/2025\/03\/27\/juanfer-se-sacude-de-seleccion-y-america-golea-al-chico-hay-nuevo-lider-en-la-liga\/#breadcrumb","itemListElement":[{"@type":"ListItem","position":1,"name":"Portada","item":"https:\/\/futbolhoy.co\/"},{"@type":"ListItem","position":2,"name":"Juanfer se sacude de Selecci\u00f3n y Am\u00e9rica golea al Chic\u00f3: Hay nuevo l\u00edder en la Liga"}]},{"@type":"WebSite","@id":"https:\/\/futbolhoy.co\/#website","url":"https:\/\/futbolhoy.co\/","name":"FutbolHoy","description":"","publisher":{"@id":"https:\/\/futbolhoy.co\/#organization"},"potentialAction":[{"@type":"SearchAction","target":{"@type":"EntryPoint","urlTemplate":"https:\/\/futbolhoy.co\/?s={search_term_string}"},"query-input":{"@type":"PropertyValueSpecification","valueRequired":true,"valueName":"search_term_string"}}],"inLanguage":"es"},{"@type":"Organization","@id":"https:\/\/futbolhoy.co\/#organization","name":"Futbolhoy.co","url":"https:\/\/futbolhoy.co\/","logo":{"@type":"ImageObject","inLanguage":"es","@id":"https:\/\/futbolhoy.co\/#\/schema\/logo\/image\/","url":"https:\/\/futbolhoy.co\/wp-content\/uploads\/2018\/08\/17426380_1906371736249227_6326180412931521141_n.jpg","contentUrl":"https:\/\/futbolhoy.co\/wp-content\/uploads\/2018\/08\/17426380_1906371736249227_6326180412931521141_n.jpg","width":960,"height":960,"caption":"Futbolhoy.co"},"image":{"@id":"https:\/\/futbolhoy.co\/#\/schema\/logo\/image\/"},"sameAs":["https:\/\/www.facebook.com\/FutbolHoyCol\/","https:\/\/x.com\/FutbolHoyCol","https:\/\/www.instagram.com\/futbolhoycol\/"]},{"@type":"Person","@id":"https:\/\/futbolhoy.co\/#\/schema\/person\/1721b69355b6623eaff15ac7b92d4cc3","name":"contenido","image":{"@type":"ImageObject","inLanguage":"es","@id":"https:\/\/futbolhoy.co\/#\/schema\/person\/image\/","url":"https:\/\/secure.gravatar.com\/avatar\/4f656d3256f5134f466206e7c3941518?s=96&d=mm&r=g","contentUrl":"https:\/\/secure.gravatar.com\/avatar\/4f656d3256f5134f466206e7c3941518?s=96&d=mm&r=g","caption":"contenido"}}]}},"publishpress_future_action":{"enabled":false,"date":"2026-05-04 17:07:52","action":"change-status","newStatus":"draft","terms":[],"taxonomy":"category","extraData":[]},"publishpress_future_workflow_manual_trigger":{"enabledWorkflows":[]},"_links":{"self":[{"href":"https:\/\/futbolhoy.co\/index.php\/wp-json\/wp\/v2\/posts\/117764","targetHints":{"allow":["GET"]}}],"collection":[{"href":"https:\/\/futbolhoy.co\/index.php\/wp-json\/wp\/v2\/posts"}],"about":[{"href":"https:\/\/futbolhoy.co\/index.php\/wp-json\/wp\/v2\/types\/post"}],"author":[{"embeddable":true,"href":"https:\/\/futbolhoy.co\/index.php\/wp-json\/wp\/v2\/users\/4"}],"replies":[{"embeddable":true,"href":"https:\/\/futbolhoy.co\/index.php\/wp-json\/wp\/v2\/comments?post=117764"}],"version-history":[{"count":2,"href":"https:\/\/futbolhoy.co\/index.php\/wp-json\/wp\/v2\/posts\/117764\/revisions"}],"predecessor-version":[{"id":117801,"href":"https:\/\/futbolhoy.co\/index.php\/wp-json\/wp\/v2\/posts\/117764\/revisions\/117801"}],"wp:featuredmedia":[{"embeddable":true,"href":"https:\/\/futbolhoy.co\/index.php\/wp-json\/wp\/v2\/media\/117765"}],"wp:attachment":[{"href":"https:\/\/futbolhoy.co\/index.php\/wp-json\/wp\/v2\/media?parent=117764"}],"wp:term":[{"taxonomy":"category","embeddable":true,"href":"https:\/\/futbolhoy.co\/index.php\/wp-json\/wp\/v2\/categories?post=117764"},{"taxonomy":"post_tag","embeddable":true,"href":"https:\/\/futbolhoy.co\/index.php\/wp-json\/wp\/v2\/tags?post=117764"}],"curies":[{"name":"wp","href":"https:\/\/api.w.org\/{rel}","templated":true}]}}