{"id":117769,"date":"2025-03-28T10:06:31","date_gmt":"2025-03-28T15:06:31","guid":{"rendered":"https:\/\/futbolhoy.co\/?p=117769"},"modified":"2025-03-28T21:17:02","modified_gmt":"2025-03-29T02:17:02","slug":"dani-alves-absuelto-por-abuso-de-una-joven-en-espana","status":"publish","type":"post","link":"https:\/\/futbolhoy.co\/index.php\/2025\/03\/28\/dani-alves-absuelto-por-abuso-de-una-joven-en-espana\/","title":{"rendered":"Dani Alves, absuelto por abuso de una joven en Espa\u00f1a"},"content":{"rendered":"<p style=\"text-align: justify;\"><span style=\"font-weight: 400; font-family: helvetica, arial, sans-serif;\"><strong>El Tribunal Superior de Justicia de Catalu\u00f1a absolvi\u00f3<\/strong> en las \u00faltimas horas a Dani Alves, revocando la condena de cuatro a\u00f1os y medio de c\u00e1rcel que le impuso la Audiencia de Barcelona, por la violaci\u00f3n de una joven en una discoteca de esa ciudad en diciembre de 2022.<\/span><\/p>\n<p style=\"text-align: justify;\"><span style=\"font-weight: 400; font-family: helvetica, arial, sans-serif;\">El Tribunal asegur\u00f3 por unanimidad el recurso presentado por la defensa del exjugador brasile\u00f1o y lo absuelve de agresi\u00f3n sexual, al considerar que las pruebas presentadas en el juicio no permiten <strong>\"superar los est\u00e1ndares que exige la presunci\u00f3n de inocencia\".<\/strong><\/span><\/p>\n<p style=\"text-align: justify;\"><span style=\"font-family: helvetica, arial, sans-serif;\"><span style=\"font-weight: 400;\">Dani Alves estuvo en prisi\u00f3n preventiva durante 14 meses y sali\u00f3 en libertad provisional en marzo del a\u00f1o pasado, luego de pagar una fianza de un mill\u00f3n de euros, una vez la Audiencia de Barcelona lo conden\u00f3 por un <\/span><b>delito de agresi\u00f3n sexua<\/b><span style=\"font-weight: 400;\">l. <\/span><\/span><\/p>\n","protected":false},"excerpt":{"rendered":"<p>El Tribunal Superior de Justicia de Catalu\u00f1a absolvi\u00f3 en las \u00faltimas horas a Dani Alves, revocando la condena de cuatro a\u00f1os y medio de c\u00e1rcel que le impuso la Audiencia de Barcelona, por la violaci\u00f3n de una joven en una discoteca de esa ciudad en diciembre de 2022. El Tribunal asegur\u00f3 por unanimidad el recurso [&hellip;]<\/p>\n","protected":false},"author":4,"featured_media":117771,"comment_status":"open","ping_status":"open","sticky":false,"template":"","format":"standard","meta":{"_acf_changed":false,"footnotes":""},"categories":[152],"tags":[],"class_list":{"0":"post-117769","1":"post","2":"type-post","3":"status-publish","4":"format-standard","5":"has-post-thumbnail","7":"category-mundo-futbol"},"acf":[],"yoast_head":"<!-- This site is optimized with the Yoast SEO plugin v26.8 - https:\/\/yoast.com\/product\/yoast-seo-wordpress\/ -->\n<title>Dani Alves, absuelto por abuso de una joven en Espa\u00f1a -<\/title>\n<meta name=\"robots\" content=\"index, follow, max-snippet:-1, max-image-preview:large, max-video-preview:-1\" \/>\n<link rel=\"canonical\" href=\"https:\/\/futbolhoy.co\/index.php\/2025\/03\/28\/dani-alves-absuelto-por-abuso-de-una-joven-en-espana\/\" \/>\n<meta property=\"og:locale\" content=\"es_ES\" \/>\n<meta property=\"og:type\" content=\"article\" \/>\n<meta property=\"og:title\" content=\"Dani Alves, absuelto por abuso de una joven en Espa\u00f1a -\" \/>\n<meta property=\"og:description\" content=\"El Tribunal Superior de Justicia de Catalu\u00f1a absolvi\u00f3 en las \u00faltimas horas a Dani Alves, revocando la condena de cuatro a\u00f1os y medio de c\u00e1rcel que le impuso la Audiencia de Barcelona, por la violaci\u00f3n de una joven en una discoteca de esa ciudad en diciembre de 2022. El Tribunal asegur\u00f3 por unanimidad el recurso [&hellip;]\" \/>\n<meta property=\"og:url\" content=\"https:\/\/futbolhoy.co\/index.php\/2025\/03\/28\/dani-alves-absuelto-por-abuso-de-una-joven-en-espana\/\" \/>\n<meta property=\"article:publisher\" content=\"https:\/\/www.facebook.com\/FutbolHoyCol\/\" \/>\n<meta property=\"article:published_time\" content=\"2025-03-28T15:06:31+00:00\" \/>\n<meta property=\"article:modified_time\" content=\"2025-03-29T02:17:02+00:00\" \/>\n<meta property=\"og:image\" content=\"https:\/\/futbolhoy.co\/wp-content\/uploads\/2025\/03\/Captura-de-pantalla-2025-03-28-a-las-10.05.20\u202fa.-m.png\" \/>\n\t<meta property=\"og:image:width\" content=\"1724\" \/>\n\t<meta property=\"og:image:height\" content=\"1180\" \/>\n\t<meta property=\"og:image:type\" content=\"image\/png\" \/>\n<meta name=\"author\" content=\"contenido\" \/>\n<meta name=\"twitter:card\" content=\"summary_large_image\" \/>\n<meta name=\"twitter:creator\" content=\"@FutbolHoyCol\" \/>\n<meta name=\"twitter:site\" content=\"@FutbolHoyCol\" \/>\n<meta name=\"twitter:label1\" content=\"Escrito por\" \/>\n\t<meta name=\"twitter:data1\" content=\"contenido\" \/>\n\t<meta name=\"twitter:label2\" content=\"Tiempo de lectura\" \/>\n\t<meta name=\"twitter:data2\" content=\"1 minuto\" \/>\n<script type=\"application\/ld+json\" class=\"yoast-schema-graph\">{\"@context\":\"https:\/\/schema.org\",\"@graph\":[{\"@type\":\"Article\",\"@id\":\"https:\/\/futbolhoy.co\/index.php\/2025\/03\/28\/dani-alves-absuelto-por-abuso-de-una-joven-en-espana\/#article\",\"isPartOf\":{\"@id\":\"https:\/\/futbolhoy.co\/index.php\/2025\/03\/28\/dani-alves-absuelto-por-abuso-de-una-joven-en-espana\/\"},\"author\":{\"name\":\"contenido\",\"@id\":\"https:\/\/futbolhoy.co\/#\/schema\/person\/1721b69355b6623eaff15ac7b92d4cc3\"},\"headline\":\"Dani Alves, absuelto por abuso de una joven en Espa\u00f1a\",\"datePublished\":\"2025-03-28T15:06:31+00:00\",\"dateModified\":\"2025-03-29T02:17:02+00:00\",\"mainEntityOfPage\":{\"@id\":\"https:\/\/futbolhoy.co\/index.php\/2025\/03\/28\/dani-alves-absuelto-por-abuso-de-una-joven-en-espana\/\"},\"wordCount\":153,\"commentCount\":0,\"publisher\":{\"@id\":\"https:\/\/futbolhoy.co\/#organization\"},\"image\":{\"@id\":\"https:\/\/futbolhoy.co\/index.php\/2025\/03\/28\/dani-alves-absuelto-por-abuso-de-una-joven-en-espana\/#primaryimage\"},\"thumbnailUrl\":\"https:\/\/futbolhoy.co\/wp-content\/uploads\/2025\/03\/Captura-de-pantalla-2025-03-28-a-las-10.05.20\u202fa.-m.png\",\"articleSection\":[\"Mundo Futbol\"],\"inLanguage\":\"es\",\"potentialAction\":[{\"@type\":\"CommentAction\",\"name\":\"Comment\",\"target\":[\"https:\/\/futbolhoy.co\/index.php\/2025\/03\/28\/dani-alves-absuelto-por-abuso-de-una-joven-en-espana\/#respond\"]}]},{\"@type\":\"WebPage\",\"@id\":\"https:\/\/futbolhoy.co\/index.php\/2025\/03\/28\/dani-alves-absuelto-por-abuso-de-una-joven-en-espana\/\",\"url\":\"https:\/\/futbolhoy.co\/index.php\/2025\/03\/28\/dani-alves-absuelto-por-abuso-de-una-joven-en-espana\/\",\"name\":\"Dani Alves, absuelto por abuso de una joven en Espa\u00f1a -\",\"isPartOf\":{\"@id\":\"https:\/\/futbolhoy.co\/#website\"},\"primaryImageOfPage\":{\"@id\":\"https:\/\/futbolhoy.co\/index.php\/2025\/03\/28\/dani-alves-absuelto-por-abuso-de-una-joven-en-espana\/#primaryimage\"},\"image\":{\"@id\":\"https:\/\/futbolhoy.co\/index.php\/2025\/03\/28\/dani-alves-absuelto-por-abuso-de-una-joven-en-espana\/#primaryimage\"},\"thumbnailUrl\":\"https:\/\/futbolhoy.co\/wp-content\/uploads\/2025\/03\/Captura-de-pantalla-2025-03-28-a-las-10.05.20\u202fa.-m.png\",\"datePublished\":\"2025-03-28T15:06:31+00:00\",\"dateModified\":\"2025-03-29T02:17:02+00:00\",\"breadcrumb\":{\"@id\":\"https:\/\/futbolhoy.co\/index.php\/2025\/03\/28\/dani-alves-absuelto-por-abuso-de-una-joven-en-espana\/#breadcrumb\"},\"inLanguage\":\"es\",\"potentialAction\":[{\"@type\":\"ReadAction\",\"target\":[\"https:\/\/futbolhoy.co\/index.php\/2025\/03\/28\/dani-alves-absuelto-por-abuso-de-una-joven-en-espana\/\"]}]},{\"@type\":\"ImageObject\",\"inLanguage\":\"es\",\"@id\":\"https:\/\/futbolhoy.co\/index.php\/2025\/03\/28\/dani-alves-absuelto-por-abuso-de-una-joven-en-espana\/#primaryimage\",\"url\":\"https:\/\/futbolhoy.co\/wp-content\/uploads\/2025\/03\/Captura-de-pantalla-2025-03-28-a-las-10.05.20\u202fa.-m.png\",\"contentUrl\":\"https:\/\/futbolhoy.co\/wp-content\/uploads\/2025\/03\/Captura-de-pantalla-2025-03-28-a-las-10.05.20\u202fa.-m.png\",\"width\":1724,\"height\":1180},{\"@type\":\"BreadcrumbList\",\"@id\":\"https:\/\/futbolhoy.co\/index.php\/2025\/03\/28\/dani-alves-absuelto-por-abuso-de-una-joven-en-espana\/#breadcrumb\",\"itemListElement\":[{\"@type\":\"ListItem\",\"position\":1,\"name\":\"Portada\",\"item\":\"https:\/\/futbolhoy.co\/\"},{\"@type\":\"ListItem\",\"position\":2,\"name\":\"Dani Alves, absuelto por abuso de una joven en Espa\u00f1a\"}]},{\"@type\":\"WebSite\",\"@id\":\"https:\/\/futbolhoy.co\/#website\",\"url\":\"https:\/\/futbolhoy.co\/\",\"name\":\"FutbolHoy\",\"description\":\"\",\"publisher\":{\"@id\":\"https:\/\/futbolhoy.co\/#organization\"},\"potentialAction\":[{\"@type\":\"SearchAction\",\"target\":{\"@type\":\"EntryPoint\",\"urlTemplate\":\"https:\/\/futbolhoy.co\/?s={search_term_string}\"},\"query-input\":{\"@type\":\"PropertyValueSpecification\",\"valueRequired\":true,\"valueName\":\"search_term_string\"}}],\"inLanguage\":\"es\"},{\"@type\":\"Organization\",\"@id\":\"https:\/\/futbolhoy.co\/#organization\",\"name\":\"Futbolhoy.co\",\"url\":\"https:\/\/futbolhoy.co\/\",\"logo\":{\"@type\":\"ImageObject\",\"inLanguage\":\"es\",\"@id\":\"https:\/\/futbolhoy.co\/#\/schema\/logo\/image\/\",\"url\":\"https:\/\/futbolhoy.co\/wp-content\/uploads\/2018\/08\/17426380_1906371736249227_6326180412931521141_n.jpg\",\"contentUrl\":\"https:\/\/futbolhoy.co\/wp-content\/uploads\/2018\/08\/17426380_1906371736249227_6326180412931521141_n.jpg\",\"width\":960,\"height\":960,\"caption\":\"Futbolhoy.co\"},\"image\":{\"@id\":\"https:\/\/futbolhoy.co\/#\/schema\/logo\/image\/\"},\"sameAs\":[\"https:\/\/www.facebook.com\/FutbolHoyCol\/\",\"https:\/\/x.com\/FutbolHoyCol\",\"https:\/\/www.instagram.com\/futbolhoycol\/\"]},{\"@type\":\"Person\",\"@id\":\"https:\/\/futbolhoy.co\/#\/schema\/person\/1721b69355b6623eaff15ac7b92d4cc3\",\"name\":\"contenido\",\"image\":{\"@type\":\"ImageObject\",\"inLanguage\":\"es\",\"@id\":\"https:\/\/futbolhoy.co\/#\/schema\/person\/image\/\",\"url\":\"https:\/\/secure.gravatar.com\/avatar\/4f656d3256f5134f466206e7c3941518?s=96&d=mm&r=g\",\"contentUrl\":\"https:\/\/secure.gravatar.com\/avatar\/4f656d3256f5134f466206e7c3941518?s=96&d=mm&r=g\",\"caption\":\"contenido\"}}]}<\/script>\n<!-- \/ Yoast SEO plugin. -->","yoast_head_json":{"title":"Dani Alves, absuelto por abuso de una joven en Espa\u00f1a -","robots":{"index":"index","follow":"follow","max-snippet":"max-snippet:-1","max-image-preview":"max-image-preview:large","max-video-preview":"max-video-preview:-1"},"canonical":"https:\/\/futbolhoy.co\/index.php\/2025\/03\/28\/dani-alves-absuelto-por-abuso-de-una-joven-en-espana\/","og_locale":"es_ES","og_type":"article","og_title":"Dani Alves, absuelto por abuso de una joven en Espa\u00f1a -","og_description":"El Tribunal Superior de Justicia de Catalu\u00f1a absolvi\u00f3 en las \u00faltimas horas a Dani Alves, revocando la condena de cuatro a\u00f1os y medio de c\u00e1rcel que le impuso la Audiencia de Barcelona, por la violaci\u00f3n de una joven en una discoteca de esa ciudad en diciembre de 2022. El Tribunal asegur\u00f3 por unanimidad el recurso [&hellip;]","og_url":"https:\/\/futbolhoy.co\/index.php\/2025\/03\/28\/dani-alves-absuelto-por-abuso-de-una-joven-en-espana\/","article_publisher":"https:\/\/www.facebook.com\/FutbolHoyCol\/","article_published_time":"2025-03-28T15:06:31+00:00","article_modified_time":"2025-03-29T02:17:02+00:00","og_image":[{"width":1724,"height":1180,"url":"https:\/\/futbolhoy.co\/wp-content\/uploads\/2025\/03\/Captura-de-pantalla-2025-03-28-a-las-10.05.20\u202fa.-m.png","type":"image\/png"}],"author":"contenido","twitter_card":"summary_large_image","twitter_creator":"@FutbolHoyCol","twitter_site":"@FutbolHoyCol","twitter_misc":{"Escrito por":"contenido","Tiempo de lectura":"1 minuto"},"schema":{"@context":"https:\/\/schema.org","@graph":[{"@type":"Article","@id":"https:\/\/futbolhoy.co\/index.php\/2025\/03\/28\/dani-alves-absuelto-por-abuso-de-una-joven-en-espana\/#article","isPartOf":{"@id":"https:\/\/futbolhoy.co\/index.php\/2025\/03\/28\/dani-alves-absuelto-por-abuso-de-una-joven-en-espana\/"},"author":{"name":"contenido","@id":"https:\/\/futbolhoy.co\/#\/schema\/person\/1721b69355b6623eaff15ac7b92d4cc3"},"headline":"Dani Alves, absuelto por abuso de una joven en Espa\u00f1a","datePublished":"2025-03-28T15:06:31+00:00","dateModified":"2025-03-29T02:17:02+00:00","mainEntityOfPage":{"@id":"https:\/\/futbolhoy.co\/index.php\/2025\/03\/28\/dani-alves-absuelto-por-abuso-de-una-joven-en-espana\/"},"wordCount":153,"commentCount":0,"publisher":{"@id":"https:\/\/futbolhoy.co\/#organization"},"image":{"@id":"https:\/\/futbolhoy.co\/index.php\/2025\/03\/28\/dani-alves-absuelto-por-abuso-de-una-joven-en-espana\/#primaryimage"},"thumbnailUrl":"https:\/\/futbolhoy.co\/wp-content\/uploads\/2025\/03\/Captura-de-pantalla-2025-03-28-a-las-10.05.20\u202fa.-m.png","articleSection":["Mundo Futbol"],"inLanguage":"es","potentialAction":[{"@type":"CommentAction","name":"Comment","target":["https:\/\/futbolhoy.co\/index.php\/2025\/03\/28\/dani-alves-absuelto-por-abuso-de-una-joven-en-espana\/#respond"]}]},{"@type":"WebPage","@id":"https:\/\/futbolhoy.co\/index.php\/2025\/03\/28\/dani-alves-absuelto-por-abuso-de-una-joven-en-espana\/","url":"https:\/\/futbolhoy.co\/index.php\/2025\/03\/28\/dani-alves-absuelto-por-abuso-de-una-joven-en-espana\/","name":"Dani Alves, absuelto por abuso de una joven en Espa\u00f1a -","isPartOf":{"@id":"https:\/\/futbolhoy.co\/#website"},"primaryImageOfPage":{"@id":"https:\/\/futbolhoy.co\/index.php\/2025\/03\/28\/dani-alves-absuelto-por-abuso-de-una-joven-en-espana\/#primaryimage"},"image":{"@id":"https:\/\/futbolhoy.co\/index.php\/2025\/03\/28\/dani-alves-absuelto-por-abuso-de-una-joven-en-espana\/#primaryimage"},"thumbnailUrl":"https:\/\/futbolhoy.co\/wp-content\/uploads\/2025\/03\/Captura-de-pantalla-2025-03-28-a-las-10.05.20\u202fa.-m.png","datePublished":"2025-03-28T15:06:31+00:00","dateModified":"2025-03-29T02:17:02+00:00","breadcrumb":{"@id":"https:\/\/futbolhoy.co\/index.php\/2025\/03\/28\/dani-alves-absuelto-por-abuso-de-una-joven-en-espana\/#breadcrumb"},"inLanguage":"es","potentialAction":[{"@type":"ReadAction","target":["https:\/\/futbolhoy.co\/index.php\/2025\/03\/28\/dani-alves-absuelto-por-abuso-de-una-joven-en-espana\/"]}]},{"@type":"ImageObject","inLanguage":"es","@id":"https:\/\/futbolhoy.co\/index.php\/2025\/03\/28\/dani-alves-absuelto-por-abuso-de-una-joven-en-espana\/#primaryimage","url":"https:\/\/futbolhoy.co\/wp-content\/uploads\/2025\/03\/Captura-de-pantalla-2025-03-28-a-las-10.05.20\u202fa.-m.png","contentUrl":"https:\/\/futbolhoy.co\/wp-content\/uploads\/2025\/03\/Captura-de-pantalla-2025-03-28-a-las-10.05.20\u202fa.-m.png","width":1724,"height":1180},{"@type":"BreadcrumbList","@id":"https:\/\/futbolhoy.co\/index.php\/2025\/03\/28\/dani-alves-absuelto-por-abuso-de-una-joven-en-espana\/#breadcrumb","itemListElement":[{"@type":"ListItem","position":1,"name":"Portada","item":"https:\/\/futbolhoy.co\/"},{"@type":"ListItem","position":2,"name":"Dani Alves, absuelto por abuso de una joven en Espa\u00f1a"}]},{"@type":"WebSite","@id":"https:\/\/futbolhoy.co\/#website","url":"https:\/\/futbolhoy.co\/","name":"FutbolHoy","description":"","publisher":{"@id":"https:\/\/futbolhoy.co\/#organization"},"potentialAction":[{"@type":"SearchAction","target":{"@type":"EntryPoint","urlTemplate":"https:\/\/futbolhoy.co\/?s={search_term_string}"},"query-input":{"@type":"PropertyValueSpecification","valueRequired":true,"valueName":"search_term_string"}}],"inLanguage":"es"},{"@type":"Organization","@id":"https:\/\/futbolhoy.co\/#organization","name":"Futbolhoy.co","url":"https:\/\/futbolhoy.co\/","logo":{"@type":"ImageObject","inLanguage":"es","@id":"https:\/\/futbolhoy.co\/#\/schema\/logo\/image\/","url":"https:\/\/futbolhoy.co\/wp-content\/uploads\/2018\/08\/17426380_1906371736249227_6326180412931521141_n.jpg","contentUrl":"https:\/\/futbolhoy.co\/wp-content\/uploads\/2018\/08\/17426380_1906371736249227_6326180412931521141_n.jpg","width":960,"height":960,"caption":"Futbolhoy.co"},"image":{"@id":"https:\/\/futbolhoy.co\/#\/schema\/logo\/image\/"},"sameAs":["https:\/\/www.facebook.com\/FutbolHoyCol\/","https:\/\/x.com\/FutbolHoyCol","https:\/\/www.instagram.com\/futbolhoycol\/"]},{"@type":"Person","@id":"https:\/\/futbolhoy.co\/#\/schema\/person\/1721b69355b6623eaff15ac7b92d4cc3","name":"contenido","image":{"@type":"ImageObject","inLanguage":"es","@id":"https:\/\/futbolhoy.co\/#\/schema\/person\/image\/","url":"https:\/\/secure.gravatar.com\/avatar\/4f656d3256f5134f466206e7c3941518?s=96&d=mm&r=g","contentUrl":"https:\/\/secure.gravatar.com\/avatar\/4f656d3256f5134f466206e7c3941518?s=96&d=mm&r=g","caption":"contenido"}}]}},"publishpress_future_action":{"enabled":false,"date":"2026-05-04 08:39:38","action":"change-status","newStatus":"draft","terms":[],"taxonomy":"category","extraData":[]},"publishpress_future_workflow_manual_trigger":{"enabledWorkflows":[]},"_links":{"self":[{"href":"https:\/\/futbolhoy.co\/index.php\/wp-json\/wp\/v2\/posts\/117769","targetHints":{"allow":["GET"]}}],"collection":[{"href":"https:\/\/futbolhoy.co\/index.php\/wp-json\/wp\/v2\/posts"}],"about":[{"href":"https:\/\/futbolhoy.co\/index.php\/wp-json\/wp\/v2\/types\/post"}],"author":[{"embeddable":true,"href":"https:\/\/futbolhoy.co\/index.php\/wp-json\/wp\/v2\/users\/4"}],"replies":[{"embeddable":true,"href":"https:\/\/futbolhoy.co\/index.php\/wp-json\/wp\/v2\/comments?post=117769"}],"version-history":[{"count":1,"href":"https:\/\/futbolhoy.co\/index.php\/wp-json\/wp\/v2\/posts\/117769\/revisions"}],"predecessor-version":[{"id":117772,"href":"https:\/\/futbolhoy.co\/index.php\/wp-json\/wp\/v2\/posts\/117769\/revisions\/117772"}],"wp:featuredmedia":[{"embeddable":true,"href":"https:\/\/futbolhoy.co\/index.php\/wp-json\/wp\/v2\/media\/117771"}],"wp:attachment":[{"href":"https:\/\/futbolhoy.co\/index.php\/wp-json\/wp\/v2\/media?parent=117769"}],"wp:term":[{"taxonomy":"category","embeddable":true,"href":"https:\/\/futbolhoy.co\/index.php\/wp-json\/wp\/v2\/categories?post=117769"},{"taxonomy":"post_tag","embeddable":true,"href":"https:\/\/futbolhoy.co\/index.php\/wp-json\/wp\/v2\/tags?post=117769"}],"curies":[{"name":"wp","href":"https:\/\/api.w.org\/{rel}","templated":true}]}}