{"id":117785,"date":"2025-03-28T10:19:03","date_gmt":"2025-03-28T15:19:03","guid":{"rendered":"https:\/\/futbolhoy.co\/?p=117785"},"modified":"2025-03-28T22:29:40","modified_gmt":"2025-03-29T03:29:40","slug":"carlo-ancelotti-hablo-sobre-nuevos-rumores-de-llegada-a-brasil","status":"publish","type":"post","link":"https:\/\/futbolhoy.co\/index.php\/2025\/03\/28\/carlo-ancelotti-hablo-sobre-nuevos-rumores-de-llegada-a-brasil\/","title":{"rendered":"Carlo Ancelotti habl\u00f3 sobre nuevos rumores de llegada a Brasil"},"content":{"rendered":"<p style=\"text-align: justify;\"><span style=\"font-weight: 400; font-family: helvetica, arial, sans-serif;\"><strong>Nuevamente suena el nombre de Carlo Ancelotti<\/strong> para dirigir la Selecci\u00f3n de Brasil, al tiempo que se habla de una salida inminente de Dorival Junior. Sin embargo, el mismo t\u00e9cnico italiano se refiri\u00f3 a estos <strong>rumores en su m\u00e1s reciente rueda de prensa.<\/strong><\/span><\/p>\n<p style=\"text-align: justify;\"><span style=\"font-weight: 400; font-family: helvetica, arial, sans-serif;\"><strong>\"No, simplemente no\", respondi\u00f3 directamente Ancelotti<\/strong> ante la pregunta de haber sido contactado por la Federaci\u00f3n Brasile\u00f1a tras la reciente fecha de Eliminatorias.<\/span><\/p>\n<p style=\"text-align: justify;\"><span style=\"font-weight: 400; font-family: helvetica, arial, sans-serif;\">\u201cEl contrato habla claro y no tengo nada que a\u00f1adir a esto,<strong> le tengo mucho cari\u00f1o al equipo nacional<\/strong> de Brasil, a sus jugadores, a la afici\u00f3n, pero tengo contrato con el Real Madrid\", a\u00f1adi\u00f3.\u00a0<\/span><\/p>\n<p style=\"text-align: justify;\"><span style=\"font-weight: 400; font-family: helvetica, arial, sans-serif;\"><strong>Brasil perdi\u00f3 por goleada 4-1 ante Argentina en la fecha 14 de las Eliminatorias,<\/strong> algo que encendi\u00f3 nuevamente las alarmas por el nivel que ha mostrado la Selecci\u00f3n, en medio de la pelea por quedarse con uno de los cupos al Mundial 2026.<\/span><\/p>\n","protected":false},"excerpt":{"rendered":"<p>Nuevamente suena el nombre de Carlo Ancelotti para dirigir la Selecci\u00f3n de Brasil, al tiempo que se habla de una salida inminente de Dorival Junior. Sin embargo, el mismo t\u00e9cnico italiano se refiri\u00f3 a estos rumores en su m\u00e1s reciente rueda de prensa. \"No, simplemente no\", respondi\u00f3 directamente Ancelotti ante la pregunta de haber sido [&hellip;]<\/p>\n","protected":false},"author":4,"featured_media":117786,"comment_status":"open","ping_status":"open","sticky":false,"template":"","format":"standard","meta":{"_acf_changed":false,"footnotes":""},"categories":[152],"tags":[],"class_list":{"0":"post-117785","1":"post","2":"type-post","3":"status-publish","4":"format-standard","5":"has-post-thumbnail","7":"category-mundo-futbol"},"acf":[],"yoast_head":"<!-- This site is optimized with the Yoast SEO plugin v26.8 - https:\/\/yoast.com\/product\/yoast-seo-wordpress\/ -->\n<title>Carlo Ancelotti habl\u00f3 sobre nuevos rumores de llegada a Brasil -<\/title>\n<meta name=\"robots\" content=\"index, follow, max-snippet:-1, max-image-preview:large, max-video-preview:-1\" \/>\n<link rel=\"canonical\" href=\"https:\/\/futbolhoy.co\/index.php\/2025\/03\/28\/carlo-ancelotti-hablo-sobre-nuevos-rumores-de-llegada-a-brasil\/\" \/>\n<meta property=\"og:locale\" content=\"es_ES\" \/>\n<meta property=\"og:type\" content=\"article\" \/>\n<meta property=\"og:title\" content=\"Carlo Ancelotti habl\u00f3 sobre nuevos rumores de llegada a Brasil -\" \/>\n<meta property=\"og:description\" content=\"Nuevamente suena el nombre de Carlo Ancelotti para dirigir la Selecci\u00f3n de Brasil, al tiempo que se habla de una salida inminente de Dorival Junior. Sin embargo, el mismo t\u00e9cnico italiano se refiri\u00f3 a estos rumores en su m\u00e1s reciente rueda de prensa. &quot;No, simplemente no&quot;, respondi\u00f3 directamente Ancelotti ante la pregunta de haber sido [&hellip;]\" \/>\n<meta property=\"og:url\" content=\"https:\/\/futbolhoy.co\/index.php\/2025\/03\/28\/carlo-ancelotti-hablo-sobre-nuevos-rumores-de-llegada-a-brasil\/\" \/>\n<meta property=\"article:publisher\" content=\"https:\/\/www.facebook.com\/FutbolHoyCol\/\" \/>\n<meta property=\"article:published_time\" content=\"2025-03-28T15:19:03+00:00\" \/>\n<meta property=\"article:modified_time\" content=\"2025-03-29T03:29:40+00:00\" \/>\n<meta property=\"og:image\" content=\"https:\/\/futbolhoy.co\/wp-content\/uploads\/2025\/03\/Captura-de-pantalla-2025-03-28-a-las-10.17.37\u202fa.-m.png\" \/>\n\t<meta property=\"og:image:width\" content=\"1410\" \/>\n\t<meta property=\"og:image:height\" content=\"990\" \/>\n\t<meta property=\"og:image:type\" content=\"image\/png\" \/>\n<meta name=\"author\" content=\"contenido\" \/>\n<meta name=\"twitter:card\" content=\"summary_large_image\" \/>\n<meta name=\"twitter:creator\" content=\"@FutbolHoyCol\" \/>\n<meta name=\"twitter:site\" content=\"@FutbolHoyCol\" \/>\n<meta name=\"twitter:label1\" content=\"Escrito por\" \/>\n\t<meta name=\"twitter:data1\" content=\"contenido\" \/>\n\t<meta name=\"twitter:label2\" content=\"Tiempo de lectura\" \/>\n\t<meta name=\"twitter:data2\" content=\"1 minuto\" \/>\n<script type=\"application\/ld+json\" class=\"yoast-schema-graph\">{\"@context\":\"https:\/\/schema.org\",\"@graph\":[{\"@type\":\"Article\",\"@id\":\"https:\/\/futbolhoy.co\/index.php\/2025\/03\/28\/carlo-ancelotti-hablo-sobre-nuevos-rumores-de-llegada-a-brasil\/#article\",\"isPartOf\":{\"@id\":\"https:\/\/futbolhoy.co\/index.php\/2025\/03\/28\/carlo-ancelotti-hablo-sobre-nuevos-rumores-de-llegada-a-brasil\/\"},\"author\":{\"name\":\"contenido\",\"@id\":\"https:\/\/futbolhoy.co\/#\/schema\/person\/1721b69355b6623eaff15ac7b92d4cc3\"},\"headline\":\"Carlo Ancelotti habl\u00f3 sobre nuevos rumores de llegada a Brasil\",\"datePublished\":\"2025-03-28T15:19:03+00:00\",\"dateModified\":\"2025-03-29T03:29:40+00:00\",\"mainEntityOfPage\":{\"@id\":\"https:\/\/futbolhoy.co\/index.php\/2025\/03\/28\/carlo-ancelotti-hablo-sobre-nuevos-rumores-de-llegada-a-brasil\/\"},\"wordCount\":162,\"commentCount\":0,\"publisher\":{\"@id\":\"https:\/\/futbolhoy.co\/#organization\"},\"image\":{\"@id\":\"https:\/\/futbolhoy.co\/index.php\/2025\/03\/28\/carlo-ancelotti-hablo-sobre-nuevos-rumores-de-llegada-a-brasil\/#primaryimage\"},\"thumbnailUrl\":\"https:\/\/futbolhoy.co\/wp-content\/uploads\/2025\/03\/Captura-de-pantalla-2025-03-28-a-las-10.17.37\u202fa.-m.png\",\"articleSection\":[\"Mundo Futbol\"],\"inLanguage\":\"es\",\"potentialAction\":[{\"@type\":\"CommentAction\",\"name\":\"Comment\",\"target\":[\"https:\/\/futbolhoy.co\/index.php\/2025\/03\/28\/carlo-ancelotti-hablo-sobre-nuevos-rumores-de-llegada-a-brasil\/#respond\"]}]},{\"@type\":\"WebPage\",\"@id\":\"https:\/\/futbolhoy.co\/index.php\/2025\/03\/28\/carlo-ancelotti-hablo-sobre-nuevos-rumores-de-llegada-a-brasil\/\",\"url\":\"https:\/\/futbolhoy.co\/index.php\/2025\/03\/28\/carlo-ancelotti-hablo-sobre-nuevos-rumores-de-llegada-a-brasil\/\",\"name\":\"Carlo Ancelotti habl\u00f3 sobre nuevos rumores de llegada a Brasil -\",\"isPartOf\":{\"@id\":\"https:\/\/futbolhoy.co\/#website\"},\"primaryImageOfPage\":{\"@id\":\"https:\/\/futbolhoy.co\/index.php\/2025\/03\/28\/carlo-ancelotti-hablo-sobre-nuevos-rumores-de-llegada-a-brasil\/#primaryimage\"},\"image\":{\"@id\":\"https:\/\/futbolhoy.co\/index.php\/2025\/03\/28\/carlo-ancelotti-hablo-sobre-nuevos-rumores-de-llegada-a-brasil\/#primaryimage\"},\"thumbnailUrl\":\"https:\/\/futbolhoy.co\/wp-content\/uploads\/2025\/03\/Captura-de-pantalla-2025-03-28-a-las-10.17.37\u202fa.-m.png\",\"datePublished\":\"2025-03-28T15:19:03+00:00\",\"dateModified\":\"2025-03-29T03:29:40+00:00\",\"breadcrumb\":{\"@id\":\"https:\/\/futbolhoy.co\/index.php\/2025\/03\/28\/carlo-ancelotti-hablo-sobre-nuevos-rumores-de-llegada-a-brasil\/#breadcrumb\"},\"inLanguage\":\"es\",\"potentialAction\":[{\"@type\":\"ReadAction\",\"target\":[\"https:\/\/futbolhoy.co\/index.php\/2025\/03\/28\/carlo-ancelotti-hablo-sobre-nuevos-rumores-de-llegada-a-brasil\/\"]}]},{\"@type\":\"ImageObject\",\"inLanguage\":\"es\",\"@id\":\"https:\/\/futbolhoy.co\/index.php\/2025\/03\/28\/carlo-ancelotti-hablo-sobre-nuevos-rumores-de-llegada-a-brasil\/#primaryimage\",\"url\":\"https:\/\/futbolhoy.co\/wp-content\/uploads\/2025\/03\/Captura-de-pantalla-2025-03-28-a-las-10.17.37\u202fa.-m.png\",\"contentUrl\":\"https:\/\/futbolhoy.co\/wp-content\/uploads\/2025\/03\/Captura-de-pantalla-2025-03-28-a-las-10.17.37\u202fa.-m.png\",\"width\":1410,\"height\":990},{\"@type\":\"BreadcrumbList\",\"@id\":\"https:\/\/futbolhoy.co\/index.php\/2025\/03\/28\/carlo-ancelotti-hablo-sobre-nuevos-rumores-de-llegada-a-brasil\/#breadcrumb\",\"itemListElement\":[{\"@type\":\"ListItem\",\"position\":1,\"name\":\"Portada\",\"item\":\"https:\/\/futbolhoy.co\/\"},{\"@type\":\"ListItem\",\"position\":2,\"name\":\"Carlo Ancelotti habl\u00f3 sobre nuevos rumores de llegada a Brasil\"}]},{\"@type\":\"WebSite\",\"@id\":\"https:\/\/futbolhoy.co\/#website\",\"url\":\"https:\/\/futbolhoy.co\/\",\"name\":\"FutbolHoy\",\"description\":\"\",\"publisher\":{\"@id\":\"https:\/\/futbolhoy.co\/#organization\"},\"potentialAction\":[{\"@type\":\"SearchAction\",\"target\":{\"@type\":\"EntryPoint\",\"urlTemplate\":\"https:\/\/futbolhoy.co\/?s={search_term_string}\"},\"query-input\":{\"@type\":\"PropertyValueSpecification\",\"valueRequired\":true,\"valueName\":\"search_term_string\"}}],\"inLanguage\":\"es\"},{\"@type\":\"Organization\",\"@id\":\"https:\/\/futbolhoy.co\/#organization\",\"name\":\"Futbolhoy.co\",\"url\":\"https:\/\/futbolhoy.co\/\",\"logo\":{\"@type\":\"ImageObject\",\"inLanguage\":\"es\",\"@id\":\"https:\/\/futbolhoy.co\/#\/schema\/logo\/image\/\",\"url\":\"https:\/\/futbolhoy.co\/wp-content\/uploads\/2018\/08\/17426380_1906371736249227_6326180412931521141_n.jpg\",\"contentUrl\":\"https:\/\/futbolhoy.co\/wp-content\/uploads\/2018\/08\/17426380_1906371736249227_6326180412931521141_n.jpg\",\"width\":960,\"height\":960,\"caption\":\"Futbolhoy.co\"},\"image\":{\"@id\":\"https:\/\/futbolhoy.co\/#\/schema\/logo\/image\/\"},\"sameAs\":[\"https:\/\/www.facebook.com\/FutbolHoyCol\/\",\"https:\/\/x.com\/FutbolHoyCol\",\"https:\/\/www.instagram.com\/futbolhoycol\/\"]},{\"@type\":\"Person\",\"@id\":\"https:\/\/futbolhoy.co\/#\/schema\/person\/1721b69355b6623eaff15ac7b92d4cc3\",\"name\":\"contenido\",\"image\":{\"@type\":\"ImageObject\",\"inLanguage\":\"es\",\"@id\":\"https:\/\/futbolhoy.co\/#\/schema\/person\/image\/\",\"url\":\"https:\/\/secure.gravatar.com\/avatar\/4f656d3256f5134f466206e7c3941518?s=96&d=mm&r=g\",\"contentUrl\":\"https:\/\/secure.gravatar.com\/avatar\/4f656d3256f5134f466206e7c3941518?s=96&d=mm&r=g\",\"caption\":\"contenido\"}}]}<\/script>\n<!-- \/ Yoast SEO plugin. -->","yoast_head_json":{"title":"Carlo Ancelotti habl\u00f3 sobre nuevos rumores de llegada a Brasil -","robots":{"index":"index","follow":"follow","max-snippet":"max-snippet:-1","max-image-preview":"max-image-preview:large","max-video-preview":"max-video-preview:-1"},"canonical":"https:\/\/futbolhoy.co\/index.php\/2025\/03\/28\/carlo-ancelotti-hablo-sobre-nuevos-rumores-de-llegada-a-brasil\/","og_locale":"es_ES","og_type":"article","og_title":"Carlo Ancelotti habl\u00f3 sobre nuevos rumores de llegada a Brasil -","og_description":"Nuevamente suena el nombre de Carlo Ancelotti para dirigir la Selecci\u00f3n de Brasil, al tiempo que se habla de una salida inminente de Dorival Junior. Sin embargo, el mismo t\u00e9cnico italiano se refiri\u00f3 a estos rumores en su m\u00e1s reciente rueda de prensa. \"No, simplemente no\", respondi\u00f3 directamente Ancelotti ante la pregunta de haber sido [&hellip;]","og_url":"https:\/\/futbolhoy.co\/index.php\/2025\/03\/28\/carlo-ancelotti-hablo-sobre-nuevos-rumores-de-llegada-a-brasil\/","article_publisher":"https:\/\/www.facebook.com\/FutbolHoyCol\/","article_published_time":"2025-03-28T15:19:03+00:00","article_modified_time":"2025-03-29T03:29:40+00:00","og_image":[{"width":1410,"height":990,"url":"https:\/\/futbolhoy.co\/wp-content\/uploads\/2025\/03\/Captura-de-pantalla-2025-03-28-a-las-10.17.37\u202fa.-m.png","type":"image\/png"}],"author":"contenido","twitter_card":"summary_large_image","twitter_creator":"@FutbolHoyCol","twitter_site":"@FutbolHoyCol","twitter_misc":{"Escrito por":"contenido","Tiempo de lectura":"1 minuto"},"schema":{"@context":"https:\/\/schema.org","@graph":[{"@type":"Article","@id":"https:\/\/futbolhoy.co\/index.php\/2025\/03\/28\/carlo-ancelotti-hablo-sobre-nuevos-rumores-de-llegada-a-brasil\/#article","isPartOf":{"@id":"https:\/\/futbolhoy.co\/index.php\/2025\/03\/28\/carlo-ancelotti-hablo-sobre-nuevos-rumores-de-llegada-a-brasil\/"},"author":{"name":"contenido","@id":"https:\/\/futbolhoy.co\/#\/schema\/person\/1721b69355b6623eaff15ac7b92d4cc3"},"headline":"Carlo Ancelotti habl\u00f3 sobre nuevos rumores de llegada a Brasil","datePublished":"2025-03-28T15:19:03+00:00","dateModified":"2025-03-29T03:29:40+00:00","mainEntityOfPage":{"@id":"https:\/\/futbolhoy.co\/index.php\/2025\/03\/28\/carlo-ancelotti-hablo-sobre-nuevos-rumores-de-llegada-a-brasil\/"},"wordCount":162,"commentCount":0,"publisher":{"@id":"https:\/\/futbolhoy.co\/#organization"},"image":{"@id":"https:\/\/futbolhoy.co\/index.php\/2025\/03\/28\/carlo-ancelotti-hablo-sobre-nuevos-rumores-de-llegada-a-brasil\/#primaryimage"},"thumbnailUrl":"https:\/\/futbolhoy.co\/wp-content\/uploads\/2025\/03\/Captura-de-pantalla-2025-03-28-a-las-10.17.37\u202fa.-m.png","articleSection":["Mundo Futbol"],"inLanguage":"es","potentialAction":[{"@type":"CommentAction","name":"Comment","target":["https:\/\/futbolhoy.co\/index.php\/2025\/03\/28\/carlo-ancelotti-hablo-sobre-nuevos-rumores-de-llegada-a-brasil\/#respond"]}]},{"@type":"WebPage","@id":"https:\/\/futbolhoy.co\/index.php\/2025\/03\/28\/carlo-ancelotti-hablo-sobre-nuevos-rumores-de-llegada-a-brasil\/","url":"https:\/\/futbolhoy.co\/index.php\/2025\/03\/28\/carlo-ancelotti-hablo-sobre-nuevos-rumores-de-llegada-a-brasil\/","name":"Carlo Ancelotti habl\u00f3 sobre nuevos rumores de llegada a Brasil -","isPartOf":{"@id":"https:\/\/futbolhoy.co\/#website"},"primaryImageOfPage":{"@id":"https:\/\/futbolhoy.co\/index.php\/2025\/03\/28\/carlo-ancelotti-hablo-sobre-nuevos-rumores-de-llegada-a-brasil\/#primaryimage"},"image":{"@id":"https:\/\/futbolhoy.co\/index.php\/2025\/03\/28\/carlo-ancelotti-hablo-sobre-nuevos-rumores-de-llegada-a-brasil\/#primaryimage"},"thumbnailUrl":"https:\/\/futbolhoy.co\/wp-content\/uploads\/2025\/03\/Captura-de-pantalla-2025-03-28-a-las-10.17.37\u202fa.-m.png","datePublished":"2025-03-28T15:19:03+00:00","dateModified":"2025-03-29T03:29:40+00:00","breadcrumb":{"@id":"https:\/\/futbolhoy.co\/index.php\/2025\/03\/28\/carlo-ancelotti-hablo-sobre-nuevos-rumores-de-llegada-a-brasil\/#breadcrumb"},"inLanguage":"es","potentialAction":[{"@type":"ReadAction","target":["https:\/\/futbolhoy.co\/index.php\/2025\/03\/28\/carlo-ancelotti-hablo-sobre-nuevos-rumores-de-llegada-a-brasil\/"]}]},{"@type":"ImageObject","inLanguage":"es","@id":"https:\/\/futbolhoy.co\/index.php\/2025\/03\/28\/carlo-ancelotti-hablo-sobre-nuevos-rumores-de-llegada-a-brasil\/#primaryimage","url":"https:\/\/futbolhoy.co\/wp-content\/uploads\/2025\/03\/Captura-de-pantalla-2025-03-28-a-las-10.17.37\u202fa.-m.png","contentUrl":"https:\/\/futbolhoy.co\/wp-content\/uploads\/2025\/03\/Captura-de-pantalla-2025-03-28-a-las-10.17.37\u202fa.-m.png","width":1410,"height":990},{"@type":"BreadcrumbList","@id":"https:\/\/futbolhoy.co\/index.php\/2025\/03\/28\/carlo-ancelotti-hablo-sobre-nuevos-rumores-de-llegada-a-brasil\/#breadcrumb","itemListElement":[{"@type":"ListItem","position":1,"name":"Portada","item":"https:\/\/futbolhoy.co\/"},{"@type":"ListItem","position":2,"name":"Carlo Ancelotti habl\u00f3 sobre nuevos rumores de llegada a Brasil"}]},{"@type":"WebSite","@id":"https:\/\/futbolhoy.co\/#website","url":"https:\/\/futbolhoy.co\/","name":"FutbolHoy","description":"","publisher":{"@id":"https:\/\/futbolhoy.co\/#organization"},"potentialAction":[{"@type":"SearchAction","target":{"@type":"EntryPoint","urlTemplate":"https:\/\/futbolhoy.co\/?s={search_term_string}"},"query-input":{"@type":"PropertyValueSpecification","valueRequired":true,"valueName":"search_term_string"}}],"inLanguage":"es"},{"@type":"Organization","@id":"https:\/\/futbolhoy.co\/#organization","name":"Futbolhoy.co","url":"https:\/\/futbolhoy.co\/","logo":{"@type":"ImageObject","inLanguage":"es","@id":"https:\/\/futbolhoy.co\/#\/schema\/logo\/image\/","url":"https:\/\/futbolhoy.co\/wp-content\/uploads\/2018\/08\/17426380_1906371736249227_6326180412931521141_n.jpg","contentUrl":"https:\/\/futbolhoy.co\/wp-content\/uploads\/2018\/08\/17426380_1906371736249227_6326180412931521141_n.jpg","width":960,"height":960,"caption":"Futbolhoy.co"},"image":{"@id":"https:\/\/futbolhoy.co\/#\/schema\/logo\/image\/"},"sameAs":["https:\/\/www.facebook.com\/FutbolHoyCol\/","https:\/\/x.com\/FutbolHoyCol","https:\/\/www.instagram.com\/futbolhoycol\/"]},{"@type":"Person","@id":"https:\/\/futbolhoy.co\/#\/schema\/person\/1721b69355b6623eaff15ac7b92d4cc3","name":"contenido","image":{"@type":"ImageObject","inLanguage":"es","@id":"https:\/\/futbolhoy.co\/#\/schema\/person\/image\/","url":"https:\/\/secure.gravatar.com\/avatar\/4f656d3256f5134f466206e7c3941518?s=96&d=mm&r=g","contentUrl":"https:\/\/secure.gravatar.com\/avatar\/4f656d3256f5134f466206e7c3941518?s=96&d=mm&r=g","caption":"contenido"}}]}},"publishpress_future_action":{"enabled":false,"date":"2026-05-04 08:38:27","action":"change-status","newStatus":"draft","terms":[],"taxonomy":"category","extraData":[]},"publishpress_future_workflow_manual_trigger":{"enabledWorkflows":[]},"_links":{"self":[{"href":"https:\/\/futbolhoy.co\/index.php\/wp-json\/wp\/v2\/posts\/117785","targetHints":{"allow":["GET"]}}],"collection":[{"href":"https:\/\/futbolhoy.co\/index.php\/wp-json\/wp\/v2\/posts"}],"about":[{"href":"https:\/\/futbolhoy.co\/index.php\/wp-json\/wp\/v2\/types\/post"}],"author":[{"embeddable":true,"href":"https:\/\/futbolhoy.co\/index.php\/wp-json\/wp\/v2\/users\/4"}],"replies":[{"embeddable":true,"href":"https:\/\/futbolhoy.co\/index.php\/wp-json\/wp\/v2\/comments?post=117785"}],"version-history":[{"count":1,"href":"https:\/\/futbolhoy.co\/index.php\/wp-json\/wp\/v2\/posts\/117785\/revisions"}],"predecessor-version":[{"id":117787,"href":"https:\/\/futbolhoy.co\/index.php\/wp-json\/wp\/v2\/posts\/117785\/revisions\/117787"}],"wp:featuredmedia":[{"embeddable":true,"href":"https:\/\/futbolhoy.co\/index.php\/wp-json\/wp\/v2\/media\/117786"}],"wp:attachment":[{"href":"https:\/\/futbolhoy.co\/index.php\/wp-json\/wp\/v2\/media?parent=117785"}],"wp:term":[{"taxonomy":"category","embeddable":true,"href":"https:\/\/futbolhoy.co\/index.php\/wp-json\/wp\/v2\/categories?post=117785"},{"taxonomy":"post_tag","embeddable":true,"href":"https:\/\/futbolhoy.co\/index.php\/wp-json\/wp\/v2\/tags?post=117785"}],"curies":[{"name":"wp","href":"https:\/\/api.w.org\/{rel}","templated":true}]}}