{"id":117789,"date":"2025-03-28T10:32:24","date_gmt":"2025-03-28T15:32:24","guid":{"rendered":"https:\/\/futbolhoy.co\/?p=117789"},"modified":"2025-03-29T21:15:22","modified_gmt":"2025-03-30T02:15:22","slug":"rompio-el-silencio-el-mensaje-de-juanfer-quintero-para-nestor-lorenzo","status":"publish","type":"post","link":"https:\/\/futbolhoy.co\/index.php\/2025\/03\/28\/rompio-el-silencio-el-mensaje-de-juanfer-quintero-para-nestor-lorenzo\/","title":{"rendered":"Rompi\u00f3 el silencio: El mensaje de Juanfer Quintero para N\u00e9stor Lorenzo"},"content":{"rendered":"<p style=\"text-align: justify;\"><span style=\"font-weight: 400; font-family: helvetica, arial, sans-serif;\"><strong>Las cr\u00edticas contra el t\u00e9cnico de la Selecci\u00f3n Colombia, N\u00e9stor Lorenzo,<\/strong> no han cesado tras la jornada de Eliminatorias de marzo,<strong> en la que perdi\u00f3 y empat\u00f3 con Brasil y Paraguay,<\/strong> respectivamente. A esto se suman los comentarios por la ausencia de Juan Fernando Quintero, quien se qued\u00f3 en la banca en ambos partidos.<\/span><\/p>\n<p style=\"text-align: justify;\"><span style=\"font-weight: 400; font-family: helvetica, arial, sans-serif;\">El jugador del Am\u00e9rica habl\u00f3 <strong>tras la victoria 3-0 frente a Boyac\u00e1 Chic\u00f3 por la Liga BetPlay.<\/strong> Al ser cuestionado sobre su presencia en la Selecci\u00f3n por no ser tenido en cuenta, resalt\u00f3 que apoya completamente las decisiones del entrenador, m\u00e1s en momentos como este.<\/span><\/p>\n<p style=\"text-align: justify;\"><span style=\"font-weight: 400; font-family: helvetica, arial, sans-serif;\">\u201cEs momento para arroparlo, para darle ese amor. <strong>El error hace parte del ser humano,<\/strong> pero no podemos, despu\u00e9s de que una persona ca\u00edda, sum\u00e1rnosle y romperle la cabeza. Hoy nosotros como jugadores nos sentimos privilegiados, agradecidos y que siga todo lo que ha estado haciendo\u201d, dijo el jugador, que marc\u00f3 el primer gol de la victoria escarlata.<\/span><\/p>\n<p style=\"text-align: justify;\"><span style=\"font-family: helvetica, arial, sans-serif;\"><span style=\"font-weight: 400;\">\u201cNo era el momento para hablar despu\u00e9s de un empate as\u00ed. Yo personalmente le quiero decir que estamos con \u00e9l, de la noche a la ma\u00f1ana no va a ser el peor entrenador ni va a ser el mejor por lo que pas\u00f3 en la Copa Am\u00e9rica\u201d, agreg\u00f3 Juanfer <\/span><b>sobre su silencio tras la doble jornada con la Selecci\u00f3n.<\/b><\/span><\/p>\n","protected":false},"excerpt":{"rendered":"<p>Las cr\u00edticas contra el t\u00e9cnico de la Selecci\u00f3n Colombia, N\u00e9stor Lorenzo, no han cesado tras la jornada de Eliminatorias de marzo, en la que perdi\u00f3 y empat\u00f3 con Brasil y Paraguay, respectivamente. A esto se suman los comentarios por la ausencia de Juan Fernando Quintero, quien se qued\u00f3 en la banca en ambos partidos. El [&hellip;]<\/p>\n","protected":false},"author":4,"featured_media":117790,"comment_status":"open","ping_status":"open","sticky":false,"template":"","format":"standard","meta":{"_acf_changed":false,"footnotes":""},"categories":[418],"tags":[],"class_list":{"0":"post-117789","1":"post","2":"type-post","3":"status-publish","4":"format-standard","5":"has-post-thumbnail","7":"category-colombia"},"acf":[],"yoast_head":"<!-- This site is optimized with the Yoast SEO plugin v26.8 - https:\/\/yoast.com\/product\/yoast-seo-wordpress\/ -->\n<title>Rompi\u00f3 el silencio: El mensaje de Juanfer Quintero para N\u00e9stor Lorenzo -<\/title>\n<meta name=\"robots\" content=\"index, follow, max-snippet:-1, max-image-preview:large, max-video-preview:-1\" \/>\n<link rel=\"canonical\" href=\"https:\/\/futbolhoy.co\/index.php\/2025\/03\/28\/rompio-el-silencio-el-mensaje-de-juanfer-quintero-para-nestor-lorenzo\/\" \/>\n<meta property=\"og:locale\" content=\"es_ES\" \/>\n<meta property=\"og:type\" content=\"article\" \/>\n<meta property=\"og:title\" content=\"Rompi\u00f3 el silencio: El mensaje de Juanfer Quintero para N\u00e9stor Lorenzo -\" \/>\n<meta property=\"og:description\" content=\"Las cr\u00edticas contra el t\u00e9cnico de la Selecci\u00f3n Colombia, N\u00e9stor Lorenzo, no han cesado tras la jornada de Eliminatorias de marzo, en la que perdi\u00f3 y empat\u00f3 con Brasil y Paraguay, respectivamente. A esto se suman los comentarios por la ausencia de Juan Fernando Quintero, quien se qued\u00f3 en la banca en ambos partidos. El [&hellip;]\" \/>\n<meta property=\"og:url\" content=\"https:\/\/futbolhoy.co\/index.php\/2025\/03\/28\/rompio-el-silencio-el-mensaje-de-juanfer-quintero-para-nestor-lorenzo\/\" \/>\n<meta property=\"article:publisher\" content=\"https:\/\/www.facebook.com\/FutbolHoyCol\/\" \/>\n<meta property=\"article:published_time\" content=\"2025-03-28T15:32:24+00:00\" \/>\n<meta property=\"article:modified_time\" content=\"2025-03-30T02:15:22+00:00\" \/>\n<meta property=\"og:image\" content=\"https:\/\/futbolhoy.co\/wp-content\/uploads\/2025\/03\/Captura-de-pantalla-2025-03-15-a-las-8.44.28\u202fp.-m-1-1024x756.png\" \/>\n\t<meta property=\"og:image:width\" content=\"1024\" \/>\n\t<meta property=\"og:image:height\" content=\"756\" \/>\n\t<meta property=\"og:image:type\" content=\"image\/png\" \/>\n<meta name=\"author\" content=\"contenido\" \/>\n<meta name=\"twitter:card\" content=\"summary_large_image\" \/>\n<meta name=\"twitter:creator\" content=\"@FutbolHoyCol\" \/>\n<meta name=\"twitter:site\" content=\"@FutbolHoyCol\" \/>\n<meta name=\"twitter:label1\" content=\"Escrito por\" \/>\n\t<meta name=\"twitter:data1\" content=\"contenido\" \/>\n\t<meta name=\"twitter:label2\" content=\"Tiempo de lectura\" \/>\n\t<meta name=\"twitter:data2\" content=\"1 minuto\" \/>\n<script type=\"application\/ld+json\" class=\"yoast-schema-graph\">{\"@context\":\"https:\/\/schema.org\",\"@graph\":[{\"@type\":\"Article\",\"@id\":\"https:\/\/futbolhoy.co\/index.php\/2025\/03\/28\/rompio-el-silencio-el-mensaje-de-juanfer-quintero-para-nestor-lorenzo\/#article\",\"isPartOf\":{\"@id\":\"https:\/\/futbolhoy.co\/index.php\/2025\/03\/28\/rompio-el-silencio-el-mensaje-de-juanfer-quintero-para-nestor-lorenzo\/\"},\"author\":{\"name\":\"contenido\",\"@id\":\"https:\/\/futbolhoy.co\/#\/schema\/person\/1721b69355b6623eaff15ac7b92d4cc3\"},\"headline\":\"Rompi\u00f3 el silencio: El mensaje de Juanfer Quintero para N\u00e9stor Lorenzo\",\"datePublished\":\"2025-03-28T15:32:24+00:00\",\"dateModified\":\"2025-03-30T02:15:22+00:00\",\"mainEntityOfPage\":{\"@id\":\"https:\/\/futbolhoy.co\/index.php\/2025\/03\/28\/rompio-el-silencio-el-mensaje-de-juanfer-quintero-para-nestor-lorenzo\/\"},\"wordCount\":242,\"commentCount\":0,\"publisher\":{\"@id\":\"https:\/\/futbolhoy.co\/#organization\"},\"image\":{\"@id\":\"https:\/\/futbolhoy.co\/index.php\/2025\/03\/28\/rompio-el-silencio-el-mensaje-de-juanfer-quintero-para-nestor-lorenzo\/#primaryimage\"},\"thumbnailUrl\":\"https:\/\/futbolhoy.co\/wp-content\/uploads\/2025\/03\/Captura-de-pantalla-2025-03-15-a-las-8.44.28\u202fp.-m-1.png\",\"articleSection\":[\"Colombia\"],\"inLanguage\":\"es\",\"potentialAction\":[{\"@type\":\"CommentAction\",\"name\":\"Comment\",\"target\":[\"https:\/\/futbolhoy.co\/index.php\/2025\/03\/28\/rompio-el-silencio-el-mensaje-de-juanfer-quintero-para-nestor-lorenzo\/#respond\"]}]},{\"@type\":\"WebPage\",\"@id\":\"https:\/\/futbolhoy.co\/index.php\/2025\/03\/28\/rompio-el-silencio-el-mensaje-de-juanfer-quintero-para-nestor-lorenzo\/\",\"url\":\"https:\/\/futbolhoy.co\/index.php\/2025\/03\/28\/rompio-el-silencio-el-mensaje-de-juanfer-quintero-para-nestor-lorenzo\/\",\"name\":\"Rompi\u00f3 el silencio: El mensaje de Juanfer Quintero para N\u00e9stor Lorenzo -\",\"isPartOf\":{\"@id\":\"https:\/\/futbolhoy.co\/#website\"},\"primaryImageOfPage\":{\"@id\":\"https:\/\/futbolhoy.co\/index.php\/2025\/03\/28\/rompio-el-silencio-el-mensaje-de-juanfer-quintero-para-nestor-lorenzo\/#primaryimage\"},\"image\":{\"@id\":\"https:\/\/futbolhoy.co\/index.php\/2025\/03\/28\/rompio-el-silencio-el-mensaje-de-juanfer-quintero-para-nestor-lorenzo\/#primaryimage\"},\"thumbnailUrl\":\"https:\/\/futbolhoy.co\/wp-content\/uploads\/2025\/03\/Captura-de-pantalla-2025-03-15-a-las-8.44.28\u202fp.-m-1.png\",\"datePublished\":\"2025-03-28T15:32:24+00:00\",\"dateModified\":\"2025-03-30T02:15:22+00:00\",\"breadcrumb\":{\"@id\":\"https:\/\/futbolhoy.co\/index.php\/2025\/03\/28\/rompio-el-silencio-el-mensaje-de-juanfer-quintero-para-nestor-lorenzo\/#breadcrumb\"},\"inLanguage\":\"es\",\"potentialAction\":[{\"@type\":\"ReadAction\",\"target\":[\"https:\/\/futbolhoy.co\/index.php\/2025\/03\/28\/rompio-el-silencio-el-mensaje-de-juanfer-quintero-para-nestor-lorenzo\/\"]}]},{\"@type\":\"ImageObject\",\"inLanguage\":\"es\",\"@id\":\"https:\/\/futbolhoy.co\/index.php\/2025\/03\/28\/rompio-el-silencio-el-mensaje-de-juanfer-quintero-para-nestor-lorenzo\/#primaryimage\",\"url\":\"https:\/\/futbolhoy.co\/wp-content\/uploads\/2025\/03\/Captura-de-pantalla-2025-03-15-a-las-8.44.28\u202fp.-m-1.png\",\"contentUrl\":\"https:\/\/futbolhoy.co\/wp-content\/uploads\/2025\/03\/Captura-de-pantalla-2025-03-15-a-las-8.44.28\u202fp.-m-1.png\",\"width\":1528,\"height\":1128},{\"@type\":\"BreadcrumbList\",\"@id\":\"https:\/\/futbolhoy.co\/index.php\/2025\/03\/28\/rompio-el-silencio-el-mensaje-de-juanfer-quintero-para-nestor-lorenzo\/#breadcrumb\",\"itemListElement\":[{\"@type\":\"ListItem\",\"position\":1,\"name\":\"Portada\",\"item\":\"https:\/\/futbolhoy.co\/\"},{\"@type\":\"ListItem\",\"position\":2,\"name\":\"Rompi\u00f3 el silencio: El mensaje de Juanfer Quintero para N\u00e9stor Lorenzo\"}]},{\"@type\":\"WebSite\",\"@id\":\"https:\/\/futbolhoy.co\/#website\",\"url\":\"https:\/\/futbolhoy.co\/\",\"name\":\"FutbolHoy\",\"description\":\"\",\"publisher\":{\"@id\":\"https:\/\/futbolhoy.co\/#organization\"},\"potentialAction\":[{\"@type\":\"SearchAction\",\"target\":{\"@type\":\"EntryPoint\",\"urlTemplate\":\"https:\/\/futbolhoy.co\/?s={search_term_string}\"},\"query-input\":{\"@type\":\"PropertyValueSpecification\",\"valueRequired\":true,\"valueName\":\"search_term_string\"}}],\"inLanguage\":\"es\"},{\"@type\":\"Organization\",\"@id\":\"https:\/\/futbolhoy.co\/#organization\",\"name\":\"Futbolhoy.co\",\"url\":\"https:\/\/futbolhoy.co\/\",\"logo\":{\"@type\":\"ImageObject\",\"inLanguage\":\"es\",\"@id\":\"https:\/\/futbolhoy.co\/#\/schema\/logo\/image\/\",\"url\":\"https:\/\/futbolhoy.co\/wp-content\/uploads\/2018\/08\/17426380_1906371736249227_6326180412931521141_n.jpg\",\"contentUrl\":\"https:\/\/futbolhoy.co\/wp-content\/uploads\/2018\/08\/17426380_1906371736249227_6326180412931521141_n.jpg\",\"width\":960,\"height\":960,\"caption\":\"Futbolhoy.co\"},\"image\":{\"@id\":\"https:\/\/futbolhoy.co\/#\/schema\/logo\/image\/\"},\"sameAs\":[\"https:\/\/www.facebook.com\/FutbolHoyCol\/\",\"https:\/\/x.com\/FutbolHoyCol\",\"https:\/\/www.instagram.com\/futbolhoycol\/\"]},{\"@type\":\"Person\",\"@id\":\"https:\/\/futbolhoy.co\/#\/schema\/person\/1721b69355b6623eaff15ac7b92d4cc3\",\"name\":\"contenido\",\"image\":{\"@type\":\"ImageObject\",\"inLanguage\":\"es\",\"@id\":\"https:\/\/futbolhoy.co\/#\/schema\/person\/image\/\",\"url\":\"https:\/\/secure.gravatar.com\/avatar\/4f656d3256f5134f466206e7c3941518?s=96&d=mm&r=g\",\"contentUrl\":\"https:\/\/secure.gravatar.com\/avatar\/4f656d3256f5134f466206e7c3941518?s=96&d=mm&r=g\",\"caption\":\"contenido\"}}]}<\/script>\n<!-- \/ Yoast SEO plugin. -->","yoast_head_json":{"title":"Rompi\u00f3 el silencio: El mensaje de Juanfer Quintero para N\u00e9stor Lorenzo -","robots":{"index":"index","follow":"follow","max-snippet":"max-snippet:-1","max-image-preview":"max-image-preview:large","max-video-preview":"max-video-preview:-1"},"canonical":"https:\/\/futbolhoy.co\/index.php\/2025\/03\/28\/rompio-el-silencio-el-mensaje-de-juanfer-quintero-para-nestor-lorenzo\/","og_locale":"es_ES","og_type":"article","og_title":"Rompi\u00f3 el silencio: El mensaje de Juanfer Quintero para N\u00e9stor Lorenzo -","og_description":"Las cr\u00edticas contra el t\u00e9cnico de la Selecci\u00f3n Colombia, N\u00e9stor Lorenzo, no han cesado tras la jornada de Eliminatorias de marzo, en la que perdi\u00f3 y empat\u00f3 con Brasil y Paraguay, respectivamente. A esto se suman los comentarios por la ausencia de Juan Fernando Quintero, quien se qued\u00f3 en la banca en ambos partidos. El [&hellip;]","og_url":"https:\/\/futbolhoy.co\/index.php\/2025\/03\/28\/rompio-el-silencio-el-mensaje-de-juanfer-quintero-para-nestor-lorenzo\/","article_publisher":"https:\/\/www.facebook.com\/FutbolHoyCol\/","article_published_time":"2025-03-28T15:32:24+00:00","article_modified_time":"2025-03-30T02:15:22+00:00","og_image":[{"width":1024,"height":756,"url":"https:\/\/futbolhoy.co\/wp-content\/uploads\/2025\/03\/Captura-de-pantalla-2025-03-15-a-las-8.44.28\u202fp.-m-1-1024x756.png","type":"image\/png"}],"author":"contenido","twitter_card":"summary_large_image","twitter_creator":"@FutbolHoyCol","twitter_site":"@FutbolHoyCol","twitter_misc":{"Escrito por":"contenido","Tiempo de lectura":"1 minuto"},"schema":{"@context":"https:\/\/schema.org","@graph":[{"@type":"Article","@id":"https:\/\/futbolhoy.co\/index.php\/2025\/03\/28\/rompio-el-silencio-el-mensaje-de-juanfer-quintero-para-nestor-lorenzo\/#article","isPartOf":{"@id":"https:\/\/futbolhoy.co\/index.php\/2025\/03\/28\/rompio-el-silencio-el-mensaje-de-juanfer-quintero-para-nestor-lorenzo\/"},"author":{"name":"contenido","@id":"https:\/\/futbolhoy.co\/#\/schema\/person\/1721b69355b6623eaff15ac7b92d4cc3"},"headline":"Rompi\u00f3 el silencio: El mensaje de Juanfer Quintero para N\u00e9stor Lorenzo","datePublished":"2025-03-28T15:32:24+00:00","dateModified":"2025-03-30T02:15:22+00:00","mainEntityOfPage":{"@id":"https:\/\/futbolhoy.co\/index.php\/2025\/03\/28\/rompio-el-silencio-el-mensaje-de-juanfer-quintero-para-nestor-lorenzo\/"},"wordCount":242,"commentCount":0,"publisher":{"@id":"https:\/\/futbolhoy.co\/#organization"},"image":{"@id":"https:\/\/futbolhoy.co\/index.php\/2025\/03\/28\/rompio-el-silencio-el-mensaje-de-juanfer-quintero-para-nestor-lorenzo\/#primaryimage"},"thumbnailUrl":"https:\/\/futbolhoy.co\/wp-content\/uploads\/2025\/03\/Captura-de-pantalla-2025-03-15-a-las-8.44.28\u202fp.-m-1.png","articleSection":["Colombia"],"inLanguage":"es","potentialAction":[{"@type":"CommentAction","name":"Comment","target":["https:\/\/futbolhoy.co\/index.php\/2025\/03\/28\/rompio-el-silencio-el-mensaje-de-juanfer-quintero-para-nestor-lorenzo\/#respond"]}]},{"@type":"WebPage","@id":"https:\/\/futbolhoy.co\/index.php\/2025\/03\/28\/rompio-el-silencio-el-mensaje-de-juanfer-quintero-para-nestor-lorenzo\/","url":"https:\/\/futbolhoy.co\/index.php\/2025\/03\/28\/rompio-el-silencio-el-mensaje-de-juanfer-quintero-para-nestor-lorenzo\/","name":"Rompi\u00f3 el silencio: El mensaje de Juanfer Quintero para N\u00e9stor Lorenzo -","isPartOf":{"@id":"https:\/\/futbolhoy.co\/#website"},"primaryImageOfPage":{"@id":"https:\/\/futbolhoy.co\/index.php\/2025\/03\/28\/rompio-el-silencio-el-mensaje-de-juanfer-quintero-para-nestor-lorenzo\/#primaryimage"},"image":{"@id":"https:\/\/futbolhoy.co\/index.php\/2025\/03\/28\/rompio-el-silencio-el-mensaje-de-juanfer-quintero-para-nestor-lorenzo\/#primaryimage"},"thumbnailUrl":"https:\/\/futbolhoy.co\/wp-content\/uploads\/2025\/03\/Captura-de-pantalla-2025-03-15-a-las-8.44.28\u202fp.-m-1.png","datePublished":"2025-03-28T15:32:24+00:00","dateModified":"2025-03-30T02:15:22+00:00","breadcrumb":{"@id":"https:\/\/futbolhoy.co\/index.php\/2025\/03\/28\/rompio-el-silencio-el-mensaje-de-juanfer-quintero-para-nestor-lorenzo\/#breadcrumb"},"inLanguage":"es","potentialAction":[{"@type":"ReadAction","target":["https:\/\/futbolhoy.co\/index.php\/2025\/03\/28\/rompio-el-silencio-el-mensaje-de-juanfer-quintero-para-nestor-lorenzo\/"]}]},{"@type":"ImageObject","inLanguage":"es","@id":"https:\/\/futbolhoy.co\/index.php\/2025\/03\/28\/rompio-el-silencio-el-mensaje-de-juanfer-quintero-para-nestor-lorenzo\/#primaryimage","url":"https:\/\/futbolhoy.co\/wp-content\/uploads\/2025\/03\/Captura-de-pantalla-2025-03-15-a-las-8.44.28\u202fp.-m-1.png","contentUrl":"https:\/\/futbolhoy.co\/wp-content\/uploads\/2025\/03\/Captura-de-pantalla-2025-03-15-a-las-8.44.28\u202fp.-m-1.png","width":1528,"height":1128},{"@type":"BreadcrumbList","@id":"https:\/\/futbolhoy.co\/index.php\/2025\/03\/28\/rompio-el-silencio-el-mensaje-de-juanfer-quintero-para-nestor-lorenzo\/#breadcrumb","itemListElement":[{"@type":"ListItem","position":1,"name":"Portada","item":"https:\/\/futbolhoy.co\/"},{"@type":"ListItem","position":2,"name":"Rompi\u00f3 el silencio: El mensaje de Juanfer Quintero para N\u00e9stor Lorenzo"}]},{"@type":"WebSite","@id":"https:\/\/futbolhoy.co\/#website","url":"https:\/\/futbolhoy.co\/","name":"FutbolHoy","description":"","publisher":{"@id":"https:\/\/futbolhoy.co\/#organization"},"potentialAction":[{"@type":"SearchAction","target":{"@type":"EntryPoint","urlTemplate":"https:\/\/futbolhoy.co\/?s={search_term_string}"},"query-input":{"@type":"PropertyValueSpecification","valueRequired":true,"valueName":"search_term_string"}}],"inLanguage":"es"},{"@type":"Organization","@id":"https:\/\/futbolhoy.co\/#organization","name":"Futbolhoy.co","url":"https:\/\/futbolhoy.co\/","logo":{"@type":"ImageObject","inLanguage":"es","@id":"https:\/\/futbolhoy.co\/#\/schema\/logo\/image\/","url":"https:\/\/futbolhoy.co\/wp-content\/uploads\/2018\/08\/17426380_1906371736249227_6326180412931521141_n.jpg","contentUrl":"https:\/\/futbolhoy.co\/wp-content\/uploads\/2018\/08\/17426380_1906371736249227_6326180412931521141_n.jpg","width":960,"height":960,"caption":"Futbolhoy.co"},"image":{"@id":"https:\/\/futbolhoy.co\/#\/schema\/logo\/image\/"},"sameAs":["https:\/\/www.facebook.com\/FutbolHoyCol\/","https:\/\/x.com\/FutbolHoyCol","https:\/\/www.instagram.com\/futbolhoycol\/"]},{"@type":"Person","@id":"https:\/\/futbolhoy.co\/#\/schema\/person\/1721b69355b6623eaff15ac7b92d4cc3","name":"contenido","image":{"@type":"ImageObject","inLanguage":"es","@id":"https:\/\/futbolhoy.co\/#\/schema\/person\/image\/","url":"https:\/\/secure.gravatar.com\/avatar\/4f656d3256f5134f466206e7c3941518?s=96&d=mm&r=g","contentUrl":"https:\/\/secure.gravatar.com\/avatar\/4f656d3256f5134f466206e7c3941518?s=96&d=mm&r=g","caption":"contenido"}}]}},"publishpress_future_action":{"enabled":false,"date":"2026-05-04 05:41:30","action":"change-status","newStatus":"draft","terms":[],"taxonomy":"category","extraData":[]},"publishpress_future_workflow_manual_trigger":{"enabledWorkflows":[]},"_links":{"self":[{"href":"https:\/\/futbolhoy.co\/index.php\/wp-json\/wp\/v2\/posts\/117789","targetHints":{"allow":["GET"]}}],"collection":[{"href":"https:\/\/futbolhoy.co\/index.php\/wp-json\/wp\/v2\/posts"}],"about":[{"href":"https:\/\/futbolhoy.co\/index.php\/wp-json\/wp\/v2\/types\/post"}],"author":[{"embeddable":true,"href":"https:\/\/futbolhoy.co\/index.php\/wp-json\/wp\/v2\/users\/4"}],"replies":[{"embeddable":true,"href":"https:\/\/futbolhoy.co\/index.php\/wp-json\/wp\/v2\/comments?post=117789"}],"version-history":[{"count":1,"href":"https:\/\/futbolhoy.co\/index.php\/wp-json\/wp\/v2\/posts\/117789\/revisions"}],"predecessor-version":[{"id":117791,"href":"https:\/\/futbolhoy.co\/index.php\/wp-json\/wp\/v2\/posts\/117789\/revisions\/117791"}],"wp:featuredmedia":[{"embeddable":true,"href":"https:\/\/futbolhoy.co\/index.php\/wp-json\/wp\/v2\/media\/117790"}],"wp:attachment":[{"href":"https:\/\/futbolhoy.co\/index.php\/wp-json\/wp\/v2\/media?parent=117789"}],"wp:term":[{"taxonomy":"category","embeddable":true,"href":"https:\/\/futbolhoy.co\/index.php\/wp-json\/wp\/v2\/categories?post=117789"},{"taxonomy":"post_tag","embeddable":true,"href":"https:\/\/futbolhoy.co\/index.php\/wp-json\/wp\/v2\/tags?post=117789"}],"curies":[{"name":"wp","href":"https:\/\/api.w.org\/{rel}","templated":true}]}}