{"id":117793,"date":"2025-03-28T17:37:33","date_gmt":"2025-03-28T22:37:33","guid":{"rendered":"https:\/\/futbolhoy.co\/?p=117793"},"modified":"2025-03-29T22:36:39","modified_gmt":"2025-03-30T03:36:39","slug":"dorival-junior-no-va-mas-con-la-seleccion-de-brasil","status":"publish","type":"post","link":"https:\/\/futbolhoy.co\/index.php\/2025\/03\/28\/dorival-junior-no-va-mas-con-la-seleccion-de-brasil\/","title":{"rendered":"Dorival Junior no va m\u00e1s con la Selecci\u00f3n de Brasil"},"content":{"rendered":"<p style=\"text-align: justify;\"><span style=\"font-family: helvetica, arial, sans-serif;\"><span style=\"font-weight: 400;\">Es un hecho, luego de la goleada 4-1 de Argentina a Brasil en la jornada 14 de las Eliminatorias al Mundial 2026, <\/span><b>el t\u00e9cnico Dorival Junio<\/b><span style=\"font-weight: 400;\">r no seguir\u00e1 al frente del equipo nacional y desde ya se est\u00e1 buscando el reemplazo para que dirija en la pr\u00f3xima fecha de junio.<\/span><\/span><\/p>\n<p style=\"text-align: justify;\"><span style=\"font-family: helvetica, arial, sans-serif;\"><span style=\"font-weight: 400;\">Brasil no levanta cabeza en las Eliminatorias, pese a estar entre las posiciones que entregan cupo a la <\/span><b>Copa del Mundo, siendo cuarto en la tabla con 21 puntos.\u00a0<\/b><\/span><\/p>\n<p style=\"text-align: justify;\"><span style=\"font-weight: 400; font-family: helvetica, arial, sans-serif;\">Dorival Junior dirigi\u00f3 en total 16 partidos, en los que acumul\u00f3 7 victorias, 7 empates y 2 derrotas, con un rendimiento de 58.33%.\u00a0<\/span><\/p>\n<p style=\"text-align: justify;\"><span style=\"font-family: helvetica, arial, sans-serif;\"><span style=\"font-weight: 400;\">Sin embargo, aunque la salida de<\/span><b> Dorival Junior parece querer darle<\/b><span style=\"font-weight: 400;\"> un timonazo a la Selecci\u00f3n de Brasil, la realidad es que despu\u00e9s del Mundial de 2022 no ha logrado consolidar un entrenador en el banco t\u00e9cnico, con dos entrenadores interinos y solamente uno en propiedad.\u00a0<\/span><\/span><\/p>\n<p style=\"text-align: justify;\"><span style=\"font-family: helvetica, arial, sans-serif;\"><b>El ext\u00e9cnico de Sao Paulo asumi\u00f3 el cargo en la Selecci\u00f3n<\/b><span style=\"font-weight: 400;\"> el pasado enero de 2024, pese a que no son muchas las derrotas que acumul\u00f3, la m\u00e1s reciente ante Argentina fue la gota que rebos\u00f3 el vaso, por lo que la Confederaci\u00f3n decidi\u00f3, a falta <\/span><b>de cuatro fechas de Eliminatorias, sacarlo del cargo.<\/b><\/span><\/p>\n<p style=\"text-align: justify;\"><span style=\"font-family: helvetica, arial, sans-serif;\"><span style=\"font-weight: 400;\">Ahora se especula cu\u00e1l ser\u00e1 el futuro del banco t\u00e9cnico de Brasil, en medio de rumores que apuntan, una vez m\u00e1s, a Carlo Ancelotti, actualmente en <\/span><b>el Real Madrid.<\/b><\/span><\/p>\n","protected":false},"excerpt":{"rendered":"<p>Es un hecho, luego de la goleada 4-1 de Argentina a Brasil en la jornada 14 de las Eliminatorias al Mundial 2026, el t\u00e9cnico Dorival Junior no seguir\u00e1 al frente del equipo nacional y desde ya se est\u00e1 buscando el reemplazo para que dirija en la pr\u00f3xima fecha de junio. Brasil no levanta cabeza en [&hellip;]<\/p>\n","protected":false},"author":4,"featured_media":117794,"comment_status":"open","ping_status":"open","sticky":false,"template":"","format":"standard","meta":{"_acf_changed":false,"footnotes":""},"categories":[152],"tags":[],"class_list":{"0":"post-117793","1":"post","2":"type-post","3":"status-publish","4":"format-standard","5":"has-post-thumbnail","7":"category-mundo-futbol"},"acf":[],"yoast_head":"<!-- This site is optimized with the Yoast SEO plugin v26.8 - https:\/\/yoast.com\/product\/yoast-seo-wordpress\/ -->\n<title>Dorival Junior no va m\u00e1s con la Selecci\u00f3n de Brasil -<\/title>\n<meta name=\"robots\" content=\"index, follow, max-snippet:-1, max-image-preview:large, max-video-preview:-1\" \/>\n<link rel=\"canonical\" href=\"https:\/\/futbolhoy.co\/index.php\/2025\/03\/28\/dorival-junior-no-va-mas-con-la-seleccion-de-brasil\/\" \/>\n<meta property=\"og:locale\" content=\"es_ES\" \/>\n<meta property=\"og:type\" content=\"article\" \/>\n<meta property=\"og:title\" content=\"Dorival Junior no va m\u00e1s con la Selecci\u00f3n de Brasil -\" \/>\n<meta property=\"og:description\" content=\"Es un hecho, luego de la goleada 4-1 de Argentina a Brasil en la jornada 14 de las Eliminatorias al Mundial 2026, el t\u00e9cnico Dorival Junior no seguir\u00e1 al frente del equipo nacional y desde ya se est\u00e1 buscando el reemplazo para que dirija en la pr\u00f3xima fecha de junio. Brasil no levanta cabeza en [&hellip;]\" \/>\n<meta property=\"og:url\" content=\"https:\/\/futbolhoy.co\/index.php\/2025\/03\/28\/dorival-junior-no-va-mas-con-la-seleccion-de-brasil\/\" \/>\n<meta property=\"article:publisher\" content=\"https:\/\/www.facebook.com\/FutbolHoyCol\/\" \/>\n<meta property=\"article:published_time\" content=\"2025-03-28T22:37:33+00:00\" \/>\n<meta property=\"article:modified_time\" content=\"2025-03-30T03:36:39+00:00\" \/>\n<meta property=\"og:image\" content=\"https:\/\/futbolhoy.co\/wp-content\/uploads\/2025\/03\/Captura-de-pantalla-2025-03-28-a-las-5.37.04\u202fp.-m-1024x739.png\" \/>\n\t<meta property=\"og:image:width\" content=\"1024\" \/>\n\t<meta property=\"og:image:height\" content=\"739\" \/>\n\t<meta property=\"og:image:type\" content=\"image\/png\" \/>\n<meta name=\"author\" content=\"contenido\" \/>\n<meta name=\"twitter:card\" content=\"summary_large_image\" \/>\n<meta name=\"twitter:creator\" content=\"@FutbolHoyCol\" \/>\n<meta name=\"twitter:site\" content=\"@FutbolHoyCol\" \/>\n<meta name=\"twitter:label1\" content=\"Escrito por\" \/>\n\t<meta name=\"twitter:data1\" content=\"contenido\" \/>\n\t<meta name=\"twitter:label2\" content=\"Tiempo de lectura\" \/>\n\t<meta name=\"twitter:data2\" content=\"1 minuto\" \/>\n<script type=\"application\/ld+json\" class=\"yoast-schema-graph\">{\"@context\":\"https:\/\/schema.org\",\"@graph\":[{\"@type\":\"Article\",\"@id\":\"https:\/\/futbolhoy.co\/index.php\/2025\/03\/28\/dorival-junior-no-va-mas-con-la-seleccion-de-brasil\/#article\",\"isPartOf\":{\"@id\":\"https:\/\/futbolhoy.co\/index.php\/2025\/03\/28\/dorival-junior-no-va-mas-con-la-seleccion-de-brasil\/\"},\"author\":{\"name\":\"contenido\",\"@id\":\"https:\/\/futbolhoy.co\/#\/schema\/person\/1721b69355b6623eaff15ac7b92d4cc3\"},\"headline\":\"Dorival Junior no va m\u00e1s con la Selecci\u00f3n de Brasil\",\"datePublished\":\"2025-03-28T22:37:33+00:00\",\"dateModified\":\"2025-03-30T03:36:39+00:00\",\"mainEntityOfPage\":{\"@id\":\"https:\/\/futbolhoy.co\/index.php\/2025\/03\/28\/dorival-junior-no-va-mas-con-la-seleccion-de-brasil\/\"},\"wordCount\":246,\"commentCount\":0,\"publisher\":{\"@id\":\"https:\/\/futbolhoy.co\/#organization\"},\"image\":{\"@id\":\"https:\/\/futbolhoy.co\/index.php\/2025\/03\/28\/dorival-junior-no-va-mas-con-la-seleccion-de-brasil\/#primaryimage\"},\"thumbnailUrl\":\"https:\/\/futbolhoy.co\/wp-content\/uploads\/2025\/03\/Captura-de-pantalla-2025-03-28-a-las-5.37.04\u202fp.-m.png\",\"articleSection\":[\"Mundo Futbol\"],\"inLanguage\":\"es\",\"potentialAction\":[{\"@type\":\"CommentAction\",\"name\":\"Comment\",\"target\":[\"https:\/\/futbolhoy.co\/index.php\/2025\/03\/28\/dorival-junior-no-va-mas-con-la-seleccion-de-brasil\/#respond\"]}]},{\"@type\":\"WebPage\",\"@id\":\"https:\/\/futbolhoy.co\/index.php\/2025\/03\/28\/dorival-junior-no-va-mas-con-la-seleccion-de-brasil\/\",\"url\":\"https:\/\/futbolhoy.co\/index.php\/2025\/03\/28\/dorival-junior-no-va-mas-con-la-seleccion-de-brasil\/\",\"name\":\"Dorival Junior no va m\u00e1s con la Selecci\u00f3n de Brasil -\",\"isPartOf\":{\"@id\":\"https:\/\/futbolhoy.co\/#website\"},\"primaryImageOfPage\":{\"@id\":\"https:\/\/futbolhoy.co\/index.php\/2025\/03\/28\/dorival-junior-no-va-mas-con-la-seleccion-de-brasil\/#primaryimage\"},\"image\":{\"@id\":\"https:\/\/futbolhoy.co\/index.php\/2025\/03\/28\/dorival-junior-no-va-mas-con-la-seleccion-de-brasil\/#primaryimage\"},\"thumbnailUrl\":\"https:\/\/futbolhoy.co\/wp-content\/uploads\/2025\/03\/Captura-de-pantalla-2025-03-28-a-las-5.37.04\u202fp.-m.png\",\"datePublished\":\"2025-03-28T22:37:33+00:00\",\"dateModified\":\"2025-03-30T03:36:39+00:00\",\"breadcrumb\":{\"@id\":\"https:\/\/futbolhoy.co\/index.php\/2025\/03\/28\/dorival-junior-no-va-mas-con-la-seleccion-de-brasil\/#breadcrumb\"},\"inLanguage\":\"es\",\"potentialAction\":[{\"@type\":\"ReadAction\",\"target\":[\"https:\/\/futbolhoy.co\/index.php\/2025\/03\/28\/dorival-junior-no-va-mas-con-la-seleccion-de-brasil\/\"]}]},{\"@type\":\"ImageObject\",\"inLanguage\":\"es\",\"@id\":\"https:\/\/futbolhoy.co\/index.php\/2025\/03\/28\/dorival-junior-no-va-mas-con-la-seleccion-de-brasil\/#primaryimage\",\"url\":\"https:\/\/futbolhoy.co\/wp-content\/uploads\/2025\/03\/Captura-de-pantalla-2025-03-28-a-las-5.37.04\u202fp.-m.png\",\"contentUrl\":\"https:\/\/futbolhoy.co\/wp-content\/uploads\/2025\/03\/Captura-de-pantalla-2025-03-28-a-las-5.37.04\u202fp.-m.png\",\"width\":1522,\"height\":1098},{\"@type\":\"BreadcrumbList\",\"@id\":\"https:\/\/futbolhoy.co\/index.php\/2025\/03\/28\/dorival-junior-no-va-mas-con-la-seleccion-de-brasil\/#breadcrumb\",\"itemListElement\":[{\"@type\":\"ListItem\",\"position\":1,\"name\":\"Portada\",\"item\":\"https:\/\/futbolhoy.co\/\"},{\"@type\":\"ListItem\",\"position\":2,\"name\":\"Dorival Junior no va m\u00e1s con la Selecci\u00f3n de Brasil\"}]},{\"@type\":\"WebSite\",\"@id\":\"https:\/\/futbolhoy.co\/#website\",\"url\":\"https:\/\/futbolhoy.co\/\",\"name\":\"FutbolHoy\",\"description\":\"\",\"publisher\":{\"@id\":\"https:\/\/futbolhoy.co\/#organization\"},\"potentialAction\":[{\"@type\":\"SearchAction\",\"target\":{\"@type\":\"EntryPoint\",\"urlTemplate\":\"https:\/\/futbolhoy.co\/?s={search_term_string}\"},\"query-input\":{\"@type\":\"PropertyValueSpecification\",\"valueRequired\":true,\"valueName\":\"search_term_string\"}}],\"inLanguage\":\"es\"},{\"@type\":\"Organization\",\"@id\":\"https:\/\/futbolhoy.co\/#organization\",\"name\":\"Futbolhoy.co\",\"url\":\"https:\/\/futbolhoy.co\/\",\"logo\":{\"@type\":\"ImageObject\",\"inLanguage\":\"es\",\"@id\":\"https:\/\/futbolhoy.co\/#\/schema\/logo\/image\/\",\"url\":\"https:\/\/futbolhoy.co\/wp-content\/uploads\/2018\/08\/17426380_1906371736249227_6326180412931521141_n.jpg\",\"contentUrl\":\"https:\/\/futbolhoy.co\/wp-content\/uploads\/2018\/08\/17426380_1906371736249227_6326180412931521141_n.jpg\",\"width\":960,\"height\":960,\"caption\":\"Futbolhoy.co\"},\"image\":{\"@id\":\"https:\/\/futbolhoy.co\/#\/schema\/logo\/image\/\"},\"sameAs\":[\"https:\/\/www.facebook.com\/FutbolHoyCol\/\",\"https:\/\/x.com\/FutbolHoyCol\",\"https:\/\/www.instagram.com\/futbolhoycol\/\"]},{\"@type\":\"Person\",\"@id\":\"https:\/\/futbolhoy.co\/#\/schema\/person\/1721b69355b6623eaff15ac7b92d4cc3\",\"name\":\"contenido\",\"image\":{\"@type\":\"ImageObject\",\"inLanguage\":\"es\",\"@id\":\"https:\/\/futbolhoy.co\/#\/schema\/person\/image\/\",\"url\":\"https:\/\/secure.gravatar.com\/avatar\/4f656d3256f5134f466206e7c3941518?s=96&d=mm&r=g\",\"contentUrl\":\"https:\/\/secure.gravatar.com\/avatar\/4f656d3256f5134f466206e7c3941518?s=96&d=mm&r=g\",\"caption\":\"contenido\"}}]}<\/script>\n<!-- \/ Yoast SEO plugin. -->","yoast_head_json":{"title":"Dorival Junior no va m\u00e1s con la Selecci\u00f3n de Brasil -","robots":{"index":"index","follow":"follow","max-snippet":"max-snippet:-1","max-image-preview":"max-image-preview:large","max-video-preview":"max-video-preview:-1"},"canonical":"https:\/\/futbolhoy.co\/index.php\/2025\/03\/28\/dorival-junior-no-va-mas-con-la-seleccion-de-brasil\/","og_locale":"es_ES","og_type":"article","og_title":"Dorival Junior no va m\u00e1s con la Selecci\u00f3n de Brasil -","og_description":"Es un hecho, luego de la goleada 4-1 de Argentina a Brasil en la jornada 14 de las Eliminatorias al Mundial 2026, el t\u00e9cnico Dorival Junior no seguir\u00e1 al frente del equipo nacional y desde ya se est\u00e1 buscando el reemplazo para que dirija en la pr\u00f3xima fecha de junio. Brasil no levanta cabeza en [&hellip;]","og_url":"https:\/\/futbolhoy.co\/index.php\/2025\/03\/28\/dorival-junior-no-va-mas-con-la-seleccion-de-brasil\/","article_publisher":"https:\/\/www.facebook.com\/FutbolHoyCol\/","article_published_time":"2025-03-28T22:37:33+00:00","article_modified_time":"2025-03-30T03:36:39+00:00","og_image":[{"width":1024,"height":739,"url":"https:\/\/futbolhoy.co\/wp-content\/uploads\/2025\/03\/Captura-de-pantalla-2025-03-28-a-las-5.37.04\u202fp.-m-1024x739.png","type":"image\/png"}],"author":"contenido","twitter_card":"summary_large_image","twitter_creator":"@FutbolHoyCol","twitter_site":"@FutbolHoyCol","twitter_misc":{"Escrito por":"contenido","Tiempo de lectura":"1 minuto"},"schema":{"@context":"https:\/\/schema.org","@graph":[{"@type":"Article","@id":"https:\/\/futbolhoy.co\/index.php\/2025\/03\/28\/dorival-junior-no-va-mas-con-la-seleccion-de-brasil\/#article","isPartOf":{"@id":"https:\/\/futbolhoy.co\/index.php\/2025\/03\/28\/dorival-junior-no-va-mas-con-la-seleccion-de-brasil\/"},"author":{"name":"contenido","@id":"https:\/\/futbolhoy.co\/#\/schema\/person\/1721b69355b6623eaff15ac7b92d4cc3"},"headline":"Dorival Junior no va m\u00e1s con la Selecci\u00f3n de Brasil","datePublished":"2025-03-28T22:37:33+00:00","dateModified":"2025-03-30T03:36:39+00:00","mainEntityOfPage":{"@id":"https:\/\/futbolhoy.co\/index.php\/2025\/03\/28\/dorival-junior-no-va-mas-con-la-seleccion-de-brasil\/"},"wordCount":246,"commentCount":0,"publisher":{"@id":"https:\/\/futbolhoy.co\/#organization"},"image":{"@id":"https:\/\/futbolhoy.co\/index.php\/2025\/03\/28\/dorival-junior-no-va-mas-con-la-seleccion-de-brasil\/#primaryimage"},"thumbnailUrl":"https:\/\/futbolhoy.co\/wp-content\/uploads\/2025\/03\/Captura-de-pantalla-2025-03-28-a-las-5.37.04\u202fp.-m.png","articleSection":["Mundo Futbol"],"inLanguage":"es","potentialAction":[{"@type":"CommentAction","name":"Comment","target":["https:\/\/futbolhoy.co\/index.php\/2025\/03\/28\/dorival-junior-no-va-mas-con-la-seleccion-de-brasil\/#respond"]}]},{"@type":"WebPage","@id":"https:\/\/futbolhoy.co\/index.php\/2025\/03\/28\/dorival-junior-no-va-mas-con-la-seleccion-de-brasil\/","url":"https:\/\/futbolhoy.co\/index.php\/2025\/03\/28\/dorival-junior-no-va-mas-con-la-seleccion-de-brasil\/","name":"Dorival Junior no va m\u00e1s con la Selecci\u00f3n de Brasil -","isPartOf":{"@id":"https:\/\/futbolhoy.co\/#website"},"primaryImageOfPage":{"@id":"https:\/\/futbolhoy.co\/index.php\/2025\/03\/28\/dorival-junior-no-va-mas-con-la-seleccion-de-brasil\/#primaryimage"},"image":{"@id":"https:\/\/futbolhoy.co\/index.php\/2025\/03\/28\/dorival-junior-no-va-mas-con-la-seleccion-de-brasil\/#primaryimage"},"thumbnailUrl":"https:\/\/futbolhoy.co\/wp-content\/uploads\/2025\/03\/Captura-de-pantalla-2025-03-28-a-las-5.37.04\u202fp.-m.png","datePublished":"2025-03-28T22:37:33+00:00","dateModified":"2025-03-30T03:36:39+00:00","breadcrumb":{"@id":"https:\/\/futbolhoy.co\/index.php\/2025\/03\/28\/dorival-junior-no-va-mas-con-la-seleccion-de-brasil\/#breadcrumb"},"inLanguage":"es","potentialAction":[{"@type":"ReadAction","target":["https:\/\/futbolhoy.co\/index.php\/2025\/03\/28\/dorival-junior-no-va-mas-con-la-seleccion-de-brasil\/"]}]},{"@type":"ImageObject","inLanguage":"es","@id":"https:\/\/futbolhoy.co\/index.php\/2025\/03\/28\/dorival-junior-no-va-mas-con-la-seleccion-de-brasil\/#primaryimage","url":"https:\/\/futbolhoy.co\/wp-content\/uploads\/2025\/03\/Captura-de-pantalla-2025-03-28-a-las-5.37.04\u202fp.-m.png","contentUrl":"https:\/\/futbolhoy.co\/wp-content\/uploads\/2025\/03\/Captura-de-pantalla-2025-03-28-a-las-5.37.04\u202fp.-m.png","width":1522,"height":1098},{"@type":"BreadcrumbList","@id":"https:\/\/futbolhoy.co\/index.php\/2025\/03\/28\/dorival-junior-no-va-mas-con-la-seleccion-de-brasil\/#breadcrumb","itemListElement":[{"@type":"ListItem","position":1,"name":"Portada","item":"https:\/\/futbolhoy.co\/"},{"@type":"ListItem","position":2,"name":"Dorival Junior no va m\u00e1s con la Selecci\u00f3n de Brasil"}]},{"@type":"WebSite","@id":"https:\/\/futbolhoy.co\/#website","url":"https:\/\/futbolhoy.co\/","name":"FutbolHoy","description":"","publisher":{"@id":"https:\/\/futbolhoy.co\/#organization"},"potentialAction":[{"@type":"SearchAction","target":{"@type":"EntryPoint","urlTemplate":"https:\/\/futbolhoy.co\/?s={search_term_string}"},"query-input":{"@type":"PropertyValueSpecification","valueRequired":true,"valueName":"search_term_string"}}],"inLanguage":"es"},{"@type":"Organization","@id":"https:\/\/futbolhoy.co\/#organization","name":"Futbolhoy.co","url":"https:\/\/futbolhoy.co\/","logo":{"@type":"ImageObject","inLanguage":"es","@id":"https:\/\/futbolhoy.co\/#\/schema\/logo\/image\/","url":"https:\/\/futbolhoy.co\/wp-content\/uploads\/2018\/08\/17426380_1906371736249227_6326180412931521141_n.jpg","contentUrl":"https:\/\/futbolhoy.co\/wp-content\/uploads\/2018\/08\/17426380_1906371736249227_6326180412931521141_n.jpg","width":960,"height":960,"caption":"Futbolhoy.co"},"image":{"@id":"https:\/\/futbolhoy.co\/#\/schema\/logo\/image\/"},"sameAs":["https:\/\/www.facebook.com\/FutbolHoyCol\/","https:\/\/x.com\/FutbolHoyCol","https:\/\/www.instagram.com\/futbolhoycol\/"]},{"@type":"Person","@id":"https:\/\/futbolhoy.co\/#\/schema\/person\/1721b69355b6623eaff15ac7b92d4cc3","name":"contenido","image":{"@type":"ImageObject","inLanguage":"es","@id":"https:\/\/futbolhoy.co\/#\/schema\/person\/image\/","url":"https:\/\/secure.gravatar.com\/avatar\/4f656d3256f5134f466206e7c3941518?s=96&d=mm&r=g","contentUrl":"https:\/\/secure.gravatar.com\/avatar\/4f656d3256f5134f466206e7c3941518?s=96&d=mm&r=g","caption":"contenido"}}]}},"publishpress_future_action":{"enabled":false,"date":"2026-05-04 04:13:22","action":"change-status","newStatus":"draft","terms":[],"taxonomy":"category","extraData":[]},"publishpress_future_workflow_manual_trigger":{"enabledWorkflows":[]},"_links":{"self":[{"href":"https:\/\/futbolhoy.co\/index.php\/wp-json\/wp\/v2\/posts\/117793","targetHints":{"allow":["GET"]}}],"collection":[{"href":"https:\/\/futbolhoy.co\/index.php\/wp-json\/wp\/v2\/posts"}],"about":[{"href":"https:\/\/futbolhoy.co\/index.php\/wp-json\/wp\/v2\/types\/post"}],"author":[{"embeddable":true,"href":"https:\/\/futbolhoy.co\/index.php\/wp-json\/wp\/v2\/users\/4"}],"replies":[{"embeddable":true,"href":"https:\/\/futbolhoy.co\/index.php\/wp-json\/wp\/v2\/comments?post=117793"}],"version-history":[{"count":1,"href":"https:\/\/futbolhoy.co\/index.php\/wp-json\/wp\/v2\/posts\/117793\/revisions"}],"predecessor-version":[{"id":117795,"href":"https:\/\/futbolhoy.co\/index.php\/wp-json\/wp\/v2\/posts\/117793\/revisions\/117795"}],"wp:featuredmedia":[{"embeddable":true,"href":"https:\/\/futbolhoy.co\/index.php\/wp-json\/wp\/v2\/media\/117794"}],"wp:attachment":[{"href":"https:\/\/futbolhoy.co\/index.php\/wp-json\/wp\/v2\/media?parent=117793"}],"wp:term":[{"taxonomy":"category","embeddable":true,"href":"https:\/\/futbolhoy.co\/index.php\/wp-json\/wp\/v2\/categories?post=117793"},{"taxonomy":"post_tag","embeddable":true,"href":"https:\/\/futbolhoy.co\/index.php\/wp-json\/wp\/v2\/tags?post=117793"}],"curies":[{"name":"wp","href":"https:\/\/api.w.org\/{rel}","templated":true}]}}