{"id":117799,"date":"2025-03-28T17:52:37","date_gmt":"2025-03-28T22:52:37","guid":{"rendered":"https:\/\/futbolhoy.co\/?p=117799"},"modified":"2025-03-30T12:46:40","modified_gmt":"2025-03-30T17:46:40","slug":"chile-practicamente-eliminado-ratifico-a-ricardo-gareca","status":"publish","type":"post","link":"https:\/\/futbolhoy.co\/index.php\/2025\/03\/28\/chile-practicamente-eliminado-ratifico-a-ricardo-gareca\/","title":{"rendered":"Chile, pr\u00e1cticamente eliminado, ratific\u00f3 a Ricardo Gareca"},"content":{"rendered":"<p style=\"text-align: justify;\"><span style=\"font-family: helvetica, arial, sans-serif;\"><span style=\"font-weight: 400;\">En medio de los rumores que daban por hecho la salida de<\/span><b> Ricardo Gareca a la Selecci\u00f3n Chilena<\/b><span style=\"font-weight: 400;\">, este viernes el presidente de la Federaci\u00f3n de ese pa\u00eds, Pablo Milad, ratific\u00f3 en su cargo al entrenador argentino.<\/span><\/span><\/p>\n<p style=\"text-align: justify;\"><span style=\"font-family: helvetica, arial, sans-serif;\">\u201cLe preguntamos por la presi\u00f3n del estadio, no es f\u00e1cil vivirlo, ya nos ocurri\u00f3 con Berizzo. <strong>Est\u00e1 con toda la fuerza de seguir. H<\/strong>ubo muchos comentarios sobre su renuncia y \u00e9l dijo que nunca pens\u00f3 en eso\u201d, dijo el presidente de la Asociaci\u00f3n Chilena.<\/span><\/p>\n<p style=\"text-align: justify;\"><span style=\"font-family: helvetica, arial, sans-serif;\"><b>En las \u00faltimas horas desde Chile aseguraron que Gareca<\/b><span style=\"font-weight: 400;\"> no seguir\u00eda en el cargo, mientras la Selecci\u00f3n est\u00e1 pr\u00e1cticamente eliminada del Mundial y las opciones de conseguir la clasificaci\u00f3n son m\u00ednimas.\u00a0<\/span><\/span><\/p>\n<p style=\"text-align: justify;\"><span style=\"font-family: helvetica, arial, sans-serif;\"><span style=\"font-weight: 400;\">Es por esto que el presidente de la <\/span><b>Federaci\u00f3n Chilena sali\u00f3 a aclarar que el entrenador seguir\u00eda en su cargo<\/b><span style=\"font-weight: 400;\">, por lo menos en las dos pr\u00f3ximas fechas de las Eliminatorias, contra Argentina y Bolivia.\u00a0<\/span><\/span><\/p>\n<p style=\"text-align: justify;\"><span style=\"font-family: helvetica, arial, sans-serif;\"><span style=\"font-weight: 400;\">As\u00ed las cosas, Chile seguir\u00e1 en la pelea por salir del \u00faltimo lugar de la tabla y llegar al menos a la s\u00e9ptima posici\u00f3n, donde asegurar\u00eda ir a repechaje para obtener un <\/span><b>cupo al Mundial.<\/b><\/span><\/p>\n","protected":false},"excerpt":{"rendered":"<p>En medio de los rumores que daban por hecho la salida de Ricardo Gareca a la Selecci\u00f3n Chilena, este viernes el presidente de la Federaci\u00f3n de ese pa\u00eds, Pablo Milad, ratific\u00f3 en su cargo al entrenador argentino. \u201cLe preguntamos por la presi\u00f3n del estadio, no es f\u00e1cil vivirlo, ya nos ocurri\u00f3 con Berizzo. Est\u00e1 con [&hellip;]<\/p>\n","protected":false},"author":4,"featured_media":117800,"comment_status":"open","ping_status":"open","sticky":false,"template":"","format":"standard","meta":{"_acf_changed":false,"footnotes":""},"categories":[152],"tags":[],"class_list":{"0":"post-117799","1":"post","2":"type-post","3":"status-publish","4":"format-standard","5":"has-post-thumbnail","7":"category-mundo-futbol"},"acf":[],"yoast_head":"<!-- This site is optimized with the Yoast SEO plugin v26.8 - https:\/\/yoast.com\/product\/yoast-seo-wordpress\/ -->\n<title>Chile, pr\u00e1cticamente eliminado, ratific\u00f3 a Ricardo Gareca -<\/title>\n<meta name=\"robots\" content=\"index, follow, max-snippet:-1, max-image-preview:large, max-video-preview:-1\" \/>\n<link rel=\"canonical\" href=\"https:\/\/futbolhoy.co\/index.php\/2025\/03\/28\/chile-practicamente-eliminado-ratifico-a-ricardo-gareca\/\" \/>\n<meta property=\"og:locale\" content=\"es_ES\" \/>\n<meta property=\"og:type\" content=\"article\" \/>\n<meta property=\"og:title\" content=\"Chile, pr\u00e1cticamente eliminado, ratific\u00f3 a Ricardo Gareca -\" \/>\n<meta property=\"og:description\" content=\"En medio de los rumores que daban por hecho la salida de Ricardo Gareca a la Selecci\u00f3n Chilena, este viernes el presidente de la Federaci\u00f3n de ese pa\u00eds, Pablo Milad, ratific\u00f3 en su cargo al entrenador argentino. \u201cLe preguntamos por la presi\u00f3n del estadio, no es f\u00e1cil vivirlo, ya nos ocurri\u00f3 con Berizzo. Est\u00e1 con [&hellip;]\" \/>\n<meta property=\"og:url\" content=\"https:\/\/futbolhoy.co\/index.php\/2025\/03\/28\/chile-practicamente-eliminado-ratifico-a-ricardo-gareca\/\" \/>\n<meta property=\"article:publisher\" content=\"https:\/\/www.facebook.com\/FutbolHoyCol\/\" \/>\n<meta property=\"article:published_time\" content=\"2025-03-28T22:52:37+00:00\" \/>\n<meta property=\"article:modified_time\" content=\"2025-03-30T17:46:40+00:00\" \/>\n<meta property=\"og:image\" content=\"https:\/\/futbolhoy.co\/wp-content\/uploads\/2025\/03\/Captura-de-pantalla-2025-03-28-a-las-5.50.07\u202fp.-m-1024x740.png\" \/>\n\t<meta property=\"og:image:width\" content=\"1024\" \/>\n\t<meta property=\"og:image:height\" content=\"740\" \/>\n\t<meta property=\"og:image:type\" content=\"image\/png\" \/>\n<meta name=\"author\" content=\"contenido\" \/>\n<meta name=\"twitter:card\" content=\"summary_large_image\" \/>\n<meta name=\"twitter:creator\" content=\"@FutbolHoyCol\" \/>\n<meta name=\"twitter:site\" content=\"@FutbolHoyCol\" \/>\n<meta name=\"twitter:label1\" content=\"Escrito por\" \/>\n\t<meta name=\"twitter:data1\" content=\"contenido\" \/>\n\t<meta name=\"twitter:label2\" content=\"Tiempo de lectura\" \/>\n\t<meta name=\"twitter:data2\" content=\"1 minuto\" \/>\n<script type=\"application\/ld+json\" class=\"yoast-schema-graph\">{\"@context\":\"https:\/\/schema.org\",\"@graph\":[{\"@type\":\"Article\",\"@id\":\"https:\/\/futbolhoy.co\/index.php\/2025\/03\/28\/chile-practicamente-eliminado-ratifico-a-ricardo-gareca\/#article\",\"isPartOf\":{\"@id\":\"https:\/\/futbolhoy.co\/index.php\/2025\/03\/28\/chile-practicamente-eliminado-ratifico-a-ricardo-gareca\/\"},\"author\":{\"name\":\"contenido\",\"@id\":\"https:\/\/futbolhoy.co\/#\/schema\/person\/1721b69355b6623eaff15ac7b92d4cc3\"},\"headline\":\"Chile, pr\u00e1cticamente eliminado, ratific\u00f3 a Ricardo Gareca\",\"datePublished\":\"2025-03-28T22:52:37+00:00\",\"dateModified\":\"2025-03-30T17:46:40+00:00\",\"mainEntityOfPage\":{\"@id\":\"https:\/\/futbolhoy.co\/index.php\/2025\/03\/28\/chile-practicamente-eliminado-ratifico-a-ricardo-gareca\/\"},\"wordCount\":207,\"commentCount\":0,\"publisher\":{\"@id\":\"https:\/\/futbolhoy.co\/#organization\"},\"image\":{\"@id\":\"https:\/\/futbolhoy.co\/index.php\/2025\/03\/28\/chile-practicamente-eliminado-ratifico-a-ricardo-gareca\/#primaryimage\"},\"thumbnailUrl\":\"https:\/\/futbolhoy.co\/wp-content\/uploads\/2025\/03\/Captura-de-pantalla-2025-03-28-a-las-5.50.07\u202fp.-m.png\",\"articleSection\":[\"Mundo Futbol\"],\"inLanguage\":\"es\",\"potentialAction\":[{\"@type\":\"CommentAction\",\"name\":\"Comment\",\"target\":[\"https:\/\/futbolhoy.co\/index.php\/2025\/03\/28\/chile-practicamente-eliminado-ratifico-a-ricardo-gareca\/#respond\"]}]},{\"@type\":\"WebPage\",\"@id\":\"https:\/\/futbolhoy.co\/index.php\/2025\/03\/28\/chile-practicamente-eliminado-ratifico-a-ricardo-gareca\/\",\"url\":\"https:\/\/futbolhoy.co\/index.php\/2025\/03\/28\/chile-practicamente-eliminado-ratifico-a-ricardo-gareca\/\",\"name\":\"Chile, pr\u00e1cticamente eliminado, ratific\u00f3 a Ricardo Gareca -\",\"isPartOf\":{\"@id\":\"https:\/\/futbolhoy.co\/#website\"},\"primaryImageOfPage\":{\"@id\":\"https:\/\/futbolhoy.co\/index.php\/2025\/03\/28\/chile-practicamente-eliminado-ratifico-a-ricardo-gareca\/#primaryimage\"},\"image\":{\"@id\":\"https:\/\/futbolhoy.co\/index.php\/2025\/03\/28\/chile-practicamente-eliminado-ratifico-a-ricardo-gareca\/#primaryimage\"},\"thumbnailUrl\":\"https:\/\/futbolhoy.co\/wp-content\/uploads\/2025\/03\/Captura-de-pantalla-2025-03-28-a-las-5.50.07\u202fp.-m.png\",\"datePublished\":\"2025-03-28T22:52:37+00:00\",\"dateModified\":\"2025-03-30T17:46:40+00:00\",\"breadcrumb\":{\"@id\":\"https:\/\/futbolhoy.co\/index.php\/2025\/03\/28\/chile-practicamente-eliminado-ratifico-a-ricardo-gareca\/#breadcrumb\"},\"inLanguage\":\"es\",\"potentialAction\":[{\"@type\":\"ReadAction\",\"target\":[\"https:\/\/futbolhoy.co\/index.php\/2025\/03\/28\/chile-practicamente-eliminado-ratifico-a-ricardo-gareca\/\"]}]},{\"@type\":\"ImageObject\",\"inLanguage\":\"es\",\"@id\":\"https:\/\/futbolhoy.co\/index.php\/2025\/03\/28\/chile-practicamente-eliminado-ratifico-a-ricardo-gareca\/#primaryimage\",\"url\":\"https:\/\/futbolhoy.co\/wp-content\/uploads\/2025\/03\/Captura-de-pantalla-2025-03-28-a-las-5.50.07\u202fp.-m.png\",\"contentUrl\":\"https:\/\/futbolhoy.co\/wp-content\/uploads\/2025\/03\/Captura-de-pantalla-2025-03-28-a-las-5.50.07\u202fp.-m.png\",\"width\":1616,\"height\":1168},{\"@type\":\"BreadcrumbList\",\"@id\":\"https:\/\/futbolhoy.co\/index.php\/2025\/03\/28\/chile-practicamente-eliminado-ratifico-a-ricardo-gareca\/#breadcrumb\",\"itemListElement\":[{\"@type\":\"ListItem\",\"position\":1,\"name\":\"Portada\",\"item\":\"https:\/\/futbolhoy.co\/\"},{\"@type\":\"ListItem\",\"position\":2,\"name\":\"Chile, pr\u00e1cticamente eliminado, ratific\u00f3 a Ricardo Gareca\"}]},{\"@type\":\"WebSite\",\"@id\":\"https:\/\/futbolhoy.co\/#website\",\"url\":\"https:\/\/futbolhoy.co\/\",\"name\":\"FutbolHoy\",\"description\":\"\",\"publisher\":{\"@id\":\"https:\/\/futbolhoy.co\/#organization\"},\"potentialAction\":[{\"@type\":\"SearchAction\",\"target\":{\"@type\":\"EntryPoint\",\"urlTemplate\":\"https:\/\/futbolhoy.co\/?s={search_term_string}\"},\"query-input\":{\"@type\":\"PropertyValueSpecification\",\"valueRequired\":true,\"valueName\":\"search_term_string\"}}],\"inLanguage\":\"es\"},{\"@type\":\"Organization\",\"@id\":\"https:\/\/futbolhoy.co\/#organization\",\"name\":\"Futbolhoy.co\",\"url\":\"https:\/\/futbolhoy.co\/\",\"logo\":{\"@type\":\"ImageObject\",\"inLanguage\":\"es\",\"@id\":\"https:\/\/futbolhoy.co\/#\/schema\/logo\/image\/\",\"url\":\"https:\/\/futbolhoy.co\/wp-content\/uploads\/2018\/08\/17426380_1906371736249227_6326180412931521141_n.jpg\",\"contentUrl\":\"https:\/\/futbolhoy.co\/wp-content\/uploads\/2018\/08\/17426380_1906371736249227_6326180412931521141_n.jpg\",\"width\":960,\"height\":960,\"caption\":\"Futbolhoy.co\"},\"image\":{\"@id\":\"https:\/\/futbolhoy.co\/#\/schema\/logo\/image\/\"},\"sameAs\":[\"https:\/\/www.facebook.com\/FutbolHoyCol\/\",\"https:\/\/x.com\/FutbolHoyCol\",\"https:\/\/www.instagram.com\/futbolhoycol\/\"]},{\"@type\":\"Person\",\"@id\":\"https:\/\/futbolhoy.co\/#\/schema\/person\/1721b69355b6623eaff15ac7b92d4cc3\",\"name\":\"contenido\",\"image\":{\"@type\":\"ImageObject\",\"inLanguage\":\"es\",\"@id\":\"https:\/\/futbolhoy.co\/#\/schema\/person\/image\/\",\"url\":\"https:\/\/secure.gravatar.com\/avatar\/4f656d3256f5134f466206e7c3941518?s=96&d=mm&r=g\",\"contentUrl\":\"https:\/\/secure.gravatar.com\/avatar\/4f656d3256f5134f466206e7c3941518?s=96&d=mm&r=g\",\"caption\":\"contenido\"}}]}<\/script>\n<!-- \/ Yoast SEO plugin. -->","yoast_head_json":{"title":"Chile, pr\u00e1cticamente eliminado, ratific\u00f3 a Ricardo Gareca -","robots":{"index":"index","follow":"follow","max-snippet":"max-snippet:-1","max-image-preview":"max-image-preview:large","max-video-preview":"max-video-preview:-1"},"canonical":"https:\/\/futbolhoy.co\/index.php\/2025\/03\/28\/chile-practicamente-eliminado-ratifico-a-ricardo-gareca\/","og_locale":"es_ES","og_type":"article","og_title":"Chile, pr\u00e1cticamente eliminado, ratific\u00f3 a Ricardo Gareca -","og_description":"En medio de los rumores que daban por hecho la salida de Ricardo Gareca a la Selecci\u00f3n Chilena, este viernes el presidente de la Federaci\u00f3n de ese pa\u00eds, Pablo Milad, ratific\u00f3 en su cargo al entrenador argentino. \u201cLe preguntamos por la presi\u00f3n del estadio, no es f\u00e1cil vivirlo, ya nos ocurri\u00f3 con Berizzo. Est\u00e1 con [&hellip;]","og_url":"https:\/\/futbolhoy.co\/index.php\/2025\/03\/28\/chile-practicamente-eliminado-ratifico-a-ricardo-gareca\/","article_publisher":"https:\/\/www.facebook.com\/FutbolHoyCol\/","article_published_time":"2025-03-28T22:52:37+00:00","article_modified_time":"2025-03-30T17:46:40+00:00","og_image":[{"width":1024,"height":740,"url":"https:\/\/futbolhoy.co\/wp-content\/uploads\/2025\/03\/Captura-de-pantalla-2025-03-28-a-las-5.50.07\u202fp.-m-1024x740.png","type":"image\/png"}],"author":"contenido","twitter_card":"summary_large_image","twitter_creator":"@FutbolHoyCol","twitter_site":"@FutbolHoyCol","twitter_misc":{"Escrito por":"contenido","Tiempo de lectura":"1 minuto"},"schema":{"@context":"https:\/\/schema.org","@graph":[{"@type":"Article","@id":"https:\/\/futbolhoy.co\/index.php\/2025\/03\/28\/chile-practicamente-eliminado-ratifico-a-ricardo-gareca\/#article","isPartOf":{"@id":"https:\/\/futbolhoy.co\/index.php\/2025\/03\/28\/chile-practicamente-eliminado-ratifico-a-ricardo-gareca\/"},"author":{"name":"contenido","@id":"https:\/\/futbolhoy.co\/#\/schema\/person\/1721b69355b6623eaff15ac7b92d4cc3"},"headline":"Chile, pr\u00e1cticamente eliminado, ratific\u00f3 a Ricardo Gareca","datePublished":"2025-03-28T22:52:37+00:00","dateModified":"2025-03-30T17:46:40+00:00","mainEntityOfPage":{"@id":"https:\/\/futbolhoy.co\/index.php\/2025\/03\/28\/chile-practicamente-eliminado-ratifico-a-ricardo-gareca\/"},"wordCount":207,"commentCount":0,"publisher":{"@id":"https:\/\/futbolhoy.co\/#organization"},"image":{"@id":"https:\/\/futbolhoy.co\/index.php\/2025\/03\/28\/chile-practicamente-eliminado-ratifico-a-ricardo-gareca\/#primaryimage"},"thumbnailUrl":"https:\/\/futbolhoy.co\/wp-content\/uploads\/2025\/03\/Captura-de-pantalla-2025-03-28-a-las-5.50.07\u202fp.-m.png","articleSection":["Mundo Futbol"],"inLanguage":"es","potentialAction":[{"@type":"CommentAction","name":"Comment","target":["https:\/\/futbolhoy.co\/index.php\/2025\/03\/28\/chile-practicamente-eliminado-ratifico-a-ricardo-gareca\/#respond"]}]},{"@type":"WebPage","@id":"https:\/\/futbolhoy.co\/index.php\/2025\/03\/28\/chile-practicamente-eliminado-ratifico-a-ricardo-gareca\/","url":"https:\/\/futbolhoy.co\/index.php\/2025\/03\/28\/chile-practicamente-eliminado-ratifico-a-ricardo-gareca\/","name":"Chile, pr\u00e1cticamente eliminado, ratific\u00f3 a Ricardo Gareca -","isPartOf":{"@id":"https:\/\/futbolhoy.co\/#website"},"primaryImageOfPage":{"@id":"https:\/\/futbolhoy.co\/index.php\/2025\/03\/28\/chile-practicamente-eliminado-ratifico-a-ricardo-gareca\/#primaryimage"},"image":{"@id":"https:\/\/futbolhoy.co\/index.php\/2025\/03\/28\/chile-practicamente-eliminado-ratifico-a-ricardo-gareca\/#primaryimage"},"thumbnailUrl":"https:\/\/futbolhoy.co\/wp-content\/uploads\/2025\/03\/Captura-de-pantalla-2025-03-28-a-las-5.50.07\u202fp.-m.png","datePublished":"2025-03-28T22:52:37+00:00","dateModified":"2025-03-30T17:46:40+00:00","breadcrumb":{"@id":"https:\/\/futbolhoy.co\/index.php\/2025\/03\/28\/chile-practicamente-eliminado-ratifico-a-ricardo-gareca\/#breadcrumb"},"inLanguage":"es","potentialAction":[{"@type":"ReadAction","target":["https:\/\/futbolhoy.co\/index.php\/2025\/03\/28\/chile-practicamente-eliminado-ratifico-a-ricardo-gareca\/"]}]},{"@type":"ImageObject","inLanguage":"es","@id":"https:\/\/futbolhoy.co\/index.php\/2025\/03\/28\/chile-practicamente-eliminado-ratifico-a-ricardo-gareca\/#primaryimage","url":"https:\/\/futbolhoy.co\/wp-content\/uploads\/2025\/03\/Captura-de-pantalla-2025-03-28-a-las-5.50.07\u202fp.-m.png","contentUrl":"https:\/\/futbolhoy.co\/wp-content\/uploads\/2025\/03\/Captura-de-pantalla-2025-03-28-a-las-5.50.07\u202fp.-m.png","width":1616,"height":1168},{"@type":"BreadcrumbList","@id":"https:\/\/futbolhoy.co\/index.php\/2025\/03\/28\/chile-practicamente-eliminado-ratifico-a-ricardo-gareca\/#breadcrumb","itemListElement":[{"@type":"ListItem","position":1,"name":"Portada","item":"https:\/\/futbolhoy.co\/"},{"@type":"ListItem","position":2,"name":"Chile, pr\u00e1cticamente eliminado, ratific\u00f3 a Ricardo Gareca"}]},{"@type":"WebSite","@id":"https:\/\/futbolhoy.co\/#website","url":"https:\/\/futbolhoy.co\/","name":"FutbolHoy","description":"","publisher":{"@id":"https:\/\/futbolhoy.co\/#organization"},"potentialAction":[{"@type":"SearchAction","target":{"@type":"EntryPoint","urlTemplate":"https:\/\/futbolhoy.co\/?s={search_term_string}"},"query-input":{"@type":"PropertyValueSpecification","valueRequired":true,"valueName":"search_term_string"}}],"inLanguage":"es"},{"@type":"Organization","@id":"https:\/\/futbolhoy.co\/#organization","name":"Futbolhoy.co","url":"https:\/\/futbolhoy.co\/","logo":{"@type":"ImageObject","inLanguage":"es","@id":"https:\/\/futbolhoy.co\/#\/schema\/logo\/image\/","url":"https:\/\/futbolhoy.co\/wp-content\/uploads\/2018\/08\/17426380_1906371736249227_6326180412931521141_n.jpg","contentUrl":"https:\/\/futbolhoy.co\/wp-content\/uploads\/2018\/08\/17426380_1906371736249227_6326180412931521141_n.jpg","width":960,"height":960,"caption":"Futbolhoy.co"},"image":{"@id":"https:\/\/futbolhoy.co\/#\/schema\/logo\/image\/"},"sameAs":["https:\/\/www.facebook.com\/FutbolHoyCol\/","https:\/\/x.com\/FutbolHoyCol","https:\/\/www.instagram.com\/futbolhoycol\/"]},{"@type":"Person","@id":"https:\/\/futbolhoy.co\/#\/schema\/person\/1721b69355b6623eaff15ac7b92d4cc3","name":"contenido","image":{"@type":"ImageObject","inLanguage":"es","@id":"https:\/\/futbolhoy.co\/#\/schema\/person\/image\/","url":"https:\/\/secure.gravatar.com\/avatar\/4f656d3256f5134f466206e7c3941518?s=96&d=mm&r=g","contentUrl":"https:\/\/secure.gravatar.com\/avatar\/4f656d3256f5134f466206e7c3941518?s=96&d=mm&r=g","caption":"contenido"}}]}},"publishpress_future_action":{"enabled":false,"date":"2026-05-04 02:47:29","action":"change-status","newStatus":"draft","terms":[],"taxonomy":"category","extraData":[]},"publishpress_future_workflow_manual_trigger":{"enabledWorkflows":[]},"_links":{"self":[{"href":"https:\/\/futbolhoy.co\/index.php\/wp-json\/wp\/v2\/posts\/117799","targetHints":{"allow":["GET"]}}],"collection":[{"href":"https:\/\/futbolhoy.co\/index.php\/wp-json\/wp\/v2\/posts"}],"about":[{"href":"https:\/\/futbolhoy.co\/index.php\/wp-json\/wp\/v2\/types\/post"}],"author":[{"embeddable":true,"href":"https:\/\/futbolhoy.co\/index.php\/wp-json\/wp\/v2\/users\/4"}],"replies":[{"embeddable":true,"href":"https:\/\/futbolhoy.co\/index.php\/wp-json\/wp\/v2\/comments?post=117799"}],"version-history":[{"count":1,"href":"https:\/\/futbolhoy.co\/index.php\/wp-json\/wp\/v2\/posts\/117799\/revisions"}],"predecessor-version":[{"id":117802,"href":"https:\/\/futbolhoy.co\/index.php\/wp-json\/wp\/v2\/posts\/117799\/revisions\/117802"}],"wp:featuredmedia":[{"embeddable":true,"href":"https:\/\/futbolhoy.co\/index.php\/wp-json\/wp\/v2\/media\/117800"}],"wp:attachment":[{"href":"https:\/\/futbolhoy.co\/index.php\/wp-json\/wp\/v2\/media?parent=117799"}],"wp:term":[{"taxonomy":"category","embeddable":true,"href":"https:\/\/futbolhoy.co\/index.php\/wp-json\/wp\/v2\/categories?post=117799"},{"taxonomy":"post_tag","embeddable":true,"href":"https:\/\/futbolhoy.co\/index.php\/wp-json\/wp\/v2\/tags?post=117799"}],"curies":[{"name":"wp","href":"https:\/\/api.w.org\/{rel}","templated":true}]}}