{"id":117803,"date":"2025-03-28T21:17:36","date_gmt":"2025-03-29T02:17:36","guid":{"rendered":"https:\/\/futbolhoy.co\/?p=117803"},"modified":"2025-03-30T15:38:20","modified_gmt":"2025-03-30T20:38:20","slug":"las-convocadas-de-colombia-para-enfrentar-a-japon","status":"publish","type":"post","link":"https:\/\/futbolhoy.co\/index.php\/2025\/03\/28\/las-convocadas-de-colombia-para-enfrentar-a-japon\/","title":{"rendered":"Las convocadas de Colombia para enfrentar a Jap\u00f3n"},"content":{"rendered":"<p style=\"text-align: justify;\"><span style=\"font-family: helvetica, arial, sans-serif;\">La <strong>Selecci\u00f3n Colombia<\/strong> dio a conocer la lista de 23 jugadoras para enfrentar a Jap\u00f3n en el pr\u00f3ximo duelo amistoso en territorio asi\u00e1tico, que servir\u00e1 como preparaci\u00f3n para la Copa Am\u00e9rica femenina 2025. <\/span><\/p>\n<p style=\"text-align: justify;\"><span style=\"font-family: helvetica, arial, sans-serif;\">El t\u00e9cnico Angelo Marsiglia entreg\u00f3 la lista de jugadoras que buscar\u00e1n un triunfo en el juego amistoso ante las japonesas, <strong>quienes el pasado mes de febrero vencieron 4-1 a la Tricolor en la She Believes Cup<\/strong> en Estados Unidos.<\/span><\/p>\n<p style=\"text-align: justify;\"><span style=\"font-family: helvetica, arial, sans-serif;\">En la convocatoria no aparece <strong>Linda Caicedo del Real Madrid ni Daniela Montoya de Gremio.<\/strong><\/span><\/p>\n<p style=\"text-align: justify;\"><strong><span style=\"font-family: helvetica, arial, sans-serif;\">Convocadas de Colombia para el amistoso ante Jap\u00f3n<\/span><\/strong><\/p>\n<p style=\"text-align: justify;\"><span style=\"font-family: helvetica, arial, sans-serif;\">Arqueras: Natalia Giraldo (Am\u00e9rica), Katherine Tapia (Palmeiras, BRA), Luisa Agudelo (Cali).<\/span><\/p>\n<p style=\"text-align: justify;\"><span style=\"font-family: helvetica, arial, sans-serif;\">Defensas: Yunaira L\u00f3pez (Lexington Sporting Club, USA), Yirleidis Quejada (Pachuca, MEX), Mary Jos\u00e9 \u00c1lvarez (Atl\u00e9tico Nacional), Daniela Caracas (Espanyol, ESP), Daniela Arias (San Diego Wave, ESP), Cristina Motta (Santa Fe), Carolina Arias (Am\u00e9rica), \u00c1ngela Bar\u00f3n (Racing Louisville, USA).<\/span><\/p>\n<p style=\"text-align: justify;\"><span style=\"font-family: helvetica, arial, sans-serif;\">Mediocampistas: Sara Mart\u00ednez (Atl\u00e9tico Nacional), Marcela Restrepo (Monterrey, MEX), Lorena Bedoya (Cruzeiro, BRA), Liced Serna (C.D. Alba Fundaci\u00f3n, ESP), Leicy Santos (Washington Spirit, USA), Catalina Usme (Galatasaray, TUR).<\/span><\/p>\n<p style=\"text-align: justify;\"><span style=\"font-family: helvetica, arial, sans-serif;\">Delanteras: Wendy Bonilla (Pumas, MEX), Mayra Ram\u00edrez (Chelsea, ING), Mariana Zamorano (Santa Fe), Manuela Pavi (West Ham, ING), Karla Torres (Leicester, ING), Gisela Robledo (Corinthians, BRA).<\/span><\/p>\n","protected":false},"excerpt":{"rendered":"<p>La Selecci\u00f3n Colombia dio a conocer la lista de 23 jugadoras para enfrentar a Jap\u00f3n en el pr\u00f3ximo duelo amistoso en territorio asi\u00e1tico, que servir\u00e1 como preparaci\u00f3n para la Copa Am\u00e9rica femenina 2025. El t\u00e9cnico Angelo Marsiglia entreg\u00f3 la lista de jugadoras que buscar\u00e1n un triunfo en el juego amistoso ante las japonesas, quienes el [&hellip;]<\/p>\n","protected":false},"author":4,"featured_media":117804,"comment_status":"open","ping_status":"open","sticky":false,"template":"","format":"standard","meta":{"_acf_changed":false,"footnotes":""},"categories":[418],"tags":[],"class_list":{"0":"post-117803","1":"post","2":"type-post","3":"status-publish","4":"format-standard","5":"has-post-thumbnail","7":"category-colombia"},"acf":[],"yoast_head":"<!-- This site is optimized with the Yoast SEO plugin v26.8 - https:\/\/yoast.com\/product\/yoast-seo-wordpress\/ -->\n<title>Las convocadas de Colombia para enfrentar a Jap\u00f3n -<\/title>\n<meta name=\"robots\" content=\"index, follow, max-snippet:-1, max-image-preview:large, max-video-preview:-1\" \/>\n<link rel=\"canonical\" href=\"https:\/\/futbolhoy.co\/index.php\/2025\/03\/28\/las-convocadas-de-colombia-para-enfrentar-a-japon\/\" \/>\n<meta property=\"og:locale\" content=\"es_ES\" \/>\n<meta property=\"og:type\" content=\"article\" \/>\n<meta property=\"og:title\" content=\"Las convocadas de Colombia para enfrentar a Jap\u00f3n -\" \/>\n<meta property=\"og:description\" content=\"La Selecci\u00f3n Colombia dio a conocer la lista de 23 jugadoras para enfrentar a Jap\u00f3n en el pr\u00f3ximo duelo amistoso en territorio asi\u00e1tico, que servir\u00e1 como preparaci\u00f3n para la Copa Am\u00e9rica femenina 2025. El t\u00e9cnico Angelo Marsiglia entreg\u00f3 la lista de jugadoras que buscar\u00e1n un triunfo en el juego amistoso ante las japonesas, quienes el [&hellip;]\" \/>\n<meta property=\"og:url\" content=\"https:\/\/futbolhoy.co\/index.php\/2025\/03\/28\/las-convocadas-de-colombia-para-enfrentar-a-japon\/\" \/>\n<meta property=\"article:publisher\" content=\"https:\/\/www.facebook.com\/FutbolHoyCol\/\" \/>\n<meta property=\"article:published_time\" content=\"2025-03-29T02:17:36+00:00\" \/>\n<meta property=\"article:modified_time\" content=\"2025-03-30T20:38:20+00:00\" \/>\n<meta property=\"og:image\" content=\"https:\/\/futbolhoy.co\/wp-content\/uploads\/2025\/03\/IMG_2283.jpeg\" \/>\n\t<meta property=\"og:image:width\" content=\"1260\" \/>\n\t<meta property=\"og:image:height\" content=\"740\" \/>\n\t<meta property=\"og:image:type\" content=\"image\/jpeg\" \/>\n<meta name=\"author\" content=\"contenido\" \/>\n<meta name=\"twitter:card\" content=\"summary_large_image\" \/>\n<meta name=\"twitter:creator\" content=\"@FutbolHoyCol\" \/>\n<meta name=\"twitter:site\" content=\"@FutbolHoyCol\" \/>\n<meta name=\"twitter:label1\" content=\"Escrito por\" \/>\n\t<meta name=\"twitter:data1\" content=\"contenido\" \/>\n\t<meta name=\"twitter:label2\" content=\"Tiempo de lectura\" \/>\n\t<meta name=\"twitter:data2\" content=\"1 minuto\" \/>\n<script type=\"application\/ld+json\" class=\"yoast-schema-graph\">{\"@context\":\"https:\/\/schema.org\",\"@graph\":[{\"@type\":\"Article\",\"@id\":\"https:\/\/futbolhoy.co\/index.php\/2025\/03\/28\/las-convocadas-de-colombia-para-enfrentar-a-japon\/#article\",\"isPartOf\":{\"@id\":\"https:\/\/futbolhoy.co\/index.php\/2025\/03\/28\/las-convocadas-de-colombia-para-enfrentar-a-japon\/\"},\"author\":{\"name\":\"contenido\",\"@id\":\"https:\/\/futbolhoy.co\/#\/schema\/person\/1721b69355b6623eaff15ac7b92d4cc3\"},\"headline\":\"Las convocadas de Colombia para enfrentar a Jap\u00f3n\",\"datePublished\":\"2025-03-29T02:17:36+00:00\",\"dateModified\":\"2025-03-30T20:38:20+00:00\",\"mainEntityOfPage\":{\"@id\":\"https:\/\/futbolhoy.co\/index.php\/2025\/03\/28\/las-convocadas-de-colombia-para-enfrentar-a-japon\/\"},\"wordCount\":224,\"commentCount\":0,\"publisher\":{\"@id\":\"https:\/\/futbolhoy.co\/#organization\"},\"image\":{\"@id\":\"https:\/\/futbolhoy.co\/index.php\/2025\/03\/28\/las-convocadas-de-colombia-para-enfrentar-a-japon\/#primaryimage\"},\"thumbnailUrl\":\"https:\/\/futbolhoy.co\/wp-content\/uploads\/2025\/03\/IMG_2283.jpeg\",\"articleSection\":[\"Colombia\"],\"inLanguage\":\"es\",\"potentialAction\":[{\"@type\":\"CommentAction\",\"name\":\"Comment\",\"target\":[\"https:\/\/futbolhoy.co\/index.php\/2025\/03\/28\/las-convocadas-de-colombia-para-enfrentar-a-japon\/#respond\"]}]},{\"@type\":\"WebPage\",\"@id\":\"https:\/\/futbolhoy.co\/index.php\/2025\/03\/28\/las-convocadas-de-colombia-para-enfrentar-a-japon\/\",\"url\":\"https:\/\/futbolhoy.co\/index.php\/2025\/03\/28\/las-convocadas-de-colombia-para-enfrentar-a-japon\/\",\"name\":\"Las convocadas de Colombia para enfrentar a Jap\u00f3n -\",\"isPartOf\":{\"@id\":\"https:\/\/futbolhoy.co\/#website\"},\"primaryImageOfPage\":{\"@id\":\"https:\/\/futbolhoy.co\/index.php\/2025\/03\/28\/las-convocadas-de-colombia-para-enfrentar-a-japon\/#primaryimage\"},\"image\":{\"@id\":\"https:\/\/futbolhoy.co\/index.php\/2025\/03\/28\/las-convocadas-de-colombia-para-enfrentar-a-japon\/#primaryimage\"},\"thumbnailUrl\":\"https:\/\/futbolhoy.co\/wp-content\/uploads\/2025\/03\/IMG_2283.jpeg\",\"datePublished\":\"2025-03-29T02:17:36+00:00\",\"dateModified\":\"2025-03-30T20:38:20+00:00\",\"breadcrumb\":{\"@id\":\"https:\/\/futbolhoy.co\/index.php\/2025\/03\/28\/las-convocadas-de-colombia-para-enfrentar-a-japon\/#breadcrumb\"},\"inLanguage\":\"es\",\"potentialAction\":[{\"@type\":\"ReadAction\",\"target\":[\"https:\/\/futbolhoy.co\/index.php\/2025\/03\/28\/las-convocadas-de-colombia-para-enfrentar-a-japon\/\"]}]},{\"@type\":\"ImageObject\",\"inLanguage\":\"es\",\"@id\":\"https:\/\/futbolhoy.co\/index.php\/2025\/03\/28\/las-convocadas-de-colombia-para-enfrentar-a-japon\/#primaryimage\",\"url\":\"https:\/\/futbolhoy.co\/wp-content\/uploads\/2025\/03\/IMG_2283.jpeg\",\"contentUrl\":\"https:\/\/futbolhoy.co\/wp-content\/uploads\/2025\/03\/IMG_2283.jpeg\",\"width\":1260,\"height\":740},{\"@type\":\"BreadcrumbList\",\"@id\":\"https:\/\/futbolhoy.co\/index.php\/2025\/03\/28\/las-convocadas-de-colombia-para-enfrentar-a-japon\/#breadcrumb\",\"itemListElement\":[{\"@type\":\"ListItem\",\"position\":1,\"name\":\"Portada\",\"item\":\"https:\/\/futbolhoy.co\/\"},{\"@type\":\"ListItem\",\"position\":2,\"name\":\"Las convocadas de Colombia para enfrentar a Jap\u00f3n\"}]},{\"@type\":\"WebSite\",\"@id\":\"https:\/\/futbolhoy.co\/#website\",\"url\":\"https:\/\/futbolhoy.co\/\",\"name\":\"FutbolHoy\",\"description\":\"\",\"publisher\":{\"@id\":\"https:\/\/futbolhoy.co\/#organization\"},\"potentialAction\":[{\"@type\":\"SearchAction\",\"target\":{\"@type\":\"EntryPoint\",\"urlTemplate\":\"https:\/\/futbolhoy.co\/?s={search_term_string}\"},\"query-input\":{\"@type\":\"PropertyValueSpecification\",\"valueRequired\":true,\"valueName\":\"search_term_string\"}}],\"inLanguage\":\"es\"},{\"@type\":\"Organization\",\"@id\":\"https:\/\/futbolhoy.co\/#organization\",\"name\":\"Futbolhoy.co\",\"url\":\"https:\/\/futbolhoy.co\/\",\"logo\":{\"@type\":\"ImageObject\",\"inLanguage\":\"es\",\"@id\":\"https:\/\/futbolhoy.co\/#\/schema\/logo\/image\/\",\"url\":\"https:\/\/futbolhoy.co\/wp-content\/uploads\/2018\/08\/17426380_1906371736249227_6326180412931521141_n.jpg\",\"contentUrl\":\"https:\/\/futbolhoy.co\/wp-content\/uploads\/2018\/08\/17426380_1906371736249227_6326180412931521141_n.jpg\",\"width\":960,\"height\":960,\"caption\":\"Futbolhoy.co\"},\"image\":{\"@id\":\"https:\/\/futbolhoy.co\/#\/schema\/logo\/image\/\"},\"sameAs\":[\"https:\/\/www.facebook.com\/FutbolHoyCol\/\",\"https:\/\/x.com\/FutbolHoyCol\",\"https:\/\/www.instagram.com\/futbolhoycol\/\"]},{\"@type\":\"Person\",\"@id\":\"https:\/\/futbolhoy.co\/#\/schema\/person\/1721b69355b6623eaff15ac7b92d4cc3\",\"name\":\"contenido\",\"image\":{\"@type\":\"ImageObject\",\"inLanguage\":\"es\",\"@id\":\"https:\/\/futbolhoy.co\/#\/schema\/person\/image\/\",\"url\":\"https:\/\/secure.gravatar.com\/avatar\/4f656d3256f5134f466206e7c3941518?s=96&d=mm&r=g\",\"contentUrl\":\"https:\/\/secure.gravatar.com\/avatar\/4f656d3256f5134f466206e7c3941518?s=96&d=mm&r=g\",\"caption\":\"contenido\"}}]}<\/script>\n<!-- \/ Yoast SEO plugin. -->","yoast_head_json":{"title":"Las convocadas de Colombia para enfrentar a Jap\u00f3n -","robots":{"index":"index","follow":"follow","max-snippet":"max-snippet:-1","max-image-preview":"max-image-preview:large","max-video-preview":"max-video-preview:-1"},"canonical":"https:\/\/futbolhoy.co\/index.php\/2025\/03\/28\/las-convocadas-de-colombia-para-enfrentar-a-japon\/","og_locale":"es_ES","og_type":"article","og_title":"Las convocadas de Colombia para enfrentar a Jap\u00f3n -","og_description":"La Selecci\u00f3n Colombia dio a conocer la lista de 23 jugadoras para enfrentar a Jap\u00f3n en el pr\u00f3ximo duelo amistoso en territorio asi\u00e1tico, que servir\u00e1 como preparaci\u00f3n para la Copa Am\u00e9rica femenina 2025. El t\u00e9cnico Angelo Marsiglia entreg\u00f3 la lista de jugadoras que buscar\u00e1n un triunfo en el juego amistoso ante las japonesas, quienes el [&hellip;]","og_url":"https:\/\/futbolhoy.co\/index.php\/2025\/03\/28\/las-convocadas-de-colombia-para-enfrentar-a-japon\/","article_publisher":"https:\/\/www.facebook.com\/FutbolHoyCol\/","article_published_time":"2025-03-29T02:17:36+00:00","article_modified_time":"2025-03-30T20:38:20+00:00","og_image":[{"width":1260,"height":740,"url":"https:\/\/futbolhoy.co\/wp-content\/uploads\/2025\/03\/IMG_2283.jpeg","type":"image\/jpeg"}],"author":"contenido","twitter_card":"summary_large_image","twitter_creator":"@FutbolHoyCol","twitter_site":"@FutbolHoyCol","twitter_misc":{"Escrito por":"contenido","Tiempo de lectura":"1 minuto"},"schema":{"@context":"https:\/\/schema.org","@graph":[{"@type":"Article","@id":"https:\/\/futbolhoy.co\/index.php\/2025\/03\/28\/las-convocadas-de-colombia-para-enfrentar-a-japon\/#article","isPartOf":{"@id":"https:\/\/futbolhoy.co\/index.php\/2025\/03\/28\/las-convocadas-de-colombia-para-enfrentar-a-japon\/"},"author":{"name":"contenido","@id":"https:\/\/futbolhoy.co\/#\/schema\/person\/1721b69355b6623eaff15ac7b92d4cc3"},"headline":"Las convocadas de Colombia para enfrentar a Jap\u00f3n","datePublished":"2025-03-29T02:17:36+00:00","dateModified":"2025-03-30T20:38:20+00:00","mainEntityOfPage":{"@id":"https:\/\/futbolhoy.co\/index.php\/2025\/03\/28\/las-convocadas-de-colombia-para-enfrentar-a-japon\/"},"wordCount":224,"commentCount":0,"publisher":{"@id":"https:\/\/futbolhoy.co\/#organization"},"image":{"@id":"https:\/\/futbolhoy.co\/index.php\/2025\/03\/28\/las-convocadas-de-colombia-para-enfrentar-a-japon\/#primaryimage"},"thumbnailUrl":"https:\/\/futbolhoy.co\/wp-content\/uploads\/2025\/03\/IMG_2283.jpeg","articleSection":["Colombia"],"inLanguage":"es","potentialAction":[{"@type":"CommentAction","name":"Comment","target":["https:\/\/futbolhoy.co\/index.php\/2025\/03\/28\/las-convocadas-de-colombia-para-enfrentar-a-japon\/#respond"]}]},{"@type":"WebPage","@id":"https:\/\/futbolhoy.co\/index.php\/2025\/03\/28\/las-convocadas-de-colombia-para-enfrentar-a-japon\/","url":"https:\/\/futbolhoy.co\/index.php\/2025\/03\/28\/las-convocadas-de-colombia-para-enfrentar-a-japon\/","name":"Las convocadas de Colombia para enfrentar a Jap\u00f3n -","isPartOf":{"@id":"https:\/\/futbolhoy.co\/#website"},"primaryImageOfPage":{"@id":"https:\/\/futbolhoy.co\/index.php\/2025\/03\/28\/las-convocadas-de-colombia-para-enfrentar-a-japon\/#primaryimage"},"image":{"@id":"https:\/\/futbolhoy.co\/index.php\/2025\/03\/28\/las-convocadas-de-colombia-para-enfrentar-a-japon\/#primaryimage"},"thumbnailUrl":"https:\/\/futbolhoy.co\/wp-content\/uploads\/2025\/03\/IMG_2283.jpeg","datePublished":"2025-03-29T02:17:36+00:00","dateModified":"2025-03-30T20:38:20+00:00","breadcrumb":{"@id":"https:\/\/futbolhoy.co\/index.php\/2025\/03\/28\/las-convocadas-de-colombia-para-enfrentar-a-japon\/#breadcrumb"},"inLanguage":"es","potentialAction":[{"@type":"ReadAction","target":["https:\/\/futbolhoy.co\/index.php\/2025\/03\/28\/las-convocadas-de-colombia-para-enfrentar-a-japon\/"]}]},{"@type":"ImageObject","inLanguage":"es","@id":"https:\/\/futbolhoy.co\/index.php\/2025\/03\/28\/las-convocadas-de-colombia-para-enfrentar-a-japon\/#primaryimage","url":"https:\/\/futbolhoy.co\/wp-content\/uploads\/2025\/03\/IMG_2283.jpeg","contentUrl":"https:\/\/futbolhoy.co\/wp-content\/uploads\/2025\/03\/IMG_2283.jpeg","width":1260,"height":740},{"@type":"BreadcrumbList","@id":"https:\/\/futbolhoy.co\/index.php\/2025\/03\/28\/las-convocadas-de-colombia-para-enfrentar-a-japon\/#breadcrumb","itemListElement":[{"@type":"ListItem","position":1,"name":"Portada","item":"https:\/\/futbolhoy.co\/"},{"@type":"ListItem","position":2,"name":"Las convocadas de Colombia para enfrentar a Jap\u00f3n"}]},{"@type":"WebSite","@id":"https:\/\/futbolhoy.co\/#website","url":"https:\/\/futbolhoy.co\/","name":"FutbolHoy","description":"","publisher":{"@id":"https:\/\/futbolhoy.co\/#organization"},"potentialAction":[{"@type":"SearchAction","target":{"@type":"EntryPoint","urlTemplate":"https:\/\/futbolhoy.co\/?s={search_term_string}"},"query-input":{"@type":"PropertyValueSpecification","valueRequired":true,"valueName":"search_term_string"}}],"inLanguage":"es"},{"@type":"Organization","@id":"https:\/\/futbolhoy.co\/#organization","name":"Futbolhoy.co","url":"https:\/\/futbolhoy.co\/","logo":{"@type":"ImageObject","inLanguage":"es","@id":"https:\/\/futbolhoy.co\/#\/schema\/logo\/image\/","url":"https:\/\/futbolhoy.co\/wp-content\/uploads\/2018\/08\/17426380_1906371736249227_6326180412931521141_n.jpg","contentUrl":"https:\/\/futbolhoy.co\/wp-content\/uploads\/2018\/08\/17426380_1906371736249227_6326180412931521141_n.jpg","width":960,"height":960,"caption":"Futbolhoy.co"},"image":{"@id":"https:\/\/futbolhoy.co\/#\/schema\/logo\/image\/"},"sameAs":["https:\/\/www.facebook.com\/FutbolHoyCol\/","https:\/\/x.com\/FutbolHoyCol","https:\/\/www.instagram.com\/futbolhoycol\/"]},{"@type":"Person","@id":"https:\/\/futbolhoy.co\/#\/schema\/person\/1721b69355b6623eaff15ac7b92d4cc3","name":"contenido","image":{"@type":"ImageObject","inLanguage":"es","@id":"https:\/\/futbolhoy.co\/#\/schema\/person\/image\/","url":"https:\/\/secure.gravatar.com\/avatar\/4f656d3256f5134f466206e7c3941518?s=96&d=mm&r=g","contentUrl":"https:\/\/secure.gravatar.com\/avatar\/4f656d3256f5134f466206e7c3941518?s=96&d=mm&r=g","caption":"contenido"}}]}},"publishpress_future_action":{"enabled":false,"date":"2026-05-04 01:31:22","action":"change-status","newStatus":"draft","terms":[],"taxonomy":"category","extraData":[]},"publishpress_future_workflow_manual_trigger":{"enabledWorkflows":[]},"_links":{"self":[{"href":"https:\/\/futbolhoy.co\/index.php\/wp-json\/wp\/v2\/posts\/117803","targetHints":{"allow":["GET"]}}],"collection":[{"href":"https:\/\/futbolhoy.co\/index.php\/wp-json\/wp\/v2\/posts"}],"about":[{"href":"https:\/\/futbolhoy.co\/index.php\/wp-json\/wp\/v2\/types\/post"}],"author":[{"embeddable":true,"href":"https:\/\/futbolhoy.co\/index.php\/wp-json\/wp\/v2\/users\/4"}],"replies":[{"embeddable":true,"href":"https:\/\/futbolhoy.co\/index.php\/wp-json\/wp\/v2\/comments?post=117803"}],"version-history":[{"count":1,"href":"https:\/\/futbolhoy.co\/index.php\/wp-json\/wp\/v2\/posts\/117803\/revisions"}],"predecessor-version":[{"id":117805,"href":"https:\/\/futbolhoy.co\/index.php\/wp-json\/wp\/v2\/posts\/117803\/revisions\/117805"}],"wp:featuredmedia":[{"embeddable":true,"href":"https:\/\/futbolhoy.co\/index.php\/wp-json\/wp\/v2\/media\/117804"}],"wp:attachment":[{"href":"https:\/\/futbolhoy.co\/index.php\/wp-json\/wp\/v2\/media?parent=117803"}],"wp:term":[{"taxonomy":"category","embeddable":true,"href":"https:\/\/futbolhoy.co\/index.php\/wp-json\/wp\/v2\/categories?post=117803"},{"taxonomy":"post_tag","embeddable":true,"href":"https:\/\/futbolhoy.co\/index.php\/wp-json\/wp\/v2\/tags?post=117803"}],"curies":[{"name":"wp","href":"https:\/\/api.w.org\/{rel}","templated":true}]}}