{"id":117807,"date":"2025-03-28T22:24:13","date_gmt":"2025-03-29T03:24:13","guid":{"rendered":"https:\/\/futbolhoy.co\/?p=117807"},"modified":"2025-03-30T18:06:37","modified_gmt":"2025-03-30T23:06:37","slug":"leonel-alvarez-debuto-en-bucaramanga-con-victoria-ante-el-lider-nacional","status":"publish","type":"post","link":"https:\/\/futbolhoy.co\/index.php\/2025\/03\/28\/leonel-alvarez-debuto-en-bucaramanga-con-victoria-ante-el-lider-nacional\/","title":{"rendered":"Leonel \u00c1lvarez debut\u00f3 en Bucaramanga con victoria ante el l\u00edder Nacional"},"content":{"rendered":"<p style=\"text-align: justify;\">La<span style=\"font-family: helvetica, arial, sans-serif;\"><b> era de Leonel \u00c1lvarez en Atl\u00e9tico Bucaramanga <\/b><span style=\"font-weight: 400;\">comenz\u00f3 con pie derecho. El Leopardo consigui\u00f3 una victoria de oro frente a <\/span><b>Nacional en el inicio de la fecha 11 de la Liga BetPlay este viernes.\u00a0<\/b><\/span><\/p>\n<p style=\"text-align: justify;\"><span style=\"font-family: helvetica, arial, sans-serif;\"><span style=\"font-weight: 400;\">Se vio una nueva cara para <\/span><b>Atl\u00e9tico Bucaramanga <\/b><span style=\"font-weight: 400;\">en el debut de Leonel \u00c1lvarez. Luciano Pons puso a celebrar a los hinchas del leopardo en el Alfonso L\u00f3pez al minuto 39.<\/span><\/span><\/p>\n<p style=\"text-align: justify;\"><span style=\"font-family: helvetica, arial, sans-serif;\"><span style=\"font-weight: 400;\">En la segunda parte, Nacional intent\u00f3 romper la red de Aldair Quintana, pero Leonel \u00c1lvarez supo mantener la victoria parcial de sus dirigidos y consigui\u00f3 sellar los tres <\/span><b>puntos para el local con la anotaci\u00f3n de Jhon V\u00e1squez al 86', <\/b><span style=\"font-weight: 400;\">con lo que cort\u00f3 el buen momento de Atl\u00e9tico Nacional.<\/span><\/span><\/p>\n<p style=\"text-align: justify;\"><span style=\"font-family: helvetica, arial, sans-serif;\"><span style=\"font-weight: 400;\">El cuadro verdolaga sigue compartiendo el liderato de la <\/span><b>Liga BetPlay con Am\u00e9rica <\/b><span style=\"font-weight: 400;\">de Cali, ambos con 21 puntos, mientras que Bucaramanga ascendi\u00f3 a la casilla 12 con 13 unidades.<\/span><\/span><\/p>\n<p style=\"text-align: justify;\"><span style=\"font-family: helvetica, arial, sans-serif;\"><span style=\"font-weight: 400;\">En la pr\u00f3xima jornada Bucaramanga buscar\u00e1 su tercera victoria consecutiva cuando visite a Deportes Tolima por la fecha 12, mientras que Nacional recibir\u00e1 en Medell\u00edn <\/span><b>a Uni\u00f3n Magdalena.<\/b><\/span><\/p>\n","protected":false},"excerpt":{"rendered":"<p>La era de Leonel \u00c1lvarez en Atl\u00e9tico Bucaramanga comenz\u00f3 con pie derecho. El Leopardo consigui\u00f3 una victoria de oro frente a Nacional en el inicio de la fecha 11 de la Liga BetPlay este viernes.\u00a0 Se vio una nueva cara para Atl\u00e9tico Bucaramanga en el debut de Leonel \u00c1lvarez. Luciano Pons puso a celebrar a [&hellip;]<\/p>\n","protected":false},"author":4,"featured_media":117808,"comment_status":"open","ping_status":"open","sticky":false,"template":"","format":"standard","meta":{"_acf_changed":false,"footnotes":""},"categories":[7],"tags":[],"class_list":{"0":"post-117807","1":"post","2":"type-post","3":"status-publish","4":"format-standard","5":"has-post-thumbnail","7":"category-liga-betplay"},"acf":[],"yoast_head":"<!-- This site is optimized with the Yoast SEO plugin v26.8 - https:\/\/yoast.com\/product\/yoast-seo-wordpress\/ -->\n<title>Leonel \u00c1lvarez debut\u00f3 en Bucaramanga con victoria ante el l\u00edder Nacional -<\/title>\n<meta name=\"robots\" content=\"index, follow, max-snippet:-1, max-image-preview:large, max-video-preview:-1\" \/>\n<link rel=\"canonical\" href=\"https:\/\/futbolhoy.co\/index.php\/2025\/03\/28\/leonel-alvarez-debuto-en-bucaramanga-con-victoria-ante-el-lider-nacional\/\" \/>\n<meta property=\"og:locale\" content=\"es_ES\" \/>\n<meta property=\"og:type\" content=\"article\" \/>\n<meta property=\"og:title\" content=\"Leonel \u00c1lvarez debut\u00f3 en Bucaramanga con victoria ante el l\u00edder Nacional -\" \/>\n<meta property=\"og:description\" content=\"La era de Leonel \u00c1lvarez en Atl\u00e9tico Bucaramanga comenz\u00f3 con pie derecho. El Leopardo consigui\u00f3 una victoria de oro frente a Nacional en el inicio de la fecha 11 de la Liga BetPlay este viernes.\u00a0 Se vio una nueva cara para Atl\u00e9tico Bucaramanga en el debut de Leonel \u00c1lvarez. Luciano Pons puso a celebrar a [&hellip;]\" \/>\n<meta property=\"og:url\" content=\"https:\/\/futbolhoy.co\/index.php\/2025\/03\/28\/leonel-alvarez-debuto-en-bucaramanga-con-victoria-ante-el-lider-nacional\/\" \/>\n<meta property=\"article:publisher\" content=\"https:\/\/www.facebook.com\/FutbolHoyCol\/\" \/>\n<meta property=\"article:published_time\" content=\"2025-03-29T03:24:13+00:00\" \/>\n<meta property=\"article:modified_time\" content=\"2025-03-30T23:06:37+00:00\" \/>\n<meta property=\"og:image\" content=\"https:\/\/futbolhoy.co\/wp-content\/uploads\/2025\/03\/Captura-de-pantalla-2025-03-28-a-las-10.23.42\u202fp.-m-1024x694.png\" \/>\n\t<meta property=\"og:image:width\" content=\"1024\" \/>\n\t<meta property=\"og:image:height\" content=\"694\" \/>\n\t<meta property=\"og:image:type\" content=\"image\/png\" \/>\n<meta name=\"author\" content=\"contenido\" \/>\n<meta name=\"twitter:card\" content=\"summary_large_image\" \/>\n<meta name=\"twitter:creator\" content=\"@FutbolHoyCol\" \/>\n<meta name=\"twitter:site\" content=\"@FutbolHoyCol\" \/>\n<meta name=\"twitter:label1\" content=\"Escrito por\" \/>\n\t<meta name=\"twitter:data1\" content=\"contenido\" \/>\n\t<meta name=\"twitter:label2\" content=\"Tiempo de lectura\" \/>\n\t<meta name=\"twitter:data2\" content=\"1 minuto\" \/>\n<script type=\"application\/ld+json\" class=\"yoast-schema-graph\">{\"@context\":\"https:\/\/schema.org\",\"@graph\":[{\"@type\":\"Article\",\"@id\":\"https:\/\/futbolhoy.co\/index.php\/2025\/03\/28\/leonel-alvarez-debuto-en-bucaramanga-con-victoria-ante-el-lider-nacional\/#article\",\"isPartOf\":{\"@id\":\"https:\/\/futbolhoy.co\/index.php\/2025\/03\/28\/leonel-alvarez-debuto-en-bucaramanga-con-victoria-ante-el-lider-nacional\/\"},\"author\":{\"name\":\"contenido\",\"@id\":\"https:\/\/futbolhoy.co\/#\/schema\/person\/1721b69355b6623eaff15ac7b92d4cc3\"},\"headline\":\"Leonel \u00c1lvarez debut\u00f3 en Bucaramanga con victoria ante el l\u00edder Nacional\",\"datePublished\":\"2025-03-29T03:24:13+00:00\",\"dateModified\":\"2025-03-30T23:06:37+00:00\",\"mainEntityOfPage\":{\"@id\":\"https:\/\/futbolhoy.co\/index.php\/2025\/03\/28\/leonel-alvarez-debuto-en-bucaramanga-con-victoria-ante-el-lider-nacional\/\"},\"wordCount\":190,\"commentCount\":0,\"publisher\":{\"@id\":\"https:\/\/futbolhoy.co\/#organization\"},\"image\":{\"@id\":\"https:\/\/futbolhoy.co\/index.php\/2025\/03\/28\/leonel-alvarez-debuto-en-bucaramanga-con-victoria-ante-el-lider-nacional\/#primaryimage\"},\"thumbnailUrl\":\"https:\/\/futbolhoy.co\/wp-content\/uploads\/2025\/03\/Captura-de-pantalla-2025-03-28-a-las-10.23.42\u202fp.-m.png\",\"articleSection\":[\"Liga BetPlay\"],\"inLanguage\":\"es\",\"potentialAction\":[{\"@type\":\"CommentAction\",\"name\":\"Comment\",\"target\":[\"https:\/\/futbolhoy.co\/index.php\/2025\/03\/28\/leonel-alvarez-debuto-en-bucaramanga-con-victoria-ante-el-lider-nacional\/#respond\"]}]},{\"@type\":\"WebPage\",\"@id\":\"https:\/\/futbolhoy.co\/index.php\/2025\/03\/28\/leonel-alvarez-debuto-en-bucaramanga-con-victoria-ante-el-lider-nacional\/\",\"url\":\"https:\/\/futbolhoy.co\/index.php\/2025\/03\/28\/leonel-alvarez-debuto-en-bucaramanga-con-victoria-ante-el-lider-nacional\/\",\"name\":\"Leonel \u00c1lvarez debut\u00f3 en Bucaramanga con victoria ante el l\u00edder Nacional -\",\"isPartOf\":{\"@id\":\"https:\/\/futbolhoy.co\/#website\"},\"primaryImageOfPage\":{\"@id\":\"https:\/\/futbolhoy.co\/index.php\/2025\/03\/28\/leonel-alvarez-debuto-en-bucaramanga-con-victoria-ante-el-lider-nacional\/#primaryimage\"},\"image\":{\"@id\":\"https:\/\/futbolhoy.co\/index.php\/2025\/03\/28\/leonel-alvarez-debuto-en-bucaramanga-con-victoria-ante-el-lider-nacional\/#primaryimage\"},\"thumbnailUrl\":\"https:\/\/futbolhoy.co\/wp-content\/uploads\/2025\/03\/Captura-de-pantalla-2025-03-28-a-las-10.23.42\u202fp.-m.png\",\"datePublished\":\"2025-03-29T03:24:13+00:00\",\"dateModified\":\"2025-03-30T23:06:37+00:00\",\"breadcrumb\":{\"@id\":\"https:\/\/futbolhoy.co\/index.php\/2025\/03\/28\/leonel-alvarez-debuto-en-bucaramanga-con-victoria-ante-el-lider-nacional\/#breadcrumb\"},\"inLanguage\":\"es\",\"potentialAction\":[{\"@type\":\"ReadAction\",\"target\":[\"https:\/\/futbolhoy.co\/index.php\/2025\/03\/28\/leonel-alvarez-debuto-en-bucaramanga-con-victoria-ante-el-lider-nacional\/\"]}]},{\"@type\":\"ImageObject\",\"inLanguage\":\"es\",\"@id\":\"https:\/\/futbolhoy.co\/index.php\/2025\/03\/28\/leonel-alvarez-debuto-en-bucaramanga-con-victoria-ante-el-lider-nacional\/#primaryimage\",\"url\":\"https:\/\/futbolhoy.co\/wp-content\/uploads\/2025\/03\/Captura-de-pantalla-2025-03-28-a-las-10.23.42\u202fp.-m.png\",\"contentUrl\":\"https:\/\/futbolhoy.co\/wp-content\/uploads\/2025\/03\/Captura-de-pantalla-2025-03-28-a-las-10.23.42\u202fp.-m.png\",\"width\":1444,\"height\":978},{\"@type\":\"BreadcrumbList\",\"@id\":\"https:\/\/futbolhoy.co\/index.php\/2025\/03\/28\/leonel-alvarez-debuto-en-bucaramanga-con-victoria-ante-el-lider-nacional\/#breadcrumb\",\"itemListElement\":[{\"@type\":\"ListItem\",\"position\":1,\"name\":\"Portada\",\"item\":\"https:\/\/futbolhoy.co\/\"},{\"@type\":\"ListItem\",\"position\":2,\"name\":\"Leonel \u00c1lvarez debut\u00f3 en Bucaramanga con victoria ante el l\u00edder Nacional\"}]},{\"@type\":\"WebSite\",\"@id\":\"https:\/\/futbolhoy.co\/#website\",\"url\":\"https:\/\/futbolhoy.co\/\",\"name\":\"FutbolHoy\",\"description\":\"\",\"publisher\":{\"@id\":\"https:\/\/futbolhoy.co\/#organization\"},\"potentialAction\":[{\"@type\":\"SearchAction\",\"target\":{\"@type\":\"EntryPoint\",\"urlTemplate\":\"https:\/\/futbolhoy.co\/?s={search_term_string}\"},\"query-input\":{\"@type\":\"PropertyValueSpecification\",\"valueRequired\":true,\"valueName\":\"search_term_string\"}}],\"inLanguage\":\"es\"},{\"@type\":\"Organization\",\"@id\":\"https:\/\/futbolhoy.co\/#organization\",\"name\":\"Futbolhoy.co\",\"url\":\"https:\/\/futbolhoy.co\/\",\"logo\":{\"@type\":\"ImageObject\",\"inLanguage\":\"es\",\"@id\":\"https:\/\/futbolhoy.co\/#\/schema\/logo\/image\/\",\"url\":\"https:\/\/futbolhoy.co\/wp-content\/uploads\/2018\/08\/17426380_1906371736249227_6326180412931521141_n.jpg\",\"contentUrl\":\"https:\/\/futbolhoy.co\/wp-content\/uploads\/2018\/08\/17426380_1906371736249227_6326180412931521141_n.jpg\",\"width\":960,\"height\":960,\"caption\":\"Futbolhoy.co\"},\"image\":{\"@id\":\"https:\/\/futbolhoy.co\/#\/schema\/logo\/image\/\"},\"sameAs\":[\"https:\/\/www.facebook.com\/FutbolHoyCol\/\",\"https:\/\/x.com\/FutbolHoyCol\",\"https:\/\/www.instagram.com\/futbolhoycol\/\"]},{\"@type\":\"Person\",\"@id\":\"https:\/\/futbolhoy.co\/#\/schema\/person\/1721b69355b6623eaff15ac7b92d4cc3\",\"name\":\"contenido\",\"image\":{\"@type\":\"ImageObject\",\"inLanguage\":\"es\",\"@id\":\"https:\/\/futbolhoy.co\/#\/schema\/person\/image\/\",\"url\":\"https:\/\/secure.gravatar.com\/avatar\/4f656d3256f5134f466206e7c3941518?s=96&d=mm&r=g\",\"contentUrl\":\"https:\/\/secure.gravatar.com\/avatar\/4f656d3256f5134f466206e7c3941518?s=96&d=mm&r=g\",\"caption\":\"contenido\"}}]}<\/script>\n<!-- \/ Yoast SEO plugin. -->","yoast_head_json":{"title":"Leonel \u00c1lvarez debut\u00f3 en Bucaramanga con victoria ante el l\u00edder Nacional -","robots":{"index":"index","follow":"follow","max-snippet":"max-snippet:-1","max-image-preview":"max-image-preview:large","max-video-preview":"max-video-preview:-1"},"canonical":"https:\/\/futbolhoy.co\/index.php\/2025\/03\/28\/leonel-alvarez-debuto-en-bucaramanga-con-victoria-ante-el-lider-nacional\/","og_locale":"es_ES","og_type":"article","og_title":"Leonel \u00c1lvarez debut\u00f3 en Bucaramanga con victoria ante el l\u00edder Nacional -","og_description":"La era de Leonel \u00c1lvarez en Atl\u00e9tico Bucaramanga comenz\u00f3 con pie derecho. El Leopardo consigui\u00f3 una victoria de oro frente a Nacional en el inicio de la fecha 11 de la Liga BetPlay este viernes.\u00a0 Se vio una nueva cara para Atl\u00e9tico Bucaramanga en el debut de Leonel \u00c1lvarez. Luciano Pons puso a celebrar a [&hellip;]","og_url":"https:\/\/futbolhoy.co\/index.php\/2025\/03\/28\/leonel-alvarez-debuto-en-bucaramanga-con-victoria-ante-el-lider-nacional\/","article_publisher":"https:\/\/www.facebook.com\/FutbolHoyCol\/","article_published_time":"2025-03-29T03:24:13+00:00","article_modified_time":"2025-03-30T23:06:37+00:00","og_image":[{"width":1024,"height":694,"url":"https:\/\/futbolhoy.co\/wp-content\/uploads\/2025\/03\/Captura-de-pantalla-2025-03-28-a-las-10.23.42\u202fp.-m-1024x694.png","type":"image\/png"}],"author":"contenido","twitter_card":"summary_large_image","twitter_creator":"@FutbolHoyCol","twitter_site":"@FutbolHoyCol","twitter_misc":{"Escrito por":"contenido","Tiempo de lectura":"1 minuto"},"schema":{"@context":"https:\/\/schema.org","@graph":[{"@type":"Article","@id":"https:\/\/futbolhoy.co\/index.php\/2025\/03\/28\/leonel-alvarez-debuto-en-bucaramanga-con-victoria-ante-el-lider-nacional\/#article","isPartOf":{"@id":"https:\/\/futbolhoy.co\/index.php\/2025\/03\/28\/leonel-alvarez-debuto-en-bucaramanga-con-victoria-ante-el-lider-nacional\/"},"author":{"name":"contenido","@id":"https:\/\/futbolhoy.co\/#\/schema\/person\/1721b69355b6623eaff15ac7b92d4cc3"},"headline":"Leonel \u00c1lvarez debut\u00f3 en Bucaramanga con victoria ante el l\u00edder Nacional","datePublished":"2025-03-29T03:24:13+00:00","dateModified":"2025-03-30T23:06:37+00:00","mainEntityOfPage":{"@id":"https:\/\/futbolhoy.co\/index.php\/2025\/03\/28\/leonel-alvarez-debuto-en-bucaramanga-con-victoria-ante-el-lider-nacional\/"},"wordCount":190,"commentCount":0,"publisher":{"@id":"https:\/\/futbolhoy.co\/#organization"},"image":{"@id":"https:\/\/futbolhoy.co\/index.php\/2025\/03\/28\/leonel-alvarez-debuto-en-bucaramanga-con-victoria-ante-el-lider-nacional\/#primaryimage"},"thumbnailUrl":"https:\/\/futbolhoy.co\/wp-content\/uploads\/2025\/03\/Captura-de-pantalla-2025-03-28-a-las-10.23.42\u202fp.-m.png","articleSection":["Liga BetPlay"],"inLanguage":"es","potentialAction":[{"@type":"CommentAction","name":"Comment","target":["https:\/\/futbolhoy.co\/index.php\/2025\/03\/28\/leonel-alvarez-debuto-en-bucaramanga-con-victoria-ante-el-lider-nacional\/#respond"]}]},{"@type":"WebPage","@id":"https:\/\/futbolhoy.co\/index.php\/2025\/03\/28\/leonel-alvarez-debuto-en-bucaramanga-con-victoria-ante-el-lider-nacional\/","url":"https:\/\/futbolhoy.co\/index.php\/2025\/03\/28\/leonel-alvarez-debuto-en-bucaramanga-con-victoria-ante-el-lider-nacional\/","name":"Leonel \u00c1lvarez debut\u00f3 en Bucaramanga con victoria ante el l\u00edder Nacional -","isPartOf":{"@id":"https:\/\/futbolhoy.co\/#website"},"primaryImageOfPage":{"@id":"https:\/\/futbolhoy.co\/index.php\/2025\/03\/28\/leonel-alvarez-debuto-en-bucaramanga-con-victoria-ante-el-lider-nacional\/#primaryimage"},"image":{"@id":"https:\/\/futbolhoy.co\/index.php\/2025\/03\/28\/leonel-alvarez-debuto-en-bucaramanga-con-victoria-ante-el-lider-nacional\/#primaryimage"},"thumbnailUrl":"https:\/\/futbolhoy.co\/wp-content\/uploads\/2025\/03\/Captura-de-pantalla-2025-03-28-a-las-10.23.42\u202fp.-m.png","datePublished":"2025-03-29T03:24:13+00:00","dateModified":"2025-03-30T23:06:37+00:00","breadcrumb":{"@id":"https:\/\/futbolhoy.co\/index.php\/2025\/03\/28\/leonel-alvarez-debuto-en-bucaramanga-con-victoria-ante-el-lider-nacional\/#breadcrumb"},"inLanguage":"es","potentialAction":[{"@type":"ReadAction","target":["https:\/\/futbolhoy.co\/index.php\/2025\/03\/28\/leonel-alvarez-debuto-en-bucaramanga-con-victoria-ante-el-lider-nacional\/"]}]},{"@type":"ImageObject","inLanguage":"es","@id":"https:\/\/futbolhoy.co\/index.php\/2025\/03\/28\/leonel-alvarez-debuto-en-bucaramanga-con-victoria-ante-el-lider-nacional\/#primaryimage","url":"https:\/\/futbolhoy.co\/wp-content\/uploads\/2025\/03\/Captura-de-pantalla-2025-03-28-a-las-10.23.42\u202fp.-m.png","contentUrl":"https:\/\/futbolhoy.co\/wp-content\/uploads\/2025\/03\/Captura-de-pantalla-2025-03-28-a-las-10.23.42\u202fp.-m.png","width":1444,"height":978},{"@type":"BreadcrumbList","@id":"https:\/\/futbolhoy.co\/index.php\/2025\/03\/28\/leonel-alvarez-debuto-en-bucaramanga-con-victoria-ante-el-lider-nacional\/#breadcrumb","itemListElement":[{"@type":"ListItem","position":1,"name":"Portada","item":"https:\/\/futbolhoy.co\/"},{"@type":"ListItem","position":2,"name":"Leonel \u00c1lvarez debut\u00f3 en Bucaramanga con victoria ante el l\u00edder Nacional"}]},{"@type":"WebSite","@id":"https:\/\/futbolhoy.co\/#website","url":"https:\/\/futbolhoy.co\/","name":"FutbolHoy","description":"","publisher":{"@id":"https:\/\/futbolhoy.co\/#organization"},"potentialAction":[{"@type":"SearchAction","target":{"@type":"EntryPoint","urlTemplate":"https:\/\/futbolhoy.co\/?s={search_term_string}"},"query-input":{"@type":"PropertyValueSpecification","valueRequired":true,"valueName":"search_term_string"}}],"inLanguage":"es"},{"@type":"Organization","@id":"https:\/\/futbolhoy.co\/#organization","name":"Futbolhoy.co","url":"https:\/\/futbolhoy.co\/","logo":{"@type":"ImageObject","inLanguage":"es","@id":"https:\/\/futbolhoy.co\/#\/schema\/logo\/image\/","url":"https:\/\/futbolhoy.co\/wp-content\/uploads\/2018\/08\/17426380_1906371736249227_6326180412931521141_n.jpg","contentUrl":"https:\/\/futbolhoy.co\/wp-content\/uploads\/2018\/08\/17426380_1906371736249227_6326180412931521141_n.jpg","width":960,"height":960,"caption":"Futbolhoy.co"},"image":{"@id":"https:\/\/futbolhoy.co\/#\/schema\/logo\/image\/"},"sameAs":["https:\/\/www.facebook.com\/FutbolHoyCol\/","https:\/\/x.com\/FutbolHoyCol","https:\/\/www.instagram.com\/futbolhoycol\/"]},{"@type":"Person","@id":"https:\/\/futbolhoy.co\/#\/schema\/person\/1721b69355b6623eaff15ac7b92d4cc3","name":"contenido","image":{"@type":"ImageObject","inLanguage":"es","@id":"https:\/\/futbolhoy.co\/#\/schema\/person\/image\/","url":"https:\/\/secure.gravatar.com\/avatar\/4f656d3256f5134f466206e7c3941518?s=96&d=mm&r=g","contentUrl":"https:\/\/secure.gravatar.com\/avatar\/4f656d3256f5134f466206e7c3941518?s=96&d=mm&r=g","caption":"contenido"}}]}},"publishpress_future_action":{"enabled":false,"date":"2026-05-04 04:13:32","action":"change-status","newStatus":"draft","terms":[],"taxonomy":"category","extraData":[]},"publishpress_future_workflow_manual_trigger":{"enabledWorkflows":[]},"_links":{"self":[{"href":"https:\/\/futbolhoy.co\/index.php\/wp-json\/wp\/v2\/posts\/117807","targetHints":{"allow":["GET"]}}],"collection":[{"href":"https:\/\/futbolhoy.co\/index.php\/wp-json\/wp\/v2\/posts"}],"about":[{"href":"https:\/\/futbolhoy.co\/index.php\/wp-json\/wp\/v2\/types\/post"}],"author":[{"embeddable":true,"href":"https:\/\/futbolhoy.co\/index.php\/wp-json\/wp\/v2\/users\/4"}],"replies":[{"embeddable":true,"href":"https:\/\/futbolhoy.co\/index.php\/wp-json\/wp\/v2\/comments?post=117807"}],"version-history":[{"count":2,"href":"https:\/\/futbolhoy.co\/index.php\/wp-json\/wp\/v2\/posts\/117807\/revisions"}],"predecessor-version":[{"id":117877,"href":"https:\/\/futbolhoy.co\/index.php\/wp-json\/wp\/v2\/posts\/117807\/revisions\/117877"}],"wp:featuredmedia":[{"embeddable":true,"href":"https:\/\/futbolhoy.co\/index.php\/wp-json\/wp\/v2\/media\/117808"}],"wp:attachment":[{"href":"https:\/\/futbolhoy.co\/index.php\/wp-json\/wp\/v2\/media?parent=117807"}],"wp:term":[{"taxonomy":"category","embeddable":true,"href":"https:\/\/futbolhoy.co\/index.php\/wp-json\/wp\/v2\/categories?post=117807"},{"taxonomy":"post_tag","embeddable":true,"href":"https:\/\/futbolhoy.co\/index.php\/wp-json\/wp\/v2\/tags?post=117807"}],"curies":[{"name":"wp","href":"https:\/\/api.w.org\/{rel}","templated":true}]}}