{"id":117867,"date":"2025-03-30T12:46:06","date_gmt":"2025-03-30T17:46:06","guid":{"rendered":"https:\/\/futbolhoy.co\/?p=117867"},"modified":"2025-03-30T22:26:55","modified_gmt":"2025-03-31T03:26:55","slug":"fluminense-se-queda-sin-tecnico-antes-de-sudamericana-y-mundial","status":"publish","type":"post","link":"https:\/\/futbolhoy.co\/index.php\/2025\/03\/30\/fluminense-se-queda-sin-tecnico-antes-de-sudamericana-y-mundial\/","title":{"rendered":"Fluminense se queda sin t\u00e9cnico antes de Sudamericana y Mundial"},"content":{"rendered":"<p style=\"text-align: justify;\"><span style=\"font-family: helvetica, arial, sans-serif;\"><strong>Jhon Arias, Gabriel Fuentes y Kevin Serna<\/strong> se quedaron sin t\u00e9cnico en Brasil, luego de la destituci\u00f3n de <strong>Mano Menezes como entrenador de Fluminense,<\/strong> a poco de disputar la Copa Sudamericana y el Mundial de Clubes.\u00a0<\/span><\/p>\n<p style=\"text-align: justify;\"><span style=\"font-family: helvetica, arial, sans-serif;\">El <strong>equipo de los colombianos<\/strong> perdi\u00f3 en la primera fecha del Brasileirao frente a Fortaleza y esa fue la gota que rebos\u00f3 el vaso para decirle adi\u00f3s al entrenador.\u00a0<\/span><\/p>\n<p style=\"text-align: justify;\"><span style=\"font-family: helvetica, arial, sans-serif;\">\"<strong>Fluminense FC informa que Mano Menezes<\/strong> ya no est\u00e1 al mando del comando t\u00e9cnico del equipo\", inform\u00f3 el conjunto de R\u00edo de Janeiro en sus redes sociales este domingo.<\/span><\/p>\n<p style=\"text-align: justify;\"><span style=\"font-family: helvetica, arial, sans-serif;\">El t\u00e9cnico brasile\u00f1o lleg\u00f3 al'Flu' en julio del a\u00f1o pasado y <strong>dirigi\u00f3 al club en la lucha<\/strong> por permanecer en la primera divisi\u00f3n de la Liga brasile\u00f1a la temporada pasada.\u00a0<\/span><\/p>\n<p style=\"text-align: justify;\"><span style=\"font-family: helvetica, arial, sans-serif;\">La preocupaci\u00f3n ahora est\u00e1 puesta en conocer el reemplazo, teniendo en cuenta que Fluminense disputar\u00e1 la Copa Sudamericana que inicia el pr\u00f3ximo 1 de abril, adem\u00e1s del <strong>Mundial de Clubes que se jugar\u00e1 entre el 14 de junio y 13 de julio.<br \/>\n<\/strong><\/span><\/p>\n<p><span style=\"font-family: helvetica, arial, sans-serif;\">Los que miran de cerca la situaci\u00f3n son colombianos, pues Fluminense debutar\u00e1 en la Copa Sudamericana precisamente frente a Once Caldas, el pr\u00f3ximo 1 de abril a las 7:30PM.\u00a0<\/span><\/p>\n","protected":false},"excerpt":{"rendered":"<p>Jhon Arias, Gabriel Fuentes y Kevin Serna se quedaron sin t\u00e9cnico en Brasil, luego de la destituci\u00f3n de Mano Menezes como entrenador de Fluminense, a poco de disputar la Copa Sudamericana y el Mundial de Clubes.\u00a0 El equipo de los colombianos perdi\u00f3 en la primera fecha del Brasileirao frente a Fortaleza y esa fue la [&hellip;]<\/p>\n","protected":false},"author":4,"featured_media":117868,"comment_status":"open","ping_status":"open","sticky":false,"template":"","format":"standard","meta":{"_acf_changed":false,"footnotes":""},"categories":[152],"tags":[],"class_list":{"0":"post-117867","1":"post","2":"type-post","3":"status-publish","4":"format-standard","5":"has-post-thumbnail","7":"category-mundo-futbol"},"acf":[],"yoast_head":"<!-- This site is optimized with the Yoast SEO plugin v26.8 - https:\/\/yoast.com\/product\/yoast-seo-wordpress\/ -->\n<title>Fluminense se queda sin t\u00e9cnico antes de Sudamericana y Mundial -<\/title>\n<meta name=\"robots\" content=\"index, follow, max-snippet:-1, max-image-preview:large, max-video-preview:-1\" \/>\n<link rel=\"canonical\" href=\"https:\/\/futbolhoy.co\/index.php\/2025\/03\/30\/fluminense-se-queda-sin-tecnico-antes-de-sudamericana-y-mundial\/\" \/>\n<meta property=\"og:locale\" content=\"es_ES\" \/>\n<meta property=\"og:type\" content=\"article\" \/>\n<meta property=\"og:title\" content=\"Fluminense se queda sin t\u00e9cnico antes de Sudamericana y Mundial -\" \/>\n<meta property=\"og:description\" content=\"Jhon Arias, Gabriel Fuentes y Kevin Serna se quedaron sin t\u00e9cnico en Brasil, luego de la destituci\u00f3n de Mano Menezes como entrenador de Fluminense, a poco de disputar la Copa Sudamericana y el Mundial de Clubes.\u00a0 El equipo de los colombianos perdi\u00f3 en la primera fecha del Brasileirao frente a Fortaleza y esa fue la [&hellip;]\" \/>\n<meta property=\"og:url\" content=\"https:\/\/futbolhoy.co\/index.php\/2025\/03\/30\/fluminense-se-queda-sin-tecnico-antes-de-sudamericana-y-mundial\/\" \/>\n<meta property=\"article:publisher\" content=\"https:\/\/www.facebook.com\/FutbolHoyCol\/\" \/>\n<meta property=\"article:published_time\" content=\"2025-03-30T17:46:06+00:00\" \/>\n<meta property=\"article:modified_time\" content=\"2025-03-31T03:26:55+00:00\" \/>\n<meta property=\"og:image\" content=\"https:\/\/futbolhoy.co\/wp-content\/uploads\/2025\/03\/IMG_2328.jpeg\" \/>\n\t<meta property=\"og:image:width\" content=\"965\" \/>\n\t<meta property=\"og:image:height\" content=\"640\" \/>\n\t<meta property=\"og:image:type\" content=\"image\/jpeg\" \/>\n<meta name=\"author\" content=\"contenido\" \/>\n<meta name=\"twitter:card\" content=\"summary_large_image\" \/>\n<meta name=\"twitter:creator\" content=\"@FutbolHoyCol\" \/>\n<meta name=\"twitter:site\" content=\"@FutbolHoyCol\" \/>\n<meta name=\"twitter:label1\" content=\"Escrito por\" \/>\n\t<meta name=\"twitter:data1\" content=\"contenido\" \/>\n\t<meta name=\"twitter:label2\" content=\"Tiempo de lectura\" \/>\n\t<meta name=\"twitter:data2\" content=\"1 minuto\" \/>\n<script type=\"application\/ld+json\" class=\"yoast-schema-graph\">{\"@context\":\"https:\/\/schema.org\",\"@graph\":[{\"@type\":\"Article\",\"@id\":\"https:\/\/futbolhoy.co\/index.php\/2025\/03\/30\/fluminense-se-queda-sin-tecnico-antes-de-sudamericana-y-mundial\/#article\",\"isPartOf\":{\"@id\":\"https:\/\/futbolhoy.co\/index.php\/2025\/03\/30\/fluminense-se-queda-sin-tecnico-antes-de-sudamericana-y-mundial\/\"},\"author\":{\"name\":\"contenido\",\"@id\":\"https:\/\/futbolhoy.co\/#\/schema\/person\/1721b69355b6623eaff15ac7b92d4cc3\"},\"headline\":\"Fluminense se queda sin t\u00e9cnico antes de Sudamericana y Mundial\",\"datePublished\":\"2025-03-30T17:46:06+00:00\",\"dateModified\":\"2025-03-31T03:26:55+00:00\",\"mainEntityOfPage\":{\"@id\":\"https:\/\/futbolhoy.co\/index.php\/2025\/03\/30\/fluminense-se-queda-sin-tecnico-antes-de-sudamericana-y-mundial\/\"},\"wordCount\":217,\"commentCount\":0,\"publisher\":{\"@id\":\"https:\/\/futbolhoy.co\/#organization\"},\"image\":{\"@id\":\"https:\/\/futbolhoy.co\/index.php\/2025\/03\/30\/fluminense-se-queda-sin-tecnico-antes-de-sudamericana-y-mundial\/#primaryimage\"},\"thumbnailUrl\":\"https:\/\/futbolhoy.co\/wp-content\/uploads\/2025\/03\/IMG_2328.jpeg\",\"articleSection\":[\"Mundo Futbol\"],\"inLanguage\":\"es\",\"potentialAction\":[{\"@type\":\"CommentAction\",\"name\":\"Comment\",\"target\":[\"https:\/\/futbolhoy.co\/index.php\/2025\/03\/30\/fluminense-se-queda-sin-tecnico-antes-de-sudamericana-y-mundial\/#respond\"]}]},{\"@type\":\"WebPage\",\"@id\":\"https:\/\/futbolhoy.co\/index.php\/2025\/03\/30\/fluminense-se-queda-sin-tecnico-antes-de-sudamericana-y-mundial\/\",\"url\":\"https:\/\/futbolhoy.co\/index.php\/2025\/03\/30\/fluminense-se-queda-sin-tecnico-antes-de-sudamericana-y-mundial\/\",\"name\":\"Fluminense se queda sin t\u00e9cnico antes de Sudamericana y Mundial -\",\"isPartOf\":{\"@id\":\"https:\/\/futbolhoy.co\/#website\"},\"primaryImageOfPage\":{\"@id\":\"https:\/\/futbolhoy.co\/index.php\/2025\/03\/30\/fluminense-se-queda-sin-tecnico-antes-de-sudamericana-y-mundial\/#primaryimage\"},\"image\":{\"@id\":\"https:\/\/futbolhoy.co\/index.php\/2025\/03\/30\/fluminense-se-queda-sin-tecnico-antes-de-sudamericana-y-mundial\/#primaryimage\"},\"thumbnailUrl\":\"https:\/\/futbolhoy.co\/wp-content\/uploads\/2025\/03\/IMG_2328.jpeg\",\"datePublished\":\"2025-03-30T17:46:06+00:00\",\"dateModified\":\"2025-03-31T03:26:55+00:00\",\"breadcrumb\":{\"@id\":\"https:\/\/futbolhoy.co\/index.php\/2025\/03\/30\/fluminense-se-queda-sin-tecnico-antes-de-sudamericana-y-mundial\/#breadcrumb\"},\"inLanguage\":\"es\",\"potentialAction\":[{\"@type\":\"ReadAction\",\"target\":[\"https:\/\/futbolhoy.co\/index.php\/2025\/03\/30\/fluminense-se-queda-sin-tecnico-antes-de-sudamericana-y-mundial\/\"]}]},{\"@type\":\"ImageObject\",\"inLanguage\":\"es\",\"@id\":\"https:\/\/futbolhoy.co\/index.php\/2025\/03\/30\/fluminense-se-queda-sin-tecnico-antes-de-sudamericana-y-mundial\/#primaryimage\",\"url\":\"https:\/\/futbolhoy.co\/wp-content\/uploads\/2025\/03\/IMG_2328.jpeg\",\"contentUrl\":\"https:\/\/futbolhoy.co\/wp-content\/uploads\/2025\/03\/IMG_2328.jpeg\",\"width\":965,\"height\":640},{\"@type\":\"BreadcrumbList\",\"@id\":\"https:\/\/futbolhoy.co\/index.php\/2025\/03\/30\/fluminense-se-queda-sin-tecnico-antes-de-sudamericana-y-mundial\/#breadcrumb\",\"itemListElement\":[{\"@type\":\"ListItem\",\"position\":1,\"name\":\"Portada\",\"item\":\"https:\/\/futbolhoy.co\/\"},{\"@type\":\"ListItem\",\"position\":2,\"name\":\"Fluminense se queda sin t\u00e9cnico antes de Sudamericana y Mundial\"}]},{\"@type\":\"WebSite\",\"@id\":\"https:\/\/futbolhoy.co\/#website\",\"url\":\"https:\/\/futbolhoy.co\/\",\"name\":\"FutbolHoy\",\"description\":\"\",\"publisher\":{\"@id\":\"https:\/\/futbolhoy.co\/#organization\"},\"potentialAction\":[{\"@type\":\"SearchAction\",\"target\":{\"@type\":\"EntryPoint\",\"urlTemplate\":\"https:\/\/futbolhoy.co\/?s={search_term_string}\"},\"query-input\":{\"@type\":\"PropertyValueSpecification\",\"valueRequired\":true,\"valueName\":\"search_term_string\"}}],\"inLanguage\":\"es\"},{\"@type\":\"Organization\",\"@id\":\"https:\/\/futbolhoy.co\/#organization\",\"name\":\"Futbolhoy.co\",\"url\":\"https:\/\/futbolhoy.co\/\",\"logo\":{\"@type\":\"ImageObject\",\"inLanguage\":\"es\",\"@id\":\"https:\/\/futbolhoy.co\/#\/schema\/logo\/image\/\",\"url\":\"https:\/\/futbolhoy.co\/wp-content\/uploads\/2018\/08\/17426380_1906371736249227_6326180412931521141_n.jpg\",\"contentUrl\":\"https:\/\/futbolhoy.co\/wp-content\/uploads\/2018\/08\/17426380_1906371736249227_6326180412931521141_n.jpg\",\"width\":960,\"height\":960,\"caption\":\"Futbolhoy.co\"},\"image\":{\"@id\":\"https:\/\/futbolhoy.co\/#\/schema\/logo\/image\/\"},\"sameAs\":[\"https:\/\/www.facebook.com\/FutbolHoyCol\/\",\"https:\/\/x.com\/FutbolHoyCol\",\"https:\/\/www.instagram.com\/futbolhoycol\/\"]},{\"@type\":\"Person\",\"@id\":\"https:\/\/futbolhoy.co\/#\/schema\/person\/1721b69355b6623eaff15ac7b92d4cc3\",\"name\":\"contenido\",\"image\":{\"@type\":\"ImageObject\",\"inLanguage\":\"es\",\"@id\":\"https:\/\/futbolhoy.co\/#\/schema\/person\/image\/\",\"url\":\"https:\/\/secure.gravatar.com\/avatar\/4f656d3256f5134f466206e7c3941518?s=96&d=mm&r=g\",\"contentUrl\":\"https:\/\/secure.gravatar.com\/avatar\/4f656d3256f5134f466206e7c3941518?s=96&d=mm&r=g\",\"caption\":\"contenido\"}}]}<\/script>\n<!-- \/ Yoast SEO plugin. -->","yoast_head_json":{"title":"Fluminense se queda sin t\u00e9cnico antes de Sudamericana y Mundial -","robots":{"index":"index","follow":"follow","max-snippet":"max-snippet:-1","max-image-preview":"max-image-preview:large","max-video-preview":"max-video-preview:-1"},"canonical":"https:\/\/futbolhoy.co\/index.php\/2025\/03\/30\/fluminense-se-queda-sin-tecnico-antes-de-sudamericana-y-mundial\/","og_locale":"es_ES","og_type":"article","og_title":"Fluminense se queda sin t\u00e9cnico antes de Sudamericana y Mundial -","og_description":"Jhon Arias, Gabriel Fuentes y Kevin Serna se quedaron sin t\u00e9cnico en Brasil, luego de la destituci\u00f3n de Mano Menezes como entrenador de Fluminense, a poco de disputar la Copa Sudamericana y el Mundial de Clubes.\u00a0 El equipo de los colombianos perdi\u00f3 en la primera fecha del Brasileirao frente a Fortaleza y esa fue la [&hellip;]","og_url":"https:\/\/futbolhoy.co\/index.php\/2025\/03\/30\/fluminense-se-queda-sin-tecnico-antes-de-sudamericana-y-mundial\/","article_publisher":"https:\/\/www.facebook.com\/FutbolHoyCol\/","article_published_time":"2025-03-30T17:46:06+00:00","article_modified_time":"2025-03-31T03:26:55+00:00","og_image":[{"width":965,"height":640,"url":"https:\/\/futbolhoy.co\/wp-content\/uploads\/2025\/03\/IMG_2328.jpeg","type":"image\/jpeg"}],"author":"contenido","twitter_card":"summary_large_image","twitter_creator":"@FutbolHoyCol","twitter_site":"@FutbolHoyCol","twitter_misc":{"Escrito por":"contenido","Tiempo de lectura":"1 minuto"},"schema":{"@context":"https:\/\/schema.org","@graph":[{"@type":"Article","@id":"https:\/\/futbolhoy.co\/index.php\/2025\/03\/30\/fluminense-se-queda-sin-tecnico-antes-de-sudamericana-y-mundial\/#article","isPartOf":{"@id":"https:\/\/futbolhoy.co\/index.php\/2025\/03\/30\/fluminense-se-queda-sin-tecnico-antes-de-sudamericana-y-mundial\/"},"author":{"name":"contenido","@id":"https:\/\/futbolhoy.co\/#\/schema\/person\/1721b69355b6623eaff15ac7b92d4cc3"},"headline":"Fluminense se queda sin t\u00e9cnico antes de Sudamericana y Mundial","datePublished":"2025-03-30T17:46:06+00:00","dateModified":"2025-03-31T03:26:55+00:00","mainEntityOfPage":{"@id":"https:\/\/futbolhoy.co\/index.php\/2025\/03\/30\/fluminense-se-queda-sin-tecnico-antes-de-sudamericana-y-mundial\/"},"wordCount":217,"commentCount":0,"publisher":{"@id":"https:\/\/futbolhoy.co\/#organization"},"image":{"@id":"https:\/\/futbolhoy.co\/index.php\/2025\/03\/30\/fluminense-se-queda-sin-tecnico-antes-de-sudamericana-y-mundial\/#primaryimage"},"thumbnailUrl":"https:\/\/futbolhoy.co\/wp-content\/uploads\/2025\/03\/IMG_2328.jpeg","articleSection":["Mundo Futbol"],"inLanguage":"es","potentialAction":[{"@type":"CommentAction","name":"Comment","target":["https:\/\/futbolhoy.co\/index.php\/2025\/03\/30\/fluminense-se-queda-sin-tecnico-antes-de-sudamericana-y-mundial\/#respond"]}]},{"@type":"WebPage","@id":"https:\/\/futbolhoy.co\/index.php\/2025\/03\/30\/fluminense-se-queda-sin-tecnico-antes-de-sudamericana-y-mundial\/","url":"https:\/\/futbolhoy.co\/index.php\/2025\/03\/30\/fluminense-se-queda-sin-tecnico-antes-de-sudamericana-y-mundial\/","name":"Fluminense se queda sin t\u00e9cnico antes de Sudamericana y Mundial -","isPartOf":{"@id":"https:\/\/futbolhoy.co\/#website"},"primaryImageOfPage":{"@id":"https:\/\/futbolhoy.co\/index.php\/2025\/03\/30\/fluminense-se-queda-sin-tecnico-antes-de-sudamericana-y-mundial\/#primaryimage"},"image":{"@id":"https:\/\/futbolhoy.co\/index.php\/2025\/03\/30\/fluminense-se-queda-sin-tecnico-antes-de-sudamericana-y-mundial\/#primaryimage"},"thumbnailUrl":"https:\/\/futbolhoy.co\/wp-content\/uploads\/2025\/03\/IMG_2328.jpeg","datePublished":"2025-03-30T17:46:06+00:00","dateModified":"2025-03-31T03:26:55+00:00","breadcrumb":{"@id":"https:\/\/futbolhoy.co\/index.php\/2025\/03\/30\/fluminense-se-queda-sin-tecnico-antes-de-sudamericana-y-mundial\/#breadcrumb"},"inLanguage":"es","potentialAction":[{"@type":"ReadAction","target":["https:\/\/futbolhoy.co\/index.php\/2025\/03\/30\/fluminense-se-queda-sin-tecnico-antes-de-sudamericana-y-mundial\/"]}]},{"@type":"ImageObject","inLanguage":"es","@id":"https:\/\/futbolhoy.co\/index.php\/2025\/03\/30\/fluminense-se-queda-sin-tecnico-antes-de-sudamericana-y-mundial\/#primaryimage","url":"https:\/\/futbolhoy.co\/wp-content\/uploads\/2025\/03\/IMG_2328.jpeg","contentUrl":"https:\/\/futbolhoy.co\/wp-content\/uploads\/2025\/03\/IMG_2328.jpeg","width":965,"height":640},{"@type":"BreadcrumbList","@id":"https:\/\/futbolhoy.co\/index.php\/2025\/03\/30\/fluminense-se-queda-sin-tecnico-antes-de-sudamericana-y-mundial\/#breadcrumb","itemListElement":[{"@type":"ListItem","position":1,"name":"Portada","item":"https:\/\/futbolhoy.co\/"},{"@type":"ListItem","position":2,"name":"Fluminense se queda sin t\u00e9cnico antes de Sudamericana y Mundial"}]},{"@type":"WebSite","@id":"https:\/\/futbolhoy.co\/#website","url":"https:\/\/futbolhoy.co\/","name":"FutbolHoy","description":"","publisher":{"@id":"https:\/\/futbolhoy.co\/#organization"},"potentialAction":[{"@type":"SearchAction","target":{"@type":"EntryPoint","urlTemplate":"https:\/\/futbolhoy.co\/?s={search_term_string}"},"query-input":{"@type":"PropertyValueSpecification","valueRequired":true,"valueName":"search_term_string"}}],"inLanguage":"es"},{"@type":"Organization","@id":"https:\/\/futbolhoy.co\/#organization","name":"Futbolhoy.co","url":"https:\/\/futbolhoy.co\/","logo":{"@type":"ImageObject","inLanguage":"es","@id":"https:\/\/futbolhoy.co\/#\/schema\/logo\/image\/","url":"https:\/\/futbolhoy.co\/wp-content\/uploads\/2018\/08\/17426380_1906371736249227_6326180412931521141_n.jpg","contentUrl":"https:\/\/futbolhoy.co\/wp-content\/uploads\/2018\/08\/17426380_1906371736249227_6326180412931521141_n.jpg","width":960,"height":960,"caption":"Futbolhoy.co"},"image":{"@id":"https:\/\/futbolhoy.co\/#\/schema\/logo\/image\/"},"sameAs":["https:\/\/www.facebook.com\/FutbolHoyCol\/","https:\/\/x.com\/FutbolHoyCol","https:\/\/www.instagram.com\/futbolhoycol\/"]},{"@type":"Person","@id":"https:\/\/futbolhoy.co\/#\/schema\/person\/1721b69355b6623eaff15ac7b92d4cc3","name":"contenido","image":{"@type":"ImageObject","inLanguage":"es","@id":"https:\/\/futbolhoy.co\/#\/schema\/person\/image\/","url":"https:\/\/secure.gravatar.com\/avatar\/4f656d3256f5134f466206e7c3941518?s=96&d=mm&r=g","contentUrl":"https:\/\/secure.gravatar.com\/avatar\/4f656d3256f5134f466206e7c3941518?s=96&d=mm&r=g","caption":"contenido"}}]}},"publishpress_future_action":{"enabled":false,"date":"2026-05-04 11:30:39","action":"change-status","newStatus":"draft","terms":[],"taxonomy":"category","extraData":[]},"publishpress_future_workflow_manual_trigger":{"enabledWorkflows":[]},"_links":{"self":[{"href":"https:\/\/futbolhoy.co\/index.php\/wp-json\/wp\/v2\/posts\/117867","targetHints":{"allow":["GET"]}}],"collection":[{"href":"https:\/\/futbolhoy.co\/index.php\/wp-json\/wp\/v2\/posts"}],"about":[{"href":"https:\/\/futbolhoy.co\/index.php\/wp-json\/wp\/v2\/types\/post"}],"author":[{"embeddable":true,"href":"https:\/\/futbolhoy.co\/index.php\/wp-json\/wp\/v2\/users\/4"}],"replies":[{"embeddable":true,"href":"https:\/\/futbolhoy.co\/index.php\/wp-json\/wp\/v2\/comments?post=117867"}],"version-history":[{"count":3,"href":"https:\/\/futbolhoy.co\/index.php\/wp-json\/wp\/v2\/posts\/117867\/revisions"}],"predecessor-version":[{"id":117871,"href":"https:\/\/futbolhoy.co\/index.php\/wp-json\/wp\/v2\/posts\/117867\/revisions\/117871"}],"wp:featuredmedia":[{"embeddable":true,"href":"https:\/\/futbolhoy.co\/index.php\/wp-json\/wp\/v2\/media\/117868"}],"wp:attachment":[{"href":"https:\/\/futbolhoy.co\/index.php\/wp-json\/wp\/v2\/media?parent=117867"}],"wp:term":[{"taxonomy":"category","embeddable":true,"href":"https:\/\/futbolhoy.co\/index.php\/wp-json\/wp\/v2\/categories?post=117867"},{"taxonomy":"post_tag","embeddable":true,"href":"https:\/\/futbolhoy.co\/index.php\/wp-json\/wp\/v2\/tags?post=117867"}],"curies":[{"name":"wp","href":"https:\/\/api.w.org\/{rel}","templated":true}]}}