{"id":117874,"date":"2025-03-30T15:53:53","date_gmt":"2025-03-30T20:53:53","guid":{"rendered":"https:\/\/futbolhoy.co\/?p=117874"},"modified":"2025-03-31T08:43:31","modified_gmt":"2025-03-31T13:43:31","slug":"luis-javier-suarez-sigue-como-maximo-goleador-en-espana","status":"publish","type":"post","link":"https:\/\/futbolhoy.co\/index.php\/2025\/03\/30\/luis-javier-suarez-sigue-como-maximo-goleador-en-espana\/","title":{"rendered":"Luis Javier Su\u00e1rez sigue como m\u00e1ximo goleador en Espa\u00f1a"},"content":{"rendered":"<p style=\"text-align: justify;\"><span style=\"font-family: helvetica, arial, sans-serif;\">El colombiano <strong>Luis Javier Su\u00e1rez<\/strong> no para de hacer goles y este s\u00e1bado con una nueva anotaci\u00f3n se reafirm\u00f3 como m\u00e1ximo anotador en la <strong>Segunda Divisi\u00f3n<\/strong> de <strong>Espa\u00f1a<\/strong>, con el <strong>Almer\u00eda<\/strong>, acumulando 22 tantos esta temporada.<\/span><\/p>\n<p style=\"text-align: justify;\"><span style=\"font-family: helvetica, arial, sans-serif;\">Luis Su\u00e1rez firm\u00f3 su segundo gol en las tres \u00faltimas jornadas, el m\u00e1s reciente lo hizo de penal este s\u00e1bado al minuto 81 para la victoria frente al <strong>Levante.<\/strong><\/span><\/p>\n<p style=\"text-align: justify;\"><span style=\"font-family: helvetica, arial, sans-serif;\">Con el de este fin de semana, el delantero colombiano tiene una ventaja de seis goles con el argentino del <strong>Mirand\u00e9s<\/strong>, <strong>Joaqu\u00edn Panchelli,<\/strong> segundo con 16 tantos.<\/span><\/p>\n<p style=\"text-align: justify;\"><span style=\"font-family: helvetica, arial, sans-serif;\"><strong>As\u00ed va la tabla de goleadores<\/strong>:<\/span><\/p>\n<p style=\"text-align: justify;\"><span style=\"font-family: helvetica, arial, sans-serif;\">- Con 22 goles: Luis Su\u00e1rez (COL) (7p) (Almer\u00eda).<\/span><br \/>\n<span style=\"font-family: helvetica, arial, sans-serif;\">- Con 16 goles: Joaqu\u00edn Panichelli (ARG) (1p) (Mirand\u00e9s).<\/span><br \/>\n<span style=\"font-family: helvetica, arial, sans-serif;\">- Con 14 goles: Uzuni (ALB) (2p) (Granada); Andr\u00e9s Mart\u00edn (2p) (Racing Santander)<\/span><br \/>\n<span style=\"font-family: helvetica, arial, sans-serif;\">- Con 13 goles: Alemao (BRA) (Oviedo)<\/span><\/p>\n","protected":false},"excerpt":{"rendered":"<p>El colombiano Luis Javier Su\u00e1rez no para de hacer goles y este s\u00e1bado con una nueva anotaci\u00f3n se reafirm\u00f3 como m\u00e1ximo anotador en la Segunda Divisi\u00f3n de Espa\u00f1a, con el Almer\u00eda, acumulando 22 tantos esta temporada. Luis Su\u00e1rez firm\u00f3 su segundo gol en las tres \u00faltimas jornadas, el m\u00e1s reciente lo hizo de penal este [&hellip;]<\/p>\n","protected":false},"author":4,"featured_media":117875,"comment_status":"open","ping_status":"open","sticky":false,"template":"","format":"standard","meta":{"_acf_changed":false,"footnotes":""},"categories":[418],"tags":[],"class_list":{"0":"post-117874","1":"post","2":"type-post","3":"status-publish","4":"format-standard","5":"has-post-thumbnail","7":"category-colombia"},"acf":[],"yoast_head":"<!-- This site is optimized with the Yoast SEO plugin v26.8 - https:\/\/yoast.com\/product\/yoast-seo-wordpress\/ -->\n<title>Luis Javier Su\u00e1rez sigue como m\u00e1ximo goleador en Espa\u00f1a -<\/title>\n<meta name=\"robots\" content=\"index, follow, max-snippet:-1, max-image-preview:large, max-video-preview:-1\" \/>\n<link rel=\"canonical\" href=\"https:\/\/futbolhoy.co\/index.php\/2025\/03\/30\/luis-javier-suarez-sigue-como-maximo-goleador-en-espana\/\" \/>\n<meta property=\"og:locale\" content=\"es_ES\" \/>\n<meta property=\"og:type\" content=\"article\" \/>\n<meta property=\"og:title\" content=\"Luis Javier Su\u00e1rez sigue como m\u00e1ximo goleador en Espa\u00f1a -\" \/>\n<meta property=\"og:description\" content=\"El colombiano Luis Javier Su\u00e1rez no para de hacer goles y este s\u00e1bado con una nueva anotaci\u00f3n se reafirm\u00f3 como m\u00e1ximo anotador en la Segunda Divisi\u00f3n de Espa\u00f1a, con el Almer\u00eda, acumulando 22 tantos esta temporada. Luis Su\u00e1rez firm\u00f3 su segundo gol en las tres \u00faltimas jornadas, el m\u00e1s reciente lo hizo de penal este [&hellip;]\" \/>\n<meta property=\"og:url\" content=\"https:\/\/futbolhoy.co\/index.php\/2025\/03\/30\/luis-javier-suarez-sigue-como-maximo-goleador-en-espana\/\" \/>\n<meta property=\"article:publisher\" content=\"https:\/\/www.facebook.com\/FutbolHoyCol\/\" \/>\n<meta property=\"article:published_time\" content=\"2025-03-30T20:53:53+00:00\" \/>\n<meta property=\"article:modified_time\" content=\"2025-03-31T13:43:31+00:00\" \/>\n<meta property=\"og:image\" content=\"https:\/\/futbolhoy.co\/wp-content\/uploads\/2025\/03\/IMG_1323.jpeg\" \/>\n\t<meta property=\"og:image:width\" content=\"1088\" \/>\n\t<meta property=\"og:image:height\" content=\"652\" \/>\n\t<meta property=\"og:image:type\" content=\"image\/jpeg\" \/>\n<meta name=\"author\" content=\"contenido\" \/>\n<meta name=\"twitter:card\" content=\"summary_large_image\" \/>\n<meta name=\"twitter:creator\" content=\"@FutbolHoyCol\" \/>\n<meta name=\"twitter:site\" content=\"@FutbolHoyCol\" \/>\n<meta name=\"twitter:label1\" content=\"Escrito por\" \/>\n\t<meta name=\"twitter:data1\" content=\"contenido\" \/>\n\t<meta name=\"twitter:label2\" content=\"Tiempo de lectura\" \/>\n\t<meta name=\"twitter:data2\" content=\"1 minuto\" \/>\n<script type=\"application\/ld+json\" class=\"yoast-schema-graph\">{\"@context\":\"https:\/\/schema.org\",\"@graph\":[{\"@type\":\"Article\",\"@id\":\"https:\/\/futbolhoy.co\/index.php\/2025\/03\/30\/luis-javier-suarez-sigue-como-maximo-goleador-en-espana\/#article\",\"isPartOf\":{\"@id\":\"https:\/\/futbolhoy.co\/index.php\/2025\/03\/30\/luis-javier-suarez-sigue-como-maximo-goleador-en-espana\/\"},\"author\":{\"name\":\"contenido\",\"@id\":\"https:\/\/futbolhoy.co\/#\/schema\/person\/1721b69355b6623eaff15ac7b92d4cc3\"},\"headline\":\"Luis Javier Su\u00e1rez sigue como m\u00e1ximo goleador en Espa\u00f1a\",\"datePublished\":\"2025-03-30T20:53:53+00:00\",\"dateModified\":\"2025-03-31T13:43:31+00:00\",\"mainEntityOfPage\":{\"@id\":\"https:\/\/futbolhoy.co\/index.php\/2025\/03\/30\/luis-javier-suarez-sigue-como-maximo-goleador-en-espana\/\"},\"wordCount\":159,\"commentCount\":0,\"publisher\":{\"@id\":\"https:\/\/futbolhoy.co\/#organization\"},\"image\":{\"@id\":\"https:\/\/futbolhoy.co\/index.php\/2025\/03\/30\/luis-javier-suarez-sigue-como-maximo-goleador-en-espana\/#primaryimage\"},\"thumbnailUrl\":\"https:\/\/futbolhoy.co\/wp-content\/uploads\/2025\/03\/IMG_1323.jpeg\",\"articleSection\":[\"Colombia\"],\"inLanguage\":\"es\",\"potentialAction\":[{\"@type\":\"CommentAction\",\"name\":\"Comment\",\"target\":[\"https:\/\/futbolhoy.co\/index.php\/2025\/03\/30\/luis-javier-suarez-sigue-como-maximo-goleador-en-espana\/#respond\"]}]},{\"@type\":\"WebPage\",\"@id\":\"https:\/\/futbolhoy.co\/index.php\/2025\/03\/30\/luis-javier-suarez-sigue-como-maximo-goleador-en-espana\/\",\"url\":\"https:\/\/futbolhoy.co\/index.php\/2025\/03\/30\/luis-javier-suarez-sigue-como-maximo-goleador-en-espana\/\",\"name\":\"Luis Javier Su\u00e1rez sigue como m\u00e1ximo goleador en Espa\u00f1a -\",\"isPartOf\":{\"@id\":\"https:\/\/futbolhoy.co\/#website\"},\"primaryImageOfPage\":{\"@id\":\"https:\/\/futbolhoy.co\/index.php\/2025\/03\/30\/luis-javier-suarez-sigue-como-maximo-goleador-en-espana\/#primaryimage\"},\"image\":{\"@id\":\"https:\/\/futbolhoy.co\/index.php\/2025\/03\/30\/luis-javier-suarez-sigue-como-maximo-goleador-en-espana\/#primaryimage\"},\"thumbnailUrl\":\"https:\/\/futbolhoy.co\/wp-content\/uploads\/2025\/03\/IMG_1323.jpeg\",\"datePublished\":\"2025-03-30T20:53:53+00:00\",\"dateModified\":\"2025-03-31T13:43:31+00:00\",\"breadcrumb\":{\"@id\":\"https:\/\/futbolhoy.co\/index.php\/2025\/03\/30\/luis-javier-suarez-sigue-como-maximo-goleador-en-espana\/#breadcrumb\"},\"inLanguage\":\"es\",\"potentialAction\":[{\"@type\":\"ReadAction\",\"target\":[\"https:\/\/futbolhoy.co\/index.php\/2025\/03\/30\/luis-javier-suarez-sigue-como-maximo-goleador-en-espana\/\"]}]},{\"@type\":\"ImageObject\",\"inLanguage\":\"es\",\"@id\":\"https:\/\/futbolhoy.co\/index.php\/2025\/03\/30\/luis-javier-suarez-sigue-como-maximo-goleador-en-espana\/#primaryimage\",\"url\":\"https:\/\/futbolhoy.co\/wp-content\/uploads\/2025\/03\/IMG_1323.jpeg\",\"contentUrl\":\"https:\/\/futbolhoy.co\/wp-content\/uploads\/2025\/03\/IMG_1323.jpeg\",\"width\":1088,\"height\":652},{\"@type\":\"BreadcrumbList\",\"@id\":\"https:\/\/futbolhoy.co\/index.php\/2025\/03\/30\/luis-javier-suarez-sigue-como-maximo-goleador-en-espana\/#breadcrumb\",\"itemListElement\":[{\"@type\":\"ListItem\",\"position\":1,\"name\":\"Portada\",\"item\":\"https:\/\/futbolhoy.co\/\"},{\"@type\":\"ListItem\",\"position\":2,\"name\":\"Luis Javier Su\u00e1rez sigue como m\u00e1ximo goleador en Espa\u00f1a\"}]},{\"@type\":\"WebSite\",\"@id\":\"https:\/\/futbolhoy.co\/#website\",\"url\":\"https:\/\/futbolhoy.co\/\",\"name\":\"FutbolHoy\",\"description\":\"\",\"publisher\":{\"@id\":\"https:\/\/futbolhoy.co\/#organization\"},\"potentialAction\":[{\"@type\":\"SearchAction\",\"target\":{\"@type\":\"EntryPoint\",\"urlTemplate\":\"https:\/\/futbolhoy.co\/?s={search_term_string}\"},\"query-input\":{\"@type\":\"PropertyValueSpecification\",\"valueRequired\":true,\"valueName\":\"search_term_string\"}}],\"inLanguage\":\"es\"},{\"@type\":\"Organization\",\"@id\":\"https:\/\/futbolhoy.co\/#organization\",\"name\":\"Futbolhoy.co\",\"url\":\"https:\/\/futbolhoy.co\/\",\"logo\":{\"@type\":\"ImageObject\",\"inLanguage\":\"es\",\"@id\":\"https:\/\/futbolhoy.co\/#\/schema\/logo\/image\/\",\"url\":\"https:\/\/futbolhoy.co\/wp-content\/uploads\/2018\/08\/17426380_1906371736249227_6326180412931521141_n.jpg\",\"contentUrl\":\"https:\/\/futbolhoy.co\/wp-content\/uploads\/2018\/08\/17426380_1906371736249227_6326180412931521141_n.jpg\",\"width\":960,\"height\":960,\"caption\":\"Futbolhoy.co\"},\"image\":{\"@id\":\"https:\/\/futbolhoy.co\/#\/schema\/logo\/image\/\"},\"sameAs\":[\"https:\/\/www.facebook.com\/FutbolHoyCol\/\",\"https:\/\/x.com\/FutbolHoyCol\",\"https:\/\/www.instagram.com\/futbolhoycol\/\"]},{\"@type\":\"Person\",\"@id\":\"https:\/\/futbolhoy.co\/#\/schema\/person\/1721b69355b6623eaff15ac7b92d4cc3\",\"name\":\"contenido\",\"image\":{\"@type\":\"ImageObject\",\"inLanguage\":\"es\",\"@id\":\"https:\/\/futbolhoy.co\/#\/schema\/person\/image\/\",\"url\":\"https:\/\/secure.gravatar.com\/avatar\/4f656d3256f5134f466206e7c3941518?s=96&d=mm&r=g\",\"contentUrl\":\"https:\/\/secure.gravatar.com\/avatar\/4f656d3256f5134f466206e7c3941518?s=96&d=mm&r=g\",\"caption\":\"contenido\"}}]}<\/script>\n<!-- \/ Yoast SEO plugin. -->","yoast_head_json":{"title":"Luis Javier Su\u00e1rez sigue como m\u00e1ximo goleador en Espa\u00f1a -","robots":{"index":"index","follow":"follow","max-snippet":"max-snippet:-1","max-image-preview":"max-image-preview:large","max-video-preview":"max-video-preview:-1"},"canonical":"https:\/\/futbolhoy.co\/index.php\/2025\/03\/30\/luis-javier-suarez-sigue-como-maximo-goleador-en-espana\/","og_locale":"es_ES","og_type":"article","og_title":"Luis Javier Su\u00e1rez sigue como m\u00e1ximo goleador en Espa\u00f1a -","og_description":"El colombiano Luis Javier Su\u00e1rez no para de hacer goles y este s\u00e1bado con una nueva anotaci\u00f3n se reafirm\u00f3 como m\u00e1ximo anotador en la Segunda Divisi\u00f3n de Espa\u00f1a, con el Almer\u00eda, acumulando 22 tantos esta temporada. Luis Su\u00e1rez firm\u00f3 su segundo gol en las tres \u00faltimas jornadas, el m\u00e1s reciente lo hizo de penal este [&hellip;]","og_url":"https:\/\/futbolhoy.co\/index.php\/2025\/03\/30\/luis-javier-suarez-sigue-como-maximo-goleador-en-espana\/","article_publisher":"https:\/\/www.facebook.com\/FutbolHoyCol\/","article_published_time":"2025-03-30T20:53:53+00:00","article_modified_time":"2025-03-31T13:43:31+00:00","og_image":[{"width":1088,"height":652,"url":"https:\/\/futbolhoy.co\/wp-content\/uploads\/2025\/03\/IMG_1323.jpeg","type":"image\/jpeg"}],"author":"contenido","twitter_card":"summary_large_image","twitter_creator":"@FutbolHoyCol","twitter_site":"@FutbolHoyCol","twitter_misc":{"Escrito por":"contenido","Tiempo de lectura":"1 minuto"},"schema":{"@context":"https:\/\/schema.org","@graph":[{"@type":"Article","@id":"https:\/\/futbolhoy.co\/index.php\/2025\/03\/30\/luis-javier-suarez-sigue-como-maximo-goleador-en-espana\/#article","isPartOf":{"@id":"https:\/\/futbolhoy.co\/index.php\/2025\/03\/30\/luis-javier-suarez-sigue-como-maximo-goleador-en-espana\/"},"author":{"name":"contenido","@id":"https:\/\/futbolhoy.co\/#\/schema\/person\/1721b69355b6623eaff15ac7b92d4cc3"},"headline":"Luis Javier Su\u00e1rez sigue como m\u00e1ximo goleador en Espa\u00f1a","datePublished":"2025-03-30T20:53:53+00:00","dateModified":"2025-03-31T13:43:31+00:00","mainEntityOfPage":{"@id":"https:\/\/futbolhoy.co\/index.php\/2025\/03\/30\/luis-javier-suarez-sigue-como-maximo-goleador-en-espana\/"},"wordCount":159,"commentCount":0,"publisher":{"@id":"https:\/\/futbolhoy.co\/#organization"},"image":{"@id":"https:\/\/futbolhoy.co\/index.php\/2025\/03\/30\/luis-javier-suarez-sigue-como-maximo-goleador-en-espana\/#primaryimage"},"thumbnailUrl":"https:\/\/futbolhoy.co\/wp-content\/uploads\/2025\/03\/IMG_1323.jpeg","articleSection":["Colombia"],"inLanguage":"es","potentialAction":[{"@type":"CommentAction","name":"Comment","target":["https:\/\/futbolhoy.co\/index.php\/2025\/03\/30\/luis-javier-suarez-sigue-como-maximo-goleador-en-espana\/#respond"]}]},{"@type":"WebPage","@id":"https:\/\/futbolhoy.co\/index.php\/2025\/03\/30\/luis-javier-suarez-sigue-como-maximo-goleador-en-espana\/","url":"https:\/\/futbolhoy.co\/index.php\/2025\/03\/30\/luis-javier-suarez-sigue-como-maximo-goleador-en-espana\/","name":"Luis Javier Su\u00e1rez sigue como m\u00e1ximo goleador en Espa\u00f1a -","isPartOf":{"@id":"https:\/\/futbolhoy.co\/#website"},"primaryImageOfPage":{"@id":"https:\/\/futbolhoy.co\/index.php\/2025\/03\/30\/luis-javier-suarez-sigue-como-maximo-goleador-en-espana\/#primaryimage"},"image":{"@id":"https:\/\/futbolhoy.co\/index.php\/2025\/03\/30\/luis-javier-suarez-sigue-como-maximo-goleador-en-espana\/#primaryimage"},"thumbnailUrl":"https:\/\/futbolhoy.co\/wp-content\/uploads\/2025\/03\/IMG_1323.jpeg","datePublished":"2025-03-30T20:53:53+00:00","dateModified":"2025-03-31T13:43:31+00:00","breadcrumb":{"@id":"https:\/\/futbolhoy.co\/index.php\/2025\/03\/30\/luis-javier-suarez-sigue-como-maximo-goleador-en-espana\/#breadcrumb"},"inLanguage":"es","potentialAction":[{"@type":"ReadAction","target":["https:\/\/futbolhoy.co\/index.php\/2025\/03\/30\/luis-javier-suarez-sigue-como-maximo-goleador-en-espana\/"]}]},{"@type":"ImageObject","inLanguage":"es","@id":"https:\/\/futbolhoy.co\/index.php\/2025\/03\/30\/luis-javier-suarez-sigue-como-maximo-goleador-en-espana\/#primaryimage","url":"https:\/\/futbolhoy.co\/wp-content\/uploads\/2025\/03\/IMG_1323.jpeg","contentUrl":"https:\/\/futbolhoy.co\/wp-content\/uploads\/2025\/03\/IMG_1323.jpeg","width":1088,"height":652},{"@type":"BreadcrumbList","@id":"https:\/\/futbolhoy.co\/index.php\/2025\/03\/30\/luis-javier-suarez-sigue-como-maximo-goleador-en-espana\/#breadcrumb","itemListElement":[{"@type":"ListItem","position":1,"name":"Portada","item":"https:\/\/futbolhoy.co\/"},{"@type":"ListItem","position":2,"name":"Luis Javier Su\u00e1rez sigue como m\u00e1ximo goleador en Espa\u00f1a"}]},{"@type":"WebSite","@id":"https:\/\/futbolhoy.co\/#website","url":"https:\/\/futbolhoy.co\/","name":"FutbolHoy","description":"","publisher":{"@id":"https:\/\/futbolhoy.co\/#organization"},"potentialAction":[{"@type":"SearchAction","target":{"@type":"EntryPoint","urlTemplate":"https:\/\/futbolhoy.co\/?s={search_term_string}"},"query-input":{"@type":"PropertyValueSpecification","valueRequired":true,"valueName":"search_term_string"}}],"inLanguage":"es"},{"@type":"Organization","@id":"https:\/\/futbolhoy.co\/#organization","name":"Futbolhoy.co","url":"https:\/\/futbolhoy.co\/","logo":{"@type":"ImageObject","inLanguage":"es","@id":"https:\/\/futbolhoy.co\/#\/schema\/logo\/image\/","url":"https:\/\/futbolhoy.co\/wp-content\/uploads\/2018\/08\/17426380_1906371736249227_6326180412931521141_n.jpg","contentUrl":"https:\/\/futbolhoy.co\/wp-content\/uploads\/2018\/08\/17426380_1906371736249227_6326180412931521141_n.jpg","width":960,"height":960,"caption":"Futbolhoy.co"},"image":{"@id":"https:\/\/futbolhoy.co\/#\/schema\/logo\/image\/"},"sameAs":["https:\/\/www.facebook.com\/FutbolHoyCol\/","https:\/\/x.com\/FutbolHoyCol","https:\/\/www.instagram.com\/futbolhoycol\/"]},{"@type":"Person","@id":"https:\/\/futbolhoy.co\/#\/schema\/person\/1721b69355b6623eaff15ac7b92d4cc3","name":"contenido","image":{"@type":"ImageObject","inLanguage":"es","@id":"https:\/\/futbolhoy.co\/#\/schema\/person\/image\/","url":"https:\/\/secure.gravatar.com\/avatar\/4f656d3256f5134f466206e7c3941518?s=96&d=mm&r=g","contentUrl":"https:\/\/secure.gravatar.com\/avatar\/4f656d3256f5134f466206e7c3941518?s=96&d=mm&r=g","caption":"contenido"}}]}},"publishpress_future_action":{"enabled":false,"date":"2026-05-04 17:11:27","action":"change-status","newStatus":"draft","terms":[],"taxonomy":"category","extraData":[]},"publishpress_future_workflow_manual_trigger":{"enabledWorkflows":[]},"_links":{"self":[{"href":"https:\/\/futbolhoy.co\/index.php\/wp-json\/wp\/v2\/posts\/117874","targetHints":{"allow":["GET"]}}],"collection":[{"href":"https:\/\/futbolhoy.co\/index.php\/wp-json\/wp\/v2\/posts"}],"about":[{"href":"https:\/\/futbolhoy.co\/index.php\/wp-json\/wp\/v2\/types\/post"}],"author":[{"embeddable":true,"href":"https:\/\/futbolhoy.co\/index.php\/wp-json\/wp\/v2\/users\/4"}],"replies":[{"embeddable":true,"href":"https:\/\/futbolhoy.co\/index.php\/wp-json\/wp\/v2\/comments?post=117874"}],"version-history":[{"count":1,"href":"https:\/\/futbolhoy.co\/index.php\/wp-json\/wp\/v2\/posts\/117874\/revisions"}],"predecessor-version":[{"id":117876,"href":"https:\/\/futbolhoy.co\/index.php\/wp-json\/wp\/v2\/posts\/117874\/revisions\/117876"}],"wp:featuredmedia":[{"embeddable":true,"href":"https:\/\/futbolhoy.co\/index.php\/wp-json\/wp\/v2\/media\/117875"}],"wp:attachment":[{"href":"https:\/\/futbolhoy.co\/index.php\/wp-json\/wp\/v2\/media?parent=117874"}],"wp:term":[{"taxonomy":"category","embeddable":true,"href":"https:\/\/futbolhoy.co\/index.php\/wp-json\/wp\/v2\/categories?post=117874"},{"taxonomy":"post_tag","embeddable":true,"href":"https:\/\/futbolhoy.co\/index.php\/wp-json\/wp\/v2\/tags?post=117874"}],"curies":[{"name":"wp","href":"https:\/\/api.w.org\/{rel}","templated":true}]}}