{"id":117882,"date":"2025-03-30T18:00:19","date_gmt":"2025-03-30T23:00:19","guid":{"rendered":"https:\/\/futbolhoy.co\/?p=117882"},"modified":"2025-03-31T09:17:00","modified_gmt":"2025-03-31T14:17:00","slug":"rival-de-nacional-en-libertadores-se-quedo-sin-tecnico-antes-del-debut-en-medellin","status":"publish","type":"post","link":"https:\/\/futbolhoy.co\/index.php\/2025\/03\/30\/rival-de-nacional-en-libertadores-se-quedo-sin-tecnico-antes-del-debut-en-medellin\/","title":{"rendered":"Rival de Nacional en Libertadores se qued\u00f3 sin t\u00e9cnico antes del debut en Medell\u00edn"},"content":{"rendered":"<p style=\"text-align: justify;\"><span style=\"font-family: helvetica, arial, sans-serif;\"><strong>Juli\u00e1n Mill\u00e1n y Diego Herazo<\/strong> se quedaron sin t\u00e9cnico en <strong>Nacional<\/strong> de <strong>Montevideo<\/strong>, a d\u00edas del debut en <strong>Copa Libertadores<\/strong>, tras la salida de <strong>Mart\u00edn Lasarte<\/strong> en las \u00faltimas horas. <\/span><\/p>\n<p style=\"text-align: justify;\"><span style=\"font-family: helvetica, arial, sans-serif;\">Tras la derrota 1-2 de Nacional frente a <strong>Juventud <\/strong>de <strong>Las Piedras<\/strong> por la novena jornada del <strong>Torneo Apertura,<\/strong> Lasarte dej\u00f3 el cargo y la incertidumbre del futuro del equipo de los colombianos antes de su debut frente a <strong>Atl\u00e9tico Nacional<\/strong> por <strong>Copa Libertadores. <\/strong><\/span><\/p>\n<p style=\"text-align: justify;\"><span style=\"font-family: helvetica, arial, sans-serif;\">\"De com\u00fan acuerdo, ha finalizado el ciclo de Mart\u00edn Lasarte como entrenador del primer equipo. El club agradece y reconoce su dedicaci\u00f3n, compromiso y el trabajo realizado junto a su cuerpo t\u00e9cnico. Nacional ser\u00e1 siempre su hogar y le deseamos el mayor de los \u00e9xitos en sus pr\u00f3ximos desaf\u00edos deportivos\", indica un comunicado emitido por el club.<\/span><\/p>\n<p style=\"text-align: justify;\"><span style=\"font-family: helvetica, arial, sans-serif;\">El equipo uruguayo debutar\u00e1 en Libertadores el pr\u00f3ximo 2 de abril en el estadio <strong>Atanasio Girardot<\/strong> de <strong>Medell\u00edn<\/strong>, frente Atl\u00e9tico Nacional, ambos en el grupo F.<\/span><\/p>\n<p style=\"text-align: justify;\"><span style=\"font-family: helvetica, arial, sans-serif;\">Lasarte estuvo en su tercer periodo al frente de Nacional de Montevideo, en el m\u00e1s reciente dirigi\u00f3 37 partidos, con un saldo de 23 victorias, 11 empates y apenas 3 derrotas.<\/span><\/p>\n","protected":false},"excerpt":{"rendered":"<p>Juli\u00e1n Mill\u00e1n y Diego Herazo se quedaron sin t\u00e9cnico en Nacional de Montevideo, a d\u00edas del debut en Copa Libertadores, tras la salida de Mart\u00edn Lasarte en las \u00faltimas horas. Tras la derrota 1-2 de Nacional frente a Juventud de Las Piedras por la novena jornada del Torneo Apertura, Lasarte dej\u00f3 el cargo y la [&hellip;]<\/p>\n","protected":false},"author":4,"featured_media":117883,"comment_status":"open","ping_status":"open","sticky":false,"template":"","format":"standard","meta":{"_acf_changed":false,"footnotes":""},"categories":[152],"tags":[],"class_list":{"0":"post-117882","1":"post","2":"type-post","3":"status-publish","4":"format-standard","5":"has-post-thumbnail","7":"category-mundo-futbol"},"acf":[],"yoast_head":"<!-- This site is optimized with the Yoast SEO plugin v26.8 - https:\/\/yoast.com\/product\/yoast-seo-wordpress\/ -->\n<title>Rival de Nacional en Libertadores se qued\u00f3 sin t\u00e9cnico antes del debut en Medell\u00edn -<\/title>\n<meta name=\"robots\" content=\"index, follow, max-snippet:-1, max-image-preview:large, max-video-preview:-1\" \/>\n<link rel=\"canonical\" href=\"https:\/\/futbolhoy.co\/index.php\/2025\/03\/30\/rival-de-nacional-en-libertadores-se-quedo-sin-tecnico-antes-del-debut-en-medellin\/\" \/>\n<meta property=\"og:locale\" content=\"es_ES\" \/>\n<meta property=\"og:type\" content=\"article\" \/>\n<meta property=\"og:title\" content=\"Rival de Nacional en Libertadores se qued\u00f3 sin t\u00e9cnico antes del debut en Medell\u00edn -\" \/>\n<meta property=\"og:description\" content=\"Juli\u00e1n Mill\u00e1n y Diego Herazo se quedaron sin t\u00e9cnico en Nacional de Montevideo, a d\u00edas del debut en Copa Libertadores, tras la salida de Mart\u00edn Lasarte en las \u00faltimas horas. Tras la derrota 1-2 de Nacional frente a Juventud de Las Piedras por la novena jornada del Torneo Apertura, Lasarte dej\u00f3 el cargo y la [&hellip;]\" \/>\n<meta property=\"og:url\" content=\"https:\/\/futbolhoy.co\/index.php\/2025\/03\/30\/rival-de-nacional-en-libertadores-se-quedo-sin-tecnico-antes-del-debut-en-medellin\/\" \/>\n<meta property=\"article:publisher\" content=\"https:\/\/www.facebook.com\/FutbolHoyCol\/\" \/>\n<meta property=\"article:published_time\" content=\"2025-03-30T23:00:19+00:00\" \/>\n<meta property=\"article:modified_time\" content=\"2025-03-31T14:17:00+00:00\" \/>\n<meta property=\"og:image\" content=\"https:\/\/futbolhoy.co\/wp-content\/uploads\/2025\/03\/IMG_1325.jpeg\" \/>\n\t<meta property=\"og:image:width\" content=\"1179\" \/>\n\t<meta property=\"og:image:height\" content=\"1065\" \/>\n\t<meta property=\"og:image:type\" content=\"image\/jpeg\" \/>\n<meta name=\"author\" content=\"contenido\" \/>\n<meta name=\"twitter:card\" content=\"summary_large_image\" \/>\n<meta name=\"twitter:creator\" content=\"@FutbolHoyCol\" \/>\n<meta name=\"twitter:site\" content=\"@FutbolHoyCol\" \/>\n<meta name=\"twitter:label1\" content=\"Escrito por\" \/>\n\t<meta name=\"twitter:data1\" content=\"contenido\" \/>\n\t<meta name=\"twitter:label2\" content=\"Tiempo de lectura\" \/>\n\t<meta name=\"twitter:data2\" content=\"1 minuto\" \/>\n<script type=\"application\/ld+json\" class=\"yoast-schema-graph\">{\"@context\":\"https:\/\/schema.org\",\"@graph\":[{\"@type\":\"Article\",\"@id\":\"https:\/\/futbolhoy.co\/index.php\/2025\/03\/30\/rival-de-nacional-en-libertadores-se-quedo-sin-tecnico-antes-del-debut-en-medellin\/#article\",\"isPartOf\":{\"@id\":\"https:\/\/futbolhoy.co\/index.php\/2025\/03\/30\/rival-de-nacional-en-libertadores-se-quedo-sin-tecnico-antes-del-debut-en-medellin\/\"},\"author\":{\"name\":\"contenido\",\"@id\":\"https:\/\/futbolhoy.co\/#\/schema\/person\/1721b69355b6623eaff15ac7b92d4cc3\"},\"headline\":\"Rival de Nacional en Libertadores se qued\u00f3 sin t\u00e9cnico antes del debut en Medell\u00edn\",\"datePublished\":\"2025-03-30T23:00:19+00:00\",\"dateModified\":\"2025-03-31T14:17:00+00:00\",\"mainEntityOfPage\":{\"@id\":\"https:\/\/futbolhoy.co\/index.php\/2025\/03\/30\/rival-de-nacional-en-libertadores-se-quedo-sin-tecnico-antes-del-debut-en-medellin\/\"},\"wordCount\":215,\"commentCount\":0,\"publisher\":{\"@id\":\"https:\/\/futbolhoy.co\/#organization\"},\"image\":{\"@id\":\"https:\/\/futbolhoy.co\/index.php\/2025\/03\/30\/rival-de-nacional-en-libertadores-se-quedo-sin-tecnico-antes-del-debut-en-medellin\/#primaryimage\"},\"thumbnailUrl\":\"https:\/\/futbolhoy.co\/wp-content\/uploads\/2025\/03\/IMG_1325.jpeg\",\"articleSection\":[\"Mundo Futbol\"],\"inLanguage\":\"es\",\"potentialAction\":[{\"@type\":\"CommentAction\",\"name\":\"Comment\",\"target\":[\"https:\/\/futbolhoy.co\/index.php\/2025\/03\/30\/rival-de-nacional-en-libertadores-se-quedo-sin-tecnico-antes-del-debut-en-medellin\/#respond\"]}]},{\"@type\":\"WebPage\",\"@id\":\"https:\/\/futbolhoy.co\/index.php\/2025\/03\/30\/rival-de-nacional-en-libertadores-se-quedo-sin-tecnico-antes-del-debut-en-medellin\/\",\"url\":\"https:\/\/futbolhoy.co\/index.php\/2025\/03\/30\/rival-de-nacional-en-libertadores-se-quedo-sin-tecnico-antes-del-debut-en-medellin\/\",\"name\":\"Rival de Nacional en Libertadores se qued\u00f3 sin t\u00e9cnico antes del debut en Medell\u00edn -\",\"isPartOf\":{\"@id\":\"https:\/\/futbolhoy.co\/#website\"},\"primaryImageOfPage\":{\"@id\":\"https:\/\/futbolhoy.co\/index.php\/2025\/03\/30\/rival-de-nacional-en-libertadores-se-quedo-sin-tecnico-antes-del-debut-en-medellin\/#primaryimage\"},\"image\":{\"@id\":\"https:\/\/futbolhoy.co\/index.php\/2025\/03\/30\/rival-de-nacional-en-libertadores-se-quedo-sin-tecnico-antes-del-debut-en-medellin\/#primaryimage\"},\"thumbnailUrl\":\"https:\/\/futbolhoy.co\/wp-content\/uploads\/2025\/03\/IMG_1325.jpeg\",\"datePublished\":\"2025-03-30T23:00:19+00:00\",\"dateModified\":\"2025-03-31T14:17:00+00:00\",\"breadcrumb\":{\"@id\":\"https:\/\/futbolhoy.co\/index.php\/2025\/03\/30\/rival-de-nacional-en-libertadores-se-quedo-sin-tecnico-antes-del-debut-en-medellin\/#breadcrumb\"},\"inLanguage\":\"es\",\"potentialAction\":[{\"@type\":\"ReadAction\",\"target\":[\"https:\/\/futbolhoy.co\/index.php\/2025\/03\/30\/rival-de-nacional-en-libertadores-se-quedo-sin-tecnico-antes-del-debut-en-medellin\/\"]}]},{\"@type\":\"ImageObject\",\"inLanguage\":\"es\",\"@id\":\"https:\/\/futbolhoy.co\/index.php\/2025\/03\/30\/rival-de-nacional-en-libertadores-se-quedo-sin-tecnico-antes-del-debut-en-medellin\/#primaryimage\",\"url\":\"https:\/\/futbolhoy.co\/wp-content\/uploads\/2025\/03\/IMG_1325.jpeg\",\"contentUrl\":\"https:\/\/futbolhoy.co\/wp-content\/uploads\/2025\/03\/IMG_1325.jpeg\",\"width\":1179,\"height\":1065},{\"@type\":\"BreadcrumbList\",\"@id\":\"https:\/\/futbolhoy.co\/index.php\/2025\/03\/30\/rival-de-nacional-en-libertadores-se-quedo-sin-tecnico-antes-del-debut-en-medellin\/#breadcrumb\",\"itemListElement\":[{\"@type\":\"ListItem\",\"position\":1,\"name\":\"Portada\",\"item\":\"https:\/\/futbolhoy.co\/\"},{\"@type\":\"ListItem\",\"position\":2,\"name\":\"Rival de Nacional en Libertadores se qued\u00f3 sin t\u00e9cnico antes del debut en Medell\u00edn\"}]},{\"@type\":\"WebSite\",\"@id\":\"https:\/\/futbolhoy.co\/#website\",\"url\":\"https:\/\/futbolhoy.co\/\",\"name\":\"FutbolHoy\",\"description\":\"\",\"publisher\":{\"@id\":\"https:\/\/futbolhoy.co\/#organization\"},\"potentialAction\":[{\"@type\":\"SearchAction\",\"target\":{\"@type\":\"EntryPoint\",\"urlTemplate\":\"https:\/\/futbolhoy.co\/?s={search_term_string}\"},\"query-input\":{\"@type\":\"PropertyValueSpecification\",\"valueRequired\":true,\"valueName\":\"search_term_string\"}}],\"inLanguage\":\"es\"},{\"@type\":\"Organization\",\"@id\":\"https:\/\/futbolhoy.co\/#organization\",\"name\":\"Futbolhoy.co\",\"url\":\"https:\/\/futbolhoy.co\/\",\"logo\":{\"@type\":\"ImageObject\",\"inLanguage\":\"es\",\"@id\":\"https:\/\/futbolhoy.co\/#\/schema\/logo\/image\/\",\"url\":\"https:\/\/futbolhoy.co\/wp-content\/uploads\/2018\/08\/17426380_1906371736249227_6326180412931521141_n.jpg\",\"contentUrl\":\"https:\/\/futbolhoy.co\/wp-content\/uploads\/2018\/08\/17426380_1906371736249227_6326180412931521141_n.jpg\",\"width\":960,\"height\":960,\"caption\":\"Futbolhoy.co\"},\"image\":{\"@id\":\"https:\/\/futbolhoy.co\/#\/schema\/logo\/image\/\"},\"sameAs\":[\"https:\/\/www.facebook.com\/FutbolHoyCol\/\",\"https:\/\/x.com\/FutbolHoyCol\",\"https:\/\/www.instagram.com\/futbolhoycol\/\"]},{\"@type\":\"Person\",\"@id\":\"https:\/\/futbolhoy.co\/#\/schema\/person\/1721b69355b6623eaff15ac7b92d4cc3\",\"name\":\"contenido\",\"image\":{\"@type\":\"ImageObject\",\"inLanguage\":\"es\",\"@id\":\"https:\/\/futbolhoy.co\/#\/schema\/person\/image\/\",\"url\":\"https:\/\/secure.gravatar.com\/avatar\/4f656d3256f5134f466206e7c3941518?s=96&d=mm&r=g\",\"contentUrl\":\"https:\/\/secure.gravatar.com\/avatar\/4f656d3256f5134f466206e7c3941518?s=96&d=mm&r=g\",\"caption\":\"contenido\"}}]}<\/script>\n<!-- \/ Yoast SEO plugin. -->","yoast_head_json":{"title":"Rival de Nacional en Libertadores se qued\u00f3 sin t\u00e9cnico antes del debut en Medell\u00edn -","robots":{"index":"index","follow":"follow","max-snippet":"max-snippet:-1","max-image-preview":"max-image-preview:large","max-video-preview":"max-video-preview:-1"},"canonical":"https:\/\/futbolhoy.co\/index.php\/2025\/03\/30\/rival-de-nacional-en-libertadores-se-quedo-sin-tecnico-antes-del-debut-en-medellin\/","og_locale":"es_ES","og_type":"article","og_title":"Rival de Nacional en Libertadores se qued\u00f3 sin t\u00e9cnico antes del debut en Medell\u00edn -","og_description":"Juli\u00e1n Mill\u00e1n y Diego Herazo se quedaron sin t\u00e9cnico en Nacional de Montevideo, a d\u00edas del debut en Copa Libertadores, tras la salida de Mart\u00edn Lasarte en las \u00faltimas horas. Tras la derrota 1-2 de Nacional frente a Juventud de Las Piedras por la novena jornada del Torneo Apertura, Lasarte dej\u00f3 el cargo y la [&hellip;]","og_url":"https:\/\/futbolhoy.co\/index.php\/2025\/03\/30\/rival-de-nacional-en-libertadores-se-quedo-sin-tecnico-antes-del-debut-en-medellin\/","article_publisher":"https:\/\/www.facebook.com\/FutbolHoyCol\/","article_published_time":"2025-03-30T23:00:19+00:00","article_modified_time":"2025-03-31T14:17:00+00:00","og_image":[{"width":1179,"height":1065,"url":"https:\/\/futbolhoy.co\/wp-content\/uploads\/2025\/03\/IMG_1325.jpeg","type":"image\/jpeg"}],"author":"contenido","twitter_card":"summary_large_image","twitter_creator":"@FutbolHoyCol","twitter_site":"@FutbolHoyCol","twitter_misc":{"Escrito por":"contenido","Tiempo de lectura":"1 minuto"},"schema":{"@context":"https:\/\/schema.org","@graph":[{"@type":"Article","@id":"https:\/\/futbolhoy.co\/index.php\/2025\/03\/30\/rival-de-nacional-en-libertadores-se-quedo-sin-tecnico-antes-del-debut-en-medellin\/#article","isPartOf":{"@id":"https:\/\/futbolhoy.co\/index.php\/2025\/03\/30\/rival-de-nacional-en-libertadores-se-quedo-sin-tecnico-antes-del-debut-en-medellin\/"},"author":{"name":"contenido","@id":"https:\/\/futbolhoy.co\/#\/schema\/person\/1721b69355b6623eaff15ac7b92d4cc3"},"headline":"Rival de Nacional en Libertadores se qued\u00f3 sin t\u00e9cnico antes del debut en Medell\u00edn","datePublished":"2025-03-30T23:00:19+00:00","dateModified":"2025-03-31T14:17:00+00:00","mainEntityOfPage":{"@id":"https:\/\/futbolhoy.co\/index.php\/2025\/03\/30\/rival-de-nacional-en-libertadores-se-quedo-sin-tecnico-antes-del-debut-en-medellin\/"},"wordCount":215,"commentCount":0,"publisher":{"@id":"https:\/\/futbolhoy.co\/#organization"},"image":{"@id":"https:\/\/futbolhoy.co\/index.php\/2025\/03\/30\/rival-de-nacional-en-libertadores-se-quedo-sin-tecnico-antes-del-debut-en-medellin\/#primaryimage"},"thumbnailUrl":"https:\/\/futbolhoy.co\/wp-content\/uploads\/2025\/03\/IMG_1325.jpeg","articleSection":["Mundo Futbol"],"inLanguage":"es","potentialAction":[{"@type":"CommentAction","name":"Comment","target":["https:\/\/futbolhoy.co\/index.php\/2025\/03\/30\/rival-de-nacional-en-libertadores-se-quedo-sin-tecnico-antes-del-debut-en-medellin\/#respond"]}]},{"@type":"WebPage","@id":"https:\/\/futbolhoy.co\/index.php\/2025\/03\/30\/rival-de-nacional-en-libertadores-se-quedo-sin-tecnico-antes-del-debut-en-medellin\/","url":"https:\/\/futbolhoy.co\/index.php\/2025\/03\/30\/rival-de-nacional-en-libertadores-se-quedo-sin-tecnico-antes-del-debut-en-medellin\/","name":"Rival de Nacional en Libertadores se qued\u00f3 sin t\u00e9cnico antes del debut en Medell\u00edn -","isPartOf":{"@id":"https:\/\/futbolhoy.co\/#website"},"primaryImageOfPage":{"@id":"https:\/\/futbolhoy.co\/index.php\/2025\/03\/30\/rival-de-nacional-en-libertadores-se-quedo-sin-tecnico-antes-del-debut-en-medellin\/#primaryimage"},"image":{"@id":"https:\/\/futbolhoy.co\/index.php\/2025\/03\/30\/rival-de-nacional-en-libertadores-se-quedo-sin-tecnico-antes-del-debut-en-medellin\/#primaryimage"},"thumbnailUrl":"https:\/\/futbolhoy.co\/wp-content\/uploads\/2025\/03\/IMG_1325.jpeg","datePublished":"2025-03-30T23:00:19+00:00","dateModified":"2025-03-31T14:17:00+00:00","breadcrumb":{"@id":"https:\/\/futbolhoy.co\/index.php\/2025\/03\/30\/rival-de-nacional-en-libertadores-se-quedo-sin-tecnico-antes-del-debut-en-medellin\/#breadcrumb"},"inLanguage":"es","potentialAction":[{"@type":"ReadAction","target":["https:\/\/futbolhoy.co\/index.php\/2025\/03\/30\/rival-de-nacional-en-libertadores-se-quedo-sin-tecnico-antes-del-debut-en-medellin\/"]}]},{"@type":"ImageObject","inLanguage":"es","@id":"https:\/\/futbolhoy.co\/index.php\/2025\/03\/30\/rival-de-nacional-en-libertadores-se-quedo-sin-tecnico-antes-del-debut-en-medellin\/#primaryimage","url":"https:\/\/futbolhoy.co\/wp-content\/uploads\/2025\/03\/IMG_1325.jpeg","contentUrl":"https:\/\/futbolhoy.co\/wp-content\/uploads\/2025\/03\/IMG_1325.jpeg","width":1179,"height":1065},{"@type":"BreadcrumbList","@id":"https:\/\/futbolhoy.co\/index.php\/2025\/03\/30\/rival-de-nacional-en-libertadores-se-quedo-sin-tecnico-antes-del-debut-en-medellin\/#breadcrumb","itemListElement":[{"@type":"ListItem","position":1,"name":"Portada","item":"https:\/\/futbolhoy.co\/"},{"@type":"ListItem","position":2,"name":"Rival de Nacional en Libertadores se qued\u00f3 sin t\u00e9cnico antes del debut en Medell\u00edn"}]},{"@type":"WebSite","@id":"https:\/\/futbolhoy.co\/#website","url":"https:\/\/futbolhoy.co\/","name":"FutbolHoy","description":"","publisher":{"@id":"https:\/\/futbolhoy.co\/#organization"},"potentialAction":[{"@type":"SearchAction","target":{"@type":"EntryPoint","urlTemplate":"https:\/\/futbolhoy.co\/?s={search_term_string}"},"query-input":{"@type":"PropertyValueSpecification","valueRequired":true,"valueName":"search_term_string"}}],"inLanguage":"es"},{"@type":"Organization","@id":"https:\/\/futbolhoy.co\/#organization","name":"Futbolhoy.co","url":"https:\/\/futbolhoy.co\/","logo":{"@type":"ImageObject","inLanguage":"es","@id":"https:\/\/futbolhoy.co\/#\/schema\/logo\/image\/","url":"https:\/\/futbolhoy.co\/wp-content\/uploads\/2018\/08\/17426380_1906371736249227_6326180412931521141_n.jpg","contentUrl":"https:\/\/futbolhoy.co\/wp-content\/uploads\/2018\/08\/17426380_1906371736249227_6326180412931521141_n.jpg","width":960,"height":960,"caption":"Futbolhoy.co"},"image":{"@id":"https:\/\/futbolhoy.co\/#\/schema\/logo\/image\/"},"sameAs":["https:\/\/www.facebook.com\/FutbolHoyCol\/","https:\/\/x.com\/FutbolHoyCol","https:\/\/www.instagram.com\/futbolhoycol\/"]},{"@type":"Person","@id":"https:\/\/futbolhoy.co\/#\/schema\/person\/1721b69355b6623eaff15ac7b92d4cc3","name":"contenido","image":{"@type":"ImageObject","inLanguage":"es","@id":"https:\/\/futbolhoy.co\/#\/schema\/person\/image\/","url":"https:\/\/secure.gravatar.com\/avatar\/4f656d3256f5134f466206e7c3941518?s=96&d=mm&r=g","contentUrl":"https:\/\/secure.gravatar.com\/avatar\/4f656d3256f5134f466206e7c3941518?s=96&d=mm&r=g","caption":"contenido"}}]}},"publishpress_future_action":{"enabled":false,"date":"2026-05-04 20:02:03","action":"change-status","newStatus":"draft","terms":[],"taxonomy":"category","extraData":[]},"publishpress_future_workflow_manual_trigger":{"enabledWorkflows":[]},"_links":{"self":[{"href":"https:\/\/futbolhoy.co\/index.php\/wp-json\/wp\/v2\/posts\/117882","targetHints":{"allow":["GET"]}}],"collection":[{"href":"https:\/\/futbolhoy.co\/index.php\/wp-json\/wp\/v2\/posts"}],"about":[{"href":"https:\/\/futbolhoy.co\/index.php\/wp-json\/wp\/v2\/types\/post"}],"author":[{"embeddable":true,"href":"https:\/\/futbolhoy.co\/index.php\/wp-json\/wp\/v2\/users\/4"}],"replies":[{"embeddable":true,"href":"https:\/\/futbolhoy.co\/index.php\/wp-json\/wp\/v2\/comments?post=117882"}],"version-history":[{"count":2,"href":"https:\/\/futbolhoy.co\/index.php\/wp-json\/wp\/v2\/posts\/117882\/revisions"}],"predecessor-version":[{"id":117887,"href":"https:\/\/futbolhoy.co\/index.php\/wp-json\/wp\/v2\/posts\/117882\/revisions\/117887"}],"wp:featuredmedia":[{"embeddable":true,"href":"https:\/\/futbolhoy.co\/index.php\/wp-json\/wp\/v2\/media\/117883"}],"wp:attachment":[{"href":"https:\/\/futbolhoy.co\/index.php\/wp-json\/wp\/v2\/media?parent=117882"}],"wp:term":[{"taxonomy":"category","embeddable":true,"href":"https:\/\/futbolhoy.co\/index.php\/wp-json\/wp\/v2\/categories?post=117882"},{"taxonomy":"post_tag","embeddable":true,"href":"https:\/\/futbolhoy.co\/index.php\/wp-json\/wp\/v2\/tags?post=117882"}],"curies":[{"name":"wp","href":"https:\/\/api.w.org\/{rel}","templated":true}]}}