{"id":117893,"date":"2025-03-30T22:40:42","date_gmt":"2025-03-31T03:40:42","guid":{"rendered":"https:\/\/futbolhoy.co\/?p=117893"},"modified":"2025-03-31T21:21:00","modified_gmt":"2025-04-01T02:21:00","slug":"america-no-afloja-vencio-a-fortaleza-y-se-aferro-al-liderato","status":"publish","type":"post","link":"https:\/\/futbolhoy.co\/index.php\/2025\/03\/30\/america-no-afloja-vencio-a-fortaleza-y-se-aferro-al-liderato\/","title":{"rendered":"Am\u00e9rica no afloja, venci\u00f3 a Fortaleza y se aferr\u00f3 al liderato"},"content":{"rendered":"<p style=\"text-align: justify;\"><span style=\"font-family: helvetica, arial, sans-serif;\"><strong>Am\u00e9rica de Cali<\/strong> no deja de mostrarse como uno de los favoritos y este domingo, con una victoria frente a <strong>Fortaleza<\/strong> en el <strong>Pascual<\/strong> <strong>Guerrero<\/strong>, se aferr\u00f3 al liderato de la <strong>Liga<\/strong> <strong>BetPlay<\/strong>, luego del partido por la fecha 11 del torneo. <\/span><\/p>\n<p style=\"text-align: justify;\"><span style=\"font-family: helvetica, arial, sans-serif;\">El equipo de <strong>Polilla Da Silva<\/strong> abri\u00f3 camino ante Fortaleza y desde el primer tiempo intent\u00f3 ser mayor, pese a contar con una n\u00f3mina mixta, pensando en el pr\u00f3ximo debut de <strong>Copa Sudamericana.<\/strong> <\/span><\/p>\n<p style=\"text-align: justify;\"><span style=\"font-family: helvetica, arial, sans-serif;\">Fortaleza no desaprovech\u00f3 las bajas titulares y en los primeros minutos tuvieron varios acercamientos en territorio americano, pero con pocas opciones claras en el arco escarlata. <\/span><\/p>\n<p style=\"text-align: justify;\"><span style=\"font-family: helvetica, arial, sans-serif;\">El primer y \u00fanico tanto del partido lleg\u00f3 al minuto 19, cuando <strong>Felipe G\u00f3mez<\/strong> no perdon\u00f3 estar frente al arco de <strong>Jordan Garc\u00eda<\/strong> tras un cobro de tiro de esquina. Desde entonces, Am\u00e9rica no detuvo el ataque en zona de Fortaleza, pero con un guardameta visitante que supo responder ante las llegadas del local. <\/span><\/p>\n<p style=\"text-align: justify;\"><span style=\"font-family: helvetica, arial, sans-serif;\">Durante la segunda parte las mayores emociones se registraron en el final, cuando al complemento una mano dentro del \u00e1rea de <strong>Andr\u00e9s Mosquera<\/strong> al minuto 90+4 significaba la opci\u00f3n de Fortaleza de igualar el juego; tras la revisi\u00f3n del <strong>VAR<\/strong> el juez decidi\u00f3 que era pena m\u00e1xima para los bogotanos. <\/span><\/p>\n<p style=\"text-align: justify;\"><span style=\"font-family: helvetica, arial, sans-serif;\">En la jugada, Andr\u00e9s Mosquera recibi\u00f3 tarjeta amarilla por la mano, adem\u00e1s de <strong>Duv\u00e1n<\/strong> <strong>Vergara<\/strong> por su protesta contra el \u00e1rbitro. <\/span><\/p>\n<p style=\"text-align: justify;\"><span style=\"font-family: helvetica, arial, sans-serif;\">La mala fortuna para los visitantes no par\u00f3 y es que <strong>David Camacho<\/strong> tom\u00f3 la pelota buscando la igualdad, pero el arquero <strong>Santiago Silva<\/strong> se visti\u00f3 de h\u00e9roe tras atajar el penal.<\/span><\/p>\n<p style=\"text-align: justify;\"><span style=\"font-family: helvetica, arial, sans-serif;\">Con el triunfo, <strong>Am\u00e9rica lleg\u00f3 a 24 puntos<\/strong>, es primero de la tabla en solitario y acaricia de cerca la clasificaci\u00f3n a la siguiente fase de la Liga BetPlay, mientras Fortaleza no levanta cabeza y se ubica en la casilla 15 con 10 unidades.<\/span><\/p>\n","protected":false},"excerpt":{"rendered":"<p>Am\u00e9rica de Cali no deja de mostrarse como uno de los favoritos y este domingo, con una victoria frente a Fortaleza en el Pascual Guerrero, se aferr\u00f3 al liderato de la Liga BetPlay, luego del partido por la fecha 11 del torneo. El equipo de Polilla Da Silva abri\u00f3 camino ante Fortaleza y desde el [&hellip;]<\/p>\n","protected":false},"author":4,"featured_media":117894,"comment_status":"open","ping_status":"open","sticky":false,"template":"","format":"standard","meta":{"_acf_changed":false,"footnotes":""},"categories":[7],"tags":[],"class_list":{"0":"post-117893","1":"post","2":"type-post","3":"status-publish","4":"format-standard","5":"has-post-thumbnail","7":"category-liga-betplay"},"acf":[],"yoast_head":"<!-- This site is optimized with the Yoast SEO plugin v26.8 - https:\/\/yoast.com\/product\/yoast-seo-wordpress\/ -->\n<title>Am\u00e9rica no afloja, venci\u00f3 a Fortaleza y se aferr\u00f3 al liderato -<\/title>\n<meta name=\"robots\" content=\"index, follow, max-snippet:-1, max-image-preview:large, max-video-preview:-1\" \/>\n<link rel=\"canonical\" href=\"https:\/\/futbolhoy.co\/index.php\/2025\/03\/30\/america-no-afloja-vencio-a-fortaleza-y-se-aferro-al-liderato\/\" \/>\n<meta property=\"og:locale\" content=\"es_ES\" \/>\n<meta property=\"og:type\" content=\"article\" \/>\n<meta property=\"og:title\" content=\"Am\u00e9rica no afloja, venci\u00f3 a Fortaleza y se aferr\u00f3 al liderato -\" \/>\n<meta property=\"og:description\" content=\"Am\u00e9rica de Cali no deja de mostrarse como uno de los favoritos y este domingo, con una victoria frente a Fortaleza en el Pascual Guerrero, se aferr\u00f3 al liderato de la Liga BetPlay, luego del partido por la fecha 11 del torneo. El equipo de Polilla Da Silva abri\u00f3 camino ante Fortaleza y desde el [&hellip;]\" \/>\n<meta property=\"og:url\" content=\"https:\/\/futbolhoy.co\/index.php\/2025\/03\/30\/america-no-afloja-vencio-a-fortaleza-y-se-aferro-al-liderato\/\" \/>\n<meta property=\"article:publisher\" content=\"https:\/\/www.facebook.com\/FutbolHoyCol\/\" \/>\n<meta property=\"article:published_time\" content=\"2025-03-31T03:40:42+00:00\" \/>\n<meta property=\"article:modified_time\" content=\"2025-04-01T02:21:00+00:00\" \/>\n<meta property=\"og:image\" content=\"https:\/\/futbolhoy.co\/wp-content\/uploads\/2025\/03\/IMG_1328.jpeg\" \/>\n\t<meta property=\"og:image:width\" content=\"1179\" \/>\n\t<meta property=\"og:image:height\" content=\"953\" \/>\n\t<meta property=\"og:image:type\" content=\"image\/jpeg\" \/>\n<meta name=\"author\" content=\"contenido\" \/>\n<meta name=\"twitter:card\" content=\"summary_large_image\" \/>\n<meta name=\"twitter:creator\" content=\"@FutbolHoyCol\" \/>\n<meta name=\"twitter:site\" content=\"@FutbolHoyCol\" \/>\n<meta name=\"twitter:label1\" content=\"Escrito por\" \/>\n\t<meta name=\"twitter:data1\" content=\"contenido\" \/>\n\t<meta name=\"twitter:label2\" content=\"Tiempo de lectura\" \/>\n\t<meta name=\"twitter:data2\" content=\"2 minutos\" \/>\n<script type=\"application\/ld+json\" class=\"yoast-schema-graph\">{\"@context\":\"https:\/\/schema.org\",\"@graph\":[{\"@type\":\"Article\",\"@id\":\"https:\/\/futbolhoy.co\/index.php\/2025\/03\/30\/america-no-afloja-vencio-a-fortaleza-y-se-aferro-al-liderato\/#article\",\"isPartOf\":{\"@id\":\"https:\/\/futbolhoy.co\/index.php\/2025\/03\/30\/america-no-afloja-vencio-a-fortaleza-y-se-aferro-al-liderato\/\"},\"author\":{\"name\":\"contenido\",\"@id\":\"https:\/\/futbolhoy.co\/#\/schema\/person\/1721b69355b6623eaff15ac7b92d4cc3\"},\"headline\":\"Am\u00e9rica no afloja, venci\u00f3 a Fortaleza y se aferr\u00f3 al liderato\",\"datePublished\":\"2025-03-31T03:40:42+00:00\",\"dateModified\":\"2025-04-01T02:21:00+00:00\",\"mainEntityOfPage\":{\"@id\":\"https:\/\/futbolhoy.co\/index.php\/2025\/03\/30\/america-no-afloja-vencio-a-fortaleza-y-se-aferro-al-liderato\/\"},\"wordCount\":324,\"commentCount\":0,\"publisher\":{\"@id\":\"https:\/\/futbolhoy.co\/#organization\"},\"image\":{\"@id\":\"https:\/\/futbolhoy.co\/index.php\/2025\/03\/30\/america-no-afloja-vencio-a-fortaleza-y-se-aferro-al-liderato\/#primaryimage\"},\"thumbnailUrl\":\"https:\/\/futbolhoy.co\/wp-content\/uploads\/2025\/03\/IMG_1328.jpeg\",\"articleSection\":[\"Liga BetPlay\"],\"inLanguage\":\"es\",\"potentialAction\":[{\"@type\":\"CommentAction\",\"name\":\"Comment\",\"target\":[\"https:\/\/futbolhoy.co\/index.php\/2025\/03\/30\/america-no-afloja-vencio-a-fortaleza-y-se-aferro-al-liderato\/#respond\"]}]},{\"@type\":\"WebPage\",\"@id\":\"https:\/\/futbolhoy.co\/index.php\/2025\/03\/30\/america-no-afloja-vencio-a-fortaleza-y-se-aferro-al-liderato\/\",\"url\":\"https:\/\/futbolhoy.co\/index.php\/2025\/03\/30\/america-no-afloja-vencio-a-fortaleza-y-se-aferro-al-liderato\/\",\"name\":\"Am\u00e9rica no afloja, venci\u00f3 a Fortaleza y se aferr\u00f3 al liderato -\",\"isPartOf\":{\"@id\":\"https:\/\/futbolhoy.co\/#website\"},\"primaryImageOfPage\":{\"@id\":\"https:\/\/futbolhoy.co\/index.php\/2025\/03\/30\/america-no-afloja-vencio-a-fortaleza-y-se-aferro-al-liderato\/#primaryimage\"},\"image\":{\"@id\":\"https:\/\/futbolhoy.co\/index.php\/2025\/03\/30\/america-no-afloja-vencio-a-fortaleza-y-se-aferro-al-liderato\/#primaryimage\"},\"thumbnailUrl\":\"https:\/\/futbolhoy.co\/wp-content\/uploads\/2025\/03\/IMG_1328.jpeg\",\"datePublished\":\"2025-03-31T03:40:42+00:00\",\"dateModified\":\"2025-04-01T02:21:00+00:00\",\"breadcrumb\":{\"@id\":\"https:\/\/futbolhoy.co\/index.php\/2025\/03\/30\/america-no-afloja-vencio-a-fortaleza-y-se-aferro-al-liderato\/#breadcrumb\"},\"inLanguage\":\"es\",\"potentialAction\":[{\"@type\":\"ReadAction\",\"target\":[\"https:\/\/futbolhoy.co\/index.php\/2025\/03\/30\/america-no-afloja-vencio-a-fortaleza-y-se-aferro-al-liderato\/\"]}]},{\"@type\":\"ImageObject\",\"inLanguage\":\"es\",\"@id\":\"https:\/\/futbolhoy.co\/index.php\/2025\/03\/30\/america-no-afloja-vencio-a-fortaleza-y-se-aferro-al-liderato\/#primaryimage\",\"url\":\"https:\/\/futbolhoy.co\/wp-content\/uploads\/2025\/03\/IMG_1328.jpeg\",\"contentUrl\":\"https:\/\/futbolhoy.co\/wp-content\/uploads\/2025\/03\/IMG_1328.jpeg\",\"width\":1179,\"height\":953},{\"@type\":\"BreadcrumbList\",\"@id\":\"https:\/\/futbolhoy.co\/index.php\/2025\/03\/30\/america-no-afloja-vencio-a-fortaleza-y-se-aferro-al-liderato\/#breadcrumb\",\"itemListElement\":[{\"@type\":\"ListItem\",\"position\":1,\"name\":\"Portada\",\"item\":\"https:\/\/futbolhoy.co\/\"},{\"@type\":\"ListItem\",\"position\":2,\"name\":\"Am\u00e9rica no afloja, venci\u00f3 a Fortaleza y se aferr\u00f3 al liderato\"}]},{\"@type\":\"WebSite\",\"@id\":\"https:\/\/futbolhoy.co\/#website\",\"url\":\"https:\/\/futbolhoy.co\/\",\"name\":\"FutbolHoy\",\"description\":\"\",\"publisher\":{\"@id\":\"https:\/\/futbolhoy.co\/#organization\"},\"potentialAction\":[{\"@type\":\"SearchAction\",\"target\":{\"@type\":\"EntryPoint\",\"urlTemplate\":\"https:\/\/futbolhoy.co\/?s={search_term_string}\"},\"query-input\":{\"@type\":\"PropertyValueSpecification\",\"valueRequired\":true,\"valueName\":\"search_term_string\"}}],\"inLanguage\":\"es\"},{\"@type\":\"Organization\",\"@id\":\"https:\/\/futbolhoy.co\/#organization\",\"name\":\"Futbolhoy.co\",\"url\":\"https:\/\/futbolhoy.co\/\",\"logo\":{\"@type\":\"ImageObject\",\"inLanguage\":\"es\",\"@id\":\"https:\/\/futbolhoy.co\/#\/schema\/logo\/image\/\",\"url\":\"https:\/\/futbolhoy.co\/wp-content\/uploads\/2018\/08\/17426380_1906371736249227_6326180412931521141_n.jpg\",\"contentUrl\":\"https:\/\/futbolhoy.co\/wp-content\/uploads\/2018\/08\/17426380_1906371736249227_6326180412931521141_n.jpg\",\"width\":960,\"height\":960,\"caption\":\"Futbolhoy.co\"},\"image\":{\"@id\":\"https:\/\/futbolhoy.co\/#\/schema\/logo\/image\/\"},\"sameAs\":[\"https:\/\/www.facebook.com\/FutbolHoyCol\/\",\"https:\/\/x.com\/FutbolHoyCol\",\"https:\/\/www.instagram.com\/futbolhoycol\/\"]},{\"@type\":\"Person\",\"@id\":\"https:\/\/futbolhoy.co\/#\/schema\/person\/1721b69355b6623eaff15ac7b92d4cc3\",\"name\":\"contenido\",\"image\":{\"@type\":\"ImageObject\",\"inLanguage\":\"es\",\"@id\":\"https:\/\/futbolhoy.co\/#\/schema\/person\/image\/\",\"url\":\"https:\/\/secure.gravatar.com\/avatar\/4f656d3256f5134f466206e7c3941518?s=96&d=mm&r=g\",\"contentUrl\":\"https:\/\/secure.gravatar.com\/avatar\/4f656d3256f5134f466206e7c3941518?s=96&d=mm&r=g\",\"caption\":\"contenido\"}}]}<\/script>\n<!-- \/ Yoast SEO plugin. -->","yoast_head_json":{"title":"Am\u00e9rica no afloja, venci\u00f3 a Fortaleza y se aferr\u00f3 al liderato -","robots":{"index":"index","follow":"follow","max-snippet":"max-snippet:-1","max-image-preview":"max-image-preview:large","max-video-preview":"max-video-preview:-1"},"canonical":"https:\/\/futbolhoy.co\/index.php\/2025\/03\/30\/america-no-afloja-vencio-a-fortaleza-y-se-aferro-al-liderato\/","og_locale":"es_ES","og_type":"article","og_title":"Am\u00e9rica no afloja, venci\u00f3 a Fortaleza y se aferr\u00f3 al liderato -","og_description":"Am\u00e9rica de Cali no deja de mostrarse como uno de los favoritos y este domingo, con una victoria frente a Fortaleza en el Pascual Guerrero, se aferr\u00f3 al liderato de la Liga BetPlay, luego del partido por la fecha 11 del torneo. El equipo de Polilla Da Silva abri\u00f3 camino ante Fortaleza y desde el [&hellip;]","og_url":"https:\/\/futbolhoy.co\/index.php\/2025\/03\/30\/america-no-afloja-vencio-a-fortaleza-y-se-aferro-al-liderato\/","article_publisher":"https:\/\/www.facebook.com\/FutbolHoyCol\/","article_published_time":"2025-03-31T03:40:42+00:00","article_modified_time":"2025-04-01T02:21:00+00:00","og_image":[{"width":1179,"height":953,"url":"https:\/\/futbolhoy.co\/wp-content\/uploads\/2025\/03\/IMG_1328.jpeg","type":"image\/jpeg"}],"author":"contenido","twitter_card":"summary_large_image","twitter_creator":"@FutbolHoyCol","twitter_site":"@FutbolHoyCol","twitter_misc":{"Escrito por":"contenido","Tiempo de lectura":"2 minutos"},"schema":{"@context":"https:\/\/schema.org","@graph":[{"@type":"Article","@id":"https:\/\/futbolhoy.co\/index.php\/2025\/03\/30\/america-no-afloja-vencio-a-fortaleza-y-se-aferro-al-liderato\/#article","isPartOf":{"@id":"https:\/\/futbolhoy.co\/index.php\/2025\/03\/30\/america-no-afloja-vencio-a-fortaleza-y-se-aferro-al-liderato\/"},"author":{"name":"contenido","@id":"https:\/\/futbolhoy.co\/#\/schema\/person\/1721b69355b6623eaff15ac7b92d4cc3"},"headline":"Am\u00e9rica no afloja, venci\u00f3 a Fortaleza y se aferr\u00f3 al liderato","datePublished":"2025-03-31T03:40:42+00:00","dateModified":"2025-04-01T02:21:00+00:00","mainEntityOfPage":{"@id":"https:\/\/futbolhoy.co\/index.php\/2025\/03\/30\/america-no-afloja-vencio-a-fortaleza-y-se-aferro-al-liderato\/"},"wordCount":324,"commentCount":0,"publisher":{"@id":"https:\/\/futbolhoy.co\/#organization"},"image":{"@id":"https:\/\/futbolhoy.co\/index.php\/2025\/03\/30\/america-no-afloja-vencio-a-fortaleza-y-se-aferro-al-liderato\/#primaryimage"},"thumbnailUrl":"https:\/\/futbolhoy.co\/wp-content\/uploads\/2025\/03\/IMG_1328.jpeg","articleSection":["Liga BetPlay"],"inLanguage":"es","potentialAction":[{"@type":"CommentAction","name":"Comment","target":["https:\/\/futbolhoy.co\/index.php\/2025\/03\/30\/america-no-afloja-vencio-a-fortaleza-y-se-aferro-al-liderato\/#respond"]}]},{"@type":"WebPage","@id":"https:\/\/futbolhoy.co\/index.php\/2025\/03\/30\/america-no-afloja-vencio-a-fortaleza-y-se-aferro-al-liderato\/","url":"https:\/\/futbolhoy.co\/index.php\/2025\/03\/30\/america-no-afloja-vencio-a-fortaleza-y-se-aferro-al-liderato\/","name":"Am\u00e9rica no afloja, venci\u00f3 a Fortaleza y se aferr\u00f3 al liderato -","isPartOf":{"@id":"https:\/\/futbolhoy.co\/#website"},"primaryImageOfPage":{"@id":"https:\/\/futbolhoy.co\/index.php\/2025\/03\/30\/america-no-afloja-vencio-a-fortaleza-y-se-aferro-al-liderato\/#primaryimage"},"image":{"@id":"https:\/\/futbolhoy.co\/index.php\/2025\/03\/30\/america-no-afloja-vencio-a-fortaleza-y-se-aferro-al-liderato\/#primaryimage"},"thumbnailUrl":"https:\/\/futbolhoy.co\/wp-content\/uploads\/2025\/03\/IMG_1328.jpeg","datePublished":"2025-03-31T03:40:42+00:00","dateModified":"2025-04-01T02:21:00+00:00","breadcrumb":{"@id":"https:\/\/futbolhoy.co\/index.php\/2025\/03\/30\/america-no-afloja-vencio-a-fortaleza-y-se-aferro-al-liderato\/#breadcrumb"},"inLanguage":"es","potentialAction":[{"@type":"ReadAction","target":["https:\/\/futbolhoy.co\/index.php\/2025\/03\/30\/america-no-afloja-vencio-a-fortaleza-y-se-aferro-al-liderato\/"]}]},{"@type":"ImageObject","inLanguage":"es","@id":"https:\/\/futbolhoy.co\/index.php\/2025\/03\/30\/america-no-afloja-vencio-a-fortaleza-y-se-aferro-al-liderato\/#primaryimage","url":"https:\/\/futbolhoy.co\/wp-content\/uploads\/2025\/03\/IMG_1328.jpeg","contentUrl":"https:\/\/futbolhoy.co\/wp-content\/uploads\/2025\/03\/IMG_1328.jpeg","width":1179,"height":953},{"@type":"BreadcrumbList","@id":"https:\/\/futbolhoy.co\/index.php\/2025\/03\/30\/america-no-afloja-vencio-a-fortaleza-y-se-aferro-al-liderato\/#breadcrumb","itemListElement":[{"@type":"ListItem","position":1,"name":"Portada","item":"https:\/\/futbolhoy.co\/"},{"@type":"ListItem","position":2,"name":"Am\u00e9rica no afloja, venci\u00f3 a Fortaleza y se aferr\u00f3 al liderato"}]},{"@type":"WebSite","@id":"https:\/\/futbolhoy.co\/#website","url":"https:\/\/futbolhoy.co\/","name":"FutbolHoy","description":"","publisher":{"@id":"https:\/\/futbolhoy.co\/#organization"},"potentialAction":[{"@type":"SearchAction","target":{"@type":"EntryPoint","urlTemplate":"https:\/\/futbolhoy.co\/?s={search_term_string}"},"query-input":{"@type":"PropertyValueSpecification","valueRequired":true,"valueName":"search_term_string"}}],"inLanguage":"es"},{"@type":"Organization","@id":"https:\/\/futbolhoy.co\/#organization","name":"Futbolhoy.co","url":"https:\/\/futbolhoy.co\/","logo":{"@type":"ImageObject","inLanguage":"es","@id":"https:\/\/futbolhoy.co\/#\/schema\/logo\/image\/","url":"https:\/\/futbolhoy.co\/wp-content\/uploads\/2018\/08\/17426380_1906371736249227_6326180412931521141_n.jpg","contentUrl":"https:\/\/futbolhoy.co\/wp-content\/uploads\/2018\/08\/17426380_1906371736249227_6326180412931521141_n.jpg","width":960,"height":960,"caption":"Futbolhoy.co"},"image":{"@id":"https:\/\/futbolhoy.co\/#\/schema\/logo\/image\/"},"sameAs":["https:\/\/www.facebook.com\/FutbolHoyCol\/","https:\/\/x.com\/FutbolHoyCol","https:\/\/www.instagram.com\/futbolhoycol\/"]},{"@type":"Person","@id":"https:\/\/futbolhoy.co\/#\/schema\/person\/1721b69355b6623eaff15ac7b92d4cc3","name":"contenido","image":{"@type":"ImageObject","inLanguage":"es","@id":"https:\/\/futbolhoy.co\/#\/schema\/person\/image\/","url":"https:\/\/secure.gravatar.com\/avatar\/4f656d3256f5134f466206e7c3941518?s=96&d=mm&r=g","contentUrl":"https:\/\/secure.gravatar.com\/avatar\/4f656d3256f5134f466206e7c3941518?s=96&d=mm&r=g","caption":"contenido"}}]}},"publishpress_future_action":{"enabled":false,"date":"2026-05-05 02:41:23","action":"change-status","newStatus":"draft","terms":[],"taxonomy":"category","extraData":[]},"publishpress_future_workflow_manual_trigger":{"enabledWorkflows":[]},"_links":{"self":[{"href":"https:\/\/futbolhoy.co\/index.php\/wp-json\/wp\/v2\/posts\/117893","targetHints":{"allow":["GET"]}}],"collection":[{"href":"https:\/\/futbolhoy.co\/index.php\/wp-json\/wp\/v2\/posts"}],"about":[{"href":"https:\/\/futbolhoy.co\/index.php\/wp-json\/wp\/v2\/types\/post"}],"author":[{"embeddable":true,"href":"https:\/\/futbolhoy.co\/index.php\/wp-json\/wp\/v2\/users\/4"}],"replies":[{"embeddable":true,"href":"https:\/\/futbolhoy.co\/index.php\/wp-json\/wp\/v2\/comments?post=117893"}],"version-history":[{"count":1,"href":"https:\/\/futbolhoy.co\/index.php\/wp-json\/wp\/v2\/posts\/117893\/revisions"}],"predecessor-version":[{"id":117895,"href":"https:\/\/futbolhoy.co\/index.php\/wp-json\/wp\/v2\/posts\/117893\/revisions\/117895"}],"wp:featuredmedia":[{"embeddable":true,"href":"https:\/\/futbolhoy.co\/index.php\/wp-json\/wp\/v2\/media\/117894"}],"wp:attachment":[{"href":"https:\/\/futbolhoy.co\/index.php\/wp-json\/wp\/v2\/media?parent=117893"}],"wp:term":[{"taxonomy":"category","embeddable":true,"href":"https:\/\/futbolhoy.co\/index.php\/wp-json\/wp\/v2\/categories?post=117893"},{"taxonomy":"post_tag","embeddable":true,"href":"https:\/\/futbolhoy.co\/index.php\/wp-json\/wp\/v2\/tags?post=117893"}],"curies":[{"name":"wp","href":"https:\/\/api.w.org\/{rel}","templated":true}]}}