{"id":117896,"date":"2025-03-31T08:42:59","date_gmt":"2025-03-31T13:42:59","guid":{"rendered":"https:\/\/futbolhoy.co\/?p=117896"},"modified":"2025-04-01T09:23:36","modified_gmt":"2025-04-01T14:23:36","slug":"carrascal-cucho-muriel-y-mas-colombianos-marcaron-por-el-mundo-vea-los-goles","status":"publish","type":"post","link":"https:\/\/futbolhoy.co\/index.php\/2025\/03\/31\/carrascal-cucho-muriel-y-mas-colombianos-marcaron-por-el-mundo-vea-los-goles\/","title":{"rendered":"Carrascal, Cucho, Muriel y m\u00e1s colombianos marcaron por el mundo: vea los goles"},"content":{"rendered":"<p style=\"text-align: justify;\"><span style=\"font-family: helvetica, arial, sans-serif;\">Nuevo fin de semana de f\u00fatbol en el exterior y con varios jugadores <strong>colombianos como protagonistas. En FutbolHoy<\/strong> hacemos un repaso por las anotaciones de los nuevos en el f\u00fatbol internacional.<\/span><\/p>\n<p class=\"ydp60e7e3f7MsoNormal\" style=\"text-align: justify;\"><span lang=\"ES-MX\" style=\"font-family: helvetica, arial, sans-serif;\">- Juan Camilo 'Cucho' Hern\u00e1ndez el del triunfo del Betis 2-1 en el cl\u00e1sico con Sevilla. Segundo del a\u00f1o.<\/span><\/p>\n<blockquote class=\"twitter-tweet\" data-media-max-width=\"560\">\n<p dir=\"ltr\" lang=\"es\">\u00a1\u00a1CUCHO HERN\u00c1NDEZ PONE EN VENTAJA A BETIS!! El colombiano la punte\u00f3 y anot\u00f3 el 2-1 ante Sevilla en el Derby.<\/p>\n<p>\ud83d\udcfa Mir\u00e1 <a href=\"https:\/\/twitter.com\/hashtag\/LaLiga?src=hash&amp;ref_src=twsrc%5Etfw\">#LaLiga<\/a> por <a href=\"https:\/\/twitter.com\/hashtag\/DisneyPlus?src=hash&amp;ref_src=twsrc%5Etfw\">#DisneyPlus<\/a> <a href=\"https:\/\/t.co\/Xsn7khfWZV\">pic.twitter.com\/Xsn7khfWZV<\/a><\/p>\n<p>\u2014 SportsCenter (@SC_ESPN) <a href=\"https:\/\/twitter.com\/SC_ESPN\/status\/1906445750382248405?ref_src=twsrc%5Etfw\">March 30, 2025<\/a><\/p><\/blockquote>\n<p><script async src=\"https:\/\/platform.twitter.com\/widgets.js\" charset=\"utf-8\"><\/script><\/p>\n<p class=\"ydp60e7e3f7MsoNormal\" style=\"text-align: justify;\"><span lang=\"ES-MX\" style=\"font-family: helvetica, arial, sans-serif;\">- Jos\u00e9 Caicedo le di\u00f3 la victoria a Pumas 1-2 sobre Le\u00f3n en M\u00e9xico. Primero del a\u00f1o.<\/span><\/p>\n<blockquote class=\"twitter-tweet\" data-media-max-width=\"560\">\n<p dir=\"ltr\" lang=\"es\">\u00a1Jos\u00e9 Luis Caicedo aparece y marca el 2-1! \ud83d\udc3e\u26bd Pumas toma ventaja en un partido lleno de intensidad. \u00a1Esto no se acaba! \ud83d\udd25 <a href=\"https:\/\/t.co\/szCxBx3Arf\">pic.twitter.com\/szCxBx3Arf<\/a><\/p>\n<p>\u2014 Pumas En La Piel (@PumasELP) <a href=\"https:\/\/twitter.com\/PumasELP\/status\/1906541798815613208?ref_src=twsrc%5Etfw\">March 31, 2025<\/a><\/p><\/blockquote>\n<p><script async src=\"https:\/\/platform.twitter.com\/widgets.js\" charset=\"utf-8\"><\/script><\/p>\n<p class=\"ydp60e7e3f7MsoNormal\" style=\"text-align: justify;\"><span lang=\"ES-MX\" style=\"font-family: helvetica, arial, sans-serif;\">- Luis Fernando Muriel (90' de tiro libre) le di\u00f3 la victoria a Orlando City 1-2 sobre Los Angeles Galaxy. Tercero del a\u00f1o.<\/span><\/p>\n<blockquote class=\"twitter-tweet\" data-media-max-width=\"560\">\n<p dir=\"ltr\" lang=\"en\">Luis Muriel puts <a href=\"https:\/\/twitter.com\/OrlandoCitySC?ref_src=twsrc%5Etfw\">@OrlandoCitySC<\/a> ahead with moments remaining in the match! <a href=\"https:\/\/t.co\/4jaeKzXJYj\">pic.twitter.com\/4jaeKzXJYj<\/a><\/p>\n<p>\u2014 Major League Soccer (@MLS) <a href=\"https:\/\/twitter.com\/MLS\/status\/1906203220503933318?ref_src=twsrc%5Etfw\">March 30, 2025<\/a><\/p><\/blockquote>\n<p><script async src=\"https:\/\/platform.twitter.com\/widgets.js\" charset=\"utf-8\"><\/script><\/p>\n<p class=\"ydp60e7e3f7MsoNormal\" style=\"text-align: justify;\"><span lang=\"ES-MX\" style=\"font-family: helvetica, arial, sans-serif;\">- Ra\u00fal <\/span><span lang=\"ES-MX\" style=\"font-family: helvetica, arial, sans-serif;\">Z\u00fa\u00f1iga abri\u00f3 el triunfo de Tijuana 1-2 frente a Monterrey en M\u00e9xico. S\u00e9ptimo del a\u00f1o.<\/span><\/p>\n<blockquote class=\"twitter-tweet\" data-media-max-width=\"560\">\n<p dir=\"ltr\" lang=\"es\">\ud83d\udd25\u26bd\ufe0f \u00a1Gol de Tijuana! El Pantera encara y vence al Mochis para el 1-0\ud83d\udc15<\/p>\n<p>\ud83c\udf99\ufe0f <a href=\"https:\/\/twitter.com\/gabosainz?ref_src=twsrc%5Etfw\">@gabosainz<\/a> <a href=\"https:\/\/twitter.com\/hashtag\/SabadoFutbolero?src=hash&amp;ref_src=twsrc%5Etfw\">#SabadoFutbolero<\/a> | <a href=\"https:\/\/twitter.com\/hashtag\/Xolos?src=hash&amp;ref_src=twsrc%5Etfw\">#Xolos<\/a> | <a href=\"https:\/\/twitter.com\/hashtag\/LigaMX?src=hash&amp;ref_src=twsrc%5Etfw\">#LigaMX<\/a> <a href=\"https:\/\/t.co\/4EHaSAd3Bg\">pic.twitter.com\/4EHaSAd3Bg<\/a><\/p>\n<p>\u2014 TUDNRadio (@TudnRadio) <a href=\"https:\/\/twitter.com\/TudnRadio\/status\/1906192296040628457?ref_src=twsrc%5Etfw\">March 30, 2025<\/a><\/p><\/blockquote>\n<p><script async src=\"https:\/\/platform.twitter.com\/widgets.js\" charset=\"utf-8\"><\/script><\/p>\n<p class=\"ydp60e7e3f7MsoNormal\" style=\"text-align: justify;\"><span lang=\"ES-MX\" style=\"font-family: helvetica, arial, sans-serif;\">- Jorge Carrascal doblete en el triunfo del Dinamo Mosc\u00fa 5-1 sobre el colero Gazovik en Rusia. Quinto en liga esta temporada para el cartagenero.<\/span><\/p>\n<blockquote class=\"twitter-tweet\" data-media-max-width=\"560\">\n<p dir=\"ltr\" lang=\"es\">1-0 Carrascal <a href=\"https:\/\/t.co\/FE2FDSJkGC\">pic.twitter.com\/FE2FDSJkGC<\/a><\/p>\n<p>\u2014 RPL Sky (@RPLNews_eng) <a href=\"https:\/\/twitter.com\/RPLNews_eng\/status\/1905949749573738843?ref_src=twsrc%5Etfw\">March 29, 2025<\/a><\/p><\/blockquote>\n<p><script async src=\"https:\/\/platform.twitter.com\/widgets.js\" charset=\"utf-8\"><\/script><\/p>\n<p class=\"ydp60e7e3f7MsoNormal\" style=\"text-align: justify;\"><span lang=\"ES-MX\" style=\"font-family: helvetica, arial, sans-serif;\">- Mateo Casierra, el tercero del Zenit en la goleada 4-0 sobre Rubin Kazan. Octavo de la temporada.<\/span><\/p>\n<p class=\"ydp60e7e3f7MsoNormal\" style=\"text-align: justify;\"><span lang=\"ES-MX\" style=\"font-family: helvetica, arial, sans-serif;\">- Nicol\u00e1s Benedetti de tiro libre a Camilo Vargas en la victoria 3-2 de Mazatl\u00e1n sobre Atlas en la jornada 13 de la Liga MX en M\u00e9xico. El tercero de la temporada.<\/span><\/p>\n<blockquote class=\"twitter-tweet\" data-media-max-width=\"560\">\n<p dir=\"ltr\" lang=\"es\">\u00a1YA LO EMPAT\u00d3 MAZATL\u00c1N! \ud83d\udd25<\/p>\n<p>Gol de tiro libre de Nico Benedetti que le peg\u00f3 al poste, pero alcanz\u00f3 a entrar la pelota <a href=\"https:\/\/twitter.com\/hashtag\/Ca%C3%B1onerosxFSMX?src=hash&amp;ref_src=twsrc%5Etfw\">#Ca\u00f1onerosxFSMX<\/a> <a href=\"https:\/\/t.co\/fAef35vilI\">pic.twitter.com\/fAef35vilI<\/a><\/p>\n<p>\u2014 FOX Sports MX (@FOXSportsMX) <a href=\"https:\/\/twitter.com\/FOXSportsMX\/status\/1905827640155509217?ref_src=twsrc%5Etfw\">March 29, 2025<\/a><\/p><\/blockquote>\n<p><script async src=\"https:\/\/platform.twitter.com\/widgets.js\" charset=\"utf-8\"><\/script><\/p>\n<p class=\"ydp60e7e3f7MsoNormal\" style=\"text-align: justify;\"><span lang=\"ES-MX\" style=\"font-family: helvetica, arial, sans-serif;\">- Luis Su\u00e1rez con Almer\u00eda que super\u00f3 1-0 a Levante en la segunda de Espa\u00f1a. Anotaci\u00f3n 22 y m\u00e1ximo artillero.<\/span><\/p>\n<blockquote class=\"twitter-tweet\" data-media-max-width=\"560\">\n<p dir=\"ltr\" lang=\"zxx\"><a href=\"https:\/\/t.co\/zL50QtY16o\">pic.twitter.com\/zL50QtY16o<\/a><\/p>\n<p>\u2014 GolesCOL (@GolesCOL) <a href=\"https:\/\/twitter.com\/GolesCOL\/status\/1906124738809696651?ref_src=twsrc%5Etfw\">March 29, 2025<\/a><\/p><\/blockquote>\n<p><script async src=\"https:\/\/platform.twitter.com\/widgets.js\" charset=\"utf-8\"><\/script><\/p>\n","protected":false},"excerpt":{"rendered":"<p>Nuevo fin de semana de f\u00fatbol en el exterior y con varios jugadores colombianos como protagonistas. En FutbolHoy hacemos un repaso por las anotaciones de los nuevos en el f\u00fatbol internacional. - Juan Camilo 'Cucho' Hern\u00e1ndez el del triunfo del Betis 2-1 en el cl\u00e1sico con Sevilla. Segundo del a\u00f1o. \u00a1\u00a1CUCHO HERN\u00c1NDEZ PONE EN VENTAJA [&hellip;]<\/p>\n","protected":false},"author":4,"featured_media":117897,"comment_status":"open","ping_status":"open","sticky":false,"template":"","format":"standard","meta":{"_acf_changed":false,"footnotes":""},"categories":[418],"tags":[],"class_list":{"0":"post-117896","1":"post","2":"type-post","3":"status-publish","4":"format-standard","5":"has-post-thumbnail","7":"category-colombia"},"acf":[],"yoast_head":"<!-- This site is optimized with the Yoast SEO plugin v26.8 - https:\/\/yoast.com\/product\/yoast-seo-wordpress\/ -->\n<title>Carrascal, Cucho, Muriel y m\u00e1s colombianos marcaron por el mundo: vea los goles -<\/title>\n<meta name=\"robots\" content=\"index, follow, max-snippet:-1, max-image-preview:large, max-video-preview:-1\" \/>\n<link rel=\"canonical\" href=\"https:\/\/futbolhoy.co\/index.php\/2025\/03\/31\/carrascal-cucho-muriel-y-mas-colombianos-marcaron-por-el-mundo-vea-los-goles\/\" \/>\n<meta property=\"og:locale\" content=\"es_ES\" \/>\n<meta property=\"og:type\" content=\"article\" \/>\n<meta property=\"og:title\" content=\"Carrascal, Cucho, Muriel y m\u00e1s colombianos marcaron por el mundo: vea los goles -\" \/>\n<meta property=\"og:description\" content=\"Nuevo fin de semana de f\u00fatbol en el exterior y con varios jugadores colombianos como protagonistas. En FutbolHoy hacemos un repaso por las anotaciones de los nuevos en el f\u00fatbol internacional. - Juan Camilo &#039;Cucho&#039; Hern\u00e1ndez el del triunfo del Betis 2-1 en el cl\u00e1sico con Sevilla. Segundo del a\u00f1o. \u00a1\u00a1CUCHO HERN\u00c1NDEZ PONE EN VENTAJA [&hellip;]\" \/>\n<meta property=\"og:url\" content=\"https:\/\/futbolhoy.co\/index.php\/2025\/03\/31\/carrascal-cucho-muriel-y-mas-colombianos-marcaron-por-el-mundo-vea-los-goles\/\" \/>\n<meta property=\"article:publisher\" content=\"https:\/\/www.facebook.com\/FutbolHoyCol\/\" \/>\n<meta property=\"article:published_time\" content=\"2025-03-31T13:42:59+00:00\" \/>\n<meta property=\"article:modified_time\" content=\"2025-04-01T14:23:36+00:00\" \/>\n<meta property=\"og:image\" content=\"https:\/\/futbolhoy.co\/wp-content\/uploads\/2025\/03\/Captura-de-pantalla-2025-03-31-a-las-8.42.03\u202fa.-m-1024x706.png\" \/>\n\t<meta property=\"og:image:width\" content=\"1024\" \/>\n\t<meta property=\"og:image:height\" content=\"706\" \/>\n\t<meta property=\"og:image:type\" content=\"image\/png\" \/>\n<meta name=\"author\" content=\"contenido\" \/>\n<meta name=\"twitter:card\" content=\"summary_large_image\" \/>\n<meta name=\"twitter:creator\" content=\"@FutbolHoyCol\" \/>\n<meta name=\"twitter:site\" content=\"@FutbolHoyCol\" \/>\n<meta name=\"twitter:label1\" content=\"Escrito por\" \/>\n\t<meta name=\"twitter:data1\" content=\"contenido\" \/>\n\t<meta name=\"twitter:label2\" content=\"Tiempo de lectura\" \/>\n\t<meta name=\"twitter:data2\" content=\"2 minutos\" \/>\n<script type=\"application\/ld+json\" class=\"yoast-schema-graph\">{\"@context\":\"https:\/\/schema.org\",\"@graph\":[{\"@type\":\"Article\",\"@id\":\"https:\/\/futbolhoy.co\/index.php\/2025\/03\/31\/carrascal-cucho-muriel-y-mas-colombianos-marcaron-por-el-mundo-vea-los-goles\/#article\",\"isPartOf\":{\"@id\":\"https:\/\/futbolhoy.co\/index.php\/2025\/03\/31\/carrascal-cucho-muriel-y-mas-colombianos-marcaron-por-el-mundo-vea-los-goles\/\"},\"author\":{\"name\":\"contenido\",\"@id\":\"https:\/\/futbolhoy.co\/#\/schema\/person\/1721b69355b6623eaff15ac7b92d4cc3\"},\"headline\":\"Carrascal, Cucho, Muriel y m\u00e1s colombianos marcaron por el mundo: vea los goles\",\"datePublished\":\"2025-03-31T13:42:59+00:00\",\"dateModified\":\"2025-04-01T14:23:36+00:00\",\"mainEntityOfPage\":{\"@id\":\"https:\/\/futbolhoy.co\/index.php\/2025\/03\/31\/carrascal-cucho-muriel-y-mas-colombianos-marcaron-por-el-mundo-vea-los-goles\/\"},\"wordCount\":403,\"commentCount\":0,\"publisher\":{\"@id\":\"https:\/\/futbolhoy.co\/#organization\"},\"image\":{\"@id\":\"https:\/\/futbolhoy.co\/index.php\/2025\/03\/31\/carrascal-cucho-muriel-y-mas-colombianos-marcaron-por-el-mundo-vea-los-goles\/#primaryimage\"},\"thumbnailUrl\":\"https:\/\/futbolhoy.co\/wp-content\/uploads\/2025\/03\/Captura-de-pantalla-2025-03-31-a-las-8.42.03\u202fa.-m.png\",\"articleSection\":[\"Colombia\"],\"inLanguage\":\"es\",\"potentialAction\":[{\"@type\":\"CommentAction\",\"name\":\"Comment\",\"target\":[\"https:\/\/futbolhoy.co\/index.php\/2025\/03\/31\/carrascal-cucho-muriel-y-mas-colombianos-marcaron-por-el-mundo-vea-los-goles\/#respond\"]}]},{\"@type\":\"WebPage\",\"@id\":\"https:\/\/futbolhoy.co\/index.php\/2025\/03\/31\/carrascal-cucho-muriel-y-mas-colombianos-marcaron-por-el-mundo-vea-los-goles\/\",\"url\":\"https:\/\/futbolhoy.co\/index.php\/2025\/03\/31\/carrascal-cucho-muriel-y-mas-colombianos-marcaron-por-el-mundo-vea-los-goles\/\",\"name\":\"Carrascal, Cucho, Muriel y m\u00e1s colombianos marcaron por el mundo: vea los goles -\",\"isPartOf\":{\"@id\":\"https:\/\/futbolhoy.co\/#website\"},\"primaryImageOfPage\":{\"@id\":\"https:\/\/futbolhoy.co\/index.php\/2025\/03\/31\/carrascal-cucho-muriel-y-mas-colombianos-marcaron-por-el-mundo-vea-los-goles\/#primaryimage\"},\"image\":{\"@id\":\"https:\/\/futbolhoy.co\/index.php\/2025\/03\/31\/carrascal-cucho-muriel-y-mas-colombianos-marcaron-por-el-mundo-vea-los-goles\/#primaryimage\"},\"thumbnailUrl\":\"https:\/\/futbolhoy.co\/wp-content\/uploads\/2025\/03\/Captura-de-pantalla-2025-03-31-a-las-8.42.03\u202fa.-m.png\",\"datePublished\":\"2025-03-31T13:42:59+00:00\",\"dateModified\":\"2025-04-01T14:23:36+00:00\",\"breadcrumb\":{\"@id\":\"https:\/\/futbolhoy.co\/index.php\/2025\/03\/31\/carrascal-cucho-muriel-y-mas-colombianos-marcaron-por-el-mundo-vea-los-goles\/#breadcrumb\"},\"inLanguage\":\"es\",\"potentialAction\":[{\"@type\":\"ReadAction\",\"target\":[\"https:\/\/futbolhoy.co\/index.php\/2025\/03\/31\/carrascal-cucho-muriel-y-mas-colombianos-marcaron-por-el-mundo-vea-los-goles\/\"]}]},{\"@type\":\"ImageObject\",\"inLanguage\":\"es\",\"@id\":\"https:\/\/futbolhoy.co\/index.php\/2025\/03\/31\/carrascal-cucho-muriel-y-mas-colombianos-marcaron-por-el-mundo-vea-los-goles\/#primaryimage\",\"url\":\"https:\/\/futbolhoy.co\/wp-content\/uploads\/2025\/03\/Captura-de-pantalla-2025-03-31-a-las-8.42.03\u202fa.-m.png\",\"contentUrl\":\"https:\/\/futbolhoy.co\/wp-content\/uploads\/2025\/03\/Captura-de-pantalla-2025-03-31-a-las-8.42.03\u202fa.-m.png\",\"width\":1436,\"height\":990},{\"@type\":\"BreadcrumbList\",\"@id\":\"https:\/\/futbolhoy.co\/index.php\/2025\/03\/31\/carrascal-cucho-muriel-y-mas-colombianos-marcaron-por-el-mundo-vea-los-goles\/#breadcrumb\",\"itemListElement\":[{\"@type\":\"ListItem\",\"position\":1,\"name\":\"Portada\",\"item\":\"https:\/\/futbolhoy.co\/\"},{\"@type\":\"ListItem\",\"position\":2,\"name\":\"Carrascal, Cucho, Muriel y m\u00e1s colombianos marcaron por el mundo: vea los goles\"}]},{\"@type\":\"WebSite\",\"@id\":\"https:\/\/futbolhoy.co\/#website\",\"url\":\"https:\/\/futbolhoy.co\/\",\"name\":\"FutbolHoy\",\"description\":\"\",\"publisher\":{\"@id\":\"https:\/\/futbolhoy.co\/#organization\"},\"potentialAction\":[{\"@type\":\"SearchAction\",\"target\":{\"@type\":\"EntryPoint\",\"urlTemplate\":\"https:\/\/futbolhoy.co\/?s={search_term_string}\"},\"query-input\":{\"@type\":\"PropertyValueSpecification\",\"valueRequired\":true,\"valueName\":\"search_term_string\"}}],\"inLanguage\":\"es\"},{\"@type\":\"Organization\",\"@id\":\"https:\/\/futbolhoy.co\/#organization\",\"name\":\"Futbolhoy.co\",\"url\":\"https:\/\/futbolhoy.co\/\",\"logo\":{\"@type\":\"ImageObject\",\"inLanguage\":\"es\",\"@id\":\"https:\/\/futbolhoy.co\/#\/schema\/logo\/image\/\",\"url\":\"https:\/\/futbolhoy.co\/wp-content\/uploads\/2018\/08\/17426380_1906371736249227_6326180412931521141_n.jpg\",\"contentUrl\":\"https:\/\/futbolhoy.co\/wp-content\/uploads\/2018\/08\/17426380_1906371736249227_6326180412931521141_n.jpg\",\"width\":960,\"height\":960,\"caption\":\"Futbolhoy.co\"},\"image\":{\"@id\":\"https:\/\/futbolhoy.co\/#\/schema\/logo\/image\/\"},\"sameAs\":[\"https:\/\/www.facebook.com\/FutbolHoyCol\/\",\"https:\/\/x.com\/FutbolHoyCol\",\"https:\/\/www.instagram.com\/futbolhoycol\/\"]},{\"@type\":\"Person\",\"@id\":\"https:\/\/futbolhoy.co\/#\/schema\/person\/1721b69355b6623eaff15ac7b92d4cc3\",\"name\":\"contenido\",\"image\":{\"@type\":\"ImageObject\",\"inLanguage\":\"es\",\"@id\":\"https:\/\/futbolhoy.co\/#\/schema\/person\/image\/\",\"url\":\"https:\/\/secure.gravatar.com\/avatar\/4f656d3256f5134f466206e7c3941518?s=96&d=mm&r=g\",\"contentUrl\":\"https:\/\/secure.gravatar.com\/avatar\/4f656d3256f5134f466206e7c3941518?s=96&d=mm&r=g\",\"caption\":\"contenido\"}}]}<\/script>\n<!-- \/ Yoast SEO plugin. -->","yoast_head_json":{"title":"Carrascal, Cucho, Muriel y m\u00e1s colombianos marcaron por el mundo: vea los goles -","robots":{"index":"index","follow":"follow","max-snippet":"max-snippet:-1","max-image-preview":"max-image-preview:large","max-video-preview":"max-video-preview:-1"},"canonical":"https:\/\/futbolhoy.co\/index.php\/2025\/03\/31\/carrascal-cucho-muriel-y-mas-colombianos-marcaron-por-el-mundo-vea-los-goles\/","og_locale":"es_ES","og_type":"article","og_title":"Carrascal, Cucho, Muriel y m\u00e1s colombianos marcaron por el mundo: vea los goles -","og_description":"Nuevo fin de semana de f\u00fatbol en el exterior y con varios jugadores colombianos como protagonistas. En FutbolHoy hacemos un repaso por las anotaciones de los nuevos en el f\u00fatbol internacional. - Juan Camilo 'Cucho' Hern\u00e1ndez el del triunfo del Betis 2-1 en el cl\u00e1sico con Sevilla. Segundo del a\u00f1o. \u00a1\u00a1CUCHO HERN\u00c1NDEZ PONE EN VENTAJA [&hellip;]","og_url":"https:\/\/futbolhoy.co\/index.php\/2025\/03\/31\/carrascal-cucho-muriel-y-mas-colombianos-marcaron-por-el-mundo-vea-los-goles\/","article_publisher":"https:\/\/www.facebook.com\/FutbolHoyCol\/","article_published_time":"2025-03-31T13:42:59+00:00","article_modified_time":"2025-04-01T14:23:36+00:00","og_image":[{"width":1024,"height":706,"url":"https:\/\/futbolhoy.co\/wp-content\/uploads\/2025\/03\/Captura-de-pantalla-2025-03-31-a-las-8.42.03\u202fa.-m-1024x706.png","type":"image\/png"}],"author":"contenido","twitter_card":"summary_large_image","twitter_creator":"@FutbolHoyCol","twitter_site":"@FutbolHoyCol","twitter_misc":{"Escrito por":"contenido","Tiempo de lectura":"2 minutos"},"schema":{"@context":"https:\/\/schema.org","@graph":[{"@type":"Article","@id":"https:\/\/futbolhoy.co\/index.php\/2025\/03\/31\/carrascal-cucho-muriel-y-mas-colombianos-marcaron-por-el-mundo-vea-los-goles\/#article","isPartOf":{"@id":"https:\/\/futbolhoy.co\/index.php\/2025\/03\/31\/carrascal-cucho-muriel-y-mas-colombianos-marcaron-por-el-mundo-vea-los-goles\/"},"author":{"name":"contenido","@id":"https:\/\/futbolhoy.co\/#\/schema\/person\/1721b69355b6623eaff15ac7b92d4cc3"},"headline":"Carrascal, Cucho, Muriel y m\u00e1s colombianos marcaron por el mundo: vea los goles","datePublished":"2025-03-31T13:42:59+00:00","dateModified":"2025-04-01T14:23:36+00:00","mainEntityOfPage":{"@id":"https:\/\/futbolhoy.co\/index.php\/2025\/03\/31\/carrascal-cucho-muriel-y-mas-colombianos-marcaron-por-el-mundo-vea-los-goles\/"},"wordCount":403,"commentCount":0,"publisher":{"@id":"https:\/\/futbolhoy.co\/#organization"},"image":{"@id":"https:\/\/futbolhoy.co\/index.php\/2025\/03\/31\/carrascal-cucho-muriel-y-mas-colombianos-marcaron-por-el-mundo-vea-los-goles\/#primaryimage"},"thumbnailUrl":"https:\/\/futbolhoy.co\/wp-content\/uploads\/2025\/03\/Captura-de-pantalla-2025-03-31-a-las-8.42.03\u202fa.-m.png","articleSection":["Colombia"],"inLanguage":"es","potentialAction":[{"@type":"CommentAction","name":"Comment","target":["https:\/\/futbolhoy.co\/index.php\/2025\/03\/31\/carrascal-cucho-muriel-y-mas-colombianos-marcaron-por-el-mundo-vea-los-goles\/#respond"]}]},{"@type":"WebPage","@id":"https:\/\/futbolhoy.co\/index.php\/2025\/03\/31\/carrascal-cucho-muriel-y-mas-colombianos-marcaron-por-el-mundo-vea-los-goles\/","url":"https:\/\/futbolhoy.co\/index.php\/2025\/03\/31\/carrascal-cucho-muriel-y-mas-colombianos-marcaron-por-el-mundo-vea-los-goles\/","name":"Carrascal, Cucho, Muriel y m\u00e1s colombianos marcaron por el mundo: vea los goles -","isPartOf":{"@id":"https:\/\/futbolhoy.co\/#website"},"primaryImageOfPage":{"@id":"https:\/\/futbolhoy.co\/index.php\/2025\/03\/31\/carrascal-cucho-muriel-y-mas-colombianos-marcaron-por-el-mundo-vea-los-goles\/#primaryimage"},"image":{"@id":"https:\/\/futbolhoy.co\/index.php\/2025\/03\/31\/carrascal-cucho-muriel-y-mas-colombianos-marcaron-por-el-mundo-vea-los-goles\/#primaryimage"},"thumbnailUrl":"https:\/\/futbolhoy.co\/wp-content\/uploads\/2025\/03\/Captura-de-pantalla-2025-03-31-a-las-8.42.03\u202fa.-m.png","datePublished":"2025-03-31T13:42:59+00:00","dateModified":"2025-04-01T14:23:36+00:00","breadcrumb":{"@id":"https:\/\/futbolhoy.co\/index.php\/2025\/03\/31\/carrascal-cucho-muriel-y-mas-colombianos-marcaron-por-el-mundo-vea-los-goles\/#breadcrumb"},"inLanguage":"es","potentialAction":[{"@type":"ReadAction","target":["https:\/\/futbolhoy.co\/index.php\/2025\/03\/31\/carrascal-cucho-muriel-y-mas-colombianos-marcaron-por-el-mundo-vea-los-goles\/"]}]},{"@type":"ImageObject","inLanguage":"es","@id":"https:\/\/futbolhoy.co\/index.php\/2025\/03\/31\/carrascal-cucho-muriel-y-mas-colombianos-marcaron-por-el-mundo-vea-los-goles\/#primaryimage","url":"https:\/\/futbolhoy.co\/wp-content\/uploads\/2025\/03\/Captura-de-pantalla-2025-03-31-a-las-8.42.03\u202fa.-m.png","contentUrl":"https:\/\/futbolhoy.co\/wp-content\/uploads\/2025\/03\/Captura-de-pantalla-2025-03-31-a-las-8.42.03\u202fa.-m.png","width":1436,"height":990},{"@type":"BreadcrumbList","@id":"https:\/\/futbolhoy.co\/index.php\/2025\/03\/31\/carrascal-cucho-muriel-y-mas-colombianos-marcaron-por-el-mundo-vea-los-goles\/#breadcrumb","itemListElement":[{"@type":"ListItem","position":1,"name":"Portada","item":"https:\/\/futbolhoy.co\/"},{"@type":"ListItem","position":2,"name":"Carrascal, Cucho, Muriel y m\u00e1s colombianos marcaron por el mundo: vea los goles"}]},{"@type":"WebSite","@id":"https:\/\/futbolhoy.co\/#website","url":"https:\/\/futbolhoy.co\/","name":"FutbolHoy","description":"","publisher":{"@id":"https:\/\/futbolhoy.co\/#organization"},"potentialAction":[{"@type":"SearchAction","target":{"@type":"EntryPoint","urlTemplate":"https:\/\/futbolhoy.co\/?s={search_term_string}"},"query-input":{"@type":"PropertyValueSpecification","valueRequired":true,"valueName":"search_term_string"}}],"inLanguage":"es"},{"@type":"Organization","@id":"https:\/\/futbolhoy.co\/#organization","name":"Futbolhoy.co","url":"https:\/\/futbolhoy.co\/","logo":{"@type":"ImageObject","inLanguage":"es","@id":"https:\/\/futbolhoy.co\/#\/schema\/logo\/image\/","url":"https:\/\/futbolhoy.co\/wp-content\/uploads\/2018\/08\/17426380_1906371736249227_6326180412931521141_n.jpg","contentUrl":"https:\/\/futbolhoy.co\/wp-content\/uploads\/2018\/08\/17426380_1906371736249227_6326180412931521141_n.jpg","width":960,"height":960,"caption":"Futbolhoy.co"},"image":{"@id":"https:\/\/futbolhoy.co\/#\/schema\/logo\/image\/"},"sameAs":["https:\/\/www.facebook.com\/FutbolHoyCol\/","https:\/\/x.com\/FutbolHoyCol","https:\/\/www.instagram.com\/futbolhoycol\/"]},{"@type":"Person","@id":"https:\/\/futbolhoy.co\/#\/schema\/person\/1721b69355b6623eaff15ac7b92d4cc3","name":"contenido","image":{"@type":"ImageObject","inLanguage":"es","@id":"https:\/\/futbolhoy.co\/#\/schema\/person\/image\/","url":"https:\/\/secure.gravatar.com\/avatar\/4f656d3256f5134f466206e7c3941518?s=96&d=mm&r=g","contentUrl":"https:\/\/secure.gravatar.com\/avatar\/4f656d3256f5134f466206e7c3941518?s=96&d=mm&r=g","caption":"contenido"}}]}},"publishpress_future_action":{"enabled":false,"date":"2026-05-05 02:41:59","action":"change-status","newStatus":"draft","terms":[],"taxonomy":"category","extraData":[]},"publishpress_future_workflow_manual_trigger":{"enabledWorkflows":[]},"_links":{"self":[{"href":"https:\/\/futbolhoy.co\/index.php\/wp-json\/wp\/v2\/posts\/117896","targetHints":{"allow":["GET"]}}],"collection":[{"href":"https:\/\/futbolhoy.co\/index.php\/wp-json\/wp\/v2\/posts"}],"about":[{"href":"https:\/\/futbolhoy.co\/index.php\/wp-json\/wp\/v2\/types\/post"}],"author":[{"embeddable":true,"href":"https:\/\/futbolhoy.co\/index.php\/wp-json\/wp\/v2\/users\/4"}],"replies":[{"embeddable":true,"href":"https:\/\/futbolhoy.co\/index.php\/wp-json\/wp\/v2\/comments?post=117896"}],"version-history":[{"count":1,"href":"https:\/\/futbolhoy.co\/index.php\/wp-json\/wp\/v2\/posts\/117896\/revisions"}],"predecessor-version":[{"id":117898,"href":"https:\/\/futbolhoy.co\/index.php\/wp-json\/wp\/v2\/posts\/117896\/revisions\/117898"}],"wp:featuredmedia":[{"embeddable":true,"href":"https:\/\/futbolhoy.co\/index.php\/wp-json\/wp\/v2\/media\/117897"}],"wp:attachment":[{"href":"https:\/\/futbolhoy.co\/index.php\/wp-json\/wp\/v2\/media?parent=117896"}],"wp:term":[{"taxonomy":"category","embeddable":true,"href":"https:\/\/futbolhoy.co\/index.php\/wp-json\/wp\/v2\/categories?post=117896"},{"taxonomy":"post_tag","embeddable":true,"href":"https:\/\/futbolhoy.co\/index.php\/wp-json\/wp\/v2\/tags?post=117896"}],"curies":[{"name":"wp","href":"https:\/\/api.w.org\/{rel}","templated":true}]}}