{"id":117900,"date":"2025-03-31T09:17:14","date_gmt":"2025-03-31T14:17:14","guid":{"rendered":"https:\/\/futbolhoy.co\/?p=117900"},"modified":"2025-04-01T09:44:56","modified_gmt":"2025-04-01T14:44:56","slug":"falcao-regano-a-neyser-villarreal-por-pararse-en-la-pelota-esto-le-dijo","status":"publish","type":"post","link":"https:\/\/futbolhoy.co\/index.php\/2025\/03\/31\/falcao-regano-a-neyser-villarreal-por-pararse-en-la-pelota-esto-le-dijo\/","title":{"rendered":"Falcao rega\u00f1\u00f3 a Neyser Villarreal por pararse en la pelota: esto le dijo"},"content":{"rendered":"<p style=\"text-align: justify;\"><span style=\"font-weight: 400; font-family: helvetica, arial, sans-serif;\">La jugada que tanta pol\u00e9mica ha generado en el f\u00fatbol colombiano en las \u00faltimas semanas ya lleg\u00f3 a Millonarios,<strong> y con ella un rega\u00f1o de Falcao Garc\u00eda para el autor.<\/strong> Neyser Villarreal hizo la jugada de Francisco Chaverra en el partido ante Santa Fe y caus\u00f3 revuelo, al punto que el Tigre habl\u00f3 seriamente con \u00e9l.<\/span><\/p>\n<p style=\"text-align: justify;\"><span style=\"font-weight: 400; font-family: helvetica, arial, sans-serif;\">Hay quienes critican este tipo de jugadas durante un partido, <strong>m\u00e1s en medio de un cl\u00e1sico, uno de ellos es Falcao Garc\u00eda,<\/strong> quien actualmente se est\u00e1 recuperando de una lesi\u00f3n, por eso el m\u00e1ximo goleador de la Selecci\u00f3n Colombia habl\u00f3 con su pupilo de Millonarios.<\/span><\/p>\n<blockquote class=\"twitter-tweet\">\n<p dir=\"ltr\" lang=\"es\">\u26bd\u00a1La \u2018Chaverhina\u2019 est\u00e1 de moda en el FPC! \u00a1N\u00e9iser Villareal se par\u00f3 en el bal\u00f3n y se calent\u00f3 el cl\u00e1sico capitalino!<a href=\"https:\/\/twitter.com\/hashtag\/LALIGAxWIN?src=hash&amp;ref_src=twsrc%5Etfw\">#LALIGAxWIN<\/a> <a href=\"https:\/\/t.co\/VIebGGeT8h\">pic.twitter.com\/VIebGGeT8h<\/a><\/p>\n<p>\u2014 Win Sports (@WinSportsTV) <a href=\"https:\/\/twitter.com\/WinSportsTV\/status\/1905097001857122765?ref_src=twsrc%5Etfw\">March 27, 2025<\/a><\/p><\/blockquote>\n<p><script async src=\"https:\/\/platform.twitter.com\/widgets.js\" charset=\"utf-8\"><\/script><\/p>\n<p style=\"text-align: justify;\"><span style=\"font-weight: 400; font-family: helvetica, arial, sans-serif;\">\"Falcao me dijo en el camerino que ten\u00eda que hablar conmigo y al d\u00eda siguiente en el entrenamiento me dijo \u201cNeyser, venga\u201d y yo obvio, como no voy a ir si me llama el Tigre, no puedo decirle que no ni hacerlo esperar. Me dijo \u201cprimero que todo felicitaciones por el partido, siga as\u00ed, ahora esa cosa que hizo no la <strong>vuelva a hacer porque no genera nada, esa payasada\u201d.<\/strong> Le pregunt\u00e9 qu\u00e9 pod\u00eda hacer y me dijo 'goles'\u201d, cont\u00f3 el jugador del cuadro albiazul.<\/span><\/p>\n<blockquote class=\"twitter-tweet\" data-media-max-width=\"560\">\n<p dir=\"ltr\" lang=\"es\">Esto le dijo Falcao a Neyser<br \/>\n\ud83d\udd3d\ud83c\udfa5\ud83d\udc47 <a href=\"https:\/\/t.co\/EhinyVf6DD\">pic.twitter.com\/EhinyVf6DD<\/a><\/p>\n<p>\u2014 Estadio Azul MFC (@azul_mfc) <a href=\"https:\/\/twitter.com\/azul_mfc\/status\/1906196478814490895?ref_src=twsrc%5Etfw\">March 30, 2025<\/a><\/p><\/blockquote>\n<p><script async src=\"https:\/\/platform.twitter.com\/widgets.js\" charset=\"utf-8\"><\/script><\/p>\n","protected":false},"excerpt":{"rendered":"<p>La jugada que tanta pol\u00e9mica ha generado en el f\u00fatbol colombiano en las \u00faltimas semanas ya lleg\u00f3 a Millonarios, y con ella un rega\u00f1o de Falcao Garc\u00eda para el autor. Neyser Villarreal hizo la jugada de Francisco Chaverra en el partido ante Santa Fe y caus\u00f3 revuelo, al punto que el Tigre habl\u00f3 seriamente con [&hellip;]<\/p>\n","protected":false},"author":4,"featured_media":117901,"comment_status":"open","ping_status":"open","sticky":false,"template":"","format":"standard","meta":{"_acf_changed":false,"footnotes":""},"categories":[7],"tags":[],"class_list":{"0":"post-117900","1":"post","2":"type-post","3":"status-publish","4":"format-standard","5":"has-post-thumbnail","7":"category-liga-betplay"},"acf":[],"yoast_head":"<!-- This site is optimized with the Yoast SEO plugin v26.8 - https:\/\/yoast.com\/product\/yoast-seo-wordpress\/ -->\n<title>Falcao rega\u00f1\u00f3 a Neyser Villarreal por pararse en la pelota: esto le dijo -<\/title>\n<meta name=\"robots\" content=\"index, follow, max-snippet:-1, max-image-preview:large, max-video-preview:-1\" \/>\n<link rel=\"canonical\" href=\"https:\/\/futbolhoy.co\/index.php\/2025\/03\/31\/falcao-regano-a-neyser-villarreal-por-pararse-en-la-pelota-esto-le-dijo\/\" \/>\n<meta property=\"og:locale\" content=\"es_ES\" \/>\n<meta property=\"og:type\" content=\"article\" \/>\n<meta property=\"og:title\" content=\"Falcao rega\u00f1\u00f3 a Neyser Villarreal por pararse en la pelota: esto le dijo -\" \/>\n<meta property=\"og:description\" content=\"La jugada que tanta pol\u00e9mica ha generado en el f\u00fatbol colombiano en las \u00faltimas semanas ya lleg\u00f3 a Millonarios, y con ella un rega\u00f1o de Falcao Garc\u00eda para el autor. Neyser Villarreal hizo la jugada de Francisco Chaverra en el partido ante Santa Fe y caus\u00f3 revuelo, al punto que el Tigre habl\u00f3 seriamente con [&hellip;]\" \/>\n<meta property=\"og:url\" content=\"https:\/\/futbolhoy.co\/index.php\/2025\/03\/31\/falcao-regano-a-neyser-villarreal-por-pararse-en-la-pelota-esto-le-dijo\/\" \/>\n<meta property=\"article:publisher\" content=\"https:\/\/www.facebook.com\/FutbolHoyCol\/\" \/>\n<meta property=\"article:published_time\" content=\"2025-03-31T14:17:14+00:00\" \/>\n<meta property=\"article:modified_time\" content=\"2025-04-01T14:44:56+00:00\" \/>\n<meta property=\"og:image\" content=\"https:\/\/futbolhoy.co\/wp-content\/uploads\/2025\/03\/Captura-de-pantalla-2025-03-31-a-las-9.16.23\u202fa.-m.png\" \/>\n\t<meta property=\"og:image:width\" content=\"1482\" \/>\n\t<meta property=\"og:image:height\" content=\"898\" \/>\n\t<meta property=\"og:image:type\" content=\"image\/png\" \/>\n<meta name=\"author\" content=\"contenido\" \/>\n<meta name=\"twitter:card\" content=\"summary_large_image\" \/>\n<meta name=\"twitter:creator\" content=\"@FutbolHoyCol\" \/>\n<meta name=\"twitter:site\" content=\"@FutbolHoyCol\" \/>\n<meta name=\"twitter:label1\" content=\"Escrito por\" \/>\n\t<meta name=\"twitter:data1\" content=\"contenido\" \/>\n\t<meta name=\"twitter:label2\" content=\"Tiempo de lectura\" \/>\n\t<meta name=\"twitter:data2\" content=\"1 minuto\" \/>\n<script type=\"application\/ld+json\" class=\"yoast-schema-graph\">{\"@context\":\"https:\/\/schema.org\",\"@graph\":[{\"@type\":\"Article\",\"@id\":\"https:\/\/futbolhoy.co\/index.php\/2025\/03\/31\/falcao-regano-a-neyser-villarreal-por-pararse-en-la-pelota-esto-le-dijo\/#article\",\"isPartOf\":{\"@id\":\"https:\/\/futbolhoy.co\/index.php\/2025\/03\/31\/falcao-regano-a-neyser-villarreal-por-pararse-en-la-pelota-esto-le-dijo\/\"},\"author\":{\"name\":\"contenido\",\"@id\":\"https:\/\/futbolhoy.co\/#\/schema\/person\/1721b69355b6623eaff15ac7b92d4cc3\"},\"headline\":\"Falcao rega\u00f1\u00f3 a Neyser Villarreal por pararse en la pelota: esto le dijo\",\"datePublished\":\"2025-03-31T14:17:14+00:00\",\"dateModified\":\"2025-04-01T14:44:56+00:00\",\"mainEntityOfPage\":{\"@id\":\"https:\/\/futbolhoy.co\/index.php\/2025\/03\/31\/falcao-regano-a-neyser-villarreal-por-pararse-en-la-pelota-esto-le-dijo\/\"},\"wordCount\":263,\"commentCount\":0,\"publisher\":{\"@id\":\"https:\/\/futbolhoy.co\/#organization\"},\"image\":{\"@id\":\"https:\/\/futbolhoy.co\/index.php\/2025\/03\/31\/falcao-regano-a-neyser-villarreal-por-pararse-en-la-pelota-esto-le-dijo\/#primaryimage\"},\"thumbnailUrl\":\"https:\/\/futbolhoy.co\/wp-content\/uploads\/2025\/03\/Captura-de-pantalla-2025-03-31-a-las-9.16.23\u202fa.-m.png\",\"articleSection\":[\"Liga BetPlay\"],\"inLanguage\":\"es\",\"potentialAction\":[{\"@type\":\"CommentAction\",\"name\":\"Comment\",\"target\":[\"https:\/\/futbolhoy.co\/index.php\/2025\/03\/31\/falcao-regano-a-neyser-villarreal-por-pararse-en-la-pelota-esto-le-dijo\/#respond\"]}]},{\"@type\":\"WebPage\",\"@id\":\"https:\/\/futbolhoy.co\/index.php\/2025\/03\/31\/falcao-regano-a-neyser-villarreal-por-pararse-en-la-pelota-esto-le-dijo\/\",\"url\":\"https:\/\/futbolhoy.co\/index.php\/2025\/03\/31\/falcao-regano-a-neyser-villarreal-por-pararse-en-la-pelota-esto-le-dijo\/\",\"name\":\"Falcao rega\u00f1\u00f3 a Neyser Villarreal por pararse en la pelota: esto le dijo -\",\"isPartOf\":{\"@id\":\"https:\/\/futbolhoy.co\/#website\"},\"primaryImageOfPage\":{\"@id\":\"https:\/\/futbolhoy.co\/index.php\/2025\/03\/31\/falcao-regano-a-neyser-villarreal-por-pararse-en-la-pelota-esto-le-dijo\/#primaryimage\"},\"image\":{\"@id\":\"https:\/\/futbolhoy.co\/index.php\/2025\/03\/31\/falcao-regano-a-neyser-villarreal-por-pararse-en-la-pelota-esto-le-dijo\/#primaryimage\"},\"thumbnailUrl\":\"https:\/\/futbolhoy.co\/wp-content\/uploads\/2025\/03\/Captura-de-pantalla-2025-03-31-a-las-9.16.23\u202fa.-m.png\",\"datePublished\":\"2025-03-31T14:17:14+00:00\",\"dateModified\":\"2025-04-01T14:44:56+00:00\",\"breadcrumb\":{\"@id\":\"https:\/\/futbolhoy.co\/index.php\/2025\/03\/31\/falcao-regano-a-neyser-villarreal-por-pararse-en-la-pelota-esto-le-dijo\/#breadcrumb\"},\"inLanguage\":\"es\",\"potentialAction\":[{\"@type\":\"ReadAction\",\"target\":[\"https:\/\/futbolhoy.co\/index.php\/2025\/03\/31\/falcao-regano-a-neyser-villarreal-por-pararse-en-la-pelota-esto-le-dijo\/\"]}]},{\"@type\":\"ImageObject\",\"inLanguage\":\"es\",\"@id\":\"https:\/\/futbolhoy.co\/index.php\/2025\/03\/31\/falcao-regano-a-neyser-villarreal-por-pararse-en-la-pelota-esto-le-dijo\/#primaryimage\",\"url\":\"https:\/\/futbolhoy.co\/wp-content\/uploads\/2025\/03\/Captura-de-pantalla-2025-03-31-a-las-9.16.23\u202fa.-m.png\",\"contentUrl\":\"https:\/\/futbolhoy.co\/wp-content\/uploads\/2025\/03\/Captura-de-pantalla-2025-03-31-a-las-9.16.23\u202fa.-m.png\",\"width\":1482,\"height\":898},{\"@type\":\"BreadcrumbList\",\"@id\":\"https:\/\/futbolhoy.co\/index.php\/2025\/03\/31\/falcao-regano-a-neyser-villarreal-por-pararse-en-la-pelota-esto-le-dijo\/#breadcrumb\",\"itemListElement\":[{\"@type\":\"ListItem\",\"position\":1,\"name\":\"Portada\",\"item\":\"https:\/\/futbolhoy.co\/\"},{\"@type\":\"ListItem\",\"position\":2,\"name\":\"Falcao rega\u00f1\u00f3 a Neyser Villarreal por pararse en la pelota: esto le dijo\"}]},{\"@type\":\"WebSite\",\"@id\":\"https:\/\/futbolhoy.co\/#website\",\"url\":\"https:\/\/futbolhoy.co\/\",\"name\":\"FutbolHoy\",\"description\":\"\",\"publisher\":{\"@id\":\"https:\/\/futbolhoy.co\/#organization\"},\"potentialAction\":[{\"@type\":\"SearchAction\",\"target\":{\"@type\":\"EntryPoint\",\"urlTemplate\":\"https:\/\/futbolhoy.co\/?s={search_term_string}\"},\"query-input\":{\"@type\":\"PropertyValueSpecification\",\"valueRequired\":true,\"valueName\":\"search_term_string\"}}],\"inLanguage\":\"es\"},{\"@type\":\"Organization\",\"@id\":\"https:\/\/futbolhoy.co\/#organization\",\"name\":\"Futbolhoy.co\",\"url\":\"https:\/\/futbolhoy.co\/\",\"logo\":{\"@type\":\"ImageObject\",\"inLanguage\":\"es\",\"@id\":\"https:\/\/futbolhoy.co\/#\/schema\/logo\/image\/\",\"url\":\"https:\/\/futbolhoy.co\/wp-content\/uploads\/2018\/08\/17426380_1906371736249227_6326180412931521141_n.jpg\",\"contentUrl\":\"https:\/\/futbolhoy.co\/wp-content\/uploads\/2018\/08\/17426380_1906371736249227_6326180412931521141_n.jpg\",\"width\":960,\"height\":960,\"caption\":\"Futbolhoy.co\"},\"image\":{\"@id\":\"https:\/\/futbolhoy.co\/#\/schema\/logo\/image\/\"},\"sameAs\":[\"https:\/\/www.facebook.com\/FutbolHoyCol\/\",\"https:\/\/x.com\/FutbolHoyCol\",\"https:\/\/www.instagram.com\/futbolhoycol\/\"]},{\"@type\":\"Person\",\"@id\":\"https:\/\/futbolhoy.co\/#\/schema\/person\/1721b69355b6623eaff15ac7b92d4cc3\",\"name\":\"contenido\",\"image\":{\"@type\":\"ImageObject\",\"inLanguage\":\"es\",\"@id\":\"https:\/\/futbolhoy.co\/#\/schema\/person\/image\/\",\"url\":\"https:\/\/secure.gravatar.com\/avatar\/4f656d3256f5134f466206e7c3941518?s=96&d=mm&r=g\",\"contentUrl\":\"https:\/\/secure.gravatar.com\/avatar\/4f656d3256f5134f466206e7c3941518?s=96&d=mm&r=g\",\"caption\":\"contenido\"}}]}<\/script>\n<!-- \/ Yoast SEO plugin. -->","yoast_head_json":{"title":"Falcao rega\u00f1\u00f3 a Neyser Villarreal por pararse en la pelota: esto le dijo -","robots":{"index":"index","follow":"follow","max-snippet":"max-snippet:-1","max-image-preview":"max-image-preview:large","max-video-preview":"max-video-preview:-1"},"canonical":"https:\/\/futbolhoy.co\/index.php\/2025\/03\/31\/falcao-regano-a-neyser-villarreal-por-pararse-en-la-pelota-esto-le-dijo\/","og_locale":"es_ES","og_type":"article","og_title":"Falcao rega\u00f1\u00f3 a Neyser Villarreal por pararse en la pelota: esto le dijo -","og_description":"La jugada que tanta pol\u00e9mica ha generado en el f\u00fatbol colombiano en las \u00faltimas semanas ya lleg\u00f3 a Millonarios, y con ella un rega\u00f1o de Falcao Garc\u00eda para el autor. Neyser Villarreal hizo la jugada de Francisco Chaverra en el partido ante Santa Fe y caus\u00f3 revuelo, al punto que el Tigre habl\u00f3 seriamente con [&hellip;]","og_url":"https:\/\/futbolhoy.co\/index.php\/2025\/03\/31\/falcao-regano-a-neyser-villarreal-por-pararse-en-la-pelota-esto-le-dijo\/","article_publisher":"https:\/\/www.facebook.com\/FutbolHoyCol\/","article_published_time":"2025-03-31T14:17:14+00:00","article_modified_time":"2025-04-01T14:44:56+00:00","og_image":[{"width":1482,"height":898,"url":"https:\/\/futbolhoy.co\/wp-content\/uploads\/2025\/03\/Captura-de-pantalla-2025-03-31-a-las-9.16.23\u202fa.-m.png","type":"image\/png"}],"author":"contenido","twitter_card":"summary_large_image","twitter_creator":"@FutbolHoyCol","twitter_site":"@FutbolHoyCol","twitter_misc":{"Escrito por":"contenido","Tiempo de lectura":"1 minuto"},"schema":{"@context":"https:\/\/schema.org","@graph":[{"@type":"Article","@id":"https:\/\/futbolhoy.co\/index.php\/2025\/03\/31\/falcao-regano-a-neyser-villarreal-por-pararse-en-la-pelota-esto-le-dijo\/#article","isPartOf":{"@id":"https:\/\/futbolhoy.co\/index.php\/2025\/03\/31\/falcao-regano-a-neyser-villarreal-por-pararse-en-la-pelota-esto-le-dijo\/"},"author":{"name":"contenido","@id":"https:\/\/futbolhoy.co\/#\/schema\/person\/1721b69355b6623eaff15ac7b92d4cc3"},"headline":"Falcao rega\u00f1\u00f3 a Neyser Villarreal por pararse en la pelota: esto le dijo","datePublished":"2025-03-31T14:17:14+00:00","dateModified":"2025-04-01T14:44:56+00:00","mainEntityOfPage":{"@id":"https:\/\/futbolhoy.co\/index.php\/2025\/03\/31\/falcao-regano-a-neyser-villarreal-por-pararse-en-la-pelota-esto-le-dijo\/"},"wordCount":263,"commentCount":0,"publisher":{"@id":"https:\/\/futbolhoy.co\/#organization"},"image":{"@id":"https:\/\/futbolhoy.co\/index.php\/2025\/03\/31\/falcao-regano-a-neyser-villarreal-por-pararse-en-la-pelota-esto-le-dijo\/#primaryimage"},"thumbnailUrl":"https:\/\/futbolhoy.co\/wp-content\/uploads\/2025\/03\/Captura-de-pantalla-2025-03-31-a-las-9.16.23\u202fa.-m.png","articleSection":["Liga BetPlay"],"inLanguage":"es","potentialAction":[{"@type":"CommentAction","name":"Comment","target":["https:\/\/futbolhoy.co\/index.php\/2025\/03\/31\/falcao-regano-a-neyser-villarreal-por-pararse-en-la-pelota-esto-le-dijo\/#respond"]}]},{"@type":"WebPage","@id":"https:\/\/futbolhoy.co\/index.php\/2025\/03\/31\/falcao-regano-a-neyser-villarreal-por-pararse-en-la-pelota-esto-le-dijo\/","url":"https:\/\/futbolhoy.co\/index.php\/2025\/03\/31\/falcao-regano-a-neyser-villarreal-por-pararse-en-la-pelota-esto-le-dijo\/","name":"Falcao rega\u00f1\u00f3 a Neyser Villarreal por pararse en la pelota: esto le dijo -","isPartOf":{"@id":"https:\/\/futbolhoy.co\/#website"},"primaryImageOfPage":{"@id":"https:\/\/futbolhoy.co\/index.php\/2025\/03\/31\/falcao-regano-a-neyser-villarreal-por-pararse-en-la-pelota-esto-le-dijo\/#primaryimage"},"image":{"@id":"https:\/\/futbolhoy.co\/index.php\/2025\/03\/31\/falcao-regano-a-neyser-villarreal-por-pararse-en-la-pelota-esto-le-dijo\/#primaryimage"},"thumbnailUrl":"https:\/\/futbolhoy.co\/wp-content\/uploads\/2025\/03\/Captura-de-pantalla-2025-03-31-a-las-9.16.23\u202fa.-m.png","datePublished":"2025-03-31T14:17:14+00:00","dateModified":"2025-04-01T14:44:56+00:00","breadcrumb":{"@id":"https:\/\/futbolhoy.co\/index.php\/2025\/03\/31\/falcao-regano-a-neyser-villarreal-por-pararse-en-la-pelota-esto-le-dijo\/#breadcrumb"},"inLanguage":"es","potentialAction":[{"@type":"ReadAction","target":["https:\/\/futbolhoy.co\/index.php\/2025\/03\/31\/falcao-regano-a-neyser-villarreal-por-pararse-en-la-pelota-esto-le-dijo\/"]}]},{"@type":"ImageObject","inLanguage":"es","@id":"https:\/\/futbolhoy.co\/index.php\/2025\/03\/31\/falcao-regano-a-neyser-villarreal-por-pararse-en-la-pelota-esto-le-dijo\/#primaryimage","url":"https:\/\/futbolhoy.co\/wp-content\/uploads\/2025\/03\/Captura-de-pantalla-2025-03-31-a-las-9.16.23\u202fa.-m.png","contentUrl":"https:\/\/futbolhoy.co\/wp-content\/uploads\/2025\/03\/Captura-de-pantalla-2025-03-31-a-las-9.16.23\u202fa.-m.png","width":1482,"height":898},{"@type":"BreadcrumbList","@id":"https:\/\/futbolhoy.co\/index.php\/2025\/03\/31\/falcao-regano-a-neyser-villarreal-por-pararse-en-la-pelota-esto-le-dijo\/#breadcrumb","itemListElement":[{"@type":"ListItem","position":1,"name":"Portada","item":"https:\/\/futbolhoy.co\/"},{"@type":"ListItem","position":2,"name":"Falcao rega\u00f1\u00f3 a Neyser Villarreal por pararse en la pelota: esto le dijo"}]},{"@type":"WebSite","@id":"https:\/\/futbolhoy.co\/#website","url":"https:\/\/futbolhoy.co\/","name":"FutbolHoy","description":"","publisher":{"@id":"https:\/\/futbolhoy.co\/#organization"},"potentialAction":[{"@type":"SearchAction","target":{"@type":"EntryPoint","urlTemplate":"https:\/\/futbolhoy.co\/?s={search_term_string}"},"query-input":{"@type":"PropertyValueSpecification","valueRequired":true,"valueName":"search_term_string"}}],"inLanguage":"es"},{"@type":"Organization","@id":"https:\/\/futbolhoy.co\/#organization","name":"Futbolhoy.co","url":"https:\/\/futbolhoy.co\/","logo":{"@type":"ImageObject","inLanguage":"es","@id":"https:\/\/futbolhoy.co\/#\/schema\/logo\/image\/","url":"https:\/\/futbolhoy.co\/wp-content\/uploads\/2018\/08\/17426380_1906371736249227_6326180412931521141_n.jpg","contentUrl":"https:\/\/futbolhoy.co\/wp-content\/uploads\/2018\/08\/17426380_1906371736249227_6326180412931521141_n.jpg","width":960,"height":960,"caption":"Futbolhoy.co"},"image":{"@id":"https:\/\/futbolhoy.co\/#\/schema\/logo\/image\/"},"sameAs":["https:\/\/www.facebook.com\/FutbolHoyCol\/","https:\/\/x.com\/FutbolHoyCol","https:\/\/www.instagram.com\/futbolhoycol\/"]},{"@type":"Person","@id":"https:\/\/futbolhoy.co\/#\/schema\/person\/1721b69355b6623eaff15ac7b92d4cc3","name":"contenido","image":{"@type":"ImageObject","inLanguage":"es","@id":"https:\/\/futbolhoy.co\/#\/schema\/person\/image\/","url":"https:\/\/secure.gravatar.com\/avatar\/4f656d3256f5134f466206e7c3941518?s=96&d=mm&r=g","contentUrl":"https:\/\/secure.gravatar.com\/avatar\/4f656d3256f5134f466206e7c3941518?s=96&d=mm&r=g","caption":"contenido"}}]}},"publishpress_future_action":{"enabled":false,"date":"2026-05-05 04:10:36","action":"change-status","newStatus":"draft","terms":[],"taxonomy":"category","extraData":[]},"publishpress_future_workflow_manual_trigger":{"enabledWorkflows":[]},"_links":{"self":[{"href":"https:\/\/futbolhoy.co\/index.php\/wp-json\/wp\/v2\/posts\/117900","targetHints":{"allow":["GET"]}}],"collection":[{"href":"https:\/\/futbolhoy.co\/index.php\/wp-json\/wp\/v2\/posts"}],"about":[{"href":"https:\/\/futbolhoy.co\/index.php\/wp-json\/wp\/v2\/types\/post"}],"author":[{"embeddable":true,"href":"https:\/\/futbolhoy.co\/index.php\/wp-json\/wp\/v2\/users\/4"}],"replies":[{"embeddable":true,"href":"https:\/\/futbolhoy.co\/index.php\/wp-json\/wp\/v2\/comments?post=117900"}],"version-history":[{"count":1,"href":"https:\/\/futbolhoy.co\/index.php\/wp-json\/wp\/v2\/posts\/117900\/revisions"}],"predecessor-version":[{"id":117902,"href":"https:\/\/futbolhoy.co\/index.php\/wp-json\/wp\/v2\/posts\/117900\/revisions\/117902"}],"wp:featuredmedia":[{"embeddable":true,"href":"https:\/\/futbolhoy.co\/index.php\/wp-json\/wp\/v2\/media\/117901"}],"wp:attachment":[{"href":"https:\/\/futbolhoy.co\/index.php\/wp-json\/wp\/v2\/media?parent=117900"}],"wp:term":[{"taxonomy":"category","embeddable":true,"href":"https:\/\/futbolhoy.co\/index.php\/wp-json\/wp\/v2\/categories?post=117900"},{"taxonomy":"post_tag","embeddable":true,"href":"https:\/\/futbolhoy.co\/index.php\/wp-json\/wp\/v2\/tags?post=117900"}],"curies":[{"name":"wp","href":"https:\/\/api.w.org\/{rel}","templated":true}]}}