{"id":117907,"date":"2025-03-31T12:58:57","date_gmt":"2025-03-31T17:58:57","guid":{"rendered":"https:\/\/futbolhoy.co\/?p=117907"},"modified":"2025-04-01T13:41:59","modified_gmt":"2025-04-01T18:41:59","slug":"que-equipo-reemplazara-a-leon-en-el-mundial-de-clubes","status":"publish","type":"post","link":"https:\/\/futbolhoy.co\/index.php\/2025\/03\/31\/que-equipo-reemplazara-a-leon-en-el-mundial-de-clubes\/","title":{"rendered":"\u00bfQu\u00e9 equipo reemplazar\u00e1 a Le\u00f3n en el Mundial de Clubes?"},"content":{"rendered":"<p style=\"text-align: justify;\"><span style=\"font-family: helvetica, arial, sans-serif;\"><span style=\"font-weight: 400;\">Con la salida del Le\u00f3n de James Rodr\u00edguez del Mundial de Clubes, la FIFA est\u00e1 <\/span><b>considerando jugar un partido entre el Am\u00e9rica y Los Angeles FC<\/b><span style=\"font-weight: 400;\"> para definir qui\u00e9n ser\u00e1 el sustituto de la Fiera en el torneo de clubes m\u00e1s importante del mundo, seg\u00fan inform\u00f3 un vocero este domingo.<\/span><\/span><\/p>\n<p style=\"text-align: justify;\"><span style=\"font-family: helvetica, arial, sans-serif;\"><span style=\"font-weight: 400;\">\"La FIFA puede confirmar que est\u00e1 considerando un partido de 'play-off' entre LAFC y el Club Am\u00e9rica por el derecho a participar en la Copa Mundial de Clubes de la <\/span><b>FIFA 2025, en sustituci\u00f3n del Club L\u00e9on<\/b><span style=\"font-weight: 400;\"> (...) Se dar\u00e1n m\u00e1s detalles a su debido tiempo\", dijo el portavoz.<\/span><\/span><\/p>\n<p style=\"text-align: justify;\"><span style=\"font-weight: 400; font-family: helvetica, arial, sans-serif;\">El pasado 21 de marzo la FIFA confirm\u00f3 que el Club Le\u00f3n no pod\u00eda participar en el Mundial porque comparte duelo con Pachuca, otro de los integrantes del torneo.<\/span><\/p>\n<p style=\"text-align: justify;\"><span style=\"font-family: helvetica, arial, sans-serif;\"><b>Tanto el Le\u00f3n como Pachuca forman parte del Grupo Pachuca, <\/b><span style=\"font-weight: 400;\">que tambi\u00e9n integran el Real Oviedo espa\u00f1ol y el Everton chileno.<\/span><\/span><\/p>\n<p style=\"text-align: justify;\"><span style=\"font-weight: 400; font-family: helvetica, arial, sans-serif;\">Si el TAS no cambia la decisi\u00f3n de la FIFA, el organismo regulador del balompi\u00e9 explic\u00f3 que es probable que se d\u00e9 el encuentro entre las \u00c1guilas y el LAFC.<\/span><\/p>\n<p style=\"text-align: justify;\"><span style=\"font-family: helvetica, arial, sans-serif;\"><span style=\"font-weight: 400;\">\"LAFC participar\u00eda en el duelo porque fue el subcampe\u00f3n en la Copa de Campeones de la Concacaf 2023, que gan\u00f3 el Le\u00f3n. El America participar\u00eda porque es el mejor clasificado de la Concacaf en el ranking de la<\/span><b> Copa Mundial de Clubes de la FIFA\", a\u00f1adi\u00f3 la FIFA.<\/b><\/span><\/p>\n<p style=\"text-align: justify;\"><span style=\"font-weight: 400; font-family: helvetica, arial, sans-serif;\">El Mundial de Clubes de este a\u00f1o ser\u00e1 el primero que se dispute por 32 equipos y se llevar\u00e1 a cabo del 14 de junio al 13 de julio pr\u00f3ximos en Estados Unidos.<\/span><\/p>\n","protected":false},"excerpt":{"rendered":"<p>Con la salida del Le\u00f3n de James Rodr\u00edguez del Mundial de Clubes, la FIFA est\u00e1 considerando jugar un partido entre el Am\u00e9rica y Los Angeles FC para definir qui\u00e9n ser\u00e1 el sustituto de la Fiera en el torneo de clubes m\u00e1s importante del mundo, seg\u00fan inform\u00f3 un vocero este domingo. \"La FIFA puede confirmar que [&hellip;]<\/p>\n","protected":false},"author":4,"featured_media":116650,"comment_status":"open","ping_status":"open","sticky":false,"template":"","format":"standard","meta":{"_acf_changed":false,"footnotes":""},"categories":[152],"tags":[],"class_list":{"0":"post-117907","1":"post","2":"type-post","3":"status-publish","4":"format-standard","5":"has-post-thumbnail","7":"category-mundo-futbol"},"acf":[],"yoast_head":"<!-- This site is optimized with the Yoast SEO plugin v26.8 - https:\/\/yoast.com\/product\/yoast-seo-wordpress\/ -->\n<title>\u00bfQu\u00e9 equipo reemplazar\u00e1 a Le\u00f3n en el Mundial de Clubes? -<\/title>\n<meta name=\"robots\" content=\"index, follow, max-snippet:-1, max-image-preview:large, max-video-preview:-1\" \/>\n<link rel=\"canonical\" href=\"https:\/\/futbolhoy.co\/index.php\/2025\/03\/31\/que-equipo-reemplazara-a-leon-en-el-mundial-de-clubes\/\" \/>\n<meta property=\"og:locale\" content=\"es_ES\" \/>\n<meta property=\"og:type\" content=\"article\" \/>\n<meta property=\"og:title\" content=\"\u00bfQu\u00e9 equipo reemplazar\u00e1 a Le\u00f3n en el Mundial de Clubes? -\" \/>\n<meta property=\"og:description\" content=\"Con la salida del Le\u00f3n de James Rodr\u00edguez del Mundial de Clubes, la FIFA est\u00e1 considerando jugar un partido entre el Am\u00e9rica y Los Angeles FC para definir qui\u00e9n ser\u00e1 el sustituto de la Fiera en el torneo de clubes m\u00e1s importante del mundo, seg\u00fan inform\u00f3 un vocero este domingo. &quot;La FIFA puede confirmar que [&hellip;]\" \/>\n<meta property=\"og:url\" content=\"https:\/\/futbolhoy.co\/index.php\/2025\/03\/31\/que-equipo-reemplazara-a-leon-en-el-mundial-de-clubes\/\" \/>\n<meta property=\"article:publisher\" content=\"https:\/\/www.facebook.com\/FutbolHoyCol\/\" \/>\n<meta property=\"article:published_time\" content=\"2025-03-31T17:58:57+00:00\" \/>\n<meta property=\"article:modified_time\" content=\"2025-04-01T18:41:59+00:00\" \/>\n<meta property=\"og:image\" content=\"https:\/\/futbolhoy.co\/wp-content\/uploads\/2025\/02\/IMG_0405.jpeg\" \/>\n\t<meta property=\"og:image:width\" content=\"2048\" \/>\n\t<meta property=\"og:image:height\" content=\"1364\" \/>\n\t<meta property=\"og:image:type\" content=\"image\/jpeg\" \/>\n<meta name=\"author\" content=\"contenido\" \/>\n<meta name=\"twitter:card\" content=\"summary_large_image\" \/>\n<meta name=\"twitter:creator\" content=\"@FutbolHoyCol\" \/>\n<meta name=\"twitter:site\" content=\"@FutbolHoyCol\" \/>\n<meta name=\"twitter:label1\" content=\"Escrito por\" \/>\n\t<meta name=\"twitter:data1\" content=\"contenido\" \/>\n\t<meta name=\"twitter:label2\" content=\"Tiempo de lectura\" \/>\n\t<meta name=\"twitter:data2\" content=\"1 minuto\" \/>\n<script type=\"application\/ld+json\" class=\"yoast-schema-graph\">{\"@context\":\"https:\/\/schema.org\",\"@graph\":[{\"@type\":\"Article\",\"@id\":\"https:\/\/futbolhoy.co\/index.php\/2025\/03\/31\/que-equipo-reemplazara-a-leon-en-el-mundial-de-clubes\/#article\",\"isPartOf\":{\"@id\":\"https:\/\/futbolhoy.co\/index.php\/2025\/03\/31\/que-equipo-reemplazara-a-leon-en-el-mundial-de-clubes\/\"},\"author\":{\"name\":\"contenido\",\"@id\":\"https:\/\/futbolhoy.co\/#\/schema\/person\/1721b69355b6623eaff15ac7b92d4cc3\"},\"headline\":\"\u00bfQu\u00e9 equipo reemplazar\u00e1 a Le\u00f3n en el Mundial de Clubes?\",\"datePublished\":\"2025-03-31T17:58:57+00:00\",\"dateModified\":\"2025-04-01T18:41:59+00:00\",\"mainEntityOfPage\":{\"@id\":\"https:\/\/futbolhoy.co\/index.php\/2025\/03\/31\/que-equipo-reemplazara-a-leon-en-el-mundial-de-clubes\/\"},\"wordCount\":288,\"commentCount\":0,\"publisher\":{\"@id\":\"https:\/\/futbolhoy.co\/#organization\"},\"image\":{\"@id\":\"https:\/\/futbolhoy.co\/index.php\/2025\/03\/31\/que-equipo-reemplazara-a-leon-en-el-mundial-de-clubes\/#primaryimage\"},\"thumbnailUrl\":\"https:\/\/futbolhoy.co\/wp-content\/uploads\/2025\/02\/IMG_0405.jpeg\",\"articleSection\":[\"Mundo Futbol\"],\"inLanguage\":\"es\",\"potentialAction\":[{\"@type\":\"CommentAction\",\"name\":\"Comment\",\"target\":[\"https:\/\/futbolhoy.co\/index.php\/2025\/03\/31\/que-equipo-reemplazara-a-leon-en-el-mundial-de-clubes\/#respond\"]}]},{\"@type\":\"WebPage\",\"@id\":\"https:\/\/futbolhoy.co\/index.php\/2025\/03\/31\/que-equipo-reemplazara-a-leon-en-el-mundial-de-clubes\/\",\"url\":\"https:\/\/futbolhoy.co\/index.php\/2025\/03\/31\/que-equipo-reemplazara-a-leon-en-el-mundial-de-clubes\/\",\"name\":\"\u00bfQu\u00e9 equipo reemplazar\u00e1 a Le\u00f3n en el Mundial de Clubes? -\",\"isPartOf\":{\"@id\":\"https:\/\/futbolhoy.co\/#website\"},\"primaryImageOfPage\":{\"@id\":\"https:\/\/futbolhoy.co\/index.php\/2025\/03\/31\/que-equipo-reemplazara-a-leon-en-el-mundial-de-clubes\/#primaryimage\"},\"image\":{\"@id\":\"https:\/\/futbolhoy.co\/index.php\/2025\/03\/31\/que-equipo-reemplazara-a-leon-en-el-mundial-de-clubes\/#primaryimage\"},\"thumbnailUrl\":\"https:\/\/futbolhoy.co\/wp-content\/uploads\/2025\/02\/IMG_0405.jpeg\",\"datePublished\":\"2025-03-31T17:58:57+00:00\",\"dateModified\":\"2025-04-01T18:41:59+00:00\",\"breadcrumb\":{\"@id\":\"https:\/\/futbolhoy.co\/index.php\/2025\/03\/31\/que-equipo-reemplazara-a-leon-en-el-mundial-de-clubes\/#breadcrumb\"},\"inLanguage\":\"es\",\"potentialAction\":[{\"@type\":\"ReadAction\",\"target\":[\"https:\/\/futbolhoy.co\/index.php\/2025\/03\/31\/que-equipo-reemplazara-a-leon-en-el-mundial-de-clubes\/\"]}]},{\"@type\":\"ImageObject\",\"inLanguage\":\"es\",\"@id\":\"https:\/\/futbolhoy.co\/index.php\/2025\/03\/31\/que-equipo-reemplazara-a-leon-en-el-mundial-de-clubes\/#primaryimage\",\"url\":\"https:\/\/futbolhoy.co\/wp-content\/uploads\/2025\/02\/IMG_0405.jpeg\",\"contentUrl\":\"https:\/\/futbolhoy.co\/wp-content\/uploads\/2025\/02\/IMG_0405.jpeg\",\"width\":2048,\"height\":1364},{\"@type\":\"BreadcrumbList\",\"@id\":\"https:\/\/futbolhoy.co\/index.php\/2025\/03\/31\/que-equipo-reemplazara-a-leon-en-el-mundial-de-clubes\/#breadcrumb\",\"itemListElement\":[{\"@type\":\"ListItem\",\"position\":1,\"name\":\"Portada\",\"item\":\"https:\/\/futbolhoy.co\/\"},{\"@type\":\"ListItem\",\"position\":2,\"name\":\"\u00bfQu\u00e9 equipo reemplazar\u00e1 a Le\u00f3n en el Mundial de Clubes?\"}]},{\"@type\":\"WebSite\",\"@id\":\"https:\/\/futbolhoy.co\/#website\",\"url\":\"https:\/\/futbolhoy.co\/\",\"name\":\"FutbolHoy\",\"description\":\"\",\"publisher\":{\"@id\":\"https:\/\/futbolhoy.co\/#organization\"},\"potentialAction\":[{\"@type\":\"SearchAction\",\"target\":{\"@type\":\"EntryPoint\",\"urlTemplate\":\"https:\/\/futbolhoy.co\/?s={search_term_string}\"},\"query-input\":{\"@type\":\"PropertyValueSpecification\",\"valueRequired\":true,\"valueName\":\"search_term_string\"}}],\"inLanguage\":\"es\"},{\"@type\":\"Organization\",\"@id\":\"https:\/\/futbolhoy.co\/#organization\",\"name\":\"Futbolhoy.co\",\"url\":\"https:\/\/futbolhoy.co\/\",\"logo\":{\"@type\":\"ImageObject\",\"inLanguage\":\"es\",\"@id\":\"https:\/\/futbolhoy.co\/#\/schema\/logo\/image\/\",\"url\":\"https:\/\/futbolhoy.co\/wp-content\/uploads\/2018\/08\/17426380_1906371736249227_6326180412931521141_n.jpg\",\"contentUrl\":\"https:\/\/futbolhoy.co\/wp-content\/uploads\/2018\/08\/17426380_1906371736249227_6326180412931521141_n.jpg\",\"width\":960,\"height\":960,\"caption\":\"Futbolhoy.co\"},\"image\":{\"@id\":\"https:\/\/futbolhoy.co\/#\/schema\/logo\/image\/\"},\"sameAs\":[\"https:\/\/www.facebook.com\/FutbolHoyCol\/\",\"https:\/\/x.com\/FutbolHoyCol\",\"https:\/\/www.instagram.com\/futbolhoycol\/\"]},{\"@type\":\"Person\",\"@id\":\"https:\/\/futbolhoy.co\/#\/schema\/person\/1721b69355b6623eaff15ac7b92d4cc3\",\"name\":\"contenido\",\"image\":{\"@type\":\"ImageObject\",\"inLanguage\":\"es\",\"@id\":\"https:\/\/futbolhoy.co\/#\/schema\/person\/image\/\",\"url\":\"https:\/\/secure.gravatar.com\/avatar\/4f656d3256f5134f466206e7c3941518?s=96&d=mm&r=g\",\"contentUrl\":\"https:\/\/secure.gravatar.com\/avatar\/4f656d3256f5134f466206e7c3941518?s=96&d=mm&r=g\",\"caption\":\"contenido\"}}]}<\/script>\n<!-- \/ Yoast SEO plugin. -->","yoast_head_json":{"title":"\u00bfQu\u00e9 equipo reemplazar\u00e1 a Le\u00f3n en el Mundial de Clubes? -","robots":{"index":"index","follow":"follow","max-snippet":"max-snippet:-1","max-image-preview":"max-image-preview:large","max-video-preview":"max-video-preview:-1"},"canonical":"https:\/\/futbolhoy.co\/index.php\/2025\/03\/31\/que-equipo-reemplazara-a-leon-en-el-mundial-de-clubes\/","og_locale":"es_ES","og_type":"article","og_title":"\u00bfQu\u00e9 equipo reemplazar\u00e1 a Le\u00f3n en el Mundial de Clubes? -","og_description":"Con la salida del Le\u00f3n de James Rodr\u00edguez del Mundial de Clubes, la FIFA est\u00e1 considerando jugar un partido entre el Am\u00e9rica y Los Angeles FC para definir qui\u00e9n ser\u00e1 el sustituto de la Fiera en el torneo de clubes m\u00e1s importante del mundo, seg\u00fan inform\u00f3 un vocero este domingo. \"La FIFA puede confirmar que [&hellip;]","og_url":"https:\/\/futbolhoy.co\/index.php\/2025\/03\/31\/que-equipo-reemplazara-a-leon-en-el-mundial-de-clubes\/","article_publisher":"https:\/\/www.facebook.com\/FutbolHoyCol\/","article_published_time":"2025-03-31T17:58:57+00:00","article_modified_time":"2025-04-01T18:41:59+00:00","og_image":[{"width":2048,"height":1364,"url":"https:\/\/futbolhoy.co\/wp-content\/uploads\/2025\/02\/IMG_0405.jpeg","type":"image\/jpeg"}],"author":"contenido","twitter_card":"summary_large_image","twitter_creator":"@FutbolHoyCol","twitter_site":"@FutbolHoyCol","twitter_misc":{"Escrito por":"contenido","Tiempo de lectura":"1 minuto"},"schema":{"@context":"https:\/\/schema.org","@graph":[{"@type":"Article","@id":"https:\/\/futbolhoy.co\/index.php\/2025\/03\/31\/que-equipo-reemplazara-a-leon-en-el-mundial-de-clubes\/#article","isPartOf":{"@id":"https:\/\/futbolhoy.co\/index.php\/2025\/03\/31\/que-equipo-reemplazara-a-leon-en-el-mundial-de-clubes\/"},"author":{"name":"contenido","@id":"https:\/\/futbolhoy.co\/#\/schema\/person\/1721b69355b6623eaff15ac7b92d4cc3"},"headline":"\u00bfQu\u00e9 equipo reemplazar\u00e1 a Le\u00f3n en el Mundial de Clubes?","datePublished":"2025-03-31T17:58:57+00:00","dateModified":"2025-04-01T18:41:59+00:00","mainEntityOfPage":{"@id":"https:\/\/futbolhoy.co\/index.php\/2025\/03\/31\/que-equipo-reemplazara-a-leon-en-el-mundial-de-clubes\/"},"wordCount":288,"commentCount":0,"publisher":{"@id":"https:\/\/futbolhoy.co\/#organization"},"image":{"@id":"https:\/\/futbolhoy.co\/index.php\/2025\/03\/31\/que-equipo-reemplazara-a-leon-en-el-mundial-de-clubes\/#primaryimage"},"thumbnailUrl":"https:\/\/futbolhoy.co\/wp-content\/uploads\/2025\/02\/IMG_0405.jpeg","articleSection":["Mundo Futbol"],"inLanguage":"es","potentialAction":[{"@type":"CommentAction","name":"Comment","target":["https:\/\/futbolhoy.co\/index.php\/2025\/03\/31\/que-equipo-reemplazara-a-leon-en-el-mundial-de-clubes\/#respond"]}]},{"@type":"WebPage","@id":"https:\/\/futbolhoy.co\/index.php\/2025\/03\/31\/que-equipo-reemplazara-a-leon-en-el-mundial-de-clubes\/","url":"https:\/\/futbolhoy.co\/index.php\/2025\/03\/31\/que-equipo-reemplazara-a-leon-en-el-mundial-de-clubes\/","name":"\u00bfQu\u00e9 equipo reemplazar\u00e1 a Le\u00f3n en el Mundial de Clubes? -","isPartOf":{"@id":"https:\/\/futbolhoy.co\/#website"},"primaryImageOfPage":{"@id":"https:\/\/futbolhoy.co\/index.php\/2025\/03\/31\/que-equipo-reemplazara-a-leon-en-el-mundial-de-clubes\/#primaryimage"},"image":{"@id":"https:\/\/futbolhoy.co\/index.php\/2025\/03\/31\/que-equipo-reemplazara-a-leon-en-el-mundial-de-clubes\/#primaryimage"},"thumbnailUrl":"https:\/\/futbolhoy.co\/wp-content\/uploads\/2025\/02\/IMG_0405.jpeg","datePublished":"2025-03-31T17:58:57+00:00","dateModified":"2025-04-01T18:41:59+00:00","breadcrumb":{"@id":"https:\/\/futbolhoy.co\/index.php\/2025\/03\/31\/que-equipo-reemplazara-a-leon-en-el-mundial-de-clubes\/#breadcrumb"},"inLanguage":"es","potentialAction":[{"@type":"ReadAction","target":["https:\/\/futbolhoy.co\/index.php\/2025\/03\/31\/que-equipo-reemplazara-a-leon-en-el-mundial-de-clubes\/"]}]},{"@type":"ImageObject","inLanguage":"es","@id":"https:\/\/futbolhoy.co\/index.php\/2025\/03\/31\/que-equipo-reemplazara-a-leon-en-el-mundial-de-clubes\/#primaryimage","url":"https:\/\/futbolhoy.co\/wp-content\/uploads\/2025\/02\/IMG_0405.jpeg","contentUrl":"https:\/\/futbolhoy.co\/wp-content\/uploads\/2025\/02\/IMG_0405.jpeg","width":2048,"height":1364},{"@type":"BreadcrumbList","@id":"https:\/\/futbolhoy.co\/index.php\/2025\/03\/31\/que-equipo-reemplazara-a-leon-en-el-mundial-de-clubes\/#breadcrumb","itemListElement":[{"@type":"ListItem","position":1,"name":"Portada","item":"https:\/\/futbolhoy.co\/"},{"@type":"ListItem","position":2,"name":"\u00bfQu\u00e9 equipo reemplazar\u00e1 a Le\u00f3n en el Mundial de Clubes?"}]},{"@type":"WebSite","@id":"https:\/\/futbolhoy.co\/#website","url":"https:\/\/futbolhoy.co\/","name":"FutbolHoy","description":"","publisher":{"@id":"https:\/\/futbolhoy.co\/#organization"},"potentialAction":[{"@type":"SearchAction","target":{"@type":"EntryPoint","urlTemplate":"https:\/\/futbolhoy.co\/?s={search_term_string}"},"query-input":{"@type":"PropertyValueSpecification","valueRequired":true,"valueName":"search_term_string"}}],"inLanguage":"es"},{"@type":"Organization","@id":"https:\/\/futbolhoy.co\/#organization","name":"Futbolhoy.co","url":"https:\/\/futbolhoy.co\/","logo":{"@type":"ImageObject","inLanguage":"es","@id":"https:\/\/futbolhoy.co\/#\/schema\/logo\/image\/","url":"https:\/\/futbolhoy.co\/wp-content\/uploads\/2018\/08\/17426380_1906371736249227_6326180412931521141_n.jpg","contentUrl":"https:\/\/futbolhoy.co\/wp-content\/uploads\/2018\/08\/17426380_1906371736249227_6326180412931521141_n.jpg","width":960,"height":960,"caption":"Futbolhoy.co"},"image":{"@id":"https:\/\/futbolhoy.co\/#\/schema\/logo\/image\/"},"sameAs":["https:\/\/www.facebook.com\/FutbolHoyCol\/","https:\/\/x.com\/FutbolHoyCol","https:\/\/www.instagram.com\/futbolhoycol\/"]},{"@type":"Person","@id":"https:\/\/futbolhoy.co\/#\/schema\/person\/1721b69355b6623eaff15ac7b92d4cc3","name":"contenido","image":{"@type":"ImageObject","inLanguage":"es","@id":"https:\/\/futbolhoy.co\/#\/schema\/person\/image\/","url":"https:\/\/secure.gravatar.com\/avatar\/4f656d3256f5134f466206e7c3941518?s=96&d=mm&r=g","contentUrl":"https:\/\/secure.gravatar.com\/avatar\/4f656d3256f5134f466206e7c3941518?s=96&d=mm&r=g","caption":"contenido"}}]}},"publishpress_future_action":{"enabled":false,"date":"2026-05-05 07:10:10","action":"change-status","newStatus":"draft","terms":[],"taxonomy":"category","extraData":[]},"publishpress_future_workflow_manual_trigger":{"enabledWorkflows":[]},"_links":{"self":[{"href":"https:\/\/futbolhoy.co\/index.php\/wp-json\/wp\/v2\/posts\/117907","targetHints":{"allow":["GET"]}}],"collection":[{"href":"https:\/\/futbolhoy.co\/index.php\/wp-json\/wp\/v2\/posts"}],"about":[{"href":"https:\/\/futbolhoy.co\/index.php\/wp-json\/wp\/v2\/types\/post"}],"author":[{"embeddable":true,"href":"https:\/\/futbolhoy.co\/index.php\/wp-json\/wp\/v2\/users\/4"}],"replies":[{"embeddable":true,"href":"https:\/\/futbolhoy.co\/index.php\/wp-json\/wp\/v2\/comments?post=117907"}],"version-history":[{"count":1,"href":"https:\/\/futbolhoy.co\/index.php\/wp-json\/wp\/v2\/posts\/117907\/revisions"}],"predecessor-version":[{"id":117908,"href":"https:\/\/futbolhoy.co\/index.php\/wp-json\/wp\/v2\/posts\/117907\/revisions\/117908"}],"wp:featuredmedia":[{"embeddable":true,"href":"https:\/\/futbolhoy.co\/index.php\/wp-json\/wp\/v2\/media\/116650"}],"wp:attachment":[{"href":"https:\/\/futbolhoy.co\/index.php\/wp-json\/wp\/v2\/media?parent=117907"}],"wp:term":[{"taxonomy":"category","embeddable":true,"href":"https:\/\/futbolhoy.co\/index.php\/wp-json\/wp\/v2\/categories?post=117907"},{"taxonomy":"post_tag","embeddable":true,"href":"https:\/\/futbolhoy.co\/index.php\/wp-json\/wp\/v2\/tags?post=117907"}],"curies":[{"name":"wp","href":"https:\/\/api.w.org\/{rel}","templated":true}]}}