{"id":11794,"date":"2018-01-06T12:31:52","date_gmt":"2018-01-06T17:31:52","guid":{"rendered":"http:\/\/futbolhoy.co\/?p=11794"},"modified":"2018-01-07T08:49:02","modified_gmt":"2018-01-07T13:49:02","slug":"vladimir-marin-renuncio-a-la-direccion-tecnica-de-paraguay","status":"publish","type":"post","link":"https:\/\/futbolhoy.co\/index.php\/2018\/01\/06\/vladimir-marin-renuncio-a-la-direccion-tecnica-de-paraguay\/","title":{"rendered":"Vladimir Mar\u00edn renunci\u00f3 a la direcci\u00f3n t\u00e9cnica de Paraguay"},"content":{"rendered":"<p style=\"text-align: justify;\">El entrenador colombiano <strong>Vladimir Mar\u00edn<\/strong> renunci\u00f3 a la direcci\u00f3n t\u00e9cnica de la selecci\u00f3n femenina de f\u00fatbol de Paraguay, dos d\u00edas despu\u00e9s de su presentaci\u00f3n, porque no dispone del t\u00edtulo de entrenador necesario para dicho fin.<u><\/u><u><\/u><\/p>\n<p style=\"text-align: justify;\">Mar\u00edn, quien fue presentado el pasado mi\u00e9rcoles como el entrenador que guiar\u00eda a Paraguay en la <strong>Copa Am\u00e9rica<\/strong> que se disputar\u00e1 en abril en <strong>Chile<\/strong>, aclar\u00f3 que no ha culminado el curso necesario para asumir su cargo al frente de la Albirroja.<u><\/u><u><\/u><\/p>\n<p style=\"text-align: justify;\">Mar\u00edn precis\u00f3 que a\u00fan le faltan seis meses para concretar los estudios que le acrediten como entrenador profesional para esa categor\u00eda y deja la direcci\u00f3n t\u00e9cnica, pese a haber incluso dado la lista preliminar de convocadas para la competencia en Chile.<\/p>\n","protected":false},"excerpt":{"rendered":"<p>El entrenador colombiano Vladimir Mar\u00edn renunci\u00f3 a la direcci\u00f3n t\u00e9cnica de la selecci\u00f3n femenina de f\u00fatbol de Paraguay, dos d\u00edas despu\u00e9s de su presentaci\u00f3n, porque no dispone del t\u00edtulo de entrenador necesario para dicho fin. Mar\u00edn, quien fue presentado el pasado mi\u00e9rcoles como el entrenador que guiar\u00eda a Paraguay en la Copa Am\u00e9rica que se [&hellip;]<\/p>\n","protected":false},"author":5,"featured_media":11799,"comment_status":"open","ping_status":"closed","sticky":false,"template":"","format":"standard","meta":{"_acf_changed":false,"footnotes":""},"categories":[152],"tags":[241,549],"class_list":{"0":"post-11794","1":"post","2":"type-post","3":"status-publish","4":"format-standard","5":"has-post-thumbnail","7":"category-mundo-futbol","8":"tag-seleccion-paraguaya","9":"tag-vladimir-marin"},"acf":[],"_links":{"self":[{"href":"https:\/\/futbolhoy.co\/index.php\/wp-json\/wp\/v2\/posts\/11794","targetHints":{"allow":["GET"]}}],"collection":[{"href":"https:\/\/futbolhoy.co\/index.php\/wp-json\/wp\/v2\/posts"}],"about":[{"href":"https:\/\/futbolhoy.co\/index.php\/wp-json\/wp\/v2\/types\/post"}],"author":[{"embeddable":true,"href":"https:\/\/futbolhoy.co\/index.php\/wp-json\/wp\/v2\/users\/5"}],"replies":[{"embeddable":true,"href":"https:\/\/futbolhoy.co\/index.php\/wp-json\/wp\/v2\/comments?post=11794"}],"version-history":[{"count":1,"href":"https:\/\/futbolhoy.co\/index.php\/wp-json\/wp\/v2\/posts\/11794\/revisions"}],"predecessor-version":[{"id":11800,"href":"https:\/\/futbolhoy.co\/index.php\/wp-json\/wp\/v2\/posts\/11794\/revisions\/11800"}],"wp:featuredmedia":[{"embeddable":true,"href":"https:\/\/futbolhoy.co\/index.php\/wp-json\/wp\/v2\/media\/11799"}],"wp:attachment":[{"href":"https:\/\/futbolhoy.co\/index.php\/wp-json\/wp\/v2\/media?parent=11794"}],"wp:term":[{"taxonomy":"category","embeddable":true,"href":"https:\/\/futbolhoy.co\/index.php\/wp-json\/wp\/v2\/categories?post=11794"},{"taxonomy":"post_tag","embeddable":true,"href":"https:\/\/futbolhoy.co\/index.php\/wp-json\/wp\/v2\/tags?post=11794"}],"curies":[{"name":"wp","href":"https:\/\/api.w.org\/{rel}","templated":true}]}}