{"id":11815,"date":"2018-01-07T08:56:36","date_gmt":"2018-01-07T13:56:36","guid":{"rendered":"http:\/\/futbolhoy.co\/?p=11815"},"modified":"2018-01-07T08:56:36","modified_gmt":"2018-01-07T13:56:36","slug":"la-anfp-presentara-a-reinaldo-rueda-el-jueves","status":"publish","type":"post","link":"https:\/\/futbolhoy.co\/index.php\/2018\/01\/07\/la-anfp-presentara-a-reinaldo-rueda-el-jueves\/","title":{"rendered":"La ANFP presentar\u00e1 a Reinaldo Rueda el jueves"},"content":{"rendered":"<p style=\"font-weight: 400; text-align: justify;\">El t\u00e9cnico vallecaucano <strong>Reinaldo Rueda<\/strong> llegar\u00e1 el martes a Santiago para definir su vinculaci\u00f3n como seleccionador de f\u00fatbol de <strong>Chile<\/strong>, sostienen varios medios de ese pa\u00eds.<\/p>\n<p style=\"font-weight: 400; text-align: justify;\">Adem\u00e1s coinciden en agregar, que Rueda definir\u00e1 este lunes su salida de <strong>Flamengo<\/strong> de Brasil.<\/p>\n<p style=\"font-weight: 400; text-align: justify;\">La cl\u00e1usula de rescisi\u00f3n de Rueda con el equipo brasile\u00f1o est\u00e1 fijada en 350 mil d\u00f3lares.<\/p>\n<p style=\"font-weight: 400; text-align: justify;\">Rueda recibir\u00e1 3,2 millones de d\u00f3lares por a\u00f1o, asegur\u00f3 El Mercurio de Santiago, cifra que triplica lo que ganaba <strong>Juan Antonio Pizzi<\/strong> y casi el doble del 1.8 millones que percib\u00eda <strong>Jorge Sampaoli<\/strong>.<\/p>\n<p style=\"font-weight: 400; text-align: justify;\"><strong>Emol<\/strong> de Chile que asegura que la Asociaci\u00f3n Nacional de F\u00fatbol Profesional de Chile, <strong>ANFP<\/strong>, presentar\u00e1 a Rueda el pr\u00f3ximo jueves<\/p>\n<p style=\"font-weight: 400; text-align: justify;\">\n","protected":false},"excerpt":{"rendered":"<p>El t\u00e9cnico vallecaucano Reinaldo Rueda llegar\u00e1 el martes a Santiago para definir su vinculaci\u00f3n como seleccionador de f\u00fatbol de Chile, sostienen varios medios de ese pa\u00eds. Adem\u00e1s coinciden en agregar, que Rueda definir\u00e1 este lunes su salida de Flamengo de Brasil. La cl\u00e1usula de rescisi\u00f3n de Rueda con el equipo brasile\u00f1o est\u00e1 fijada en 350 [&hellip;]<\/p>\n","protected":false},"author":5,"featured_media":11819,"comment_status":"open","ping_status":"closed","sticky":false,"template":"","format":"standard","meta":{"_acf_changed":false,"footnotes":""},"categories":[5,152],"tags":[97,96,297],"class_list":{"0":"post-11815","1":"post","2":"type-post","3":"status-publish","4":"format-standard","5":"has-post-thumbnail","7":"category-destacados","8":"category-mundo-futbol","9":"tag-flamengo","10":"tag-reinaldo-rueda","11":"tag-seleccion-chilena"},"acf":[],"_links":{"self":[{"href":"https:\/\/futbolhoy.co\/index.php\/wp-json\/wp\/v2\/posts\/11815","targetHints":{"allow":["GET"]}}],"collection":[{"href":"https:\/\/futbolhoy.co\/index.php\/wp-json\/wp\/v2\/posts"}],"about":[{"href":"https:\/\/futbolhoy.co\/index.php\/wp-json\/wp\/v2\/types\/post"}],"author":[{"embeddable":true,"href":"https:\/\/futbolhoy.co\/index.php\/wp-json\/wp\/v2\/users\/5"}],"replies":[{"embeddable":true,"href":"https:\/\/futbolhoy.co\/index.php\/wp-json\/wp\/v2\/comments?post=11815"}],"version-history":[{"count":1,"href":"https:\/\/futbolhoy.co\/index.php\/wp-json\/wp\/v2\/posts\/11815\/revisions"}],"predecessor-version":[{"id":11822,"href":"https:\/\/futbolhoy.co\/index.php\/wp-json\/wp\/v2\/posts\/11815\/revisions\/11822"}],"wp:featuredmedia":[{"embeddable":true,"href":"https:\/\/futbolhoy.co\/index.php\/wp-json\/wp\/v2\/media\/11819"}],"wp:attachment":[{"href":"https:\/\/futbolhoy.co\/index.php\/wp-json\/wp\/v2\/media?parent=11815"}],"wp:term":[{"taxonomy":"category","embeddable":true,"href":"https:\/\/futbolhoy.co\/index.php\/wp-json\/wp\/v2\/categories?post=11815"},{"taxonomy":"post_tag","embeddable":true,"href":"https:\/\/futbolhoy.co\/index.php\/wp-json\/wp\/v2\/tags?post=11815"}],"curies":[{"name":"wp","href":"https:\/\/api.w.org\/{rel}","templated":true}]}}