{"id":118295,"date":"2025-04-09T22:02:10","date_gmt":"2025-04-10T03:02:10","guid":{"rendered":"https:\/\/futbolhoy.co\/?p=118295"},"modified":"2025-04-10T21:28:59","modified_gmt":"2025-04-11T02:28:59","slug":"once-caldas-se-recompone-en-sudamericana-y-consigue-su-primer-triunfo","status":"publish","type":"post","link":"https:\/\/futbolhoy.co\/index.php\/2025\/04\/09\/once-caldas-se-recompone-en-sudamericana-y-consigue-su-primer-triunfo\/","title":{"rendered":"Once Caldas se recompone en Sudamericana y consigue su primer triunfo"},"content":{"rendered":"<p style=\"text-align: justify;\"><span style=\"font-family: helvetica, arial, sans-serif;\"><b>Once Caldas consigui\u00f3 su primera victoria<\/b><span style=\"font-weight: 400;\"> en la Copa Sudamericana este mi\u00e9rcoles tras <\/span><b>ganarle 2-0 a Uni\u00f3n Espa\u00f1ola en condici\u00f3n de visitante,<\/b><span style=\"font-weight: 400;\"> con lo que levant\u00f3 cabeza tras la derrota sufrida en su debut.\u00a0<\/span><\/span><\/p>\n<p style=\"text-align: justify;\"><span style=\"font-family: helvetica, arial, sans-serif;\"><span style=\"font-weight: 400;\">Dayro Moreno se visti\u00f3 de h\u00e9roe con un golazo al minuto 57 para poner el 1-0 en el estadio Sausalito de Vi\u00f1a del Mar en Chile. <\/span><b>El goleador lleg\u00f3 a 354 anotaciones<\/b><span style=\"font-weight: 400;\"> en su carrera y se mantiene como el m\u00e1ximo anotador hist\u00f3rico colombiano.\u00a0<\/span><\/span><\/p>\n<blockquote class=\"twitter-tweet\">\n<p dir=\"ltr\" lang=\"es\">\u26bd\ufe0f Con este golazo Dayro Moreno abri\u00f3 el marcador en la victoria 2-0 de Once Caldas frente a Uni\u00f3n Espa\u00f1ola por el Grupo F<\/p>\n<p>Dayro lleg\u00f3 a 354 anotaciones y se mantiene como el m\u00e1ximo goleador colombiano en la historia <a href=\"https:\/\/t.co\/YIGo3yhGKk\">https:\/\/t.co\/YIGo3yhGKk<\/a><\/p>\n<p><a href=\"https:\/\/t.co\/sJmRUu21nN\">pic.twitter.com\/sJmRUu21nN<\/a><\/p>\n<p>\u2014 FutbolHoy (@FutbolHoyCol) <a href=\"https:\/\/twitter.com\/FutbolHoyCol\/status\/1910158716176859481?ref_src=twsrc%5Etfw\">April 10, 2025<\/a><\/p><\/blockquote>\n<p><script async src=\"https:\/\/platform.twitter.com\/widgets.js\" charset=\"utf-8\"><\/script><\/p>\n<p style=\"text-align: justify;\"><span style=\"font-family: helvetica, arial, sans-serif;\"><span style=\"font-weight: 400;\">El segundo tanto para el equipo blanco<\/span><b> lleg\u00f3 al minuto 86 cuando Alejandro Garc\u00eda <\/b><span style=\"font-weight: 400;\">de tiro libre sell\u00f3 el primer triunfo en esta Copa Sudamericana.<\/span><\/span><\/p>\n<blockquote class=\"twitter-tweet\">\n<p dir=\"ltr\" lang=\"es\">\u26bd\ufe0f Alejandro Garc\u00eda, de tiro libre, marc\u00f3 el 2-0 de Once Caldas frente Uni\u00f3n Espa\u00f1ola, por la fecha 2 del Grupo F<a href=\"https:\/\/t.co\/YIGo3yhGKk\">https:\/\/t.co\/YIGo3yhGKk<\/a><\/p>\n<p><a href=\"https:\/\/t.co\/KLI0QfthEq\">pic.twitter.com\/KLI0QfthEq<\/a><\/p>\n<p>\u2014 FutbolHoy (@FutbolHoyCol) <a href=\"https:\/\/twitter.com\/FutbolHoyCol\/status\/1910159206142849106?ref_src=twsrc%5Etfw\">April 10, 2025<\/a><\/p><\/blockquote>\n<p><script async src=\"https:\/\/platform.twitter.com\/widgets.js\" charset=\"utf-8\"><\/script><\/p>\n<p style=\"text-align: justify;\"><span style=\"font-family: helvetica, arial, sans-serif;\"><span style=\"font-weight: 400;\">Once Caldas se recompuso tras su derrota ante Fluminense en la fecha 1 del torneo y <\/span><b>ahora estar\u00e1 motivado para enfrentar a San Jos\u00e9 como visitante. <\/b><\/span><\/p>\n","protected":false},"excerpt":{"rendered":"<p>Once Caldas consigui\u00f3 su primera victoria en la Copa Sudamericana este mi\u00e9rcoles tras ganarle 2-0 a Uni\u00f3n Espa\u00f1ola en condici\u00f3n de visitante, con lo que levant\u00f3 cabeza tras la derrota sufrida en su debut.\u00a0 Dayro Moreno se visti\u00f3 de h\u00e9roe con un golazo al minuto 57 para poner el 1-0 en el estadio Sausalito de [&hellip;]<\/p>\n","protected":false},"author":4,"featured_media":118296,"comment_status":"open","ping_status":"open","sticky":false,"template":"","format":"standard","meta":{"_acf_changed":false,"footnotes":""},"categories":[7],"tags":[],"class_list":{"0":"post-118295","1":"post","2":"type-post","3":"status-publish","4":"format-standard","5":"has-post-thumbnail","7":"category-liga-betplay"},"acf":[],"yoast_head":"<!-- This site is optimized with the Yoast SEO plugin v26.8 - https:\/\/yoast.com\/product\/yoast-seo-wordpress\/ -->\n<title>Once Caldas se recompone en Sudamericana y consigue su primer triunfo -<\/title>\n<meta name=\"robots\" content=\"index, follow, max-snippet:-1, max-image-preview:large, max-video-preview:-1\" \/>\n<link rel=\"canonical\" href=\"https:\/\/futbolhoy.co\/index.php\/2025\/04\/09\/once-caldas-se-recompone-en-sudamericana-y-consigue-su-primer-triunfo\/\" \/>\n<meta property=\"og:locale\" content=\"es_ES\" \/>\n<meta property=\"og:type\" content=\"article\" \/>\n<meta property=\"og:title\" content=\"Once Caldas se recompone en Sudamericana y consigue su primer triunfo -\" \/>\n<meta property=\"og:description\" content=\"Once Caldas consigui\u00f3 su primera victoria en la Copa Sudamericana este mi\u00e9rcoles tras ganarle 2-0 a Uni\u00f3n Espa\u00f1ola en condici\u00f3n de visitante, con lo que levant\u00f3 cabeza tras la derrota sufrida en su debut.\u00a0 Dayro Moreno se visti\u00f3 de h\u00e9roe con un golazo al minuto 57 para poner el 1-0 en el estadio Sausalito de [&hellip;]\" \/>\n<meta property=\"og:url\" content=\"https:\/\/futbolhoy.co\/index.php\/2025\/04\/09\/once-caldas-se-recompone-en-sudamericana-y-consigue-su-primer-triunfo\/\" \/>\n<meta property=\"article:publisher\" content=\"https:\/\/www.facebook.com\/FutbolHoyCol\/\" \/>\n<meta property=\"article:published_time\" content=\"2025-04-10T03:02:10+00:00\" \/>\n<meta property=\"article:modified_time\" content=\"2025-04-11T02:28:59+00:00\" \/>\n<meta property=\"og:image\" content=\"https:\/\/futbolhoy.co\/wp-content\/uploads\/2025\/04\/Captura-de-pantalla-2025-04-09-a-las-10.01.07\u202fp.-m-1024x706.png\" \/>\n\t<meta property=\"og:image:width\" content=\"1024\" \/>\n\t<meta property=\"og:image:height\" content=\"706\" \/>\n\t<meta property=\"og:image:type\" content=\"image\/png\" \/>\n<meta name=\"author\" content=\"contenido\" \/>\n<meta name=\"twitter:card\" content=\"summary_large_image\" \/>\n<meta name=\"twitter:creator\" content=\"@FutbolHoyCol\" \/>\n<meta name=\"twitter:site\" content=\"@FutbolHoyCol\" \/>\n<meta name=\"twitter:label1\" content=\"Escrito por\" \/>\n\t<meta name=\"twitter:data1\" content=\"contenido\" \/>\n\t<meta name=\"twitter:label2\" content=\"Tiempo de lectura\" \/>\n\t<meta name=\"twitter:data2\" content=\"1 minuto\" \/>\n<script type=\"application\/ld+json\" class=\"yoast-schema-graph\">{\"@context\":\"https:\/\/schema.org\",\"@graph\":[{\"@type\":\"Article\",\"@id\":\"https:\/\/futbolhoy.co\/index.php\/2025\/04\/09\/once-caldas-se-recompone-en-sudamericana-y-consigue-su-primer-triunfo\/#article\",\"isPartOf\":{\"@id\":\"https:\/\/futbolhoy.co\/index.php\/2025\/04\/09\/once-caldas-se-recompone-en-sudamericana-y-consigue-su-primer-triunfo\/\"},\"author\":{\"name\":\"contenido\",\"@id\":\"https:\/\/futbolhoy.co\/#\/schema\/person\/1721b69355b6623eaff15ac7b92d4cc3\"},\"headline\":\"Once Caldas se recompone en Sudamericana y consigue su primer triunfo\",\"datePublished\":\"2025-04-10T03:02:10+00:00\",\"dateModified\":\"2025-04-11T02:28:59+00:00\",\"mainEntityOfPage\":{\"@id\":\"https:\/\/futbolhoy.co\/index.php\/2025\/04\/09\/once-caldas-se-recompone-en-sudamericana-y-consigue-su-primer-triunfo\/\"},\"wordCount\":234,\"commentCount\":0,\"publisher\":{\"@id\":\"https:\/\/futbolhoy.co\/#organization\"},\"image\":{\"@id\":\"https:\/\/futbolhoy.co\/index.php\/2025\/04\/09\/once-caldas-se-recompone-en-sudamericana-y-consigue-su-primer-triunfo\/#primaryimage\"},\"thumbnailUrl\":\"https:\/\/futbolhoy.co\/wp-content\/uploads\/2025\/04\/Captura-de-pantalla-2025-04-09-a-las-10.01.07\u202fp.-m.png\",\"articleSection\":[\"Liga BetPlay\"],\"inLanguage\":\"es\",\"potentialAction\":[{\"@type\":\"CommentAction\",\"name\":\"Comment\",\"target\":[\"https:\/\/futbolhoy.co\/index.php\/2025\/04\/09\/once-caldas-se-recompone-en-sudamericana-y-consigue-su-primer-triunfo\/#respond\"]}]},{\"@type\":\"WebPage\",\"@id\":\"https:\/\/futbolhoy.co\/index.php\/2025\/04\/09\/once-caldas-se-recompone-en-sudamericana-y-consigue-su-primer-triunfo\/\",\"url\":\"https:\/\/futbolhoy.co\/index.php\/2025\/04\/09\/once-caldas-se-recompone-en-sudamericana-y-consigue-su-primer-triunfo\/\",\"name\":\"Once Caldas se recompone en Sudamericana y consigue su primer triunfo -\",\"isPartOf\":{\"@id\":\"https:\/\/futbolhoy.co\/#website\"},\"primaryImageOfPage\":{\"@id\":\"https:\/\/futbolhoy.co\/index.php\/2025\/04\/09\/once-caldas-se-recompone-en-sudamericana-y-consigue-su-primer-triunfo\/#primaryimage\"},\"image\":{\"@id\":\"https:\/\/futbolhoy.co\/index.php\/2025\/04\/09\/once-caldas-se-recompone-en-sudamericana-y-consigue-su-primer-triunfo\/#primaryimage\"},\"thumbnailUrl\":\"https:\/\/futbolhoy.co\/wp-content\/uploads\/2025\/04\/Captura-de-pantalla-2025-04-09-a-las-10.01.07\u202fp.-m.png\",\"datePublished\":\"2025-04-10T03:02:10+00:00\",\"dateModified\":\"2025-04-11T02:28:59+00:00\",\"breadcrumb\":{\"@id\":\"https:\/\/futbolhoy.co\/index.php\/2025\/04\/09\/once-caldas-se-recompone-en-sudamericana-y-consigue-su-primer-triunfo\/#breadcrumb\"},\"inLanguage\":\"es\",\"potentialAction\":[{\"@type\":\"ReadAction\",\"target\":[\"https:\/\/futbolhoy.co\/index.php\/2025\/04\/09\/once-caldas-se-recompone-en-sudamericana-y-consigue-su-primer-triunfo\/\"]}]},{\"@type\":\"ImageObject\",\"inLanguage\":\"es\",\"@id\":\"https:\/\/futbolhoy.co\/index.php\/2025\/04\/09\/once-caldas-se-recompone-en-sudamericana-y-consigue-su-primer-triunfo\/#primaryimage\",\"url\":\"https:\/\/futbolhoy.co\/wp-content\/uploads\/2025\/04\/Captura-de-pantalla-2025-04-09-a-las-10.01.07\u202fp.-m.png\",\"contentUrl\":\"https:\/\/futbolhoy.co\/wp-content\/uploads\/2025\/04\/Captura-de-pantalla-2025-04-09-a-las-10.01.07\u202fp.-m.png\",\"width\":1782,\"height\":1228},{\"@type\":\"BreadcrumbList\",\"@id\":\"https:\/\/futbolhoy.co\/index.php\/2025\/04\/09\/once-caldas-se-recompone-en-sudamericana-y-consigue-su-primer-triunfo\/#breadcrumb\",\"itemListElement\":[{\"@type\":\"ListItem\",\"position\":1,\"name\":\"Portada\",\"item\":\"https:\/\/futbolhoy.co\/\"},{\"@type\":\"ListItem\",\"position\":2,\"name\":\"Once Caldas se recompone en Sudamericana y consigue su primer triunfo\"}]},{\"@type\":\"WebSite\",\"@id\":\"https:\/\/futbolhoy.co\/#website\",\"url\":\"https:\/\/futbolhoy.co\/\",\"name\":\"FutbolHoy\",\"description\":\"\",\"publisher\":{\"@id\":\"https:\/\/futbolhoy.co\/#organization\"},\"potentialAction\":[{\"@type\":\"SearchAction\",\"target\":{\"@type\":\"EntryPoint\",\"urlTemplate\":\"https:\/\/futbolhoy.co\/?s={search_term_string}\"},\"query-input\":{\"@type\":\"PropertyValueSpecification\",\"valueRequired\":true,\"valueName\":\"search_term_string\"}}],\"inLanguage\":\"es\"},{\"@type\":\"Organization\",\"@id\":\"https:\/\/futbolhoy.co\/#organization\",\"name\":\"Futbolhoy.co\",\"url\":\"https:\/\/futbolhoy.co\/\",\"logo\":{\"@type\":\"ImageObject\",\"inLanguage\":\"es\",\"@id\":\"https:\/\/futbolhoy.co\/#\/schema\/logo\/image\/\",\"url\":\"https:\/\/futbolhoy.co\/wp-content\/uploads\/2018\/08\/17426380_1906371736249227_6326180412931521141_n.jpg\",\"contentUrl\":\"https:\/\/futbolhoy.co\/wp-content\/uploads\/2018\/08\/17426380_1906371736249227_6326180412931521141_n.jpg\",\"width\":960,\"height\":960,\"caption\":\"Futbolhoy.co\"},\"image\":{\"@id\":\"https:\/\/futbolhoy.co\/#\/schema\/logo\/image\/\"},\"sameAs\":[\"https:\/\/www.facebook.com\/FutbolHoyCol\/\",\"https:\/\/x.com\/FutbolHoyCol\",\"https:\/\/www.instagram.com\/futbolhoycol\/\"]},{\"@type\":\"Person\",\"@id\":\"https:\/\/futbolhoy.co\/#\/schema\/person\/1721b69355b6623eaff15ac7b92d4cc3\",\"name\":\"contenido\",\"image\":{\"@type\":\"ImageObject\",\"inLanguage\":\"es\",\"@id\":\"https:\/\/futbolhoy.co\/#\/schema\/person\/image\/\",\"url\":\"https:\/\/secure.gravatar.com\/avatar\/4f656d3256f5134f466206e7c3941518?s=96&d=mm&r=g\",\"contentUrl\":\"https:\/\/secure.gravatar.com\/avatar\/4f656d3256f5134f466206e7c3941518?s=96&d=mm&r=g\",\"caption\":\"contenido\"}}]}<\/script>\n<!-- \/ Yoast SEO plugin. -->","yoast_head_json":{"title":"Once Caldas se recompone en Sudamericana y consigue su primer triunfo -","robots":{"index":"index","follow":"follow","max-snippet":"max-snippet:-1","max-image-preview":"max-image-preview:large","max-video-preview":"max-video-preview:-1"},"canonical":"https:\/\/futbolhoy.co\/index.php\/2025\/04\/09\/once-caldas-se-recompone-en-sudamericana-y-consigue-su-primer-triunfo\/","og_locale":"es_ES","og_type":"article","og_title":"Once Caldas se recompone en Sudamericana y consigue su primer triunfo -","og_description":"Once Caldas consigui\u00f3 su primera victoria en la Copa Sudamericana este mi\u00e9rcoles tras ganarle 2-0 a Uni\u00f3n Espa\u00f1ola en condici\u00f3n de visitante, con lo que levant\u00f3 cabeza tras la derrota sufrida en su debut.\u00a0 Dayro Moreno se visti\u00f3 de h\u00e9roe con un golazo al minuto 57 para poner el 1-0 en el estadio Sausalito de [&hellip;]","og_url":"https:\/\/futbolhoy.co\/index.php\/2025\/04\/09\/once-caldas-se-recompone-en-sudamericana-y-consigue-su-primer-triunfo\/","article_publisher":"https:\/\/www.facebook.com\/FutbolHoyCol\/","article_published_time":"2025-04-10T03:02:10+00:00","article_modified_time":"2025-04-11T02:28:59+00:00","og_image":[{"width":1024,"height":706,"url":"https:\/\/futbolhoy.co\/wp-content\/uploads\/2025\/04\/Captura-de-pantalla-2025-04-09-a-las-10.01.07\u202fp.-m-1024x706.png","type":"image\/png"}],"author":"contenido","twitter_card":"summary_large_image","twitter_creator":"@FutbolHoyCol","twitter_site":"@FutbolHoyCol","twitter_misc":{"Escrito por":"contenido","Tiempo de lectura":"1 minuto"},"schema":{"@context":"https:\/\/schema.org","@graph":[{"@type":"Article","@id":"https:\/\/futbolhoy.co\/index.php\/2025\/04\/09\/once-caldas-se-recompone-en-sudamericana-y-consigue-su-primer-triunfo\/#article","isPartOf":{"@id":"https:\/\/futbolhoy.co\/index.php\/2025\/04\/09\/once-caldas-se-recompone-en-sudamericana-y-consigue-su-primer-triunfo\/"},"author":{"name":"contenido","@id":"https:\/\/futbolhoy.co\/#\/schema\/person\/1721b69355b6623eaff15ac7b92d4cc3"},"headline":"Once Caldas se recompone en Sudamericana y consigue su primer triunfo","datePublished":"2025-04-10T03:02:10+00:00","dateModified":"2025-04-11T02:28:59+00:00","mainEntityOfPage":{"@id":"https:\/\/futbolhoy.co\/index.php\/2025\/04\/09\/once-caldas-se-recompone-en-sudamericana-y-consigue-su-primer-triunfo\/"},"wordCount":234,"commentCount":0,"publisher":{"@id":"https:\/\/futbolhoy.co\/#organization"},"image":{"@id":"https:\/\/futbolhoy.co\/index.php\/2025\/04\/09\/once-caldas-se-recompone-en-sudamericana-y-consigue-su-primer-triunfo\/#primaryimage"},"thumbnailUrl":"https:\/\/futbolhoy.co\/wp-content\/uploads\/2025\/04\/Captura-de-pantalla-2025-04-09-a-las-10.01.07\u202fp.-m.png","articleSection":["Liga BetPlay"],"inLanguage":"es","potentialAction":[{"@type":"CommentAction","name":"Comment","target":["https:\/\/futbolhoy.co\/index.php\/2025\/04\/09\/once-caldas-se-recompone-en-sudamericana-y-consigue-su-primer-triunfo\/#respond"]}]},{"@type":"WebPage","@id":"https:\/\/futbolhoy.co\/index.php\/2025\/04\/09\/once-caldas-se-recompone-en-sudamericana-y-consigue-su-primer-triunfo\/","url":"https:\/\/futbolhoy.co\/index.php\/2025\/04\/09\/once-caldas-se-recompone-en-sudamericana-y-consigue-su-primer-triunfo\/","name":"Once Caldas se recompone en Sudamericana y consigue su primer triunfo -","isPartOf":{"@id":"https:\/\/futbolhoy.co\/#website"},"primaryImageOfPage":{"@id":"https:\/\/futbolhoy.co\/index.php\/2025\/04\/09\/once-caldas-se-recompone-en-sudamericana-y-consigue-su-primer-triunfo\/#primaryimage"},"image":{"@id":"https:\/\/futbolhoy.co\/index.php\/2025\/04\/09\/once-caldas-se-recompone-en-sudamericana-y-consigue-su-primer-triunfo\/#primaryimage"},"thumbnailUrl":"https:\/\/futbolhoy.co\/wp-content\/uploads\/2025\/04\/Captura-de-pantalla-2025-04-09-a-las-10.01.07\u202fp.-m.png","datePublished":"2025-04-10T03:02:10+00:00","dateModified":"2025-04-11T02:28:59+00:00","breadcrumb":{"@id":"https:\/\/futbolhoy.co\/index.php\/2025\/04\/09\/once-caldas-se-recompone-en-sudamericana-y-consigue-su-primer-triunfo\/#breadcrumb"},"inLanguage":"es","potentialAction":[{"@type":"ReadAction","target":["https:\/\/futbolhoy.co\/index.php\/2025\/04\/09\/once-caldas-se-recompone-en-sudamericana-y-consigue-su-primer-triunfo\/"]}]},{"@type":"ImageObject","inLanguage":"es","@id":"https:\/\/futbolhoy.co\/index.php\/2025\/04\/09\/once-caldas-se-recompone-en-sudamericana-y-consigue-su-primer-triunfo\/#primaryimage","url":"https:\/\/futbolhoy.co\/wp-content\/uploads\/2025\/04\/Captura-de-pantalla-2025-04-09-a-las-10.01.07\u202fp.-m.png","contentUrl":"https:\/\/futbolhoy.co\/wp-content\/uploads\/2025\/04\/Captura-de-pantalla-2025-04-09-a-las-10.01.07\u202fp.-m.png","width":1782,"height":1228},{"@type":"BreadcrumbList","@id":"https:\/\/futbolhoy.co\/index.php\/2025\/04\/09\/once-caldas-se-recompone-en-sudamericana-y-consigue-su-primer-triunfo\/#breadcrumb","itemListElement":[{"@type":"ListItem","position":1,"name":"Portada","item":"https:\/\/futbolhoy.co\/"},{"@type":"ListItem","position":2,"name":"Once Caldas se recompone en Sudamericana y consigue su primer triunfo"}]},{"@type":"WebSite","@id":"https:\/\/futbolhoy.co\/#website","url":"https:\/\/futbolhoy.co\/","name":"FutbolHoy","description":"","publisher":{"@id":"https:\/\/futbolhoy.co\/#organization"},"potentialAction":[{"@type":"SearchAction","target":{"@type":"EntryPoint","urlTemplate":"https:\/\/futbolhoy.co\/?s={search_term_string}"},"query-input":{"@type":"PropertyValueSpecification","valueRequired":true,"valueName":"search_term_string"}}],"inLanguage":"es"},{"@type":"Organization","@id":"https:\/\/futbolhoy.co\/#organization","name":"Futbolhoy.co","url":"https:\/\/futbolhoy.co\/","logo":{"@type":"ImageObject","inLanguage":"es","@id":"https:\/\/futbolhoy.co\/#\/schema\/logo\/image\/","url":"https:\/\/futbolhoy.co\/wp-content\/uploads\/2018\/08\/17426380_1906371736249227_6326180412931521141_n.jpg","contentUrl":"https:\/\/futbolhoy.co\/wp-content\/uploads\/2018\/08\/17426380_1906371736249227_6326180412931521141_n.jpg","width":960,"height":960,"caption":"Futbolhoy.co"},"image":{"@id":"https:\/\/futbolhoy.co\/#\/schema\/logo\/image\/"},"sameAs":["https:\/\/www.facebook.com\/FutbolHoyCol\/","https:\/\/x.com\/FutbolHoyCol","https:\/\/www.instagram.com\/futbolhoycol\/"]},{"@type":"Person","@id":"https:\/\/futbolhoy.co\/#\/schema\/person\/1721b69355b6623eaff15ac7b92d4cc3","name":"contenido","image":{"@type":"ImageObject","inLanguage":"es","@id":"https:\/\/futbolhoy.co\/#\/schema\/person\/image\/","url":"https:\/\/secure.gravatar.com\/avatar\/4f656d3256f5134f466206e7c3941518?s=96&d=mm&r=g","contentUrl":"https:\/\/secure.gravatar.com\/avatar\/4f656d3256f5134f466206e7c3941518?s=96&d=mm&r=g","caption":"contenido"}}]}},"publishpress_future_action":{"enabled":false,"date":"2026-05-03 04:54:44","action":"change-status","newStatus":"draft","terms":[],"taxonomy":"category","extraData":[]},"publishpress_future_workflow_manual_trigger":{"enabledWorkflows":[]},"_links":{"self":[{"href":"https:\/\/futbolhoy.co\/index.php\/wp-json\/wp\/v2\/posts\/118295","targetHints":{"allow":["GET"]}}],"collection":[{"href":"https:\/\/futbolhoy.co\/index.php\/wp-json\/wp\/v2\/posts"}],"about":[{"href":"https:\/\/futbolhoy.co\/index.php\/wp-json\/wp\/v2\/types\/post"}],"author":[{"embeddable":true,"href":"https:\/\/futbolhoy.co\/index.php\/wp-json\/wp\/v2\/users\/4"}],"replies":[{"embeddable":true,"href":"https:\/\/futbolhoy.co\/index.php\/wp-json\/wp\/v2\/comments?post=118295"}],"version-history":[{"count":2,"href":"https:\/\/futbolhoy.co\/index.php\/wp-json\/wp\/v2\/posts\/118295\/revisions"}],"predecessor-version":[{"id":118337,"href":"https:\/\/futbolhoy.co\/index.php\/wp-json\/wp\/v2\/posts\/118295\/revisions\/118337"}],"wp:featuredmedia":[{"embeddable":true,"href":"https:\/\/futbolhoy.co\/index.php\/wp-json\/wp\/v2\/media\/118296"}],"wp:attachment":[{"href":"https:\/\/futbolhoy.co\/index.php\/wp-json\/wp\/v2\/media?parent=118295"}],"wp:term":[{"taxonomy":"category","embeddable":true,"href":"https:\/\/futbolhoy.co\/index.php\/wp-json\/wp\/v2\/categories?post=118295"},{"taxonomy":"post_tag","embeddable":true,"href":"https:\/\/futbolhoy.co\/index.php\/wp-json\/wp\/v2\/tags?post=118295"}],"curies":[{"name":"wp","href":"https:\/\/api.w.org\/{rel}","templated":true}]}}