{"id":118318,"date":"2025-04-10T10:25:41","date_gmt":"2025-04-10T15:25:41","guid":{"rendered":"https:\/\/futbolhoy.co\/?p=118318"},"modified":"2025-04-11T06:20:17","modified_gmt":"2025-04-11T11:20:17","slug":"conmebol-hizo-ambiciosa-solicitud-a-la-fifa-para-el-mundial-2030","status":"publish","type":"post","link":"https:\/\/futbolhoy.co\/index.php\/2025\/04\/10\/conmebol-hizo-ambiciosa-solicitud-a-la-fifa-para-el-mundial-2030\/","title":{"rendered":"Conmebol hizo ambiciosa solicitud a la FIFA para el Mundial 2030"},"content":{"rendered":"<p style=\"text-align: justify;\"><span style=\"font-family: helvetica, arial, sans-serif;\">El presidente de la <strong>Conmebol, Alejandro Dom\u00ednguez,<\/strong> solicit\u00f3 a la <strong>FIFA<\/strong> que considere elevar a 64 participantes el <strong>Mundial 2030<\/strong>, \"por \u00fanica vez\" y que se juegue en tres continentes como est\u00e1 previsto.<\/span><\/p>\n<p style=\"text-align: justify;\"><span style=\"font-family: helvetica, arial, sans-serif;\">\"Estamos proponiendo por \u00fanica vez llevar a cabo este centenario con 64 selecciones en tres continentes, en simult\u00e1neo, para que todos los pa\u00edses tengan la oportunidad de vivir la experiencia de un mundial y para que nadie en este planeta quede fuera de esta fiesta\", dijo este jueves el directivo en un mensaje con motivo del 80 <strong>Congreso de Conmebol.<\/strong><\/span><\/p>\n<p style=\"text-align: justify;\"><span style=\"font-family: helvetica, arial, sans-serif;\">El congreso, que se desarroll\u00f3 en videoconferencia, fue seguido por el titular de la FIFA,<strong> Gianni Infantino,<\/strong> quien resalt\u00f3 \"el hito excepcional\" que ser\u00e1 la Copa del Mundo para celebrar los 100 a\u00f1os del f\u00fatbol organizado.<\/span><\/p>\n<p style=\"text-align: justify;\"><span style=\"font-family: helvetica, arial, sans-serif;\">\"Que (el mundial) se juegue (ese a\u00f1o) en todas partes es nuestra fiesta\", enfatiz\u00f3 Dom\u00ednguez. <\/span><span style=\"font-family: helvetica, arial, sans-serif;\">Vale la pena mencionar que <strong>Espa\u00f1a, Marruecos, Portugal, Argentina, Paraguay y Uruguay<\/strong> ser\u00e1n sedes del certamen, aunque solo el inicio ser\u00e1 en los pa\u00edses de <strong>Sud\u00e1merica.<\/strong><\/span><\/p>\n","protected":false},"excerpt":{"rendered":"<p>El presidente de la Conmebol, Alejandro Dom\u00ednguez, solicit\u00f3 a la FIFA que considere elevar a 64 participantes el Mundial 2030, \"por \u00fanica vez\" y que se juegue en tres continentes como est\u00e1 previsto. \"Estamos proponiendo por \u00fanica vez llevar a cabo este centenario con 64 selecciones en tres continentes, en simult\u00e1neo, para que todos los [&hellip;]<\/p>\n","protected":false},"author":4,"featured_media":37127,"comment_status":"open","ping_status":"open","sticky":false,"template":"","format":"standard","meta":{"_acf_changed":false,"footnotes":""},"categories":[152],"tags":[],"class_list":{"0":"post-118318","1":"post","2":"type-post","3":"status-publish","4":"format-standard","5":"has-post-thumbnail","7":"category-mundo-futbol"},"acf":[],"yoast_head":"<!-- This site is optimized with the Yoast SEO plugin v26.8 - https:\/\/yoast.com\/product\/yoast-seo-wordpress\/ -->\n<title>Conmebol hizo ambiciosa solicitud a la FIFA para el Mundial 2030 -<\/title>\n<meta name=\"robots\" content=\"index, follow, max-snippet:-1, max-image-preview:large, max-video-preview:-1\" \/>\n<link rel=\"canonical\" href=\"https:\/\/futbolhoy.co\/index.php\/2025\/04\/10\/conmebol-hizo-ambiciosa-solicitud-a-la-fifa-para-el-mundial-2030\/\" \/>\n<meta property=\"og:locale\" content=\"es_ES\" \/>\n<meta property=\"og:type\" content=\"article\" \/>\n<meta property=\"og:title\" content=\"Conmebol hizo ambiciosa solicitud a la FIFA para el Mundial 2030 -\" \/>\n<meta property=\"og:description\" content=\"El presidente de la Conmebol, Alejandro Dom\u00ednguez, solicit\u00f3 a la FIFA que considere elevar a 64 participantes el Mundial 2030, &quot;por \u00fanica vez&quot; y que se juegue en tres continentes como est\u00e1 previsto. &quot;Estamos proponiendo por \u00fanica vez llevar a cabo este centenario con 64 selecciones en tres continentes, en simult\u00e1neo, para que todos los [&hellip;]\" \/>\n<meta property=\"og:url\" content=\"https:\/\/futbolhoy.co\/index.php\/2025\/04\/10\/conmebol-hizo-ambiciosa-solicitud-a-la-fifa-para-el-mundial-2030\/\" \/>\n<meta property=\"article:publisher\" content=\"https:\/\/www.facebook.com\/FutbolHoyCol\/\" \/>\n<meta property=\"article:published_time\" content=\"2025-04-10T15:25:41+00:00\" \/>\n<meta property=\"article:modified_time\" content=\"2025-04-11T11:20:17+00:00\" \/>\n<meta property=\"og:image\" content=\"https:\/\/futbolhoy.co\/wp-content\/uploads\/2019\/06\/IMG_20190608_180058.jpg\" \/>\n\t<meta property=\"og:image:width\" content=\"2200\" \/>\n\t<meta property=\"og:image:height\" content=\"1410\" \/>\n\t<meta property=\"og:image:type\" content=\"image\/jpeg\" \/>\n<meta name=\"author\" content=\"contenido\" \/>\n<meta name=\"twitter:card\" content=\"summary_large_image\" \/>\n<meta name=\"twitter:creator\" content=\"@FutbolHoyCol\" \/>\n<meta name=\"twitter:site\" content=\"@FutbolHoyCol\" \/>\n<meta name=\"twitter:label1\" content=\"Escrito por\" \/>\n\t<meta name=\"twitter:data1\" content=\"contenido\" \/>\n\t<meta name=\"twitter:label2\" content=\"Tiempo de lectura\" \/>\n\t<meta name=\"twitter:data2\" content=\"1 minuto\" \/>\n<script type=\"application\/ld+json\" class=\"yoast-schema-graph\">{\"@context\":\"https:\/\/schema.org\",\"@graph\":[{\"@type\":\"Article\",\"@id\":\"https:\/\/futbolhoy.co\/index.php\/2025\/04\/10\/conmebol-hizo-ambiciosa-solicitud-a-la-fifa-para-el-mundial-2030\/#article\",\"isPartOf\":{\"@id\":\"https:\/\/futbolhoy.co\/index.php\/2025\/04\/10\/conmebol-hizo-ambiciosa-solicitud-a-la-fifa-para-el-mundial-2030\/\"},\"author\":{\"name\":\"contenido\",\"@id\":\"https:\/\/futbolhoy.co\/#\/schema\/person\/1721b69355b6623eaff15ac7b92d4cc3\"},\"headline\":\"Conmebol hizo ambiciosa solicitud a la FIFA para el Mundial 2030\",\"datePublished\":\"2025-04-10T15:25:41+00:00\",\"dateModified\":\"2025-04-11T11:20:17+00:00\",\"mainEntityOfPage\":{\"@id\":\"https:\/\/futbolhoy.co\/index.php\/2025\/04\/10\/conmebol-hizo-ambiciosa-solicitud-a-la-fifa-para-el-mundial-2030\/\"},\"wordCount\":186,\"commentCount\":0,\"publisher\":{\"@id\":\"https:\/\/futbolhoy.co\/#organization\"},\"image\":{\"@id\":\"https:\/\/futbolhoy.co\/index.php\/2025\/04\/10\/conmebol-hizo-ambiciosa-solicitud-a-la-fifa-para-el-mundial-2030\/#primaryimage\"},\"thumbnailUrl\":\"https:\/\/futbolhoy.co\/wp-content\/uploads\/2019\/06\/IMG_20190608_180058.jpg\",\"articleSection\":[\"Mundo Futbol\"],\"inLanguage\":\"es\",\"potentialAction\":[{\"@type\":\"CommentAction\",\"name\":\"Comment\",\"target\":[\"https:\/\/futbolhoy.co\/index.php\/2025\/04\/10\/conmebol-hizo-ambiciosa-solicitud-a-la-fifa-para-el-mundial-2030\/#respond\"]}]},{\"@type\":\"WebPage\",\"@id\":\"https:\/\/futbolhoy.co\/index.php\/2025\/04\/10\/conmebol-hizo-ambiciosa-solicitud-a-la-fifa-para-el-mundial-2030\/\",\"url\":\"https:\/\/futbolhoy.co\/index.php\/2025\/04\/10\/conmebol-hizo-ambiciosa-solicitud-a-la-fifa-para-el-mundial-2030\/\",\"name\":\"Conmebol hizo ambiciosa solicitud a la FIFA para el Mundial 2030 -\",\"isPartOf\":{\"@id\":\"https:\/\/futbolhoy.co\/#website\"},\"primaryImageOfPage\":{\"@id\":\"https:\/\/futbolhoy.co\/index.php\/2025\/04\/10\/conmebol-hizo-ambiciosa-solicitud-a-la-fifa-para-el-mundial-2030\/#primaryimage\"},\"image\":{\"@id\":\"https:\/\/futbolhoy.co\/index.php\/2025\/04\/10\/conmebol-hizo-ambiciosa-solicitud-a-la-fifa-para-el-mundial-2030\/#primaryimage\"},\"thumbnailUrl\":\"https:\/\/futbolhoy.co\/wp-content\/uploads\/2019\/06\/IMG_20190608_180058.jpg\",\"datePublished\":\"2025-04-10T15:25:41+00:00\",\"dateModified\":\"2025-04-11T11:20:17+00:00\",\"breadcrumb\":{\"@id\":\"https:\/\/futbolhoy.co\/index.php\/2025\/04\/10\/conmebol-hizo-ambiciosa-solicitud-a-la-fifa-para-el-mundial-2030\/#breadcrumb\"},\"inLanguage\":\"es\",\"potentialAction\":[{\"@type\":\"ReadAction\",\"target\":[\"https:\/\/futbolhoy.co\/index.php\/2025\/04\/10\/conmebol-hizo-ambiciosa-solicitud-a-la-fifa-para-el-mundial-2030\/\"]}]},{\"@type\":\"ImageObject\",\"inLanguage\":\"es\",\"@id\":\"https:\/\/futbolhoy.co\/index.php\/2025\/04\/10\/conmebol-hizo-ambiciosa-solicitud-a-la-fifa-para-el-mundial-2030\/#primaryimage\",\"url\":\"https:\/\/futbolhoy.co\/wp-content\/uploads\/2019\/06\/IMG_20190608_180058.jpg\",\"contentUrl\":\"https:\/\/futbolhoy.co\/wp-content\/uploads\/2019\/06\/IMG_20190608_180058.jpg\",\"width\":2200,\"height\":1410,\"caption\":\"Twitter @FIFAWorldCup\"},{\"@type\":\"BreadcrumbList\",\"@id\":\"https:\/\/futbolhoy.co\/index.php\/2025\/04\/10\/conmebol-hizo-ambiciosa-solicitud-a-la-fifa-para-el-mundial-2030\/#breadcrumb\",\"itemListElement\":[{\"@type\":\"ListItem\",\"position\":1,\"name\":\"Portada\",\"item\":\"https:\/\/futbolhoy.co\/\"},{\"@type\":\"ListItem\",\"position\":2,\"name\":\"Conmebol hizo ambiciosa solicitud a la FIFA para el Mundial 2030\"}]},{\"@type\":\"WebSite\",\"@id\":\"https:\/\/futbolhoy.co\/#website\",\"url\":\"https:\/\/futbolhoy.co\/\",\"name\":\"FutbolHoy\",\"description\":\"\",\"publisher\":{\"@id\":\"https:\/\/futbolhoy.co\/#organization\"},\"potentialAction\":[{\"@type\":\"SearchAction\",\"target\":{\"@type\":\"EntryPoint\",\"urlTemplate\":\"https:\/\/futbolhoy.co\/?s={search_term_string}\"},\"query-input\":{\"@type\":\"PropertyValueSpecification\",\"valueRequired\":true,\"valueName\":\"search_term_string\"}}],\"inLanguage\":\"es\"},{\"@type\":\"Organization\",\"@id\":\"https:\/\/futbolhoy.co\/#organization\",\"name\":\"Futbolhoy.co\",\"url\":\"https:\/\/futbolhoy.co\/\",\"logo\":{\"@type\":\"ImageObject\",\"inLanguage\":\"es\",\"@id\":\"https:\/\/futbolhoy.co\/#\/schema\/logo\/image\/\",\"url\":\"https:\/\/futbolhoy.co\/wp-content\/uploads\/2018\/08\/17426380_1906371736249227_6326180412931521141_n.jpg\",\"contentUrl\":\"https:\/\/futbolhoy.co\/wp-content\/uploads\/2018\/08\/17426380_1906371736249227_6326180412931521141_n.jpg\",\"width\":960,\"height\":960,\"caption\":\"Futbolhoy.co\"},\"image\":{\"@id\":\"https:\/\/futbolhoy.co\/#\/schema\/logo\/image\/\"},\"sameAs\":[\"https:\/\/www.facebook.com\/FutbolHoyCol\/\",\"https:\/\/x.com\/FutbolHoyCol\",\"https:\/\/www.instagram.com\/futbolhoycol\/\"]},{\"@type\":\"Person\",\"@id\":\"https:\/\/futbolhoy.co\/#\/schema\/person\/1721b69355b6623eaff15ac7b92d4cc3\",\"name\":\"contenido\",\"image\":{\"@type\":\"ImageObject\",\"inLanguage\":\"es\",\"@id\":\"https:\/\/futbolhoy.co\/#\/schema\/person\/image\/\",\"url\":\"https:\/\/secure.gravatar.com\/avatar\/4f656d3256f5134f466206e7c3941518?s=96&d=mm&r=g\",\"contentUrl\":\"https:\/\/secure.gravatar.com\/avatar\/4f656d3256f5134f466206e7c3941518?s=96&d=mm&r=g\",\"caption\":\"contenido\"}}]}<\/script>\n<!-- \/ Yoast SEO plugin. -->","yoast_head_json":{"title":"Conmebol hizo ambiciosa solicitud a la FIFA para el Mundial 2030 -","robots":{"index":"index","follow":"follow","max-snippet":"max-snippet:-1","max-image-preview":"max-image-preview:large","max-video-preview":"max-video-preview:-1"},"canonical":"https:\/\/futbolhoy.co\/index.php\/2025\/04\/10\/conmebol-hizo-ambiciosa-solicitud-a-la-fifa-para-el-mundial-2030\/","og_locale":"es_ES","og_type":"article","og_title":"Conmebol hizo ambiciosa solicitud a la FIFA para el Mundial 2030 -","og_description":"El presidente de la Conmebol, Alejandro Dom\u00ednguez, solicit\u00f3 a la FIFA que considere elevar a 64 participantes el Mundial 2030, \"por \u00fanica vez\" y que se juegue en tres continentes como est\u00e1 previsto. \"Estamos proponiendo por \u00fanica vez llevar a cabo este centenario con 64 selecciones en tres continentes, en simult\u00e1neo, para que todos los [&hellip;]","og_url":"https:\/\/futbolhoy.co\/index.php\/2025\/04\/10\/conmebol-hizo-ambiciosa-solicitud-a-la-fifa-para-el-mundial-2030\/","article_publisher":"https:\/\/www.facebook.com\/FutbolHoyCol\/","article_published_time":"2025-04-10T15:25:41+00:00","article_modified_time":"2025-04-11T11:20:17+00:00","og_image":[{"width":2200,"height":1410,"url":"https:\/\/futbolhoy.co\/wp-content\/uploads\/2019\/06\/IMG_20190608_180058.jpg","type":"image\/jpeg"}],"author":"contenido","twitter_card":"summary_large_image","twitter_creator":"@FutbolHoyCol","twitter_site":"@FutbolHoyCol","twitter_misc":{"Escrito por":"contenido","Tiempo de lectura":"1 minuto"},"schema":{"@context":"https:\/\/schema.org","@graph":[{"@type":"Article","@id":"https:\/\/futbolhoy.co\/index.php\/2025\/04\/10\/conmebol-hizo-ambiciosa-solicitud-a-la-fifa-para-el-mundial-2030\/#article","isPartOf":{"@id":"https:\/\/futbolhoy.co\/index.php\/2025\/04\/10\/conmebol-hizo-ambiciosa-solicitud-a-la-fifa-para-el-mundial-2030\/"},"author":{"name":"contenido","@id":"https:\/\/futbolhoy.co\/#\/schema\/person\/1721b69355b6623eaff15ac7b92d4cc3"},"headline":"Conmebol hizo ambiciosa solicitud a la FIFA para el Mundial 2030","datePublished":"2025-04-10T15:25:41+00:00","dateModified":"2025-04-11T11:20:17+00:00","mainEntityOfPage":{"@id":"https:\/\/futbolhoy.co\/index.php\/2025\/04\/10\/conmebol-hizo-ambiciosa-solicitud-a-la-fifa-para-el-mundial-2030\/"},"wordCount":186,"commentCount":0,"publisher":{"@id":"https:\/\/futbolhoy.co\/#organization"},"image":{"@id":"https:\/\/futbolhoy.co\/index.php\/2025\/04\/10\/conmebol-hizo-ambiciosa-solicitud-a-la-fifa-para-el-mundial-2030\/#primaryimage"},"thumbnailUrl":"https:\/\/futbolhoy.co\/wp-content\/uploads\/2019\/06\/IMG_20190608_180058.jpg","articleSection":["Mundo Futbol"],"inLanguage":"es","potentialAction":[{"@type":"CommentAction","name":"Comment","target":["https:\/\/futbolhoy.co\/index.php\/2025\/04\/10\/conmebol-hizo-ambiciosa-solicitud-a-la-fifa-para-el-mundial-2030\/#respond"]}]},{"@type":"WebPage","@id":"https:\/\/futbolhoy.co\/index.php\/2025\/04\/10\/conmebol-hizo-ambiciosa-solicitud-a-la-fifa-para-el-mundial-2030\/","url":"https:\/\/futbolhoy.co\/index.php\/2025\/04\/10\/conmebol-hizo-ambiciosa-solicitud-a-la-fifa-para-el-mundial-2030\/","name":"Conmebol hizo ambiciosa solicitud a la FIFA para el Mundial 2030 -","isPartOf":{"@id":"https:\/\/futbolhoy.co\/#website"},"primaryImageOfPage":{"@id":"https:\/\/futbolhoy.co\/index.php\/2025\/04\/10\/conmebol-hizo-ambiciosa-solicitud-a-la-fifa-para-el-mundial-2030\/#primaryimage"},"image":{"@id":"https:\/\/futbolhoy.co\/index.php\/2025\/04\/10\/conmebol-hizo-ambiciosa-solicitud-a-la-fifa-para-el-mundial-2030\/#primaryimage"},"thumbnailUrl":"https:\/\/futbolhoy.co\/wp-content\/uploads\/2019\/06\/IMG_20190608_180058.jpg","datePublished":"2025-04-10T15:25:41+00:00","dateModified":"2025-04-11T11:20:17+00:00","breadcrumb":{"@id":"https:\/\/futbolhoy.co\/index.php\/2025\/04\/10\/conmebol-hizo-ambiciosa-solicitud-a-la-fifa-para-el-mundial-2030\/#breadcrumb"},"inLanguage":"es","potentialAction":[{"@type":"ReadAction","target":["https:\/\/futbolhoy.co\/index.php\/2025\/04\/10\/conmebol-hizo-ambiciosa-solicitud-a-la-fifa-para-el-mundial-2030\/"]}]},{"@type":"ImageObject","inLanguage":"es","@id":"https:\/\/futbolhoy.co\/index.php\/2025\/04\/10\/conmebol-hizo-ambiciosa-solicitud-a-la-fifa-para-el-mundial-2030\/#primaryimage","url":"https:\/\/futbolhoy.co\/wp-content\/uploads\/2019\/06\/IMG_20190608_180058.jpg","contentUrl":"https:\/\/futbolhoy.co\/wp-content\/uploads\/2019\/06\/IMG_20190608_180058.jpg","width":2200,"height":1410,"caption":"Twitter @FIFAWorldCup"},{"@type":"BreadcrumbList","@id":"https:\/\/futbolhoy.co\/index.php\/2025\/04\/10\/conmebol-hizo-ambiciosa-solicitud-a-la-fifa-para-el-mundial-2030\/#breadcrumb","itemListElement":[{"@type":"ListItem","position":1,"name":"Portada","item":"https:\/\/futbolhoy.co\/"},{"@type":"ListItem","position":2,"name":"Conmebol hizo ambiciosa solicitud a la FIFA para el Mundial 2030"}]},{"@type":"WebSite","@id":"https:\/\/futbolhoy.co\/#website","url":"https:\/\/futbolhoy.co\/","name":"FutbolHoy","description":"","publisher":{"@id":"https:\/\/futbolhoy.co\/#organization"},"potentialAction":[{"@type":"SearchAction","target":{"@type":"EntryPoint","urlTemplate":"https:\/\/futbolhoy.co\/?s={search_term_string}"},"query-input":{"@type":"PropertyValueSpecification","valueRequired":true,"valueName":"search_term_string"}}],"inLanguage":"es"},{"@type":"Organization","@id":"https:\/\/futbolhoy.co\/#organization","name":"Futbolhoy.co","url":"https:\/\/futbolhoy.co\/","logo":{"@type":"ImageObject","inLanguage":"es","@id":"https:\/\/futbolhoy.co\/#\/schema\/logo\/image\/","url":"https:\/\/futbolhoy.co\/wp-content\/uploads\/2018\/08\/17426380_1906371736249227_6326180412931521141_n.jpg","contentUrl":"https:\/\/futbolhoy.co\/wp-content\/uploads\/2018\/08\/17426380_1906371736249227_6326180412931521141_n.jpg","width":960,"height":960,"caption":"Futbolhoy.co"},"image":{"@id":"https:\/\/futbolhoy.co\/#\/schema\/logo\/image\/"},"sameAs":["https:\/\/www.facebook.com\/FutbolHoyCol\/","https:\/\/x.com\/FutbolHoyCol","https:\/\/www.instagram.com\/futbolhoycol\/"]},{"@type":"Person","@id":"https:\/\/futbolhoy.co\/#\/schema\/person\/1721b69355b6623eaff15ac7b92d4cc3","name":"contenido","image":{"@type":"ImageObject","inLanguage":"es","@id":"https:\/\/futbolhoy.co\/#\/schema\/person\/image\/","url":"https:\/\/secure.gravatar.com\/avatar\/4f656d3256f5134f466206e7c3941518?s=96&d=mm&r=g","contentUrl":"https:\/\/secure.gravatar.com\/avatar\/4f656d3256f5134f466206e7c3941518?s=96&d=mm&r=g","caption":"contenido"}}]}},"publishpress_future_action":{"enabled":false,"date":"2026-05-03 00:40:08","action":"change-status","newStatus":"draft","terms":[],"taxonomy":"category","extraData":[]},"publishpress_future_workflow_manual_trigger":{"enabledWorkflows":[]},"_links":{"self":[{"href":"https:\/\/futbolhoy.co\/index.php\/wp-json\/wp\/v2\/posts\/118318","targetHints":{"allow":["GET"]}}],"collection":[{"href":"https:\/\/futbolhoy.co\/index.php\/wp-json\/wp\/v2\/posts"}],"about":[{"href":"https:\/\/futbolhoy.co\/index.php\/wp-json\/wp\/v2\/types\/post"}],"author":[{"embeddable":true,"href":"https:\/\/futbolhoy.co\/index.php\/wp-json\/wp\/v2\/users\/4"}],"replies":[{"embeddable":true,"href":"https:\/\/futbolhoy.co\/index.php\/wp-json\/wp\/v2\/comments?post=118318"}],"version-history":[{"count":1,"href":"https:\/\/futbolhoy.co\/index.php\/wp-json\/wp\/v2\/posts\/118318\/revisions"}],"predecessor-version":[{"id":118319,"href":"https:\/\/futbolhoy.co\/index.php\/wp-json\/wp\/v2\/posts\/118318\/revisions\/118319"}],"wp:featuredmedia":[{"embeddable":true,"href":"https:\/\/futbolhoy.co\/index.php\/wp-json\/wp\/v2\/media\/37127"}],"wp:attachment":[{"href":"https:\/\/futbolhoy.co\/index.php\/wp-json\/wp\/v2\/media?parent=118318"}],"wp:term":[{"taxonomy":"category","embeddable":true,"href":"https:\/\/futbolhoy.co\/index.php\/wp-json\/wp\/v2\/categories?post=118318"},{"taxonomy":"post_tag","embeddable":true,"href":"https:\/\/futbolhoy.co\/index.php\/wp-json\/wp\/v2\/tags?post=118318"}],"curies":[{"name":"wp","href":"https:\/\/api.w.org\/{rel}","templated":true}]}}