{"id":118320,"date":"2025-04-10T13:01:56","date_gmt":"2025-04-10T18:01:56","guid":{"rendered":"https:\/\/futbolhoy.co\/?p=118320"},"modified":"2025-04-10T13:01:56","modified_gmt":"2025-04-10T18:01:56","slug":"dudamel-y-un-mensaje-claro-no-protegemos-sinverguenzuras","status":"publish","type":"post","link":"https:\/\/futbolhoy.co\/index.php\/2025\/04\/10\/dudamel-y-un-mensaje-claro-no-protegemos-sinverguenzuras\/","title":{"rendered":"Dudamel y un mensaje claro: \u201cNo protegemos sinverg\u00fcenzuras\u201d"},"content":{"rendered":"<p style=\"text-align: justify;\"><span style=\"font-family: helvetica, arial, sans-serif;\"><strong>Rafael Dudamel<\/strong> fue presentado este jueves como el nuevo entrenador del<strong> Deportivo Pereira.<\/strong> El t\u00e9cnico venezolano asumir\u00e1 en su tercer equipo en Colombia y el s\u00e9ptimo desde que inici\u00f3 en su carrera de direcci\u00f3n t\u00e9cnica.<\/span><\/p>\n<p style=\"text-align: justify;\"><span style=\"font-family: helvetica, arial, sans-serif;\">El t\u00e9cnico de 52 a\u00f1os lleg\u00f3 a la capital risaraldense y compareci\u00f3 ante los medios de comunicaci\u00f3n, dejando claro el por qu\u00e9 eligi\u00f3 al club, c\u00f3mo fue la recepci\u00f3n y le envi\u00f3 un mensaje a los jugadores, asegurando que no protege sinverg\u00fcenzuras.<\/span><\/p>\n<p style=\"text-align: justify;\"><span style=\"font-family: helvetica, arial, sans-serif;\">\u201cLo que me ha hecho aceptar la invitaci\u00f3n al <strong>Pereira<\/strong> ha sido la seriedad y el respeto que me ha transmitido el presidente y su equipo de trabajo desde el primer momento. Tuvimos una reuni\u00f3n valios\u00edsima que fue la que me llev\u00f3 a analizar la venida al club, en donde sent\u00ed mucha franqueza, sinceridad y profesionalismo\", dijo.<\/span><\/p>\n<p style=\"text-align: justify;\"><span style=\"font-family: helvetica, arial, sans-serif;\">\u201cDentro de la experiencia, esta ha sido una de las m\u00e1s especiales en cuanto a recepci\u00f3n, a bienvenida. Nos recibieron con mucho calor humano y con una estructura de trabajo que no hab\u00eda visto en otros lugares, mucha identidad del Deportivo Pereira y eso tiene mucho valor\u201d, agreg\u00f3 sobre su llegada.<\/span><\/p>\n<p style=\"text-align: justify;\"><span style=\"font-family: helvetica, arial, sans-serif;\">Finalmente, coment\u00f3: \u201cNosotros no protegemos sinverg\u00fcenzuras, somos un equipo t\u00e9cnico de mucha disciplina, entendiendo que esta es nuestra profesi\u00f3n y ojal\u00e1 podamos entrar en esa din\u00e1mica de triunfos\u201d.<\/span><\/p>\n<p style=\"text-align: justify;\"><span style=\"font-family: helvetica, arial, sans-serif;\">Se espera que el debut de Dudamel como Mateca\u00f1a sea el martes 15 de abril ante <strong>Deportivo Cali.<\/strong> Viajar\u00e1 a <strong>Santa Marta<\/strong> con el plantel para el juego frente a <strong>Uni\u00f3n Magdalena,<\/strong> pero no estar\u00e1 en la raya.<\/span><\/p>\n","protected":false},"excerpt":{"rendered":"<p>Rafael Dudamel fue presentado este jueves como el nuevo entrenador del Deportivo Pereira. El t\u00e9cnico venezolano asumir\u00e1 en su tercer equipo en Colombia y el s\u00e9ptimo desde que inici\u00f3 en su carrera de direcci\u00f3n t\u00e9cnica. El t\u00e9cnico de 52 a\u00f1os lleg\u00f3 a la capital risaraldense y compareci\u00f3 ante los medios de comunicaci\u00f3n, dejando claro el [&hellip;]<\/p>\n","protected":false},"author":4,"featured_media":118321,"comment_status":"open","ping_status":"open","sticky":false,"template":"","format":"standard","meta":{"_acf_changed":false,"footnotes":""},"categories":[5],"tags":[],"class_list":{"0":"post-118320","1":"post","2":"type-post","3":"status-publish","4":"format-standard","5":"has-post-thumbnail","7":"category-destacados"},"acf":[],"yoast_head":"<!-- This site is optimized with the Yoast SEO plugin v26.8 - https:\/\/yoast.com\/product\/yoast-seo-wordpress\/ -->\n<title>Dudamel y un mensaje claro: \u201cNo protegemos sinverg\u00fcenzuras\u201d -<\/title>\n<meta name=\"robots\" content=\"index, follow, max-snippet:-1, max-image-preview:large, max-video-preview:-1\" \/>\n<link rel=\"canonical\" href=\"https:\/\/futbolhoy.co\/index.php\/2025\/04\/10\/dudamel-y-un-mensaje-claro-no-protegemos-sinverguenzuras\/\" \/>\n<meta property=\"og:locale\" content=\"es_ES\" \/>\n<meta property=\"og:type\" content=\"article\" \/>\n<meta property=\"og:title\" content=\"Dudamel y un mensaje claro: \u201cNo protegemos sinverg\u00fcenzuras\u201d -\" \/>\n<meta property=\"og:description\" content=\"Rafael Dudamel fue presentado este jueves como el nuevo entrenador del Deportivo Pereira. El t\u00e9cnico venezolano asumir\u00e1 en su tercer equipo en Colombia y el s\u00e9ptimo desde que inici\u00f3 en su carrera de direcci\u00f3n t\u00e9cnica. El t\u00e9cnico de 52 a\u00f1os lleg\u00f3 a la capital risaraldense y compareci\u00f3 ante los medios de comunicaci\u00f3n, dejando claro el [&hellip;]\" \/>\n<meta property=\"og:url\" content=\"https:\/\/futbolhoy.co\/index.php\/2025\/04\/10\/dudamel-y-un-mensaje-claro-no-protegemos-sinverguenzuras\/\" \/>\n<meta property=\"article:publisher\" content=\"https:\/\/www.facebook.com\/FutbolHoyCol\/\" \/>\n<meta property=\"article:published_time\" content=\"2025-04-10T18:01:56+00:00\" \/>\n<meta property=\"og:image\" content=\"https:\/\/futbolhoy.co\/wp-content\/uploads\/2025\/04\/WhatsApp-Image-2025-04-10-at-12.52.01-PM.jpeg\" \/>\n\t<meta property=\"og:image:width\" content=\"1600\" \/>\n\t<meta property=\"og:image:height\" content=\"1066\" \/>\n\t<meta property=\"og:image:type\" content=\"image\/jpeg\" \/>\n<meta name=\"author\" content=\"contenido\" \/>\n<meta name=\"twitter:card\" content=\"summary_large_image\" \/>\n<meta name=\"twitter:creator\" content=\"@FutbolHoyCol\" \/>\n<meta name=\"twitter:site\" content=\"@FutbolHoyCol\" \/>\n<meta name=\"twitter:label1\" content=\"Escrito por\" \/>\n\t<meta name=\"twitter:data1\" content=\"contenido\" \/>\n\t<meta name=\"twitter:label2\" content=\"Tiempo de lectura\" \/>\n\t<meta name=\"twitter:data2\" content=\"1 minuto\" \/>\n<script type=\"application\/ld+json\" class=\"yoast-schema-graph\">{\"@context\":\"https:\/\/schema.org\",\"@graph\":[{\"@type\":\"Article\",\"@id\":\"https:\/\/futbolhoy.co\/index.php\/2025\/04\/10\/dudamel-y-un-mensaje-claro-no-protegemos-sinverguenzuras\/#article\",\"isPartOf\":{\"@id\":\"https:\/\/futbolhoy.co\/index.php\/2025\/04\/10\/dudamel-y-un-mensaje-claro-no-protegemos-sinverguenzuras\/\"},\"author\":{\"name\":\"contenido\",\"@id\":\"https:\/\/futbolhoy.co\/#\/schema\/person\/1721b69355b6623eaff15ac7b92d4cc3\"},\"headline\":\"Dudamel y un mensaje claro: \u201cNo protegemos sinverg\u00fcenzuras\u201d\",\"datePublished\":\"2025-04-10T18:01:56+00:00\",\"mainEntityOfPage\":{\"@id\":\"https:\/\/futbolhoy.co\/index.php\/2025\/04\/10\/dudamel-y-un-mensaje-claro-no-protegemos-sinverguenzuras\/\"},\"wordCount\":280,\"commentCount\":0,\"publisher\":{\"@id\":\"https:\/\/futbolhoy.co\/#organization\"},\"image\":{\"@id\":\"https:\/\/futbolhoy.co\/index.php\/2025\/04\/10\/dudamel-y-un-mensaje-claro-no-protegemos-sinverguenzuras\/#primaryimage\"},\"thumbnailUrl\":\"https:\/\/futbolhoy.co\/wp-content\/uploads\/2025\/04\/WhatsApp-Image-2025-04-10-at-12.52.01-PM.jpeg\",\"articleSection\":[\"Destacados\"],\"inLanguage\":\"es\",\"potentialAction\":[{\"@type\":\"CommentAction\",\"name\":\"Comment\",\"target\":[\"https:\/\/futbolhoy.co\/index.php\/2025\/04\/10\/dudamel-y-un-mensaje-claro-no-protegemos-sinverguenzuras\/#respond\"]}]},{\"@type\":\"WebPage\",\"@id\":\"https:\/\/futbolhoy.co\/index.php\/2025\/04\/10\/dudamel-y-un-mensaje-claro-no-protegemos-sinverguenzuras\/\",\"url\":\"https:\/\/futbolhoy.co\/index.php\/2025\/04\/10\/dudamel-y-un-mensaje-claro-no-protegemos-sinverguenzuras\/\",\"name\":\"Dudamel y un mensaje claro: \u201cNo protegemos sinverg\u00fcenzuras\u201d -\",\"isPartOf\":{\"@id\":\"https:\/\/futbolhoy.co\/#website\"},\"primaryImageOfPage\":{\"@id\":\"https:\/\/futbolhoy.co\/index.php\/2025\/04\/10\/dudamel-y-un-mensaje-claro-no-protegemos-sinverguenzuras\/#primaryimage\"},\"image\":{\"@id\":\"https:\/\/futbolhoy.co\/index.php\/2025\/04\/10\/dudamel-y-un-mensaje-claro-no-protegemos-sinverguenzuras\/#primaryimage\"},\"thumbnailUrl\":\"https:\/\/futbolhoy.co\/wp-content\/uploads\/2025\/04\/WhatsApp-Image-2025-04-10-at-12.52.01-PM.jpeg\",\"datePublished\":\"2025-04-10T18:01:56+00:00\",\"breadcrumb\":{\"@id\":\"https:\/\/futbolhoy.co\/index.php\/2025\/04\/10\/dudamel-y-un-mensaje-claro-no-protegemos-sinverguenzuras\/#breadcrumb\"},\"inLanguage\":\"es\",\"potentialAction\":[{\"@type\":\"ReadAction\",\"target\":[\"https:\/\/futbolhoy.co\/index.php\/2025\/04\/10\/dudamel-y-un-mensaje-claro-no-protegemos-sinverguenzuras\/\"]}]},{\"@type\":\"ImageObject\",\"inLanguage\":\"es\",\"@id\":\"https:\/\/futbolhoy.co\/index.php\/2025\/04\/10\/dudamel-y-un-mensaje-claro-no-protegemos-sinverguenzuras\/#primaryimage\",\"url\":\"https:\/\/futbolhoy.co\/wp-content\/uploads\/2025\/04\/WhatsApp-Image-2025-04-10-at-12.52.01-PM.jpeg\",\"contentUrl\":\"https:\/\/futbolhoy.co\/wp-content\/uploads\/2025\/04\/WhatsApp-Image-2025-04-10-at-12.52.01-PM.jpeg\",\"width\":1600,\"height\":1066},{\"@type\":\"BreadcrumbList\",\"@id\":\"https:\/\/futbolhoy.co\/index.php\/2025\/04\/10\/dudamel-y-un-mensaje-claro-no-protegemos-sinverguenzuras\/#breadcrumb\",\"itemListElement\":[{\"@type\":\"ListItem\",\"position\":1,\"name\":\"Portada\",\"item\":\"https:\/\/futbolhoy.co\/\"},{\"@type\":\"ListItem\",\"position\":2,\"name\":\"Dudamel y un mensaje claro: \u201cNo protegemos sinverg\u00fcenzuras\u201d\"}]},{\"@type\":\"WebSite\",\"@id\":\"https:\/\/futbolhoy.co\/#website\",\"url\":\"https:\/\/futbolhoy.co\/\",\"name\":\"FutbolHoy\",\"description\":\"\",\"publisher\":{\"@id\":\"https:\/\/futbolhoy.co\/#organization\"},\"potentialAction\":[{\"@type\":\"SearchAction\",\"target\":{\"@type\":\"EntryPoint\",\"urlTemplate\":\"https:\/\/futbolhoy.co\/?s={search_term_string}\"},\"query-input\":{\"@type\":\"PropertyValueSpecification\",\"valueRequired\":true,\"valueName\":\"search_term_string\"}}],\"inLanguage\":\"es\"},{\"@type\":\"Organization\",\"@id\":\"https:\/\/futbolhoy.co\/#organization\",\"name\":\"Futbolhoy.co\",\"url\":\"https:\/\/futbolhoy.co\/\",\"logo\":{\"@type\":\"ImageObject\",\"inLanguage\":\"es\",\"@id\":\"https:\/\/futbolhoy.co\/#\/schema\/logo\/image\/\",\"url\":\"https:\/\/futbolhoy.co\/wp-content\/uploads\/2018\/08\/17426380_1906371736249227_6326180412931521141_n.jpg\",\"contentUrl\":\"https:\/\/futbolhoy.co\/wp-content\/uploads\/2018\/08\/17426380_1906371736249227_6326180412931521141_n.jpg\",\"width\":960,\"height\":960,\"caption\":\"Futbolhoy.co\"},\"image\":{\"@id\":\"https:\/\/futbolhoy.co\/#\/schema\/logo\/image\/\"},\"sameAs\":[\"https:\/\/www.facebook.com\/FutbolHoyCol\/\",\"https:\/\/x.com\/FutbolHoyCol\",\"https:\/\/www.instagram.com\/futbolhoycol\/\"]},{\"@type\":\"Person\",\"@id\":\"https:\/\/futbolhoy.co\/#\/schema\/person\/1721b69355b6623eaff15ac7b92d4cc3\",\"name\":\"contenido\",\"image\":{\"@type\":\"ImageObject\",\"inLanguage\":\"es\",\"@id\":\"https:\/\/futbolhoy.co\/#\/schema\/person\/image\/\",\"url\":\"https:\/\/secure.gravatar.com\/avatar\/4f656d3256f5134f466206e7c3941518?s=96&d=mm&r=g\",\"contentUrl\":\"https:\/\/secure.gravatar.com\/avatar\/4f656d3256f5134f466206e7c3941518?s=96&d=mm&r=g\",\"caption\":\"contenido\"}}]}<\/script>\n<!-- \/ Yoast SEO plugin. -->","yoast_head_json":{"title":"Dudamel y un mensaje claro: \u201cNo protegemos sinverg\u00fcenzuras\u201d -","robots":{"index":"index","follow":"follow","max-snippet":"max-snippet:-1","max-image-preview":"max-image-preview:large","max-video-preview":"max-video-preview:-1"},"canonical":"https:\/\/futbolhoy.co\/index.php\/2025\/04\/10\/dudamel-y-un-mensaje-claro-no-protegemos-sinverguenzuras\/","og_locale":"es_ES","og_type":"article","og_title":"Dudamel y un mensaje claro: \u201cNo protegemos sinverg\u00fcenzuras\u201d -","og_description":"Rafael Dudamel fue presentado este jueves como el nuevo entrenador del Deportivo Pereira. El t\u00e9cnico venezolano asumir\u00e1 en su tercer equipo en Colombia y el s\u00e9ptimo desde que inici\u00f3 en su carrera de direcci\u00f3n t\u00e9cnica. El t\u00e9cnico de 52 a\u00f1os lleg\u00f3 a la capital risaraldense y compareci\u00f3 ante los medios de comunicaci\u00f3n, dejando claro el [&hellip;]","og_url":"https:\/\/futbolhoy.co\/index.php\/2025\/04\/10\/dudamel-y-un-mensaje-claro-no-protegemos-sinverguenzuras\/","article_publisher":"https:\/\/www.facebook.com\/FutbolHoyCol\/","article_published_time":"2025-04-10T18:01:56+00:00","og_image":[{"width":1600,"height":1066,"url":"https:\/\/futbolhoy.co\/wp-content\/uploads\/2025\/04\/WhatsApp-Image-2025-04-10-at-12.52.01-PM.jpeg","type":"image\/jpeg"}],"author":"contenido","twitter_card":"summary_large_image","twitter_creator":"@FutbolHoyCol","twitter_site":"@FutbolHoyCol","twitter_misc":{"Escrito por":"contenido","Tiempo de lectura":"1 minuto"},"schema":{"@context":"https:\/\/schema.org","@graph":[{"@type":"Article","@id":"https:\/\/futbolhoy.co\/index.php\/2025\/04\/10\/dudamel-y-un-mensaje-claro-no-protegemos-sinverguenzuras\/#article","isPartOf":{"@id":"https:\/\/futbolhoy.co\/index.php\/2025\/04\/10\/dudamel-y-un-mensaje-claro-no-protegemos-sinverguenzuras\/"},"author":{"name":"contenido","@id":"https:\/\/futbolhoy.co\/#\/schema\/person\/1721b69355b6623eaff15ac7b92d4cc3"},"headline":"Dudamel y un mensaje claro: \u201cNo protegemos sinverg\u00fcenzuras\u201d","datePublished":"2025-04-10T18:01:56+00:00","mainEntityOfPage":{"@id":"https:\/\/futbolhoy.co\/index.php\/2025\/04\/10\/dudamel-y-un-mensaje-claro-no-protegemos-sinverguenzuras\/"},"wordCount":280,"commentCount":0,"publisher":{"@id":"https:\/\/futbolhoy.co\/#organization"},"image":{"@id":"https:\/\/futbolhoy.co\/index.php\/2025\/04\/10\/dudamel-y-un-mensaje-claro-no-protegemos-sinverguenzuras\/#primaryimage"},"thumbnailUrl":"https:\/\/futbolhoy.co\/wp-content\/uploads\/2025\/04\/WhatsApp-Image-2025-04-10-at-12.52.01-PM.jpeg","articleSection":["Destacados"],"inLanguage":"es","potentialAction":[{"@type":"CommentAction","name":"Comment","target":["https:\/\/futbolhoy.co\/index.php\/2025\/04\/10\/dudamel-y-un-mensaje-claro-no-protegemos-sinverguenzuras\/#respond"]}]},{"@type":"WebPage","@id":"https:\/\/futbolhoy.co\/index.php\/2025\/04\/10\/dudamel-y-un-mensaje-claro-no-protegemos-sinverguenzuras\/","url":"https:\/\/futbolhoy.co\/index.php\/2025\/04\/10\/dudamel-y-un-mensaje-claro-no-protegemos-sinverguenzuras\/","name":"Dudamel y un mensaje claro: \u201cNo protegemos sinverg\u00fcenzuras\u201d -","isPartOf":{"@id":"https:\/\/futbolhoy.co\/#website"},"primaryImageOfPage":{"@id":"https:\/\/futbolhoy.co\/index.php\/2025\/04\/10\/dudamel-y-un-mensaje-claro-no-protegemos-sinverguenzuras\/#primaryimage"},"image":{"@id":"https:\/\/futbolhoy.co\/index.php\/2025\/04\/10\/dudamel-y-un-mensaje-claro-no-protegemos-sinverguenzuras\/#primaryimage"},"thumbnailUrl":"https:\/\/futbolhoy.co\/wp-content\/uploads\/2025\/04\/WhatsApp-Image-2025-04-10-at-12.52.01-PM.jpeg","datePublished":"2025-04-10T18:01:56+00:00","breadcrumb":{"@id":"https:\/\/futbolhoy.co\/index.php\/2025\/04\/10\/dudamel-y-un-mensaje-claro-no-protegemos-sinverguenzuras\/#breadcrumb"},"inLanguage":"es","potentialAction":[{"@type":"ReadAction","target":["https:\/\/futbolhoy.co\/index.php\/2025\/04\/10\/dudamel-y-un-mensaje-claro-no-protegemos-sinverguenzuras\/"]}]},{"@type":"ImageObject","inLanguage":"es","@id":"https:\/\/futbolhoy.co\/index.php\/2025\/04\/10\/dudamel-y-un-mensaje-claro-no-protegemos-sinverguenzuras\/#primaryimage","url":"https:\/\/futbolhoy.co\/wp-content\/uploads\/2025\/04\/WhatsApp-Image-2025-04-10-at-12.52.01-PM.jpeg","contentUrl":"https:\/\/futbolhoy.co\/wp-content\/uploads\/2025\/04\/WhatsApp-Image-2025-04-10-at-12.52.01-PM.jpeg","width":1600,"height":1066},{"@type":"BreadcrumbList","@id":"https:\/\/futbolhoy.co\/index.php\/2025\/04\/10\/dudamel-y-un-mensaje-claro-no-protegemos-sinverguenzuras\/#breadcrumb","itemListElement":[{"@type":"ListItem","position":1,"name":"Portada","item":"https:\/\/futbolhoy.co\/"},{"@type":"ListItem","position":2,"name":"Dudamel y un mensaje claro: \u201cNo protegemos sinverg\u00fcenzuras\u201d"}]},{"@type":"WebSite","@id":"https:\/\/futbolhoy.co\/#website","url":"https:\/\/futbolhoy.co\/","name":"FutbolHoy","description":"","publisher":{"@id":"https:\/\/futbolhoy.co\/#organization"},"potentialAction":[{"@type":"SearchAction","target":{"@type":"EntryPoint","urlTemplate":"https:\/\/futbolhoy.co\/?s={search_term_string}"},"query-input":{"@type":"PropertyValueSpecification","valueRequired":true,"valueName":"search_term_string"}}],"inLanguage":"es"},{"@type":"Organization","@id":"https:\/\/futbolhoy.co\/#organization","name":"Futbolhoy.co","url":"https:\/\/futbolhoy.co\/","logo":{"@type":"ImageObject","inLanguage":"es","@id":"https:\/\/futbolhoy.co\/#\/schema\/logo\/image\/","url":"https:\/\/futbolhoy.co\/wp-content\/uploads\/2018\/08\/17426380_1906371736249227_6326180412931521141_n.jpg","contentUrl":"https:\/\/futbolhoy.co\/wp-content\/uploads\/2018\/08\/17426380_1906371736249227_6326180412931521141_n.jpg","width":960,"height":960,"caption":"Futbolhoy.co"},"image":{"@id":"https:\/\/futbolhoy.co\/#\/schema\/logo\/image\/"},"sameAs":["https:\/\/www.facebook.com\/FutbolHoyCol\/","https:\/\/x.com\/FutbolHoyCol","https:\/\/www.instagram.com\/futbolhoycol\/"]},{"@type":"Person","@id":"https:\/\/futbolhoy.co\/#\/schema\/person\/1721b69355b6623eaff15ac7b92d4cc3","name":"contenido","image":{"@type":"ImageObject","inLanguage":"es","@id":"https:\/\/futbolhoy.co\/#\/schema\/person\/image\/","url":"https:\/\/secure.gravatar.com\/avatar\/4f656d3256f5134f466206e7c3941518?s=96&d=mm&r=g","contentUrl":"https:\/\/secure.gravatar.com\/avatar\/4f656d3256f5134f466206e7c3941518?s=96&d=mm&r=g","caption":"contenido"}}]}},"publishpress_future_action":{"enabled":false,"date":"2026-05-03 00:34:31","action":"change-status","newStatus":"draft","terms":[],"taxonomy":"category","extraData":[]},"publishpress_future_workflow_manual_trigger":{"enabledWorkflows":[]},"_links":{"self":[{"href":"https:\/\/futbolhoy.co\/index.php\/wp-json\/wp\/v2\/posts\/118320","targetHints":{"allow":["GET"]}}],"collection":[{"href":"https:\/\/futbolhoy.co\/index.php\/wp-json\/wp\/v2\/posts"}],"about":[{"href":"https:\/\/futbolhoy.co\/index.php\/wp-json\/wp\/v2\/types\/post"}],"author":[{"embeddable":true,"href":"https:\/\/futbolhoy.co\/index.php\/wp-json\/wp\/v2\/users\/4"}],"replies":[{"embeddable":true,"href":"https:\/\/futbolhoy.co\/index.php\/wp-json\/wp\/v2\/comments?post=118320"}],"version-history":[{"count":1,"href":"https:\/\/futbolhoy.co\/index.php\/wp-json\/wp\/v2\/posts\/118320\/revisions"}],"predecessor-version":[{"id":118322,"href":"https:\/\/futbolhoy.co\/index.php\/wp-json\/wp\/v2\/posts\/118320\/revisions\/118322"}],"wp:featuredmedia":[{"embeddable":true,"href":"https:\/\/futbolhoy.co\/index.php\/wp-json\/wp\/v2\/media\/118321"}],"wp:attachment":[{"href":"https:\/\/futbolhoy.co\/index.php\/wp-json\/wp\/v2\/media?parent=118320"}],"wp:term":[{"taxonomy":"category","embeddable":true,"href":"https:\/\/futbolhoy.co\/index.php\/wp-json\/wp\/v2\/categories?post=118320"},{"taxonomy":"post_tag","embeddable":true,"href":"https:\/\/futbolhoy.co\/index.php\/wp-json\/wp\/v2\/tags?post=118320"}],"curies":[{"name":"wp","href":"https:\/\/api.w.org\/{rel}","templated":true}]}}