{"id":118383,"date":"2025-04-12T21:27:21","date_gmt":"2025-04-13T02:27:21","guid":{"rendered":"https:\/\/futbolhoy.co\/?p=118383"},"modified":"2025-04-13T22:12:00","modified_gmt":"2025-04-14T03:12:00","slug":"colombia-perdio-en-penales-la-final-del-sudamericano-sub-17","status":"publish","type":"post","link":"https:\/\/futbolhoy.co\/index.php\/2025\/04\/12\/colombia-perdio-en-penales-la-final-del-sudamericano-sub-17\/","title":{"rendered":"Colombia perdi\u00f3 en penales la final del Sudamericano Sub 17"},"content":{"rendered":"<p style=\"text-align: justify;\"><span style=\"font-family: helvetica, arial, sans-serif;\"><b>La Selecci\u00f3n Colombia Sub 17<\/b><span style=\"font-weight: 400;\"> termin\u00f3 subcampeona del Sudamericano que se disput\u00f3 en nuestro pa\u00eds tras caer en la tanda de penales frente a Brasil, que se coron\u00f3 campe\u00f3n por segunda edici\u00f3n consecutiva.\u00a0<\/span><\/span><\/p>\n<p style=\"text-align: justify;\"><span style=\"font-family: helvetica, arial, sans-serif;\"><span style=\"font-weight: 400;\">El equipo dirigido por Freddy Hurtado se mantuvo como el gran favorito al t\u00edtulo durante el Sudamericano y este s\u00e1bado <\/span><b>en la final en el Estadio Ol\u00edmpico Jaime Mor\u00f3n Le\u00f3n de Cartagena<\/b><span style=\"font-weight: 400;\"> fue el que impuso condiciones desde el inicio, pero sobre el final lleg\u00f3 un inesperado empate de Brasil que termin\u00f3 definiendo el t\u00edtulo en la tanda de penales.<\/span><\/span><\/p>\n<p style=\"text-align: justify;\"><span style=\"font-family: helvetica, arial, sans-serif;\"><span style=\"font-weight: 400;\">Jhon Keiner Sevillano al minuto 41 abri\u00f3 el marcador en Cartagena y puso a so\u00f1ar <\/span><b>con el primer t\u00edtulo en un Sudamericano Sub 17<\/b><span style=\"font-weight: 400;\"> para la Selecci\u00f3n Colombia en m\u00e1s de 30 a\u00f1os, pero la alegr\u00eda dur\u00f3 solamente hasta el 88\u2019, cuando Z\u00e9 Lucas empat\u00f3 el partido y oblig\u00f3 a que el t\u00edtulo se definiera desde los tres pasos.<\/span><\/span><\/p>\n<p style=\"text-align: justify;\"><span style=\"font-family: helvetica, arial, sans-serif;\"><span style=\"font-weight: 400;\">En la tanda<\/span><b> de penales la efectividad no acompa\u00f1\u00f3 a la Tricolor<\/b><span style=\"font-weight: 400;\">, pues de tres cobros, solamente uno termin\u00f3 en la red de Brasil, el de Cristian Camilo Orozco, mientras que por la canarinha anotaron Gustavo Rodrigues, Tiago Augusto, Ruan Pablo y Wendeson Wanderley Santos, quien defini\u00f3 el t\u00edtulo; por Colombia fallaron Feder Luis Rivas y Juan Jos\u00e9 Cata\u00f1o.<\/span><\/span><\/p>\n<p style=\"text-align: justify;\"><span style=\"font-family: helvetica, arial, sans-serif;\"><b>Colombia fue la mejor selecci\u00f3n del Grupo A,<\/b><span style=\"font-weight: 400;\"> con 9 puntos tras tres victorias y una derrota, mientras que Brasil fue la primera del Grupo B con 10 unidades, por tres triunfos y un empate.<\/span><\/span><\/p>\n<p style=\"text-align: justify;\"><span style=\"font-family: helvetica, arial, sans-serif;\"><span style=\"font-weight: 400;\">Pese a la ca\u00edda en la final, la Selecci\u00f3n Colombia consigui\u00f3 el cupo <\/span><b>al Mundial Sub 17 de Catar en noviembre 2025.<\/b><\/span><\/p>\n","protected":false},"excerpt":{"rendered":"<p>La Selecci\u00f3n Colombia Sub 17 termin\u00f3 subcampeona del Sudamericano que se disput\u00f3 en nuestro pa\u00eds tras caer en la tanda de penales frente a Brasil, que se coron\u00f3 campe\u00f3n por segunda edici\u00f3n consecutiva.\u00a0 El equipo dirigido por Freddy Hurtado se mantuvo como el gran favorito al t\u00edtulo durante el Sudamericano y este s\u00e1bado en la [&hellip;]<\/p>\n","protected":false},"author":4,"featured_media":118384,"comment_status":"open","ping_status":"open","sticky":false,"template":"","format":"standard","meta":{"_acf_changed":false,"footnotes":""},"categories":[418],"tags":[],"class_list":{"0":"post-118383","1":"post","2":"type-post","3":"status-publish","4":"format-standard","5":"has-post-thumbnail","7":"category-colombia"},"acf":[],"yoast_head":"<!-- This site is optimized with the Yoast SEO plugin v26.8 - https:\/\/yoast.com\/product\/yoast-seo-wordpress\/ -->\n<title>Colombia perdi\u00f3 en penales la final del Sudamericano Sub 17 -<\/title>\n<meta name=\"robots\" content=\"index, follow, max-snippet:-1, max-image-preview:large, max-video-preview:-1\" \/>\n<link rel=\"canonical\" href=\"https:\/\/futbolhoy.co\/index.php\/2025\/04\/12\/colombia-perdio-en-penales-la-final-del-sudamericano-sub-17\/\" \/>\n<meta property=\"og:locale\" content=\"es_ES\" \/>\n<meta property=\"og:type\" content=\"article\" \/>\n<meta property=\"og:title\" content=\"Colombia perdi\u00f3 en penales la final del Sudamericano Sub 17 -\" \/>\n<meta property=\"og:description\" content=\"La Selecci\u00f3n Colombia Sub 17 termin\u00f3 subcampeona del Sudamericano que se disput\u00f3 en nuestro pa\u00eds tras caer en la tanda de penales frente a Brasil, que se coron\u00f3 campe\u00f3n por segunda edici\u00f3n consecutiva.\u00a0 El equipo dirigido por Freddy Hurtado se mantuvo como el gran favorito al t\u00edtulo durante el Sudamericano y este s\u00e1bado en la [&hellip;]\" \/>\n<meta property=\"og:url\" content=\"https:\/\/futbolhoy.co\/index.php\/2025\/04\/12\/colombia-perdio-en-penales-la-final-del-sudamericano-sub-17\/\" \/>\n<meta property=\"article:publisher\" content=\"https:\/\/www.facebook.com\/FutbolHoyCol\/\" \/>\n<meta property=\"article:published_time\" content=\"2025-04-13T02:27:21+00:00\" \/>\n<meta property=\"article:modified_time\" content=\"2025-04-14T03:12:00+00:00\" \/>\n<meta property=\"og:image\" content=\"https:\/\/futbolhoy.co\/wp-content\/uploads\/2025\/04\/GoYW1OFXoAEn_e3.jpeg\" \/>\n\t<meta property=\"og:image:width\" content=\"1080\" \/>\n\t<meta property=\"og:image:height\" content=\"720\" \/>\n\t<meta property=\"og:image:type\" content=\"image\/jpeg\" \/>\n<meta name=\"author\" content=\"contenido\" \/>\n<meta name=\"twitter:card\" content=\"summary_large_image\" \/>\n<meta name=\"twitter:creator\" content=\"@FutbolHoyCol\" \/>\n<meta name=\"twitter:site\" content=\"@FutbolHoyCol\" \/>\n<meta name=\"twitter:label1\" content=\"Escrito por\" \/>\n\t<meta name=\"twitter:data1\" content=\"contenido\" \/>\n\t<meta name=\"twitter:label2\" content=\"Tiempo de lectura\" \/>\n\t<meta name=\"twitter:data2\" content=\"1 minuto\" \/>\n<script type=\"application\/ld+json\" class=\"yoast-schema-graph\">{\"@context\":\"https:\/\/schema.org\",\"@graph\":[{\"@type\":\"Article\",\"@id\":\"https:\/\/futbolhoy.co\/index.php\/2025\/04\/12\/colombia-perdio-en-penales-la-final-del-sudamericano-sub-17\/#article\",\"isPartOf\":{\"@id\":\"https:\/\/futbolhoy.co\/index.php\/2025\/04\/12\/colombia-perdio-en-penales-la-final-del-sudamericano-sub-17\/\"},\"author\":{\"name\":\"contenido\",\"@id\":\"https:\/\/futbolhoy.co\/#\/schema\/person\/1721b69355b6623eaff15ac7b92d4cc3\"},\"headline\":\"Colombia perdi\u00f3 en penales la final del Sudamericano Sub 17\",\"datePublished\":\"2025-04-13T02:27:21+00:00\",\"dateModified\":\"2025-04-14T03:12:00+00:00\",\"mainEntityOfPage\":{\"@id\":\"https:\/\/futbolhoy.co\/index.php\/2025\/04\/12\/colombia-perdio-en-penales-la-final-del-sudamericano-sub-17\/\"},\"wordCount\":290,\"commentCount\":0,\"publisher\":{\"@id\":\"https:\/\/futbolhoy.co\/#organization\"},\"image\":{\"@id\":\"https:\/\/futbolhoy.co\/index.php\/2025\/04\/12\/colombia-perdio-en-penales-la-final-del-sudamericano-sub-17\/#primaryimage\"},\"thumbnailUrl\":\"https:\/\/futbolhoy.co\/wp-content\/uploads\/2025\/04\/GoYW1OFXoAEn_e3.jpeg\",\"articleSection\":[\"Colombia\"],\"inLanguage\":\"es\",\"potentialAction\":[{\"@type\":\"CommentAction\",\"name\":\"Comment\",\"target\":[\"https:\/\/futbolhoy.co\/index.php\/2025\/04\/12\/colombia-perdio-en-penales-la-final-del-sudamericano-sub-17\/#respond\"]}]},{\"@type\":\"WebPage\",\"@id\":\"https:\/\/futbolhoy.co\/index.php\/2025\/04\/12\/colombia-perdio-en-penales-la-final-del-sudamericano-sub-17\/\",\"url\":\"https:\/\/futbolhoy.co\/index.php\/2025\/04\/12\/colombia-perdio-en-penales-la-final-del-sudamericano-sub-17\/\",\"name\":\"Colombia perdi\u00f3 en penales la final del Sudamericano Sub 17 -\",\"isPartOf\":{\"@id\":\"https:\/\/futbolhoy.co\/#website\"},\"primaryImageOfPage\":{\"@id\":\"https:\/\/futbolhoy.co\/index.php\/2025\/04\/12\/colombia-perdio-en-penales-la-final-del-sudamericano-sub-17\/#primaryimage\"},\"image\":{\"@id\":\"https:\/\/futbolhoy.co\/index.php\/2025\/04\/12\/colombia-perdio-en-penales-la-final-del-sudamericano-sub-17\/#primaryimage\"},\"thumbnailUrl\":\"https:\/\/futbolhoy.co\/wp-content\/uploads\/2025\/04\/GoYW1OFXoAEn_e3.jpeg\",\"datePublished\":\"2025-04-13T02:27:21+00:00\",\"dateModified\":\"2025-04-14T03:12:00+00:00\",\"breadcrumb\":{\"@id\":\"https:\/\/futbolhoy.co\/index.php\/2025\/04\/12\/colombia-perdio-en-penales-la-final-del-sudamericano-sub-17\/#breadcrumb\"},\"inLanguage\":\"es\",\"potentialAction\":[{\"@type\":\"ReadAction\",\"target\":[\"https:\/\/futbolhoy.co\/index.php\/2025\/04\/12\/colombia-perdio-en-penales-la-final-del-sudamericano-sub-17\/\"]}]},{\"@type\":\"ImageObject\",\"inLanguage\":\"es\",\"@id\":\"https:\/\/futbolhoy.co\/index.php\/2025\/04\/12\/colombia-perdio-en-penales-la-final-del-sudamericano-sub-17\/#primaryimage\",\"url\":\"https:\/\/futbolhoy.co\/wp-content\/uploads\/2025\/04\/GoYW1OFXoAEn_e3.jpeg\",\"contentUrl\":\"https:\/\/futbolhoy.co\/wp-content\/uploads\/2025\/04\/GoYW1OFXoAEn_e3.jpeg\",\"width\":1080,\"height\":720},{\"@type\":\"BreadcrumbList\",\"@id\":\"https:\/\/futbolhoy.co\/index.php\/2025\/04\/12\/colombia-perdio-en-penales-la-final-del-sudamericano-sub-17\/#breadcrumb\",\"itemListElement\":[{\"@type\":\"ListItem\",\"position\":1,\"name\":\"Portada\",\"item\":\"https:\/\/futbolhoy.co\/\"},{\"@type\":\"ListItem\",\"position\":2,\"name\":\"Colombia perdi\u00f3 en penales la final del Sudamericano Sub 17\"}]},{\"@type\":\"WebSite\",\"@id\":\"https:\/\/futbolhoy.co\/#website\",\"url\":\"https:\/\/futbolhoy.co\/\",\"name\":\"FutbolHoy\",\"description\":\"\",\"publisher\":{\"@id\":\"https:\/\/futbolhoy.co\/#organization\"},\"potentialAction\":[{\"@type\":\"SearchAction\",\"target\":{\"@type\":\"EntryPoint\",\"urlTemplate\":\"https:\/\/futbolhoy.co\/?s={search_term_string}\"},\"query-input\":{\"@type\":\"PropertyValueSpecification\",\"valueRequired\":true,\"valueName\":\"search_term_string\"}}],\"inLanguage\":\"es\"},{\"@type\":\"Organization\",\"@id\":\"https:\/\/futbolhoy.co\/#organization\",\"name\":\"Futbolhoy.co\",\"url\":\"https:\/\/futbolhoy.co\/\",\"logo\":{\"@type\":\"ImageObject\",\"inLanguage\":\"es\",\"@id\":\"https:\/\/futbolhoy.co\/#\/schema\/logo\/image\/\",\"url\":\"https:\/\/futbolhoy.co\/wp-content\/uploads\/2018\/08\/17426380_1906371736249227_6326180412931521141_n.jpg\",\"contentUrl\":\"https:\/\/futbolhoy.co\/wp-content\/uploads\/2018\/08\/17426380_1906371736249227_6326180412931521141_n.jpg\",\"width\":960,\"height\":960,\"caption\":\"Futbolhoy.co\"},\"image\":{\"@id\":\"https:\/\/futbolhoy.co\/#\/schema\/logo\/image\/\"},\"sameAs\":[\"https:\/\/www.facebook.com\/FutbolHoyCol\/\",\"https:\/\/x.com\/FutbolHoyCol\",\"https:\/\/www.instagram.com\/futbolhoycol\/\"]},{\"@type\":\"Person\",\"@id\":\"https:\/\/futbolhoy.co\/#\/schema\/person\/1721b69355b6623eaff15ac7b92d4cc3\",\"name\":\"contenido\",\"image\":{\"@type\":\"ImageObject\",\"inLanguage\":\"es\",\"@id\":\"https:\/\/futbolhoy.co\/#\/schema\/person\/image\/\",\"url\":\"https:\/\/secure.gravatar.com\/avatar\/4f656d3256f5134f466206e7c3941518?s=96&d=mm&r=g\",\"contentUrl\":\"https:\/\/secure.gravatar.com\/avatar\/4f656d3256f5134f466206e7c3941518?s=96&d=mm&r=g\",\"caption\":\"contenido\"}}]}<\/script>\n<!-- \/ Yoast SEO plugin. -->","yoast_head_json":{"title":"Colombia perdi\u00f3 en penales la final del Sudamericano Sub 17 -","robots":{"index":"index","follow":"follow","max-snippet":"max-snippet:-1","max-image-preview":"max-image-preview:large","max-video-preview":"max-video-preview:-1"},"canonical":"https:\/\/futbolhoy.co\/index.php\/2025\/04\/12\/colombia-perdio-en-penales-la-final-del-sudamericano-sub-17\/","og_locale":"es_ES","og_type":"article","og_title":"Colombia perdi\u00f3 en penales la final del Sudamericano Sub 17 -","og_description":"La Selecci\u00f3n Colombia Sub 17 termin\u00f3 subcampeona del Sudamericano que se disput\u00f3 en nuestro pa\u00eds tras caer en la tanda de penales frente a Brasil, que se coron\u00f3 campe\u00f3n por segunda edici\u00f3n consecutiva.\u00a0 El equipo dirigido por Freddy Hurtado se mantuvo como el gran favorito al t\u00edtulo durante el Sudamericano y este s\u00e1bado en la [&hellip;]","og_url":"https:\/\/futbolhoy.co\/index.php\/2025\/04\/12\/colombia-perdio-en-penales-la-final-del-sudamericano-sub-17\/","article_publisher":"https:\/\/www.facebook.com\/FutbolHoyCol\/","article_published_time":"2025-04-13T02:27:21+00:00","article_modified_time":"2025-04-14T03:12:00+00:00","og_image":[{"width":1080,"height":720,"url":"https:\/\/futbolhoy.co\/wp-content\/uploads\/2025\/04\/GoYW1OFXoAEn_e3.jpeg","type":"image\/jpeg"}],"author":"contenido","twitter_card":"summary_large_image","twitter_creator":"@FutbolHoyCol","twitter_site":"@FutbolHoyCol","twitter_misc":{"Escrito por":"contenido","Tiempo de lectura":"1 minuto"},"schema":{"@context":"https:\/\/schema.org","@graph":[{"@type":"Article","@id":"https:\/\/futbolhoy.co\/index.php\/2025\/04\/12\/colombia-perdio-en-penales-la-final-del-sudamericano-sub-17\/#article","isPartOf":{"@id":"https:\/\/futbolhoy.co\/index.php\/2025\/04\/12\/colombia-perdio-en-penales-la-final-del-sudamericano-sub-17\/"},"author":{"name":"contenido","@id":"https:\/\/futbolhoy.co\/#\/schema\/person\/1721b69355b6623eaff15ac7b92d4cc3"},"headline":"Colombia perdi\u00f3 en penales la final del Sudamericano Sub 17","datePublished":"2025-04-13T02:27:21+00:00","dateModified":"2025-04-14T03:12:00+00:00","mainEntityOfPage":{"@id":"https:\/\/futbolhoy.co\/index.php\/2025\/04\/12\/colombia-perdio-en-penales-la-final-del-sudamericano-sub-17\/"},"wordCount":290,"commentCount":0,"publisher":{"@id":"https:\/\/futbolhoy.co\/#organization"},"image":{"@id":"https:\/\/futbolhoy.co\/index.php\/2025\/04\/12\/colombia-perdio-en-penales-la-final-del-sudamericano-sub-17\/#primaryimage"},"thumbnailUrl":"https:\/\/futbolhoy.co\/wp-content\/uploads\/2025\/04\/GoYW1OFXoAEn_e3.jpeg","articleSection":["Colombia"],"inLanguage":"es","potentialAction":[{"@type":"CommentAction","name":"Comment","target":["https:\/\/futbolhoy.co\/index.php\/2025\/04\/12\/colombia-perdio-en-penales-la-final-del-sudamericano-sub-17\/#respond"]}]},{"@type":"WebPage","@id":"https:\/\/futbolhoy.co\/index.php\/2025\/04\/12\/colombia-perdio-en-penales-la-final-del-sudamericano-sub-17\/","url":"https:\/\/futbolhoy.co\/index.php\/2025\/04\/12\/colombia-perdio-en-penales-la-final-del-sudamericano-sub-17\/","name":"Colombia perdi\u00f3 en penales la final del Sudamericano Sub 17 -","isPartOf":{"@id":"https:\/\/futbolhoy.co\/#website"},"primaryImageOfPage":{"@id":"https:\/\/futbolhoy.co\/index.php\/2025\/04\/12\/colombia-perdio-en-penales-la-final-del-sudamericano-sub-17\/#primaryimage"},"image":{"@id":"https:\/\/futbolhoy.co\/index.php\/2025\/04\/12\/colombia-perdio-en-penales-la-final-del-sudamericano-sub-17\/#primaryimage"},"thumbnailUrl":"https:\/\/futbolhoy.co\/wp-content\/uploads\/2025\/04\/GoYW1OFXoAEn_e3.jpeg","datePublished":"2025-04-13T02:27:21+00:00","dateModified":"2025-04-14T03:12:00+00:00","breadcrumb":{"@id":"https:\/\/futbolhoy.co\/index.php\/2025\/04\/12\/colombia-perdio-en-penales-la-final-del-sudamericano-sub-17\/#breadcrumb"},"inLanguage":"es","potentialAction":[{"@type":"ReadAction","target":["https:\/\/futbolhoy.co\/index.php\/2025\/04\/12\/colombia-perdio-en-penales-la-final-del-sudamericano-sub-17\/"]}]},{"@type":"ImageObject","inLanguage":"es","@id":"https:\/\/futbolhoy.co\/index.php\/2025\/04\/12\/colombia-perdio-en-penales-la-final-del-sudamericano-sub-17\/#primaryimage","url":"https:\/\/futbolhoy.co\/wp-content\/uploads\/2025\/04\/GoYW1OFXoAEn_e3.jpeg","contentUrl":"https:\/\/futbolhoy.co\/wp-content\/uploads\/2025\/04\/GoYW1OFXoAEn_e3.jpeg","width":1080,"height":720},{"@type":"BreadcrumbList","@id":"https:\/\/futbolhoy.co\/index.php\/2025\/04\/12\/colombia-perdio-en-penales-la-final-del-sudamericano-sub-17\/#breadcrumb","itemListElement":[{"@type":"ListItem","position":1,"name":"Portada","item":"https:\/\/futbolhoy.co\/"},{"@type":"ListItem","position":2,"name":"Colombia perdi\u00f3 en penales la final del Sudamericano Sub 17"}]},{"@type":"WebSite","@id":"https:\/\/futbolhoy.co\/#website","url":"https:\/\/futbolhoy.co\/","name":"FutbolHoy","description":"","publisher":{"@id":"https:\/\/futbolhoy.co\/#organization"},"potentialAction":[{"@type":"SearchAction","target":{"@type":"EntryPoint","urlTemplate":"https:\/\/futbolhoy.co\/?s={search_term_string}"},"query-input":{"@type":"PropertyValueSpecification","valueRequired":true,"valueName":"search_term_string"}}],"inLanguage":"es"},{"@type":"Organization","@id":"https:\/\/futbolhoy.co\/#organization","name":"Futbolhoy.co","url":"https:\/\/futbolhoy.co\/","logo":{"@type":"ImageObject","inLanguage":"es","@id":"https:\/\/futbolhoy.co\/#\/schema\/logo\/image\/","url":"https:\/\/futbolhoy.co\/wp-content\/uploads\/2018\/08\/17426380_1906371736249227_6326180412931521141_n.jpg","contentUrl":"https:\/\/futbolhoy.co\/wp-content\/uploads\/2018\/08\/17426380_1906371736249227_6326180412931521141_n.jpg","width":960,"height":960,"caption":"Futbolhoy.co"},"image":{"@id":"https:\/\/futbolhoy.co\/#\/schema\/logo\/image\/"},"sameAs":["https:\/\/www.facebook.com\/FutbolHoyCol\/","https:\/\/x.com\/FutbolHoyCol","https:\/\/www.instagram.com\/futbolhoycol\/"]},{"@type":"Person","@id":"https:\/\/futbolhoy.co\/#\/schema\/person\/1721b69355b6623eaff15ac7b92d4cc3","name":"contenido","image":{"@type":"ImageObject","inLanguage":"es","@id":"https:\/\/futbolhoy.co\/#\/schema\/person\/image\/","url":"https:\/\/secure.gravatar.com\/avatar\/4f656d3256f5134f466206e7c3941518?s=96&d=mm&r=g","contentUrl":"https:\/\/secure.gravatar.com\/avatar\/4f656d3256f5134f466206e7c3941518?s=96&d=mm&r=g","caption":"contenido"}}]}},"publishpress_future_action":{"enabled":false,"date":"2026-05-02 05:06:41","action":"change-status","newStatus":"draft","terms":[],"taxonomy":"category","extraData":[]},"publishpress_future_workflow_manual_trigger":{"enabledWorkflows":[]},"_links":{"self":[{"href":"https:\/\/futbolhoy.co\/index.php\/wp-json\/wp\/v2\/posts\/118383","targetHints":{"allow":["GET"]}}],"collection":[{"href":"https:\/\/futbolhoy.co\/index.php\/wp-json\/wp\/v2\/posts"}],"about":[{"href":"https:\/\/futbolhoy.co\/index.php\/wp-json\/wp\/v2\/types\/post"}],"author":[{"embeddable":true,"href":"https:\/\/futbolhoy.co\/index.php\/wp-json\/wp\/v2\/users\/4"}],"replies":[{"embeddable":true,"href":"https:\/\/futbolhoy.co\/index.php\/wp-json\/wp\/v2\/comments?post=118383"}],"version-history":[{"count":1,"href":"https:\/\/futbolhoy.co\/index.php\/wp-json\/wp\/v2\/posts\/118383\/revisions"}],"predecessor-version":[{"id":118385,"href":"https:\/\/futbolhoy.co\/index.php\/wp-json\/wp\/v2\/posts\/118383\/revisions\/118385"}],"wp:featuredmedia":[{"embeddable":true,"href":"https:\/\/futbolhoy.co\/index.php\/wp-json\/wp\/v2\/media\/118384"}],"wp:attachment":[{"href":"https:\/\/futbolhoy.co\/index.php\/wp-json\/wp\/v2\/media?parent=118383"}],"wp:term":[{"taxonomy":"category","embeddable":true,"href":"https:\/\/futbolhoy.co\/index.php\/wp-json\/wp\/v2\/categories?post=118383"},{"taxonomy":"post_tag","embeddable":true,"href":"https:\/\/futbolhoy.co\/index.php\/wp-json\/wp\/v2\/tags?post=118383"}],"curies":[{"name":"wp","href":"https:\/\/api.w.org\/{rel}","templated":true}]}}