{"id":118386,"date":"2025-04-12T21:46:55","date_gmt":"2025-04-13T02:46:55","guid":{"rendered":"https:\/\/futbolhoy.co\/?p=118386"},"modified":"2025-04-14T08:22:44","modified_gmt":"2025-04-14T13:22:44","slug":"junior-empato-con-pasto-y-es-el-nuevo-lider-de-la-liga","status":"publish","type":"post","link":"https:\/\/futbolhoy.co\/index.php\/2025\/04\/12\/junior-empato-con-pasto-y-es-el-nuevo-lider-de-la-liga\/","title":{"rendered":"Junior empat\u00f3 con Pasto y es el nuevo l\u00edder de la Liga"},"content":{"rendered":"<p style=\"text-align: justify;\"><span style=\"font-weight: 400; font-family: helvetica, arial, sans-serif;\">En un verdadero partidazo en el estadio La Libertad de Pasto, <strong>Junior empat\u00f3 3-3 en su visita al equipo volc\u00e1nico y se mont\u00f3 al primer lugar de la Liga BetPlay,<\/strong> en el partido correspondiente a la fecha 13.<\/span><\/p>\n<p style=\"text-align: justify;\"><span style=\"font-weight: 400; font-family: helvetica, arial, sans-serif;\">El equipo de C\u00e9sar Far\u00edas lleg\u00f3 a <strong>26 puntos en la tabla y super\u00f3 por 1 a Am\u00e9rica y Millonarios,<\/strong> a la espera de lo que suceda entre los embajadores y Atl\u00e9tico Nacional en el partido que disputar\u00e1n este domingo por la jornada 13.\u00a0<\/span><\/p>\n<p style=\"text-align: justify;\"><span style=\"font-weight: 400; font-family: helvetica, arial, sans-serif;\">Desde el primer momento se vivieron emociones en Pasto. <strong>Andr\u00e9s Mauricio Alarc\u00f3n<\/strong> abri\u00f3 el marcador al minuto 16, pero Junior<strong> reaccion\u00f3 r\u00e1pidamente para que Luis \u2018Cariaco\u2019 Gonz\u00e1lez<\/strong> pusiera el 1-1 al 22\u2019 de penal.<\/span><\/p>\n<p style=\"text-align: justify;\"><span style=\"font-weight: 400; font-family: helvetica, arial, sans-serif;\">Las emociones siguieron y solo cinco minutos despu\u00e9s Deportivo Pasto se volvi\u00f3 a poner arriba, con el tanto de Johan Caicedo al 27\u2019 y luego el 3-1 tras la anotaci\u00f3n de Alarc\u00f3n nuevamente, con lo que los <strong>locales se fueron al descanso con el triunfo parcial.<\/strong><\/span><\/p>\n<p style=\"text-align: justify;\"><span style=\"font-weight: 400; font-family: helvetica, arial, sans-serif;\">Junior no detuvo la marcha e inmediatamente inici\u00f3 el segundo tiempo v<strong>olvieron a encajar una pelota<\/strong> en la red del Pasto, con el gol de <strong>Fabi\u00e1n \u00c1ngel al minuto 47,<\/strong> y finalmente la igualdad lleg\u00f3 al 71\u2019, cuando Guillermo Paiva encaj\u00f3 el 3-3 final para sumar un punto valioso de visita.\u00a0<\/span><\/p>\n<p style=\"text-align: justify;\"><span style=\"font-family: helvetica, arial, sans-serif;\"><span style=\"font-weight: 400;\">Los barranquilleros llegaron as\u00ed a 26 puntos, son primeros y esperar\u00e1n atentos el resultado entre Millonarios y Nacional, pues el ganador se pondr\u00e1 l\u00edder y bajar\u00e1 al <\/span><b>Tibur\u00f3n a la segunda posici\u00f3n.<\/b><\/span><\/p>\n","protected":false},"excerpt":{"rendered":"<p>En un verdadero partidazo en el estadio La Libertad de Pasto, Junior empat\u00f3 3-3 en su visita al equipo volc\u00e1nico y se mont\u00f3 al primer lugar de la Liga BetPlay, en el partido correspondiente a la fecha 13. El equipo de C\u00e9sar Far\u00edas lleg\u00f3 a 26 puntos en la tabla y super\u00f3 por 1 a [&hellip;]<\/p>\n","protected":false},"author":4,"featured_media":118387,"comment_status":"open","ping_status":"open","sticky":false,"template":"","format":"standard","meta":{"_acf_changed":false,"footnotes":""},"categories":[7],"tags":[],"class_list":{"0":"post-118386","1":"post","2":"type-post","3":"status-publish","4":"format-standard","5":"has-post-thumbnail","7":"category-liga-betplay"},"acf":[],"yoast_head":"<!-- This site is optimized with the Yoast SEO plugin v26.8 - https:\/\/yoast.com\/product\/yoast-seo-wordpress\/ -->\n<title>Junior empat\u00f3 con Pasto y es el nuevo l\u00edder de la Liga -<\/title>\n<meta name=\"robots\" content=\"index, follow, max-snippet:-1, max-image-preview:large, max-video-preview:-1\" \/>\n<link rel=\"canonical\" href=\"https:\/\/futbolhoy.co\/index.php\/2025\/04\/12\/junior-empato-con-pasto-y-es-el-nuevo-lider-de-la-liga\/\" \/>\n<meta property=\"og:locale\" content=\"es_ES\" \/>\n<meta property=\"og:type\" content=\"article\" \/>\n<meta property=\"og:title\" content=\"Junior empat\u00f3 con Pasto y es el nuevo l\u00edder de la Liga -\" \/>\n<meta property=\"og:description\" content=\"En un verdadero partidazo en el estadio La Libertad de Pasto, Junior empat\u00f3 3-3 en su visita al equipo volc\u00e1nico y se mont\u00f3 al primer lugar de la Liga BetPlay, en el partido correspondiente a la fecha 13. El equipo de C\u00e9sar Far\u00edas lleg\u00f3 a 26 puntos en la tabla y super\u00f3 por 1 a [&hellip;]\" \/>\n<meta property=\"og:url\" content=\"https:\/\/futbolhoy.co\/index.php\/2025\/04\/12\/junior-empato-con-pasto-y-es-el-nuevo-lider-de-la-liga\/\" \/>\n<meta property=\"article:publisher\" content=\"https:\/\/www.facebook.com\/FutbolHoyCol\/\" \/>\n<meta property=\"article:published_time\" content=\"2025-04-13T02:46:55+00:00\" \/>\n<meta property=\"article:modified_time\" content=\"2025-04-14T13:22:44+00:00\" \/>\n<meta property=\"og:image\" content=\"https:\/\/futbolhoy.co\/wp-content\/uploads\/2025\/04\/Captura-de-pantalla-2025-04-12-a-las-9.45.10\u202fp.-m-1024x682.png\" \/>\n\t<meta property=\"og:image:width\" content=\"1024\" \/>\n\t<meta property=\"og:image:height\" content=\"682\" \/>\n\t<meta property=\"og:image:type\" content=\"image\/png\" \/>\n<meta name=\"author\" content=\"contenido\" \/>\n<meta name=\"twitter:card\" content=\"summary_large_image\" \/>\n<meta name=\"twitter:creator\" content=\"@FutbolHoyCol\" \/>\n<meta name=\"twitter:site\" content=\"@FutbolHoyCol\" \/>\n<meta name=\"twitter:label1\" content=\"Escrito por\" \/>\n\t<meta name=\"twitter:data1\" content=\"contenido\" \/>\n\t<meta name=\"twitter:label2\" content=\"Tiempo de lectura\" \/>\n\t<meta name=\"twitter:data2\" content=\"1 minuto\" \/>\n<script type=\"application\/ld+json\" class=\"yoast-schema-graph\">{\"@context\":\"https:\/\/schema.org\",\"@graph\":[{\"@type\":\"Article\",\"@id\":\"https:\/\/futbolhoy.co\/index.php\/2025\/04\/12\/junior-empato-con-pasto-y-es-el-nuevo-lider-de-la-liga\/#article\",\"isPartOf\":{\"@id\":\"https:\/\/futbolhoy.co\/index.php\/2025\/04\/12\/junior-empato-con-pasto-y-es-el-nuevo-lider-de-la-liga\/\"},\"author\":{\"name\":\"contenido\",\"@id\":\"https:\/\/futbolhoy.co\/#\/schema\/person\/1721b69355b6623eaff15ac7b92d4cc3\"},\"headline\":\"Junior empat\u00f3 con Pasto y es el nuevo l\u00edder de la Liga\",\"datePublished\":\"2025-04-13T02:46:55+00:00\",\"dateModified\":\"2025-04-14T13:22:44+00:00\",\"mainEntityOfPage\":{\"@id\":\"https:\/\/futbolhoy.co\/index.php\/2025\/04\/12\/junior-empato-con-pasto-y-es-el-nuevo-lider-de-la-liga\/\"},\"wordCount\":266,\"commentCount\":0,\"publisher\":{\"@id\":\"https:\/\/futbolhoy.co\/#organization\"},\"image\":{\"@id\":\"https:\/\/futbolhoy.co\/index.php\/2025\/04\/12\/junior-empato-con-pasto-y-es-el-nuevo-lider-de-la-liga\/#primaryimage\"},\"thumbnailUrl\":\"https:\/\/futbolhoy.co\/wp-content\/uploads\/2025\/04\/Captura-de-pantalla-2025-04-12-a-las-9.45.10\u202fp.-m.png\",\"articleSection\":[\"Liga BetPlay\"],\"inLanguage\":\"es\",\"potentialAction\":[{\"@type\":\"CommentAction\",\"name\":\"Comment\",\"target\":[\"https:\/\/futbolhoy.co\/index.php\/2025\/04\/12\/junior-empato-con-pasto-y-es-el-nuevo-lider-de-la-liga\/#respond\"]}]},{\"@type\":\"WebPage\",\"@id\":\"https:\/\/futbolhoy.co\/index.php\/2025\/04\/12\/junior-empato-con-pasto-y-es-el-nuevo-lider-de-la-liga\/\",\"url\":\"https:\/\/futbolhoy.co\/index.php\/2025\/04\/12\/junior-empato-con-pasto-y-es-el-nuevo-lider-de-la-liga\/\",\"name\":\"Junior empat\u00f3 con Pasto y es el nuevo l\u00edder de la Liga -\",\"isPartOf\":{\"@id\":\"https:\/\/futbolhoy.co\/#website\"},\"primaryImageOfPage\":{\"@id\":\"https:\/\/futbolhoy.co\/index.php\/2025\/04\/12\/junior-empato-con-pasto-y-es-el-nuevo-lider-de-la-liga\/#primaryimage\"},\"image\":{\"@id\":\"https:\/\/futbolhoy.co\/index.php\/2025\/04\/12\/junior-empato-con-pasto-y-es-el-nuevo-lider-de-la-liga\/#primaryimage\"},\"thumbnailUrl\":\"https:\/\/futbolhoy.co\/wp-content\/uploads\/2025\/04\/Captura-de-pantalla-2025-04-12-a-las-9.45.10\u202fp.-m.png\",\"datePublished\":\"2025-04-13T02:46:55+00:00\",\"dateModified\":\"2025-04-14T13:22:44+00:00\",\"breadcrumb\":{\"@id\":\"https:\/\/futbolhoy.co\/index.php\/2025\/04\/12\/junior-empato-con-pasto-y-es-el-nuevo-lider-de-la-liga\/#breadcrumb\"},\"inLanguage\":\"es\",\"potentialAction\":[{\"@type\":\"ReadAction\",\"target\":[\"https:\/\/futbolhoy.co\/index.php\/2025\/04\/12\/junior-empato-con-pasto-y-es-el-nuevo-lider-de-la-liga\/\"]}]},{\"@type\":\"ImageObject\",\"inLanguage\":\"es\",\"@id\":\"https:\/\/futbolhoy.co\/index.php\/2025\/04\/12\/junior-empato-con-pasto-y-es-el-nuevo-lider-de-la-liga\/#primaryimage\",\"url\":\"https:\/\/futbolhoy.co\/wp-content\/uploads\/2025\/04\/Captura-de-pantalla-2025-04-12-a-las-9.45.10\u202fp.-m.png\",\"contentUrl\":\"https:\/\/futbolhoy.co\/wp-content\/uploads\/2025\/04\/Captura-de-pantalla-2025-04-12-a-las-9.45.10\u202fp.-m.png\",\"width\":1646,\"height\":1096},{\"@type\":\"BreadcrumbList\",\"@id\":\"https:\/\/futbolhoy.co\/index.php\/2025\/04\/12\/junior-empato-con-pasto-y-es-el-nuevo-lider-de-la-liga\/#breadcrumb\",\"itemListElement\":[{\"@type\":\"ListItem\",\"position\":1,\"name\":\"Portada\",\"item\":\"https:\/\/futbolhoy.co\/\"},{\"@type\":\"ListItem\",\"position\":2,\"name\":\"Junior empat\u00f3 con Pasto y es el nuevo l\u00edder de la Liga\"}]},{\"@type\":\"WebSite\",\"@id\":\"https:\/\/futbolhoy.co\/#website\",\"url\":\"https:\/\/futbolhoy.co\/\",\"name\":\"FutbolHoy\",\"description\":\"\",\"publisher\":{\"@id\":\"https:\/\/futbolhoy.co\/#organization\"},\"potentialAction\":[{\"@type\":\"SearchAction\",\"target\":{\"@type\":\"EntryPoint\",\"urlTemplate\":\"https:\/\/futbolhoy.co\/?s={search_term_string}\"},\"query-input\":{\"@type\":\"PropertyValueSpecification\",\"valueRequired\":true,\"valueName\":\"search_term_string\"}}],\"inLanguage\":\"es\"},{\"@type\":\"Organization\",\"@id\":\"https:\/\/futbolhoy.co\/#organization\",\"name\":\"Futbolhoy.co\",\"url\":\"https:\/\/futbolhoy.co\/\",\"logo\":{\"@type\":\"ImageObject\",\"inLanguage\":\"es\",\"@id\":\"https:\/\/futbolhoy.co\/#\/schema\/logo\/image\/\",\"url\":\"https:\/\/futbolhoy.co\/wp-content\/uploads\/2018\/08\/17426380_1906371736249227_6326180412931521141_n.jpg\",\"contentUrl\":\"https:\/\/futbolhoy.co\/wp-content\/uploads\/2018\/08\/17426380_1906371736249227_6326180412931521141_n.jpg\",\"width\":960,\"height\":960,\"caption\":\"Futbolhoy.co\"},\"image\":{\"@id\":\"https:\/\/futbolhoy.co\/#\/schema\/logo\/image\/\"},\"sameAs\":[\"https:\/\/www.facebook.com\/FutbolHoyCol\/\",\"https:\/\/x.com\/FutbolHoyCol\",\"https:\/\/www.instagram.com\/futbolhoycol\/\"]},{\"@type\":\"Person\",\"@id\":\"https:\/\/futbolhoy.co\/#\/schema\/person\/1721b69355b6623eaff15ac7b92d4cc3\",\"name\":\"contenido\",\"image\":{\"@type\":\"ImageObject\",\"inLanguage\":\"es\",\"@id\":\"https:\/\/futbolhoy.co\/#\/schema\/person\/image\/\",\"url\":\"https:\/\/secure.gravatar.com\/avatar\/4f656d3256f5134f466206e7c3941518?s=96&d=mm&r=g\",\"contentUrl\":\"https:\/\/secure.gravatar.com\/avatar\/4f656d3256f5134f466206e7c3941518?s=96&d=mm&r=g\",\"caption\":\"contenido\"}}]}<\/script>\n<!-- \/ Yoast SEO plugin. -->","yoast_head_json":{"title":"Junior empat\u00f3 con Pasto y es el nuevo l\u00edder de la Liga -","robots":{"index":"index","follow":"follow","max-snippet":"max-snippet:-1","max-image-preview":"max-image-preview:large","max-video-preview":"max-video-preview:-1"},"canonical":"https:\/\/futbolhoy.co\/index.php\/2025\/04\/12\/junior-empato-con-pasto-y-es-el-nuevo-lider-de-la-liga\/","og_locale":"es_ES","og_type":"article","og_title":"Junior empat\u00f3 con Pasto y es el nuevo l\u00edder de la Liga -","og_description":"En un verdadero partidazo en el estadio La Libertad de Pasto, Junior empat\u00f3 3-3 en su visita al equipo volc\u00e1nico y se mont\u00f3 al primer lugar de la Liga BetPlay, en el partido correspondiente a la fecha 13. El equipo de C\u00e9sar Far\u00edas lleg\u00f3 a 26 puntos en la tabla y super\u00f3 por 1 a [&hellip;]","og_url":"https:\/\/futbolhoy.co\/index.php\/2025\/04\/12\/junior-empato-con-pasto-y-es-el-nuevo-lider-de-la-liga\/","article_publisher":"https:\/\/www.facebook.com\/FutbolHoyCol\/","article_published_time":"2025-04-13T02:46:55+00:00","article_modified_time":"2025-04-14T13:22:44+00:00","og_image":[{"width":1024,"height":682,"url":"https:\/\/futbolhoy.co\/wp-content\/uploads\/2025\/04\/Captura-de-pantalla-2025-04-12-a-las-9.45.10\u202fp.-m-1024x682.png","type":"image\/png"}],"author":"contenido","twitter_card":"summary_large_image","twitter_creator":"@FutbolHoyCol","twitter_site":"@FutbolHoyCol","twitter_misc":{"Escrito por":"contenido","Tiempo de lectura":"1 minuto"},"schema":{"@context":"https:\/\/schema.org","@graph":[{"@type":"Article","@id":"https:\/\/futbolhoy.co\/index.php\/2025\/04\/12\/junior-empato-con-pasto-y-es-el-nuevo-lider-de-la-liga\/#article","isPartOf":{"@id":"https:\/\/futbolhoy.co\/index.php\/2025\/04\/12\/junior-empato-con-pasto-y-es-el-nuevo-lider-de-la-liga\/"},"author":{"name":"contenido","@id":"https:\/\/futbolhoy.co\/#\/schema\/person\/1721b69355b6623eaff15ac7b92d4cc3"},"headline":"Junior empat\u00f3 con Pasto y es el nuevo l\u00edder de la Liga","datePublished":"2025-04-13T02:46:55+00:00","dateModified":"2025-04-14T13:22:44+00:00","mainEntityOfPage":{"@id":"https:\/\/futbolhoy.co\/index.php\/2025\/04\/12\/junior-empato-con-pasto-y-es-el-nuevo-lider-de-la-liga\/"},"wordCount":266,"commentCount":0,"publisher":{"@id":"https:\/\/futbolhoy.co\/#organization"},"image":{"@id":"https:\/\/futbolhoy.co\/index.php\/2025\/04\/12\/junior-empato-con-pasto-y-es-el-nuevo-lider-de-la-liga\/#primaryimage"},"thumbnailUrl":"https:\/\/futbolhoy.co\/wp-content\/uploads\/2025\/04\/Captura-de-pantalla-2025-04-12-a-las-9.45.10\u202fp.-m.png","articleSection":["Liga BetPlay"],"inLanguage":"es","potentialAction":[{"@type":"CommentAction","name":"Comment","target":["https:\/\/futbolhoy.co\/index.php\/2025\/04\/12\/junior-empato-con-pasto-y-es-el-nuevo-lider-de-la-liga\/#respond"]}]},{"@type":"WebPage","@id":"https:\/\/futbolhoy.co\/index.php\/2025\/04\/12\/junior-empato-con-pasto-y-es-el-nuevo-lider-de-la-liga\/","url":"https:\/\/futbolhoy.co\/index.php\/2025\/04\/12\/junior-empato-con-pasto-y-es-el-nuevo-lider-de-la-liga\/","name":"Junior empat\u00f3 con Pasto y es el nuevo l\u00edder de la Liga -","isPartOf":{"@id":"https:\/\/futbolhoy.co\/#website"},"primaryImageOfPage":{"@id":"https:\/\/futbolhoy.co\/index.php\/2025\/04\/12\/junior-empato-con-pasto-y-es-el-nuevo-lider-de-la-liga\/#primaryimage"},"image":{"@id":"https:\/\/futbolhoy.co\/index.php\/2025\/04\/12\/junior-empato-con-pasto-y-es-el-nuevo-lider-de-la-liga\/#primaryimage"},"thumbnailUrl":"https:\/\/futbolhoy.co\/wp-content\/uploads\/2025\/04\/Captura-de-pantalla-2025-04-12-a-las-9.45.10\u202fp.-m.png","datePublished":"2025-04-13T02:46:55+00:00","dateModified":"2025-04-14T13:22:44+00:00","breadcrumb":{"@id":"https:\/\/futbolhoy.co\/index.php\/2025\/04\/12\/junior-empato-con-pasto-y-es-el-nuevo-lider-de-la-liga\/#breadcrumb"},"inLanguage":"es","potentialAction":[{"@type":"ReadAction","target":["https:\/\/futbolhoy.co\/index.php\/2025\/04\/12\/junior-empato-con-pasto-y-es-el-nuevo-lider-de-la-liga\/"]}]},{"@type":"ImageObject","inLanguage":"es","@id":"https:\/\/futbolhoy.co\/index.php\/2025\/04\/12\/junior-empato-con-pasto-y-es-el-nuevo-lider-de-la-liga\/#primaryimage","url":"https:\/\/futbolhoy.co\/wp-content\/uploads\/2025\/04\/Captura-de-pantalla-2025-04-12-a-las-9.45.10\u202fp.-m.png","contentUrl":"https:\/\/futbolhoy.co\/wp-content\/uploads\/2025\/04\/Captura-de-pantalla-2025-04-12-a-las-9.45.10\u202fp.-m.png","width":1646,"height":1096},{"@type":"BreadcrumbList","@id":"https:\/\/futbolhoy.co\/index.php\/2025\/04\/12\/junior-empato-con-pasto-y-es-el-nuevo-lider-de-la-liga\/#breadcrumb","itemListElement":[{"@type":"ListItem","position":1,"name":"Portada","item":"https:\/\/futbolhoy.co\/"},{"@type":"ListItem","position":2,"name":"Junior empat\u00f3 con Pasto y es el nuevo l\u00edder de la Liga"}]},{"@type":"WebSite","@id":"https:\/\/futbolhoy.co\/#website","url":"https:\/\/futbolhoy.co\/","name":"FutbolHoy","description":"","publisher":{"@id":"https:\/\/futbolhoy.co\/#organization"},"potentialAction":[{"@type":"SearchAction","target":{"@type":"EntryPoint","urlTemplate":"https:\/\/futbolhoy.co\/?s={search_term_string}"},"query-input":{"@type":"PropertyValueSpecification","valueRequired":true,"valueName":"search_term_string"}}],"inLanguage":"es"},{"@type":"Organization","@id":"https:\/\/futbolhoy.co\/#organization","name":"Futbolhoy.co","url":"https:\/\/futbolhoy.co\/","logo":{"@type":"ImageObject","inLanguage":"es","@id":"https:\/\/futbolhoy.co\/#\/schema\/logo\/image\/","url":"https:\/\/futbolhoy.co\/wp-content\/uploads\/2018\/08\/17426380_1906371736249227_6326180412931521141_n.jpg","contentUrl":"https:\/\/futbolhoy.co\/wp-content\/uploads\/2018\/08\/17426380_1906371736249227_6326180412931521141_n.jpg","width":960,"height":960,"caption":"Futbolhoy.co"},"image":{"@id":"https:\/\/futbolhoy.co\/#\/schema\/logo\/image\/"},"sameAs":["https:\/\/www.facebook.com\/FutbolHoyCol\/","https:\/\/x.com\/FutbolHoyCol","https:\/\/www.instagram.com\/futbolhoycol\/"]},{"@type":"Person","@id":"https:\/\/futbolhoy.co\/#\/schema\/person\/1721b69355b6623eaff15ac7b92d4cc3","name":"contenido","image":{"@type":"ImageObject","inLanguage":"es","@id":"https:\/\/futbolhoy.co\/#\/schema\/person\/image\/","url":"https:\/\/secure.gravatar.com\/avatar\/4f656d3256f5134f466206e7c3941518?s=96&d=mm&r=g","contentUrl":"https:\/\/secure.gravatar.com\/avatar\/4f656d3256f5134f466206e7c3941518?s=96&d=mm&r=g","caption":"contenido"}}]}},"publishpress_future_action":{"enabled":false,"date":"2026-05-02 02:26:26","action":"change-status","newStatus":"draft","terms":[],"taxonomy":"category","extraData":[]},"publishpress_future_workflow_manual_trigger":{"enabledWorkflows":[]},"_links":{"self":[{"href":"https:\/\/futbolhoy.co\/index.php\/wp-json\/wp\/v2\/posts\/118386","targetHints":{"allow":["GET"]}}],"collection":[{"href":"https:\/\/futbolhoy.co\/index.php\/wp-json\/wp\/v2\/posts"}],"about":[{"href":"https:\/\/futbolhoy.co\/index.php\/wp-json\/wp\/v2\/types\/post"}],"author":[{"embeddable":true,"href":"https:\/\/futbolhoy.co\/index.php\/wp-json\/wp\/v2\/users\/4"}],"replies":[{"embeddable":true,"href":"https:\/\/futbolhoy.co\/index.php\/wp-json\/wp\/v2\/comments?post=118386"}],"version-history":[{"count":1,"href":"https:\/\/futbolhoy.co\/index.php\/wp-json\/wp\/v2\/posts\/118386\/revisions"}],"predecessor-version":[{"id":118388,"href":"https:\/\/futbolhoy.co\/index.php\/wp-json\/wp\/v2\/posts\/118386\/revisions\/118388"}],"wp:featuredmedia":[{"embeddable":true,"href":"https:\/\/futbolhoy.co\/index.php\/wp-json\/wp\/v2\/media\/118387"}],"wp:attachment":[{"href":"https:\/\/futbolhoy.co\/index.php\/wp-json\/wp\/v2\/media?parent=118386"}],"wp:term":[{"taxonomy":"category","embeddable":true,"href":"https:\/\/futbolhoy.co\/index.php\/wp-json\/wp\/v2\/categories?post=118386"},{"taxonomy":"post_tag","embeddable":true,"href":"https:\/\/futbolhoy.co\/index.php\/wp-json\/wp\/v2\/tags?post=118386"}],"curies":[{"name":"wp","href":"https:\/\/api.w.org\/{rel}","templated":true}]}}