{"id":118623,"date":"2025-04-20T09:42:35","date_gmt":"2025-04-20T14:42:35","guid":{"rendered":"https:\/\/futbolhoy.co\/?p=118623"},"modified":"2025-04-20T20:24:14","modified_gmt":"2025-04-21T01:24:14","slug":"robert-lewandowski-se-perderia-la-final-de-la-supercopa-ante-el-real-madrid","status":"publish","type":"post","link":"https:\/\/futbolhoy.co\/index.php\/2025\/04\/20\/robert-lewandowski-se-perderia-la-final-de-la-supercopa-ante-el-real-madrid\/","title":{"rendered":"Robert Lewandowski se perder\u00eda la final de la Copa del Rey ante el Real Madrid"},"content":{"rendered":"<p style=\"text-align: justify;\"><span style=\"font-family: helvetica, arial, sans-serif;\"><strong>Barcelona<\/strong> dio a conocer el parte m\u00e9dico del goleador <strong>Robert<\/strong> <strong>Lewandowski<\/strong>, delantero polaco que sufri\u00f3 una lesi\u00f3n muscular durante el juego de este s\u00e1bado, donde los Cul\u00e9 lograron una \u00e9pica remontada 4-3 contra el <strong>Celta de Vigo.<\/strong><\/span><\/p>\n<p style=\"text-align: justify;\"><span style=\"font-family: helvetica, arial, sans-serif;\">Si bien no se confirm\u00f3 un tiempo de incapacidad aproximado, los resultados apuntan a lo que m\u00e1s se tem\u00eda, que el jugador de 36 a\u00f1os se pierda la final de la <strong>Copa del Rey<\/strong> el pr\u00f3ximo s\u00e1bado contra el <strong>Real Madrid.<\/strong><\/span><\/p>\n<p style=\"text-align: justify;\"><span style=\"font-family: helvetica, arial, sans-serif;\">\u00abLas pruebas realizadas este domingo han confirmado que Robert Lewandowski suf<strong>re una lesi\u00f3n en el semitendinoso del muslo izquierdo<\/strong>. El regreso a la din\u00e1mica con el equipo se decidir\u00e1 en funci\u00f3n de su evoluci\u00f3n\u00bb, inform\u00f3 el club.<\/span><\/p>\n<p style=\"text-align: justify;\"><span style=\"font-family: helvetica, arial, sans-serif;\"><strong>Duda tambi\u00e9n en Champions<\/strong><\/span><\/p>\n<p style=\"text-align: justify;\"><span style=\"font-family: helvetica, arial, sans-serif;\">Robert Lewandowski registra<strong> 40 goles<\/strong> marcados en todas las competencias con el Barcelona a lo largo de la presente temporada. Su tiempo de baja ser\u00eda de al menos tres semanas, por lo que tambi\u00e9n podr\u00eda perderse las semifinales de la <strong>Liga de Campeones<\/strong> contra el<strong> Inter de Mil\u00e1n.<\/strong><\/span><\/p>\n<p style=\"text-align: justify;\"><span style=\"font-family: helvetica, arial, sans-serif;\">La final de la Copa del Rey entre Barcelona y Real Madrid se disputar\u00e1 el s\u00e1bado 26 de abril en el estadio<strong> La Cartuja de Sevilla.<\/strong> El juego dar\u00e1 inicio a las 3:00PM, hora colombiana.<\/span><\/p>\n","protected":false},"excerpt":{"rendered":"<p>Barcelona dio a conocer el parte m\u00e9dico del goleador Robert Lewandowski, delantero polaco que sufri\u00f3 una lesi\u00f3n muscular durante el juego de este s\u00e1bado, donde los Cul\u00e9 lograron una \u00e9pica remontada 4-3 contra el Celta de Vigo. Si bien no se confirm\u00f3 un tiempo de incapacidad aproximado, los resultados apuntan a lo que m\u00e1s se [&hellip;]<\/p>\n","protected":false},"author":4,"featured_media":118625,"comment_status":"open","ping_status":"closed","sticky":false,"template":"","format":"standard","meta":{"_acf_changed":false,"footnotes":""},"categories":[152],"tags":[],"class_list":{"0":"post-118623","1":"post","2":"type-post","3":"status-publish","4":"format-standard","5":"has-post-thumbnail","7":"category-mundo-futbol"},"acf":[],"_links":{"self":[{"href":"https:\/\/futbolhoy.co\/index.php\/wp-json\/wp\/v2\/posts\/118623","targetHints":{"allow":["GET"]}}],"collection":[{"href":"https:\/\/futbolhoy.co\/index.php\/wp-json\/wp\/v2\/posts"}],"about":[{"href":"https:\/\/futbolhoy.co\/index.php\/wp-json\/wp\/v2\/types\/post"}],"author":[{"embeddable":true,"href":"https:\/\/futbolhoy.co\/index.php\/wp-json\/wp\/v2\/users\/4"}],"replies":[{"embeddable":true,"href":"https:\/\/futbolhoy.co\/index.php\/wp-json\/wp\/v2\/comments?post=118623"}],"version-history":[{"count":4,"href":"https:\/\/futbolhoy.co\/index.php\/wp-json\/wp\/v2\/posts\/118623\/revisions"}],"predecessor-version":[{"id":118629,"href":"https:\/\/futbolhoy.co\/index.php\/wp-json\/wp\/v2\/posts\/118623\/revisions\/118629"}],"wp:featuredmedia":[{"embeddable":true,"href":"https:\/\/futbolhoy.co\/index.php\/wp-json\/wp\/v2\/media\/118625"}],"wp:attachment":[{"href":"https:\/\/futbolhoy.co\/index.php\/wp-json\/wp\/v2\/media?parent=118623"}],"wp:term":[{"taxonomy":"category","embeddable":true,"href":"https:\/\/futbolhoy.co\/index.php\/wp-json\/wp\/v2\/categories?post=118623"},{"taxonomy":"post_tag","embeddable":true,"href":"https:\/\/futbolhoy.co\/index.php\/wp-json\/wp\/v2\/tags?post=118623"}],"curies":[{"name":"wp","href":"https:\/\/api.w.org\/{rel}","templated":true}]}}