{"id":118639,"date":"2025-04-20T17:23:18","date_gmt":"2025-04-20T22:23:18","guid":{"rendered":"https:\/\/futbolhoy.co\/?p=118639"},"modified":"2025-04-20T17:23:18","modified_gmt":"2025-04-20T22:23:18","slug":"murio-gatti-el-futbol-perdio-al-primer-loco","status":"publish","type":"post","link":"https:\/\/futbolhoy.co\/index.php\/2025\/04\/20\/murio-gatti-el-futbol-perdio-al-primer-loco\/","title":{"rendered":"Muri\u00f3 Gatti, el f\u00fatbol perdi\u00f3 al primer 'Loco'"},"content":{"rendered":"<p class=\"ydpb3b9d055MsoNormal\" style=\"text-align: justify;\"><span style=\"font-family: helvetica, arial, sans-serif;\"><b><span lang=\"ES-MX\">Hugo Orlando 'El Loco' Gatti falleci\u00f3 a los 80 a\u00f1os <\/span><\/b><span lang=\"ES-MX\">luego de sufrir varios quebrantos de salud y permanecer hospitalizado 60 d\u00edas. Fue uno de los porteros m\u00e1s emblem\u00e1ticos del f\u00fatbol argentino, donde alcanz\u00f3 la cima mundial al ser campe\u00f3n de la <b>Copa Intercontinental en 1977 con Boca Juniors<\/b>, equipo con el que tambi\u00e9n conquist\u00f3 <b>dos veces la Libertadores<\/b>. <\/span><\/span><\/p>\n<p class=\"ydpb3b9d055MsoNormal\" style=\"text-align: justify;\"><span lang=\"ES-MX\" style=\"font-family: helvetica, arial, sans-serif;\">Posee el r\u00e9cord de mayor cantidad de partidos disputados en la primera divisi\u00f3n de Argentina con <b>765 partidos en 25 a\u00f1os de <span dir=\"ltr\">carrera entre 1962<\/span> y 1988<\/b>. <\/span><\/p>\n<p class=\"ydpb3b9d055MsoNormal\" style=\"text-align: justify;\"><span lang=\"ES-MX\" style=\"font-family: helvetica, arial, sans-serif;\">Gatti pudo presumir en su historial de haber jugado en los dos clubes m\u00e1s grandes del f\u00fatbol argentino, <b>River Plate y Boca Juniors, adem\u00e1s de Atlanta, Uni\u00f3n de Santa Fe y Gimnasia y Esgrima La Plata.\u00a0 <\/b><\/span><\/p>\n<p class=\"ydpb3b9d055MsoNormal\" style=\"text-align: justify;\"><span lang=\"ES-MX\" style=\"font-family: helvetica, arial, sans-serif;\">El ex golero fue sometido a una operaci\u00f3n de fractura de cadera en el <b>hospital Pirovano de Buenos Aires<\/b> en febrero luego de caerse cuando paseaba a su mascota; el posoperatorio se complic\u00f3 por un virus y deriv\u00f3 en una neumon\u00eda. <\/span><\/p>\n<p class=\"ydpb3b9d055MsoNormal\" style=\"text-align: justify;\"><span lang=\"ES-MX\" style=\"font-family: helvetica, arial, sans-serif;\">Nacido el 19 de agosto de 1944 en la localidad argentina de <b>Carlos Tejedor<\/b> (provincia de Buenos Aires), debut\u00f3 en la Primera Divisi\u00f3n en el club Atlanta en 1962 y, dos a\u00f1os m\u00e1s tarde, comenz\u00f3 a jugar en River. <\/span><\/p>\n<p class=\"ydpb3b9d055MsoNormal\" style=\"text-align: justify;\"><span lang=\"ES-MX\" style=\"font-family: helvetica, arial, sans-serif;\">Fue traspasado al Gimnasia y Esgrima de La Plata en la temporada 1968-1969 y permaneci\u00f3 en el club hasta 1975 cuando fich\u00f3 por Uni\u00f3n de Santa Fe. <\/span><\/p>\n<p class=\"ydpb3b9d055MsoNormal\" style=\"text-align: justify;\"><span lang=\"ES-MX\" style=\"font-family: helvetica, arial, sans-serif;\">El 15 de febrero de 1976 fich\u00f3 por el Boca Juniors, club con el que vivi\u00f3 su etapa m\u00e1s exitosa. <\/span><\/p>\n<p class=\"ydpb3b9d055MsoNormal\" style=\"text-align: justify;\"><span lang=\"ES-MX\" style=\"font-family: helvetica, arial, sans-serif;\">Con el conjunto 'xeneize', gan\u00f3 <b>dos campeonatos Metropolitanos<\/b> en 1976 y 1981, uno Nacional en 1976, <span dir=\"ltr\">las dos<\/span> Libertadores en 1977 y 1978 y la Intercontinental en 1977, en una final que el equipo argentino gan\u00f3 al <b>Borussia Monchengladbach<\/b> (2-2 en la ida y 3-0 en la vuelta). <\/span><\/p>\n<p class=\"ydpb3b9d055MsoNormal\" style=\"text-align: justify;\"><span lang=\"ES-MX\" style=\"font-family: helvetica, arial, sans-serif;\">El 11 de septiembre de 1988, con 44 a\u00f1os, se retir\u00f3 en el club 'Xeneize'.<\/span><\/p>\n<p class=\"ydpb3b9d055MsoNormal\" style=\"text-align: justify;\"><span lang=\"ES-MX\" style=\"font-family: helvetica, arial, sans-serif;\">En el <b>Mundial de Inglaterra 1966<\/b> acudi\u00f3 como portero suplente de la selecci\u00f3n Argentina. Despu\u00e9s, integr\u00f3 el combinado nacional hasta 1977, participando del proceso previo al Mundial 1978, que Argentina gan\u00f3 como anfitri\u00f3n. <\/span><\/p>\n<p class=\"ydpb3b9d055MsoNormal\" style=\"text-align: justify;\"><span lang=\"ES-MX\" style=\"font-family: helvetica, arial, sans-serif;\">No obstante, Gatti renunci\u00f3 al equipo antes de la disputa de la <b>Copa del Mundo<\/b> ante la perspectiva de ser suplente de <b>Ubaldo Matildo Fillol<\/b>, con quien el entonces seleccionador, <b>C\u00e9sar Luis Menotti<\/b>, iba a contar como titular despu\u00e9s de un largo periodo de convalecencia por lesi\u00f3n del 'Loco'.<\/span><\/p>\n","protected":false},"excerpt":{"rendered":"<p>Hugo Orlando 'El Loco' Gatti falleci\u00f3 a los 80 a\u00f1os luego de sufrir varios quebrantos de salud y permanecer hospitalizado 60 d\u00edas. Fue uno de los porteros m\u00e1s emblem\u00e1ticos del f\u00fatbol argentino, donde alcanz\u00f3 la cima mundial al ser campe\u00f3n de la Copa Intercontinental en 1977 con Boca Juniors, equipo con el que tambi\u00e9n conquist\u00f3 [&hellip;]<\/p>\n","protected":false},"author":4,"featured_media":118640,"comment_status":"open","ping_status":"open","sticky":false,"template":"","format":"standard","meta":{"_acf_changed":false,"footnotes":""},"categories":[5],"tags":[],"class_list":{"0":"post-118639","1":"post","2":"type-post","3":"status-publish","4":"format-standard","5":"has-post-thumbnail","7":"category-destacados"},"acf":[],"yoast_head":"<!-- This site is optimized with the Yoast SEO plugin v26.8 - https:\/\/yoast.com\/product\/yoast-seo-wordpress\/ -->\n<title>Muri\u00f3 Gatti, el f\u00fatbol perdi\u00f3 al primer &#039;Loco&#039; -<\/title>\n<meta name=\"robots\" content=\"index, follow, max-snippet:-1, max-image-preview:large, max-video-preview:-1\" \/>\n<link rel=\"canonical\" href=\"https:\/\/futbolhoy.co\/index.php\/2025\/04\/20\/murio-gatti-el-futbol-perdio-al-primer-loco\/\" \/>\n<meta property=\"og:locale\" content=\"es_ES\" \/>\n<meta property=\"og:type\" content=\"article\" \/>\n<meta property=\"og:title\" content=\"Muri\u00f3 Gatti, el f\u00fatbol perdi\u00f3 al primer &#039;Loco&#039; -\" \/>\n<meta property=\"og:description\" content=\"Hugo Orlando &#039;El Loco&#039; Gatti falleci\u00f3 a los 80 a\u00f1os luego de sufrir varios quebrantos de salud y permanecer hospitalizado 60 d\u00edas. Fue uno de los porteros m\u00e1s emblem\u00e1ticos del f\u00fatbol argentino, donde alcanz\u00f3 la cima mundial al ser campe\u00f3n de la Copa Intercontinental en 1977 con Boca Juniors, equipo con el que tambi\u00e9n conquist\u00f3 [&hellip;]\" \/>\n<meta property=\"og:url\" content=\"https:\/\/futbolhoy.co\/index.php\/2025\/04\/20\/murio-gatti-el-futbol-perdio-al-primer-loco\/\" \/>\n<meta property=\"article:publisher\" content=\"https:\/\/www.facebook.com\/FutbolHoyCol\/\" \/>\n<meta property=\"article:published_time\" content=\"2025-04-20T22:23:18+00:00\" \/>\n<meta property=\"og:image\" content=\"https:\/\/futbolhoy.co\/wp-content\/uploads\/2025\/04\/IMG_1790.jpeg\" \/>\n\t<meta property=\"og:image:width\" content=\"1179\" \/>\n\t<meta property=\"og:image:height\" content=\"1077\" \/>\n\t<meta property=\"og:image:type\" content=\"image\/jpeg\" \/>\n<meta name=\"author\" content=\"contenido\" \/>\n<meta name=\"twitter:card\" content=\"summary_large_image\" \/>\n<meta name=\"twitter:creator\" content=\"@FutbolHoyCol\" \/>\n<meta name=\"twitter:site\" content=\"@FutbolHoyCol\" \/>\n<meta name=\"twitter:label1\" content=\"Escrito por\" \/>\n\t<meta name=\"twitter:data1\" content=\"contenido\" \/>\n\t<meta name=\"twitter:label2\" content=\"Tiempo de lectura\" \/>\n\t<meta name=\"twitter:data2\" content=\"2 minutos\" \/>\n<script type=\"application\/ld+json\" class=\"yoast-schema-graph\">{\"@context\":\"https:\/\/schema.org\",\"@graph\":[{\"@type\":\"Article\",\"@id\":\"https:\/\/futbolhoy.co\/index.php\/2025\/04\/20\/murio-gatti-el-futbol-perdio-al-primer-loco\/#article\",\"isPartOf\":{\"@id\":\"https:\/\/futbolhoy.co\/index.php\/2025\/04\/20\/murio-gatti-el-futbol-perdio-al-primer-loco\/\"},\"author\":{\"name\":\"contenido\",\"@id\":\"https:\/\/futbolhoy.co\/#\/schema\/person\/1721b69355b6623eaff15ac7b92d4cc3\"},\"headline\":\"Muri\u00f3 Gatti, el f\u00fatbol perdi\u00f3 al primer 'Loco'\",\"datePublished\":\"2025-04-20T22:23:18+00:00\",\"mainEntityOfPage\":{\"@id\":\"https:\/\/futbolhoy.co\/index.php\/2025\/04\/20\/murio-gatti-el-futbol-perdio-al-primer-loco\/\"},\"wordCount\":406,\"commentCount\":0,\"publisher\":{\"@id\":\"https:\/\/futbolhoy.co\/#organization\"},\"image\":{\"@id\":\"https:\/\/futbolhoy.co\/index.php\/2025\/04\/20\/murio-gatti-el-futbol-perdio-al-primer-loco\/#primaryimage\"},\"thumbnailUrl\":\"https:\/\/futbolhoy.co\/wp-content\/uploads\/2025\/04\/IMG_1790.jpeg\",\"articleSection\":[\"Destacados\"],\"inLanguage\":\"es\",\"potentialAction\":[{\"@type\":\"CommentAction\",\"name\":\"Comment\",\"target\":[\"https:\/\/futbolhoy.co\/index.php\/2025\/04\/20\/murio-gatti-el-futbol-perdio-al-primer-loco\/#respond\"]}]},{\"@type\":\"WebPage\",\"@id\":\"https:\/\/futbolhoy.co\/index.php\/2025\/04\/20\/murio-gatti-el-futbol-perdio-al-primer-loco\/\",\"url\":\"https:\/\/futbolhoy.co\/index.php\/2025\/04\/20\/murio-gatti-el-futbol-perdio-al-primer-loco\/\",\"name\":\"Muri\u00f3 Gatti, el f\u00fatbol perdi\u00f3 al primer 'Loco' -\",\"isPartOf\":{\"@id\":\"https:\/\/futbolhoy.co\/#website\"},\"primaryImageOfPage\":{\"@id\":\"https:\/\/futbolhoy.co\/index.php\/2025\/04\/20\/murio-gatti-el-futbol-perdio-al-primer-loco\/#primaryimage\"},\"image\":{\"@id\":\"https:\/\/futbolhoy.co\/index.php\/2025\/04\/20\/murio-gatti-el-futbol-perdio-al-primer-loco\/#primaryimage\"},\"thumbnailUrl\":\"https:\/\/futbolhoy.co\/wp-content\/uploads\/2025\/04\/IMG_1790.jpeg\",\"datePublished\":\"2025-04-20T22:23:18+00:00\",\"breadcrumb\":{\"@id\":\"https:\/\/futbolhoy.co\/index.php\/2025\/04\/20\/murio-gatti-el-futbol-perdio-al-primer-loco\/#breadcrumb\"},\"inLanguage\":\"es\",\"potentialAction\":[{\"@type\":\"ReadAction\",\"target\":[\"https:\/\/futbolhoy.co\/index.php\/2025\/04\/20\/murio-gatti-el-futbol-perdio-al-primer-loco\/\"]}]},{\"@type\":\"ImageObject\",\"inLanguage\":\"es\",\"@id\":\"https:\/\/futbolhoy.co\/index.php\/2025\/04\/20\/murio-gatti-el-futbol-perdio-al-primer-loco\/#primaryimage\",\"url\":\"https:\/\/futbolhoy.co\/wp-content\/uploads\/2025\/04\/IMG_1790.jpeg\",\"contentUrl\":\"https:\/\/futbolhoy.co\/wp-content\/uploads\/2025\/04\/IMG_1790.jpeg\",\"width\":1179,\"height\":1077},{\"@type\":\"BreadcrumbList\",\"@id\":\"https:\/\/futbolhoy.co\/index.php\/2025\/04\/20\/murio-gatti-el-futbol-perdio-al-primer-loco\/#breadcrumb\",\"itemListElement\":[{\"@type\":\"ListItem\",\"position\":1,\"name\":\"Portada\",\"item\":\"https:\/\/futbolhoy.co\/\"},{\"@type\":\"ListItem\",\"position\":2,\"name\":\"Muri\u00f3 Gatti, el f\u00fatbol perdi\u00f3 al primer 'Loco'\"}]},{\"@type\":\"WebSite\",\"@id\":\"https:\/\/futbolhoy.co\/#website\",\"url\":\"https:\/\/futbolhoy.co\/\",\"name\":\"FutbolHoy\",\"description\":\"\",\"publisher\":{\"@id\":\"https:\/\/futbolhoy.co\/#organization\"},\"potentialAction\":[{\"@type\":\"SearchAction\",\"target\":{\"@type\":\"EntryPoint\",\"urlTemplate\":\"https:\/\/futbolhoy.co\/?s={search_term_string}\"},\"query-input\":{\"@type\":\"PropertyValueSpecification\",\"valueRequired\":true,\"valueName\":\"search_term_string\"}}],\"inLanguage\":\"es\"},{\"@type\":\"Organization\",\"@id\":\"https:\/\/futbolhoy.co\/#organization\",\"name\":\"Futbolhoy.co\",\"url\":\"https:\/\/futbolhoy.co\/\",\"logo\":{\"@type\":\"ImageObject\",\"inLanguage\":\"es\",\"@id\":\"https:\/\/futbolhoy.co\/#\/schema\/logo\/image\/\",\"url\":\"https:\/\/futbolhoy.co\/wp-content\/uploads\/2018\/08\/17426380_1906371736249227_6326180412931521141_n.jpg\",\"contentUrl\":\"https:\/\/futbolhoy.co\/wp-content\/uploads\/2018\/08\/17426380_1906371736249227_6326180412931521141_n.jpg\",\"width\":960,\"height\":960,\"caption\":\"Futbolhoy.co\"},\"image\":{\"@id\":\"https:\/\/futbolhoy.co\/#\/schema\/logo\/image\/\"},\"sameAs\":[\"https:\/\/www.facebook.com\/FutbolHoyCol\/\",\"https:\/\/x.com\/FutbolHoyCol\",\"https:\/\/www.instagram.com\/futbolhoycol\/\"]},{\"@type\":\"Person\",\"@id\":\"https:\/\/futbolhoy.co\/#\/schema\/person\/1721b69355b6623eaff15ac7b92d4cc3\",\"name\":\"contenido\",\"image\":{\"@type\":\"ImageObject\",\"inLanguage\":\"es\",\"@id\":\"https:\/\/futbolhoy.co\/#\/schema\/person\/image\/\",\"url\":\"https:\/\/secure.gravatar.com\/avatar\/4f656d3256f5134f466206e7c3941518?s=96&d=mm&r=g\",\"contentUrl\":\"https:\/\/secure.gravatar.com\/avatar\/4f656d3256f5134f466206e7c3941518?s=96&d=mm&r=g\",\"caption\":\"contenido\"}}]}<\/script>\n<!-- \/ Yoast SEO plugin. -->","yoast_head_json":{"title":"Muri\u00f3 Gatti, el f\u00fatbol perdi\u00f3 al primer 'Loco' -","robots":{"index":"index","follow":"follow","max-snippet":"max-snippet:-1","max-image-preview":"max-image-preview:large","max-video-preview":"max-video-preview:-1"},"canonical":"https:\/\/futbolhoy.co\/index.php\/2025\/04\/20\/murio-gatti-el-futbol-perdio-al-primer-loco\/","og_locale":"es_ES","og_type":"article","og_title":"Muri\u00f3 Gatti, el f\u00fatbol perdi\u00f3 al primer 'Loco' -","og_description":"Hugo Orlando 'El Loco' Gatti falleci\u00f3 a los 80 a\u00f1os luego de sufrir varios quebrantos de salud y permanecer hospitalizado 60 d\u00edas. Fue uno de los porteros m\u00e1s emblem\u00e1ticos del f\u00fatbol argentino, donde alcanz\u00f3 la cima mundial al ser campe\u00f3n de la Copa Intercontinental en 1977 con Boca Juniors, equipo con el que tambi\u00e9n conquist\u00f3 [&hellip;]","og_url":"https:\/\/futbolhoy.co\/index.php\/2025\/04\/20\/murio-gatti-el-futbol-perdio-al-primer-loco\/","article_publisher":"https:\/\/www.facebook.com\/FutbolHoyCol\/","article_published_time":"2025-04-20T22:23:18+00:00","og_image":[{"width":1179,"height":1077,"url":"https:\/\/futbolhoy.co\/wp-content\/uploads\/2025\/04\/IMG_1790.jpeg","type":"image\/jpeg"}],"author":"contenido","twitter_card":"summary_large_image","twitter_creator":"@FutbolHoyCol","twitter_site":"@FutbolHoyCol","twitter_misc":{"Escrito por":"contenido","Tiempo de lectura":"2 minutos"},"schema":{"@context":"https:\/\/schema.org","@graph":[{"@type":"Article","@id":"https:\/\/futbolhoy.co\/index.php\/2025\/04\/20\/murio-gatti-el-futbol-perdio-al-primer-loco\/#article","isPartOf":{"@id":"https:\/\/futbolhoy.co\/index.php\/2025\/04\/20\/murio-gatti-el-futbol-perdio-al-primer-loco\/"},"author":{"name":"contenido","@id":"https:\/\/futbolhoy.co\/#\/schema\/person\/1721b69355b6623eaff15ac7b92d4cc3"},"headline":"Muri\u00f3 Gatti, el f\u00fatbol perdi\u00f3 al primer 'Loco'","datePublished":"2025-04-20T22:23:18+00:00","mainEntityOfPage":{"@id":"https:\/\/futbolhoy.co\/index.php\/2025\/04\/20\/murio-gatti-el-futbol-perdio-al-primer-loco\/"},"wordCount":406,"commentCount":0,"publisher":{"@id":"https:\/\/futbolhoy.co\/#organization"},"image":{"@id":"https:\/\/futbolhoy.co\/index.php\/2025\/04\/20\/murio-gatti-el-futbol-perdio-al-primer-loco\/#primaryimage"},"thumbnailUrl":"https:\/\/futbolhoy.co\/wp-content\/uploads\/2025\/04\/IMG_1790.jpeg","articleSection":["Destacados"],"inLanguage":"es","potentialAction":[{"@type":"CommentAction","name":"Comment","target":["https:\/\/futbolhoy.co\/index.php\/2025\/04\/20\/murio-gatti-el-futbol-perdio-al-primer-loco\/#respond"]}]},{"@type":"WebPage","@id":"https:\/\/futbolhoy.co\/index.php\/2025\/04\/20\/murio-gatti-el-futbol-perdio-al-primer-loco\/","url":"https:\/\/futbolhoy.co\/index.php\/2025\/04\/20\/murio-gatti-el-futbol-perdio-al-primer-loco\/","name":"Muri\u00f3 Gatti, el f\u00fatbol perdi\u00f3 al primer 'Loco' -","isPartOf":{"@id":"https:\/\/futbolhoy.co\/#website"},"primaryImageOfPage":{"@id":"https:\/\/futbolhoy.co\/index.php\/2025\/04\/20\/murio-gatti-el-futbol-perdio-al-primer-loco\/#primaryimage"},"image":{"@id":"https:\/\/futbolhoy.co\/index.php\/2025\/04\/20\/murio-gatti-el-futbol-perdio-al-primer-loco\/#primaryimage"},"thumbnailUrl":"https:\/\/futbolhoy.co\/wp-content\/uploads\/2025\/04\/IMG_1790.jpeg","datePublished":"2025-04-20T22:23:18+00:00","breadcrumb":{"@id":"https:\/\/futbolhoy.co\/index.php\/2025\/04\/20\/murio-gatti-el-futbol-perdio-al-primer-loco\/#breadcrumb"},"inLanguage":"es","potentialAction":[{"@type":"ReadAction","target":["https:\/\/futbolhoy.co\/index.php\/2025\/04\/20\/murio-gatti-el-futbol-perdio-al-primer-loco\/"]}]},{"@type":"ImageObject","inLanguage":"es","@id":"https:\/\/futbolhoy.co\/index.php\/2025\/04\/20\/murio-gatti-el-futbol-perdio-al-primer-loco\/#primaryimage","url":"https:\/\/futbolhoy.co\/wp-content\/uploads\/2025\/04\/IMG_1790.jpeg","contentUrl":"https:\/\/futbolhoy.co\/wp-content\/uploads\/2025\/04\/IMG_1790.jpeg","width":1179,"height":1077},{"@type":"BreadcrumbList","@id":"https:\/\/futbolhoy.co\/index.php\/2025\/04\/20\/murio-gatti-el-futbol-perdio-al-primer-loco\/#breadcrumb","itemListElement":[{"@type":"ListItem","position":1,"name":"Portada","item":"https:\/\/futbolhoy.co\/"},{"@type":"ListItem","position":2,"name":"Muri\u00f3 Gatti, el f\u00fatbol perdi\u00f3 al primer 'Loco'"}]},{"@type":"WebSite","@id":"https:\/\/futbolhoy.co\/#website","url":"https:\/\/futbolhoy.co\/","name":"FutbolHoy","description":"","publisher":{"@id":"https:\/\/futbolhoy.co\/#organization"},"potentialAction":[{"@type":"SearchAction","target":{"@type":"EntryPoint","urlTemplate":"https:\/\/futbolhoy.co\/?s={search_term_string}"},"query-input":{"@type":"PropertyValueSpecification","valueRequired":true,"valueName":"search_term_string"}}],"inLanguage":"es"},{"@type":"Organization","@id":"https:\/\/futbolhoy.co\/#organization","name":"Futbolhoy.co","url":"https:\/\/futbolhoy.co\/","logo":{"@type":"ImageObject","inLanguage":"es","@id":"https:\/\/futbolhoy.co\/#\/schema\/logo\/image\/","url":"https:\/\/futbolhoy.co\/wp-content\/uploads\/2018\/08\/17426380_1906371736249227_6326180412931521141_n.jpg","contentUrl":"https:\/\/futbolhoy.co\/wp-content\/uploads\/2018\/08\/17426380_1906371736249227_6326180412931521141_n.jpg","width":960,"height":960,"caption":"Futbolhoy.co"},"image":{"@id":"https:\/\/futbolhoy.co\/#\/schema\/logo\/image\/"},"sameAs":["https:\/\/www.facebook.com\/FutbolHoyCol\/","https:\/\/x.com\/FutbolHoyCol","https:\/\/www.instagram.com\/futbolhoycol\/"]},{"@type":"Person","@id":"https:\/\/futbolhoy.co\/#\/schema\/person\/1721b69355b6623eaff15ac7b92d4cc3","name":"contenido","image":{"@type":"ImageObject","inLanguage":"es","@id":"https:\/\/futbolhoy.co\/#\/schema\/person\/image\/","url":"https:\/\/secure.gravatar.com\/avatar\/4f656d3256f5134f466206e7c3941518?s=96&d=mm&r=g","contentUrl":"https:\/\/secure.gravatar.com\/avatar\/4f656d3256f5134f466206e7c3941518?s=96&d=mm&r=g","caption":"contenido"}}]}},"publishpress_future_action":{"enabled":false,"date":"2026-05-06 13:16:57","action":"change-status","newStatus":"draft","terms":[],"taxonomy":"category","extraData":[]},"publishpress_future_workflow_manual_trigger":{"enabledWorkflows":[]},"_links":{"self":[{"href":"https:\/\/futbolhoy.co\/index.php\/wp-json\/wp\/v2\/posts\/118639","targetHints":{"allow":["GET"]}}],"collection":[{"href":"https:\/\/futbolhoy.co\/index.php\/wp-json\/wp\/v2\/posts"}],"about":[{"href":"https:\/\/futbolhoy.co\/index.php\/wp-json\/wp\/v2\/types\/post"}],"author":[{"embeddable":true,"href":"https:\/\/futbolhoy.co\/index.php\/wp-json\/wp\/v2\/users\/4"}],"replies":[{"embeddable":true,"href":"https:\/\/futbolhoy.co\/index.php\/wp-json\/wp\/v2\/comments?post=118639"}],"version-history":[{"count":1,"href":"https:\/\/futbolhoy.co\/index.php\/wp-json\/wp\/v2\/posts\/118639\/revisions"}],"predecessor-version":[{"id":118641,"href":"https:\/\/futbolhoy.co\/index.php\/wp-json\/wp\/v2\/posts\/118639\/revisions\/118641"}],"wp:featuredmedia":[{"embeddable":true,"href":"https:\/\/futbolhoy.co\/index.php\/wp-json\/wp\/v2\/media\/118640"}],"wp:attachment":[{"href":"https:\/\/futbolhoy.co\/index.php\/wp-json\/wp\/v2\/media?parent=118639"}],"wp:term":[{"taxonomy":"category","embeddable":true,"href":"https:\/\/futbolhoy.co\/index.php\/wp-json\/wp\/v2\/categories?post=118639"},{"taxonomy":"post_tag","embeddable":true,"href":"https:\/\/futbolhoy.co\/index.php\/wp-json\/wp\/v2\/tags?post=118639"}],"curies":[{"name":"wp","href":"https:\/\/api.w.org\/{rel}","templated":true}]}}