{"id":118645,"date":"2025-04-20T22:37:26","date_gmt":"2025-04-21T03:37:26","guid":{"rendered":"https:\/\/futbolhoy.co\/?p=118645"},"modified":"2025-04-22T07:40:33","modified_gmt":"2025-04-22T12:40:33","slug":"james-rodriguez-expulsado-en-derrota-de-leon","status":"publish","type":"post","link":"https:\/\/futbolhoy.co\/index.php\/2025\/04\/20\/james-rodriguez-expulsado-en-derrota-de-leon\/","title":{"rendered":"James Rodr\u00edguez, expulsado en derrota de Le\u00f3n"},"content":{"rendered":"<p style=\"text-align: justify;\"><span style=\"font-family: helvetica, arial, sans-serif;\"><strong>Le\u00f3n<\/strong> vivi\u00f3 una noche de terror en la \u00faltima fecha de la fase regular del f\u00fatbol mexicano. En casa, el equipo de <strong>Eduardo Berizzo<\/strong> cay\u00f3 0-2 contra <strong>Monterrey<\/strong>, siendo <strong>expulsado<\/strong> su capit\u00e1n, <strong>James Rodr\u00edguez.<\/strong><\/span><\/p>\n<p style=\"text-align: justify;\"><span style=\"font-family: helvetica, arial, sans-serif;\">James, quien tuvo un encuentro especial con el espa\u00f1ol <strong>Sergio Ramos,<\/strong> su excompa\u00f1ero en el<strong> Real Madrid,<\/strong> vio la cartulina roja a los 69 minutos, viendo dos cartulinas amarillas en un instante tras un reclamo airado al \u00e1rbitro central, luego de una falta que no le fue sancionada al colombiano.<\/span><\/p>\n<blockquote class=\"twitter-tweet\" data-media-max-width=\"560\">\n<p dir=\"ltr\" lang=\"es\">James Rodr\u00edguez EXPULSADO POR PROTESTAR en Le\u00f3n contra Monterrey. Recibi\u00f3 dos amarillas en cuesti\u00f3n de SEGUNDOS. <a href=\"https:\/\/t.co\/VwbAkZA67I\">pic.twitter.com\/VwbAkZA67I<\/a><\/p>\n<p>\u2014 Pablo Giralt (@giraltpablo) <a href=\"https:\/\/twitter.com\/giraltpablo\/status\/1914154191410643305?ref_src=twsrc%5Etfw\">April 21, 2025<\/a><\/p><\/blockquote>\n<p style=\"text-align: justify;\"><script async src=\"https:\/\/platform.twitter.com\/widgets.js\" charset=\"utf-8\"><\/script><span style=\"font-family: helvetica, arial, sans-serif;\">En el momento de la expulsi\u00f3n, Monterrey ya ganaba 0-2. El primer tanto fue obra de <strong>Iker Fimbres,<\/strong> a los 9 minutos; mientras que el tambi\u00e9n colombiano <strong>Nelson Deossa<\/strong> se report\u00f3 a los 52 minutos con un aut\u00e9ntico golazo.<\/span><\/p>\n<blockquote class=\"twitter-tweet\" data-media-max-width=\"560\">\n<p dir=\"ltr\" lang=\"es\">De billar el gol de Nelson Deossa que muestra su respaldo a Mart\u00edn Demichelis.<\/p>\n<p><a href=\"https:\/\/t.co\/5KNTvUAeUC\">pic.twitter.com\/5KNTvUAeUC<\/a><\/p>\n<p>\u2014 @QuePasaEnNL \u00ae\ufe0f (@LoQuePasaEnNL) <a href=\"https:\/\/twitter.com\/LoQuePasaEnNL\/status\/1914145292049404226?ref_src=twsrc%5Etfw\">April 21, 2025<\/a><\/p><\/blockquote>\n<p style=\"text-align: justify;\"><script async src=\"https:\/\/platform.twitter.com\/widgets.js\" charset=\"utf-8\"><\/script><span style=\"font-family: helvetica, arial, sans-serif;\"><strong>Le\u00f3n, clasificado directamente a las series finales<\/strong><\/span><\/p>\n<p style=\"text-align: justify;\"><span style=\"font-family: helvetica, arial, sans-serif;\">A pesar de la derrota, Le\u00f3n logr\u00f3 conseguir uno de los 6 cupos directos a las series finales del f\u00fatbol mexicano, sumando 30 puntos. Los otros cinco clasificados directos fueron <strong>Toluca (37), Am\u00e9rica (34), Cruz Azul (33), Tigres (33) y Necaxa (31).<\/strong><\/span><\/p>\n<p style=\"text-align: justify;\"><span style=\"font-family: helvetica, arial, sans-serif;\">Por su parte, los cuatro equipos que disputar\u00e1n el repechaje para acceder a las series finales son <strong>Monterrey, Pachuca, Ju\u00e1rez y Pumas,<\/strong> equipo dirigido por<strong> Efra\u00edn Ju\u00e1rez.<\/strong><\/span><\/p>\n","protected":false},"excerpt":{"rendered":"<p>Le\u00f3n vivi\u00f3 una noche de terror en la \u00faltima fecha de la fase regular del f\u00fatbol mexicano. En casa, el equipo de Eduardo Berizzo cay\u00f3 0-2 contra Monterrey, siendo expulsado su capit\u00e1n, James Rodr\u00edguez. James, quien tuvo un encuentro especial con el espa\u00f1ol Sergio Ramos, su excompa\u00f1ero en el Real Madrid, vio la cartulina roja [&hellip;]<\/p>\n","protected":false},"author":7,"featured_media":118646,"comment_status":"open","ping_status":"open","sticky":false,"template":"","format":"standard","meta":{"_acf_changed":false,"footnotes":""},"categories":[418],"tags":[],"class_list":{"0":"post-118645","1":"post","2":"type-post","3":"status-publish","4":"format-standard","5":"has-post-thumbnail","7":"category-colombia"},"acf":[],"yoast_head":"<!-- This site is optimized with the Yoast SEO plugin v26.8 - https:\/\/yoast.com\/product\/yoast-seo-wordpress\/ -->\n<title>James Rodr\u00edguez, expulsado en derrota de Le\u00f3n -<\/title>\n<meta name=\"robots\" content=\"index, follow, max-snippet:-1, max-image-preview:large, max-video-preview:-1\" \/>\n<link rel=\"canonical\" href=\"https:\/\/futbolhoy.co\/index.php\/2025\/04\/20\/james-rodriguez-expulsado-en-derrota-de-leon\/\" \/>\n<meta property=\"og:locale\" content=\"es_ES\" \/>\n<meta property=\"og:type\" content=\"article\" \/>\n<meta property=\"og:title\" content=\"James Rodr\u00edguez, expulsado en derrota de Le\u00f3n -\" \/>\n<meta property=\"og:description\" content=\"Le\u00f3n vivi\u00f3 una noche de terror en la \u00faltima fecha de la fase regular del f\u00fatbol mexicano. En casa, el equipo de Eduardo Berizzo cay\u00f3 0-2 contra Monterrey, siendo expulsado su capit\u00e1n, James Rodr\u00edguez. James, quien tuvo un encuentro especial con el espa\u00f1ol Sergio Ramos, su excompa\u00f1ero en el Real Madrid, vio la cartulina roja [&hellip;]\" \/>\n<meta property=\"og:url\" content=\"https:\/\/futbolhoy.co\/index.php\/2025\/04\/20\/james-rodriguez-expulsado-en-derrota-de-leon\/\" \/>\n<meta property=\"article:publisher\" content=\"https:\/\/www.facebook.com\/FutbolHoyCol\/\" \/>\n<meta property=\"article:published_time\" content=\"2025-04-21T03:37:26+00:00\" \/>\n<meta property=\"article:modified_time\" content=\"2025-04-22T12:40:33+00:00\" \/>\n<meta property=\"og:image\" content=\"https:\/\/futbolhoy.co\/wp-content\/uploads\/2025\/04\/GpBWf3OWYAAELNW-scaled.jpg\" \/>\n\t<meta property=\"og:image:width\" content=\"2560\" \/>\n\t<meta property=\"og:image:height\" content=\"1704\" \/>\n\t<meta property=\"og:image:type\" content=\"image\/jpeg\" \/>\n<meta name=\"author\" content=\"Cristian Pinillos\" \/>\n<meta name=\"twitter:card\" content=\"summary_large_image\" \/>\n<meta name=\"twitter:creator\" content=\"@FutbolHoyCol\" \/>\n<meta name=\"twitter:site\" content=\"@FutbolHoyCol\" \/>\n<meta name=\"twitter:label1\" content=\"Escrito por\" \/>\n\t<meta name=\"twitter:data1\" content=\"Cristian Pinillos\" \/>\n\t<meta name=\"twitter:label2\" content=\"Tiempo de lectura\" \/>\n\t<meta name=\"twitter:data2\" content=\"1 minuto\" \/>\n<script type=\"application\/ld+json\" class=\"yoast-schema-graph\">{\"@context\":\"https:\/\/schema.org\",\"@graph\":[{\"@type\":\"Article\",\"@id\":\"https:\/\/futbolhoy.co\/index.php\/2025\/04\/20\/james-rodriguez-expulsado-en-derrota-de-leon\/#article\",\"isPartOf\":{\"@id\":\"https:\/\/futbolhoy.co\/index.php\/2025\/04\/20\/james-rodriguez-expulsado-en-derrota-de-leon\/\"},\"author\":{\"name\":\"Cristian Pinillos\",\"@id\":\"https:\/\/futbolhoy.co\/#\/schema\/person\/39e73ec24bf4a1b0744ebae842dbe949\"},\"headline\":\"James Rodr\u00edguez, expulsado en derrota de Le\u00f3n\",\"datePublished\":\"2025-04-21T03:37:26+00:00\",\"dateModified\":\"2025-04-22T12:40:33+00:00\",\"mainEntityOfPage\":{\"@id\":\"https:\/\/futbolhoy.co\/index.php\/2025\/04\/20\/james-rodriguez-expulsado-en-derrota-de-leon\/\"},\"wordCount\":265,\"commentCount\":0,\"publisher\":{\"@id\":\"https:\/\/futbolhoy.co\/#organization\"},\"image\":{\"@id\":\"https:\/\/futbolhoy.co\/index.php\/2025\/04\/20\/james-rodriguez-expulsado-en-derrota-de-leon\/#primaryimage\"},\"thumbnailUrl\":\"https:\/\/futbolhoy.co\/wp-content\/uploads\/2025\/04\/GpBWf3OWYAAELNW-scaled.jpg\",\"articleSection\":[\"Colombia\"],\"inLanguage\":\"es\",\"potentialAction\":[{\"@type\":\"CommentAction\",\"name\":\"Comment\",\"target\":[\"https:\/\/futbolhoy.co\/index.php\/2025\/04\/20\/james-rodriguez-expulsado-en-derrota-de-leon\/#respond\"]}]},{\"@type\":\"WebPage\",\"@id\":\"https:\/\/futbolhoy.co\/index.php\/2025\/04\/20\/james-rodriguez-expulsado-en-derrota-de-leon\/\",\"url\":\"https:\/\/futbolhoy.co\/index.php\/2025\/04\/20\/james-rodriguez-expulsado-en-derrota-de-leon\/\",\"name\":\"James Rodr\u00edguez, expulsado en derrota de Le\u00f3n -\",\"isPartOf\":{\"@id\":\"https:\/\/futbolhoy.co\/#website\"},\"primaryImageOfPage\":{\"@id\":\"https:\/\/futbolhoy.co\/index.php\/2025\/04\/20\/james-rodriguez-expulsado-en-derrota-de-leon\/#primaryimage\"},\"image\":{\"@id\":\"https:\/\/futbolhoy.co\/index.php\/2025\/04\/20\/james-rodriguez-expulsado-en-derrota-de-leon\/#primaryimage\"},\"thumbnailUrl\":\"https:\/\/futbolhoy.co\/wp-content\/uploads\/2025\/04\/GpBWf3OWYAAELNW-scaled.jpg\",\"datePublished\":\"2025-04-21T03:37:26+00:00\",\"dateModified\":\"2025-04-22T12:40:33+00:00\",\"breadcrumb\":{\"@id\":\"https:\/\/futbolhoy.co\/index.php\/2025\/04\/20\/james-rodriguez-expulsado-en-derrota-de-leon\/#breadcrumb\"},\"inLanguage\":\"es\",\"potentialAction\":[{\"@type\":\"ReadAction\",\"target\":[\"https:\/\/futbolhoy.co\/index.php\/2025\/04\/20\/james-rodriguez-expulsado-en-derrota-de-leon\/\"]}]},{\"@type\":\"ImageObject\",\"inLanguage\":\"es\",\"@id\":\"https:\/\/futbolhoy.co\/index.php\/2025\/04\/20\/james-rodriguez-expulsado-en-derrota-de-leon\/#primaryimage\",\"url\":\"https:\/\/futbolhoy.co\/wp-content\/uploads\/2025\/04\/GpBWf3OWYAAELNW-scaled.jpg\",\"contentUrl\":\"https:\/\/futbolhoy.co\/wp-content\/uploads\/2025\/04\/GpBWf3OWYAAELNW-scaled.jpg\",\"width\":2560,\"height\":1704},{\"@type\":\"BreadcrumbList\",\"@id\":\"https:\/\/futbolhoy.co\/index.php\/2025\/04\/20\/james-rodriguez-expulsado-en-derrota-de-leon\/#breadcrumb\",\"itemListElement\":[{\"@type\":\"ListItem\",\"position\":1,\"name\":\"Portada\",\"item\":\"https:\/\/futbolhoy.co\/\"},{\"@type\":\"ListItem\",\"position\":2,\"name\":\"James Rodr\u00edguez, expulsado en derrota de Le\u00f3n\"}]},{\"@type\":\"WebSite\",\"@id\":\"https:\/\/futbolhoy.co\/#website\",\"url\":\"https:\/\/futbolhoy.co\/\",\"name\":\"FutbolHoy\",\"description\":\"\",\"publisher\":{\"@id\":\"https:\/\/futbolhoy.co\/#organization\"},\"potentialAction\":[{\"@type\":\"SearchAction\",\"target\":{\"@type\":\"EntryPoint\",\"urlTemplate\":\"https:\/\/futbolhoy.co\/?s={search_term_string}\"},\"query-input\":{\"@type\":\"PropertyValueSpecification\",\"valueRequired\":true,\"valueName\":\"search_term_string\"}}],\"inLanguage\":\"es\"},{\"@type\":\"Organization\",\"@id\":\"https:\/\/futbolhoy.co\/#organization\",\"name\":\"Futbolhoy.co\",\"url\":\"https:\/\/futbolhoy.co\/\",\"logo\":{\"@type\":\"ImageObject\",\"inLanguage\":\"es\",\"@id\":\"https:\/\/futbolhoy.co\/#\/schema\/logo\/image\/\",\"url\":\"https:\/\/futbolhoy.co\/wp-content\/uploads\/2018\/08\/17426380_1906371736249227_6326180412931521141_n.jpg\",\"contentUrl\":\"https:\/\/futbolhoy.co\/wp-content\/uploads\/2018\/08\/17426380_1906371736249227_6326180412931521141_n.jpg\",\"width\":960,\"height\":960,\"caption\":\"Futbolhoy.co\"},\"image\":{\"@id\":\"https:\/\/futbolhoy.co\/#\/schema\/logo\/image\/\"},\"sameAs\":[\"https:\/\/www.facebook.com\/FutbolHoyCol\/\",\"https:\/\/x.com\/FutbolHoyCol\",\"https:\/\/www.instagram.com\/futbolhoycol\/\"]},{\"@type\":\"Person\",\"@id\":\"https:\/\/futbolhoy.co\/#\/schema\/person\/39e73ec24bf4a1b0744ebae842dbe949\",\"name\":\"Cristian Pinillos\",\"image\":{\"@type\":\"ImageObject\",\"inLanguage\":\"es\",\"@id\":\"https:\/\/futbolhoy.co\/#\/schema\/person\/image\/\",\"url\":\"https:\/\/secure.gravatar.com\/avatar\/b95416758f6d04a492958ac913541a0c?s=96&d=mm&r=g\",\"contentUrl\":\"https:\/\/secure.gravatar.com\/avatar\/b95416758f6d04a492958ac913541a0c?s=96&d=mm&r=g\",\"caption\":\"Cristian Pinillos\"}}]}<\/script>\n<!-- \/ Yoast SEO plugin. -->","yoast_head_json":{"title":"James Rodr\u00edguez, expulsado en derrota de Le\u00f3n -","robots":{"index":"index","follow":"follow","max-snippet":"max-snippet:-1","max-image-preview":"max-image-preview:large","max-video-preview":"max-video-preview:-1"},"canonical":"https:\/\/futbolhoy.co\/index.php\/2025\/04\/20\/james-rodriguez-expulsado-en-derrota-de-leon\/","og_locale":"es_ES","og_type":"article","og_title":"James Rodr\u00edguez, expulsado en derrota de Le\u00f3n -","og_description":"Le\u00f3n vivi\u00f3 una noche de terror en la \u00faltima fecha de la fase regular del f\u00fatbol mexicano. En casa, el equipo de Eduardo Berizzo cay\u00f3 0-2 contra Monterrey, siendo expulsado su capit\u00e1n, James Rodr\u00edguez. James, quien tuvo un encuentro especial con el espa\u00f1ol Sergio Ramos, su excompa\u00f1ero en el Real Madrid, vio la cartulina roja [&hellip;]","og_url":"https:\/\/futbolhoy.co\/index.php\/2025\/04\/20\/james-rodriguez-expulsado-en-derrota-de-leon\/","article_publisher":"https:\/\/www.facebook.com\/FutbolHoyCol\/","article_published_time":"2025-04-21T03:37:26+00:00","article_modified_time":"2025-04-22T12:40:33+00:00","og_image":[{"width":2560,"height":1704,"url":"https:\/\/futbolhoy.co\/wp-content\/uploads\/2025\/04\/GpBWf3OWYAAELNW-scaled.jpg","type":"image\/jpeg"}],"author":"Cristian Pinillos","twitter_card":"summary_large_image","twitter_creator":"@FutbolHoyCol","twitter_site":"@FutbolHoyCol","twitter_misc":{"Escrito por":"Cristian Pinillos","Tiempo de lectura":"1 minuto"},"schema":{"@context":"https:\/\/schema.org","@graph":[{"@type":"Article","@id":"https:\/\/futbolhoy.co\/index.php\/2025\/04\/20\/james-rodriguez-expulsado-en-derrota-de-leon\/#article","isPartOf":{"@id":"https:\/\/futbolhoy.co\/index.php\/2025\/04\/20\/james-rodriguez-expulsado-en-derrota-de-leon\/"},"author":{"name":"Cristian Pinillos","@id":"https:\/\/futbolhoy.co\/#\/schema\/person\/39e73ec24bf4a1b0744ebae842dbe949"},"headline":"James Rodr\u00edguez, expulsado en derrota de Le\u00f3n","datePublished":"2025-04-21T03:37:26+00:00","dateModified":"2025-04-22T12:40:33+00:00","mainEntityOfPage":{"@id":"https:\/\/futbolhoy.co\/index.php\/2025\/04\/20\/james-rodriguez-expulsado-en-derrota-de-leon\/"},"wordCount":265,"commentCount":0,"publisher":{"@id":"https:\/\/futbolhoy.co\/#organization"},"image":{"@id":"https:\/\/futbolhoy.co\/index.php\/2025\/04\/20\/james-rodriguez-expulsado-en-derrota-de-leon\/#primaryimage"},"thumbnailUrl":"https:\/\/futbolhoy.co\/wp-content\/uploads\/2025\/04\/GpBWf3OWYAAELNW-scaled.jpg","articleSection":["Colombia"],"inLanguage":"es","potentialAction":[{"@type":"CommentAction","name":"Comment","target":["https:\/\/futbolhoy.co\/index.php\/2025\/04\/20\/james-rodriguez-expulsado-en-derrota-de-leon\/#respond"]}]},{"@type":"WebPage","@id":"https:\/\/futbolhoy.co\/index.php\/2025\/04\/20\/james-rodriguez-expulsado-en-derrota-de-leon\/","url":"https:\/\/futbolhoy.co\/index.php\/2025\/04\/20\/james-rodriguez-expulsado-en-derrota-de-leon\/","name":"James Rodr\u00edguez, expulsado en derrota de Le\u00f3n -","isPartOf":{"@id":"https:\/\/futbolhoy.co\/#website"},"primaryImageOfPage":{"@id":"https:\/\/futbolhoy.co\/index.php\/2025\/04\/20\/james-rodriguez-expulsado-en-derrota-de-leon\/#primaryimage"},"image":{"@id":"https:\/\/futbolhoy.co\/index.php\/2025\/04\/20\/james-rodriguez-expulsado-en-derrota-de-leon\/#primaryimage"},"thumbnailUrl":"https:\/\/futbolhoy.co\/wp-content\/uploads\/2025\/04\/GpBWf3OWYAAELNW-scaled.jpg","datePublished":"2025-04-21T03:37:26+00:00","dateModified":"2025-04-22T12:40:33+00:00","breadcrumb":{"@id":"https:\/\/futbolhoy.co\/index.php\/2025\/04\/20\/james-rodriguez-expulsado-en-derrota-de-leon\/#breadcrumb"},"inLanguage":"es","potentialAction":[{"@type":"ReadAction","target":["https:\/\/futbolhoy.co\/index.php\/2025\/04\/20\/james-rodriguez-expulsado-en-derrota-de-leon\/"]}]},{"@type":"ImageObject","inLanguage":"es","@id":"https:\/\/futbolhoy.co\/index.php\/2025\/04\/20\/james-rodriguez-expulsado-en-derrota-de-leon\/#primaryimage","url":"https:\/\/futbolhoy.co\/wp-content\/uploads\/2025\/04\/GpBWf3OWYAAELNW-scaled.jpg","contentUrl":"https:\/\/futbolhoy.co\/wp-content\/uploads\/2025\/04\/GpBWf3OWYAAELNW-scaled.jpg","width":2560,"height":1704},{"@type":"BreadcrumbList","@id":"https:\/\/futbolhoy.co\/index.php\/2025\/04\/20\/james-rodriguez-expulsado-en-derrota-de-leon\/#breadcrumb","itemListElement":[{"@type":"ListItem","position":1,"name":"Portada","item":"https:\/\/futbolhoy.co\/"},{"@type":"ListItem","position":2,"name":"James Rodr\u00edguez, expulsado en derrota de Le\u00f3n"}]},{"@type":"WebSite","@id":"https:\/\/futbolhoy.co\/#website","url":"https:\/\/futbolhoy.co\/","name":"FutbolHoy","description":"","publisher":{"@id":"https:\/\/futbolhoy.co\/#organization"},"potentialAction":[{"@type":"SearchAction","target":{"@type":"EntryPoint","urlTemplate":"https:\/\/futbolhoy.co\/?s={search_term_string}"},"query-input":{"@type":"PropertyValueSpecification","valueRequired":true,"valueName":"search_term_string"}}],"inLanguage":"es"},{"@type":"Organization","@id":"https:\/\/futbolhoy.co\/#organization","name":"Futbolhoy.co","url":"https:\/\/futbolhoy.co\/","logo":{"@type":"ImageObject","inLanguage":"es","@id":"https:\/\/futbolhoy.co\/#\/schema\/logo\/image\/","url":"https:\/\/futbolhoy.co\/wp-content\/uploads\/2018\/08\/17426380_1906371736249227_6326180412931521141_n.jpg","contentUrl":"https:\/\/futbolhoy.co\/wp-content\/uploads\/2018\/08\/17426380_1906371736249227_6326180412931521141_n.jpg","width":960,"height":960,"caption":"Futbolhoy.co"},"image":{"@id":"https:\/\/futbolhoy.co\/#\/schema\/logo\/image\/"},"sameAs":["https:\/\/www.facebook.com\/FutbolHoyCol\/","https:\/\/x.com\/FutbolHoyCol","https:\/\/www.instagram.com\/futbolhoycol\/"]},{"@type":"Person","@id":"https:\/\/futbolhoy.co\/#\/schema\/person\/39e73ec24bf4a1b0744ebae842dbe949","name":"Cristian Pinillos","image":{"@type":"ImageObject","inLanguage":"es","@id":"https:\/\/futbolhoy.co\/#\/schema\/person\/image\/","url":"https:\/\/secure.gravatar.com\/avatar\/b95416758f6d04a492958ac913541a0c?s=96&d=mm&r=g","contentUrl":"https:\/\/secure.gravatar.com\/avatar\/b95416758f6d04a492958ac913541a0c?s=96&d=mm&r=g","caption":"Cristian Pinillos"}}]}},"publishpress_future_action":{"enabled":false,"date":"2026-05-06 09:27:08","action":"change-status","newStatus":"draft","terms":[],"taxonomy":"category","extraData":[]},"publishpress_future_workflow_manual_trigger":{"enabledWorkflows":[]},"_links":{"self":[{"href":"https:\/\/futbolhoy.co\/index.php\/wp-json\/wp\/v2\/posts\/118645","targetHints":{"allow":["GET"]}}],"collection":[{"href":"https:\/\/futbolhoy.co\/index.php\/wp-json\/wp\/v2\/posts"}],"about":[{"href":"https:\/\/futbolhoy.co\/index.php\/wp-json\/wp\/v2\/types\/post"}],"author":[{"embeddable":true,"href":"https:\/\/futbolhoy.co\/index.php\/wp-json\/wp\/v2\/users\/7"}],"replies":[{"embeddable":true,"href":"https:\/\/futbolhoy.co\/index.php\/wp-json\/wp\/v2\/comments?post=118645"}],"version-history":[{"count":2,"href":"https:\/\/futbolhoy.co\/index.php\/wp-json\/wp\/v2\/posts\/118645\/revisions"}],"predecessor-version":[{"id":118670,"href":"https:\/\/futbolhoy.co\/index.php\/wp-json\/wp\/v2\/posts\/118645\/revisions\/118670"}],"wp:featuredmedia":[{"embeddable":true,"href":"https:\/\/futbolhoy.co\/index.php\/wp-json\/wp\/v2\/media\/118646"}],"wp:attachment":[{"href":"https:\/\/futbolhoy.co\/index.php\/wp-json\/wp\/v2\/media?parent=118645"}],"wp:term":[{"taxonomy":"category","embeddable":true,"href":"https:\/\/futbolhoy.co\/index.php\/wp-json\/wp\/v2\/categories?post=118645"},{"taxonomy":"post_tag","embeddable":true,"href":"https:\/\/futbolhoy.co\/index.php\/wp-json\/wp\/v2\/tags?post=118645"}],"curies":[{"name":"wp","href":"https:\/\/api.w.org\/{rel}","templated":true}]}}