{"id":118653,"date":"2025-04-21T11:01:59","date_gmt":"2025-04-21T16:01:59","guid":{"rendered":"https:\/\/futbolhoy.co\/?p=118653"},"modified":"2025-04-22T12:12:37","modified_gmt":"2025-04-22T17:12:37","slug":"goles-de-colombianos-en-el-exterior-2","status":"publish","type":"post","link":"https:\/\/futbolhoy.co\/index.php\/2025\/04\/21\/goles-de-colombianos-en-el-exterior-2\/","title":{"rendered":"Goles de colombianos en el exterior"},"content":{"rendered":"<p style=\"text-align: justify;\"><span style=\"font-family: helvetica, arial, sans-serif;\">Muchas temporadas en el exterior est\u00e1n por llegar a su final y el aporte de los colombianos sigue siendo clave. Tras un nuevo fin de semana, a continuaci\u00f3n el recuento de los jugadores nacionales que lograron marcar.<\/span><\/p>\n<p style=\"text-align: justify;\">- <strong>Ra\u00fal Zu\u00f1iga<\/strong> confirm\u00f3 con un doblete la victoria de Tijuana 0-4 sobre <strong>Santos Laguna<\/strong> en M\u00e9xico. Anotaci\u00f3n 12 del a\u00f1o y lleg\u00f3 al primer lugar de artilleros (comparte con el portugu\u00e9s Paulinho y el montenegrino <strong>Uros Djurdjevicy).<\/strong><\/p>\n<blockquote class=\"twitter-tweet\" data-media-max-width=\"560\">\n<p dir=\"ltr\" lang=\"es\">\ud83d\udcf9 | Un gol para la historia \ud83d\ude0e<\/p>\n<p>Con esta anotaci\u00f3n la Pantera Z\u00fa\u00f1iga firm\u00f3 doblete ante los Guerreros y tambi\u00e9n empat\u00f3 con los l\u00edderes de goleo \ud83d\udc4c. <a href=\"https:\/\/twitter.com\/ClubSantos?ref_src=twsrc%5Etfw\">@ClubSantos<\/a> 0-4 <a href=\"https:\/\/twitter.com\/Xolos?ref_src=twsrc%5Etfw\">@Xolos<\/a> \u2694\ufe0f\ud83c\udd9a \ud83d\udc15<a href=\"https:\/\/twitter.com\/hashtag\/Jornada17?src=hash&amp;ref_src=twsrc%5Etfw\">#Jornada17<\/a> <a href=\"https:\/\/twitter.com\/hashtag\/Clausura2025?src=hash&amp;ref_src=twsrc%5Etfw\">#Clausura2025<\/a> | <a href=\"https:\/\/twitter.com\/hashtag\/LaLigaDeLaAfici%C3%B3n?src=hash&amp;ref_src=twsrc%5Etfw\">#LaLigaDeLaAfici\u00f3n<\/a> <a href=\"https:\/\/t.co\/aBYHLwsKEk\">https:\/\/t.co\/aBYHLwsKEk<\/a> <a href=\"https:\/\/t.co\/cgpH55xds9\">pic.twitter.com\/cgpH55xds9<\/a><\/p>\n<p>\u2014 Liga BBVA MX (@LigaBBVAMX) <a href=\"https:\/\/twitter.com\/LigaBBVAMX\/status\/1914125672806498780?ref_src=twsrc%5Etfw\">April 21, 2025<\/a><\/p><\/blockquote>\n<p style=\"text-align: justify;\"><script async src=\"https:\/\/platform.twitter.com\/widgets.js\" charset=\"utf-8\"><\/script><span style=\"font-family: helvetica, arial, sans-serif;\">- <strong>Nelson Deossa<\/strong> con <strong>Monterrey<\/strong> en el triunfo 0-2 frente a <strong>Le\u00f3n<\/strong> en <strong>M\u00e9xico.<\/strong> Tercero del a\u00f1o.<\/span><\/p>\n<blockquote class=\"twitter-tweet\" data-media-max-width=\"560\">\n<p dir=\"ltr\" lang=\"es\">\ud83d\udcf9 | Ya hubo baile de Deossa \ud83d\udd7a<\/p>\n<p>Con su buen gol contra Le\u00f3n. <a href=\"https:\/\/twitter.com\/clubleonfc?ref_src=twsrc%5Etfw\">@clubleonfc<\/a> 0-2 <a href=\"https:\/\/twitter.com\/Rayados?ref_src=twsrc%5Etfw\">@Rayados<\/a> \ud83e\udd81 \ud83c\udd9a \u24c2\ufe0f<a href=\"https:\/\/twitter.com\/hashtag\/Jornada17?src=hash&amp;ref_src=twsrc%5Etfw\">#Jornada17<\/a> <a href=\"https:\/\/twitter.com\/hashtag\/Clausura2025?src=hash&amp;ref_src=twsrc%5Etfw\">#Clausura2025<\/a> | <a href=\"https:\/\/twitter.com\/hashtag\/LaLigaDeLaAfici%C3%B3n?src=hash&amp;ref_src=twsrc%5Etfw\">#LaLigaDeLaAfici\u00f3n<\/a> <a href=\"https:\/\/t.co\/3VxozwD0cB\">https:\/\/t.co\/3VxozwD0cB<\/a> <a href=\"https:\/\/t.co\/JVodc6UF2s\">pic.twitter.com\/JVodc6UF2s<\/a><\/p>\n<p>\u2014 Liga BBVA MX (@LigaBBVAMX) <a href=\"https:\/\/twitter.com\/LigaBBVAMX\/status\/1914146389334036721?ref_src=twsrc%5Etfw\">April 21, 2025<\/a><\/p><\/blockquote>\n<p><script async src=\"https:\/\/platform.twitter.com\/widgets.js\" charset=\"utf-8\"><\/script><\/p>\n<p><strong>- Jhon Andr\u00e9s C\u00f3rdoba<\/strong> el primero de <strong>Krasnodar<\/strong> que super\u00f3 3-1 a <strong>Ajmat<\/strong> en <strong>Rusia.<\/strong> D\u00e9cimo de la temporada en Liga.<\/p>\n<blockquote class=\"twitter-tweet\" data-media-max-width=\"560\">\n<p dir=\"ltr\" lang=\"pl\">1-0 Cordoba <a href=\"https:\/\/t.co\/huOyUFFe7B\">pic.twitter.com\/huOyUFFe7B<\/a><\/p>\n<p>\u2014 RPL Sky (@RPLNews_eng) <a href=\"https:\/\/twitter.com\/RPLNews_eng\/status\/1913643445047931304?ref_src=twsrc%5Etfw\">April 19, 2025<\/a><\/p><\/blockquote>\n<p><script async src=\"https:\/\/platform.twitter.com\/widgets.js\" charset=\"utf-8\"><\/script>-<strong> Cristian 'Chicho' Arango<\/strong> logr\u00f3 doblete (uno de penalti) en la derrota de <strong>San Jos\u00e9<\/strong> 3-5 ante <strong>Kansas City<\/strong> en la <strong>MLS.<\/strong> Seis tantos en el a\u00f1o.<\/p>\n<blockquote class=\"twitter-tweet\" data-media-max-width=\"560\">\n<p dir=\"ltr\" lang=\"en\">Chicho Arango nets his second goal of the night, this time from the spot! <a href=\"https:\/\/t.co\/roH3F2E7yb\">pic.twitter.com\/roH3F2E7yb<\/a><\/p>\n<p>\u2014 Major League Soccer (@MLS) <a href=\"https:\/\/twitter.com\/MLS\/status\/1913814452052390048?ref_src=twsrc%5Etfw\">April 20, 2025<\/a><\/p><\/blockquote>\n<p style=\"text-align: justify;\"><script async src=\"https:\/\/platform.twitter.com\/widgets.js\" charset=\"utf-8\"><\/script><span style=\"font-family: helvetica, arial, sans-serif;\">- <strong>Santiago Moreno<\/strong> uno con <strong>Portland Timbers<\/strong> que igual\u00f3 3-3 con Los Angeles en la MLS. Primero del a\u00f1o.<\/span><\/p>\n<blockquote class=\"twitter-tweet\" data-media-max-width=\"560\">\n<p dir=\"ltr\" lang=\"en\">Cool. Collected. Santi Moreno. \u270c\ufe0f<\/p>\n<p>Portland leads 2-0. <a href=\"https:\/\/t.co\/inDHTa7zJP\">pic.twitter.com\/inDHTa7zJP<\/a><\/p>\n<p>\u2014 Major League Soccer (@MLS) <a href=\"https:\/\/twitter.com\/MLS\/status\/1913792895980650812?ref_src=twsrc%5Etfw\">April 20, 2025<\/a><\/p><\/blockquote>\n<p style=\"text-align: justify;\"><script async src=\"https:\/\/platform.twitter.com\/widgets.js\" charset=\"utf-8\"><\/script><span style=\"font-family: helvetica, arial, sans-serif;\">- <strong>Davinson S\u00e1nchez<\/strong> marc\u00f3 un gol con Galatasaray en la victoria 2-0 sobre <strong>Bodrum<\/strong> en <strong>Turqu\u00eda...Tercero<\/strong> en <strong>Liga<\/strong> y quinto de la temporada.<\/span><\/p>\n<blockquote class=\"twitter-tweet\" data-media-max-width=\"560\">\n<p dir=\"ltr\" lang=\"es\">El Patron<br \/>\nDavinson Sachez <a href=\"https:\/\/t.co\/jgklpDvU3g\">pic.twitter.com\/jgklpDvU3g<\/a><\/p>\n<p>\u2014 DidehanAyg\u00fcn (@AygunDidehan) <a href=\"https:\/\/twitter.com\/AygunDidehan\/status\/1913303580217364636?ref_src=twsrc%5Etfw\">April 18, 2025<\/a><\/p><\/blockquote>\n<p style=\"text-align: justify;\"><script async src=\"https:\/\/platform.twitter.com\/widgets.js\" charset=\"utf-8\"><\/script><span style=\"font-family: helvetica, arial, sans-serif;\">- <strong>Cristian Monta\u00f1o<\/strong> logr\u00f3 uno con Livingston en la goleada 5-0 frente a <strong>Ayr United<\/strong> en <strong>Escocia.<\/strong> Tercero de la temporada.<\/span><\/p>\n","protected":false},"excerpt":{"rendered":"<p>Muchas temporadas en el exterior est\u00e1n por llegar a su final y el aporte de los colombianos sigue siendo clave. Tras un nuevo fin de semana, a continuaci\u00f3n el recuento de los jugadores nacionales que lograron marcar. - Ra\u00fal Zu\u00f1iga confirm\u00f3 con un doblete la victoria de Tijuana 0-4 sobre Santos Laguna en M\u00e9xico. Anotaci\u00f3n [&hellip;]<\/p>\n","protected":false},"author":4,"featured_media":118654,"comment_status":"open","ping_status":"open","sticky":false,"template":"","format":"standard","meta":{"_acf_changed":false,"footnotes":""},"categories":[418],"tags":[],"class_list":{"0":"post-118653","1":"post","2":"type-post","3":"status-publish","4":"format-standard","5":"has-post-thumbnail","7":"category-colombia"},"acf":[],"yoast_head":"<!-- This site is optimized with the Yoast SEO plugin v26.8 - https:\/\/yoast.com\/product\/yoast-seo-wordpress\/ -->\n<title>Goles de colombianos en el exterior -<\/title>\n<meta name=\"robots\" content=\"index, follow, max-snippet:-1, max-image-preview:large, max-video-preview:-1\" \/>\n<link rel=\"canonical\" href=\"https:\/\/futbolhoy.co\/index.php\/2025\/04\/21\/goles-de-colombianos-en-el-exterior-2\/\" \/>\n<meta property=\"og:locale\" content=\"es_ES\" \/>\n<meta property=\"og:type\" content=\"article\" \/>\n<meta property=\"og:title\" content=\"Goles de colombianos en el exterior -\" \/>\n<meta property=\"og:description\" content=\"Muchas temporadas en el exterior est\u00e1n por llegar a su final y el aporte de los colombianos sigue siendo clave. Tras un nuevo fin de semana, a continuaci\u00f3n el recuento de los jugadores nacionales que lograron marcar. - Ra\u00fal Zu\u00f1iga confirm\u00f3 con un doblete la victoria de Tijuana 0-4 sobre Santos Laguna en M\u00e9xico. Anotaci\u00f3n [&hellip;]\" \/>\n<meta property=\"og:url\" content=\"https:\/\/futbolhoy.co\/index.php\/2025\/04\/21\/goles-de-colombianos-en-el-exterior-2\/\" \/>\n<meta property=\"article:publisher\" content=\"https:\/\/www.facebook.com\/FutbolHoyCol\/\" \/>\n<meta property=\"article:published_time\" content=\"2025-04-21T16:01:59+00:00\" \/>\n<meta property=\"article:modified_time\" content=\"2025-04-22T17:12:37+00:00\" \/>\n<meta property=\"og:image\" content=\"https:\/\/futbolhoy.co\/wp-content\/uploads\/2025\/04\/GpCAG4mWAAAwg5n-scaled.jpg\" \/>\n\t<meta property=\"og:image:width\" content=\"2560\" \/>\n\t<meta property=\"og:image:height\" content=\"1706\" \/>\n\t<meta property=\"og:image:type\" content=\"image\/jpeg\" \/>\n<meta name=\"author\" content=\"contenido\" \/>\n<meta name=\"twitter:card\" content=\"summary_large_image\" \/>\n<meta name=\"twitter:creator\" content=\"@FutbolHoyCol\" \/>\n<meta name=\"twitter:site\" content=\"@FutbolHoyCol\" \/>\n<meta name=\"twitter:label1\" content=\"Escrito por\" \/>\n\t<meta name=\"twitter:data1\" content=\"contenido\" \/>\n\t<meta name=\"twitter:label2\" content=\"Tiempo de lectura\" \/>\n\t<meta name=\"twitter:data2\" content=\"2 minutos\" \/>\n<script type=\"application\/ld+json\" class=\"yoast-schema-graph\">{\"@context\":\"https:\/\/schema.org\",\"@graph\":[{\"@type\":\"Article\",\"@id\":\"https:\/\/futbolhoy.co\/index.php\/2025\/04\/21\/goles-de-colombianos-en-el-exterior-2\/#article\",\"isPartOf\":{\"@id\":\"https:\/\/futbolhoy.co\/index.php\/2025\/04\/21\/goles-de-colombianos-en-el-exterior-2\/\"},\"author\":{\"name\":\"contenido\",\"@id\":\"https:\/\/futbolhoy.co\/#\/schema\/person\/1721b69355b6623eaff15ac7b92d4cc3\"},\"headline\":\"Goles de colombianos en el exterior\",\"datePublished\":\"2025-04-21T16:01:59+00:00\",\"dateModified\":\"2025-04-22T17:12:37+00:00\",\"mainEntityOfPage\":{\"@id\":\"https:\/\/futbolhoy.co\/index.php\/2025\/04\/21\/goles-de-colombianos-en-el-exterior-2\/\"},\"wordCount\":380,\"commentCount\":0,\"publisher\":{\"@id\":\"https:\/\/futbolhoy.co\/#organization\"},\"image\":{\"@id\":\"https:\/\/futbolhoy.co\/index.php\/2025\/04\/21\/goles-de-colombianos-en-el-exterior-2\/#primaryimage\"},\"thumbnailUrl\":\"https:\/\/futbolhoy.co\/wp-content\/uploads\/2025\/04\/GpCAG4mWAAAwg5n-scaled.jpg\",\"articleSection\":[\"Colombia\"],\"inLanguage\":\"es\",\"potentialAction\":[{\"@type\":\"CommentAction\",\"name\":\"Comment\",\"target\":[\"https:\/\/futbolhoy.co\/index.php\/2025\/04\/21\/goles-de-colombianos-en-el-exterior-2\/#respond\"]}]},{\"@type\":\"WebPage\",\"@id\":\"https:\/\/futbolhoy.co\/index.php\/2025\/04\/21\/goles-de-colombianos-en-el-exterior-2\/\",\"url\":\"https:\/\/futbolhoy.co\/index.php\/2025\/04\/21\/goles-de-colombianos-en-el-exterior-2\/\",\"name\":\"Goles de colombianos en el exterior -\",\"isPartOf\":{\"@id\":\"https:\/\/futbolhoy.co\/#website\"},\"primaryImageOfPage\":{\"@id\":\"https:\/\/futbolhoy.co\/index.php\/2025\/04\/21\/goles-de-colombianos-en-el-exterior-2\/#primaryimage\"},\"image\":{\"@id\":\"https:\/\/futbolhoy.co\/index.php\/2025\/04\/21\/goles-de-colombianos-en-el-exterior-2\/#primaryimage\"},\"thumbnailUrl\":\"https:\/\/futbolhoy.co\/wp-content\/uploads\/2025\/04\/GpCAG4mWAAAwg5n-scaled.jpg\",\"datePublished\":\"2025-04-21T16:01:59+00:00\",\"dateModified\":\"2025-04-22T17:12:37+00:00\",\"breadcrumb\":{\"@id\":\"https:\/\/futbolhoy.co\/index.php\/2025\/04\/21\/goles-de-colombianos-en-el-exterior-2\/#breadcrumb\"},\"inLanguage\":\"es\",\"potentialAction\":[{\"@type\":\"ReadAction\",\"target\":[\"https:\/\/futbolhoy.co\/index.php\/2025\/04\/21\/goles-de-colombianos-en-el-exterior-2\/\"]}]},{\"@type\":\"ImageObject\",\"inLanguage\":\"es\",\"@id\":\"https:\/\/futbolhoy.co\/index.php\/2025\/04\/21\/goles-de-colombianos-en-el-exterior-2\/#primaryimage\",\"url\":\"https:\/\/futbolhoy.co\/wp-content\/uploads\/2025\/04\/GpCAG4mWAAAwg5n-scaled.jpg\",\"contentUrl\":\"https:\/\/futbolhoy.co\/wp-content\/uploads\/2025\/04\/GpCAG4mWAAAwg5n-scaled.jpg\",\"width\":2560,\"height\":1706},{\"@type\":\"BreadcrumbList\",\"@id\":\"https:\/\/futbolhoy.co\/index.php\/2025\/04\/21\/goles-de-colombianos-en-el-exterior-2\/#breadcrumb\",\"itemListElement\":[{\"@type\":\"ListItem\",\"position\":1,\"name\":\"Portada\",\"item\":\"https:\/\/futbolhoy.co\/\"},{\"@type\":\"ListItem\",\"position\":2,\"name\":\"Goles de colombianos en el exterior\"}]},{\"@type\":\"WebSite\",\"@id\":\"https:\/\/futbolhoy.co\/#website\",\"url\":\"https:\/\/futbolhoy.co\/\",\"name\":\"FutbolHoy\",\"description\":\"\",\"publisher\":{\"@id\":\"https:\/\/futbolhoy.co\/#organization\"},\"potentialAction\":[{\"@type\":\"SearchAction\",\"target\":{\"@type\":\"EntryPoint\",\"urlTemplate\":\"https:\/\/futbolhoy.co\/?s={search_term_string}\"},\"query-input\":{\"@type\":\"PropertyValueSpecification\",\"valueRequired\":true,\"valueName\":\"search_term_string\"}}],\"inLanguage\":\"es\"},{\"@type\":\"Organization\",\"@id\":\"https:\/\/futbolhoy.co\/#organization\",\"name\":\"Futbolhoy.co\",\"url\":\"https:\/\/futbolhoy.co\/\",\"logo\":{\"@type\":\"ImageObject\",\"inLanguage\":\"es\",\"@id\":\"https:\/\/futbolhoy.co\/#\/schema\/logo\/image\/\",\"url\":\"https:\/\/futbolhoy.co\/wp-content\/uploads\/2018\/08\/17426380_1906371736249227_6326180412931521141_n.jpg\",\"contentUrl\":\"https:\/\/futbolhoy.co\/wp-content\/uploads\/2018\/08\/17426380_1906371736249227_6326180412931521141_n.jpg\",\"width\":960,\"height\":960,\"caption\":\"Futbolhoy.co\"},\"image\":{\"@id\":\"https:\/\/futbolhoy.co\/#\/schema\/logo\/image\/\"},\"sameAs\":[\"https:\/\/www.facebook.com\/FutbolHoyCol\/\",\"https:\/\/x.com\/FutbolHoyCol\",\"https:\/\/www.instagram.com\/futbolhoycol\/\"]},{\"@type\":\"Person\",\"@id\":\"https:\/\/futbolhoy.co\/#\/schema\/person\/1721b69355b6623eaff15ac7b92d4cc3\",\"name\":\"contenido\",\"image\":{\"@type\":\"ImageObject\",\"inLanguage\":\"es\",\"@id\":\"https:\/\/futbolhoy.co\/#\/schema\/person\/image\/\",\"url\":\"https:\/\/secure.gravatar.com\/avatar\/4f656d3256f5134f466206e7c3941518?s=96&d=mm&r=g\",\"contentUrl\":\"https:\/\/secure.gravatar.com\/avatar\/4f656d3256f5134f466206e7c3941518?s=96&d=mm&r=g\",\"caption\":\"contenido\"}}]}<\/script>\n<!-- \/ Yoast SEO plugin. -->","yoast_head_json":{"title":"Goles de colombianos en el exterior -","robots":{"index":"index","follow":"follow","max-snippet":"max-snippet:-1","max-image-preview":"max-image-preview:large","max-video-preview":"max-video-preview:-1"},"canonical":"https:\/\/futbolhoy.co\/index.php\/2025\/04\/21\/goles-de-colombianos-en-el-exterior-2\/","og_locale":"es_ES","og_type":"article","og_title":"Goles de colombianos en el exterior -","og_description":"Muchas temporadas en el exterior est\u00e1n por llegar a su final y el aporte de los colombianos sigue siendo clave. Tras un nuevo fin de semana, a continuaci\u00f3n el recuento de los jugadores nacionales que lograron marcar. - Ra\u00fal Zu\u00f1iga confirm\u00f3 con un doblete la victoria de Tijuana 0-4 sobre Santos Laguna en M\u00e9xico. Anotaci\u00f3n [&hellip;]","og_url":"https:\/\/futbolhoy.co\/index.php\/2025\/04\/21\/goles-de-colombianos-en-el-exterior-2\/","article_publisher":"https:\/\/www.facebook.com\/FutbolHoyCol\/","article_published_time":"2025-04-21T16:01:59+00:00","article_modified_time":"2025-04-22T17:12:37+00:00","og_image":[{"width":2560,"height":1706,"url":"https:\/\/futbolhoy.co\/wp-content\/uploads\/2025\/04\/GpCAG4mWAAAwg5n-scaled.jpg","type":"image\/jpeg"}],"author":"contenido","twitter_card":"summary_large_image","twitter_creator":"@FutbolHoyCol","twitter_site":"@FutbolHoyCol","twitter_misc":{"Escrito por":"contenido","Tiempo de lectura":"2 minutos"},"schema":{"@context":"https:\/\/schema.org","@graph":[{"@type":"Article","@id":"https:\/\/futbolhoy.co\/index.php\/2025\/04\/21\/goles-de-colombianos-en-el-exterior-2\/#article","isPartOf":{"@id":"https:\/\/futbolhoy.co\/index.php\/2025\/04\/21\/goles-de-colombianos-en-el-exterior-2\/"},"author":{"name":"contenido","@id":"https:\/\/futbolhoy.co\/#\/schema\/person\/1721b69355b6623eaff15ac7b92d4cc3"},"headline":"Goles de colombianos en el exterior","datePublished":"2025-04-21T16:01:59+00:00","dateModified":"2025-04-22T17:12:37+00:00","mainEntityOfPage":{"@id":"https:\/\/futbolhoy.co\/index.php\/2025\/04\/21\/goles-de-colombianos-en-el-exterior-2\/"},"wordCount":380,"commentCount":0,"publisher":{"@id":"https:\/\/futbolhoy.co\/#organization"},"image":{"@id":"https:\/\/futbolhoy.co\/index.php\/2025\/04\/21\/goles-de-colombianos-en-el-exterior-2\/#primaryimage"},"thumbnailUrl":"https:\/\/futbolhoy.co\/wp-content\/uploads\/2025\/04\/GpCAG4mWAAAwg5n-scaled.jpg","articleSection":["Colombia"],"inLanguage":"es","potentialAction":[{"@type":"CommentAction","name":"Comment","target":["https:\/\/futbolhoy.co\/index.php\/2025\/04\/21\/goles-de-colombianos-en-el-exterior-2\/#respond"]}]},{"@type":"WebPage","@id":"https:\/\/futbolhoy.co\/index.php\/2025\/04\/21\/goles-de-colombianos-en-el-exterior-2\/","url":"https:\/\/futbolhoy.co\/index.php\/2025\/04\/21\/goles-de-colombianos-en-el-exterior-2\/","name":"Goles de colombianos en el exterior -","isPartOf":{"@id":"https:\/\/futbolhoy.co\/#website"},"primaryImageOfPage":{"@id":"https:\/\/futbolhoy.co\/index.php\/2025\/04\/21\/goles-de-colombianos-en-el-exterior-2\/#primaryimage"},"image":{"@id":"https:\/\/futbolhoy.co\/index.php\/2025\/04\/21\/goles-de-colombianos-en-el-exterior-2\/#primaryimage"},"thumbnailUrl":"https:\/\/futbolhoy.co\/wp-content\/uploads\/2025\/04\/GpCAG4mWAAAwg5n-scaled.jpg","datePublished":"2025-04-21T16:01:59+00:00","dateModified":"2025-04-22T17:12:37+00:00","breadcrumb":{"@id":"https:\/\/futbolhoy.co\/index.php\/2025\/04\/21\/goles-de-colombianos-en-el-exterior-2\/#breadcrumb"},"inLanguage":"es","potentialAction":[{"@type":"ReadAction","target":["https:\/\/futbolhoy.co\/index.php\/2025\/04\/21\/goles-de-colombianos-en-el-exterior-2\/"]}]},{"@type":"ImageObject","inLanguage":"es","@id":"https:\/\/futbolhoy.co\/index.php\/2025\/04\/21\/goles-de-colombianos-en-el-exterior-2\/#primaryimage","url":"https:\/\/futbolhoy.co\/wp-content\/uploads\/2025\/04\/GpCAG4mWAAAwg5n-scaled.jpg","contentUrl":"https:\/\/futbolhoy.co\/wp-content\/uploads\/2025\/04\/GpCAG4mWAAAwg5n-scaled.jpg","width":2560,"height":1706},{"@type":"BreadcrumbList","@id":"https:\/\/futbolhoy.co\/index.php\/2025\/04\/21\/goles-de-colombianos-en-el-exterior-2\/#breadcrumb","itemListElement":[{"@type":"ListItem","position":1,"name":"Portada","item":"https:\/\/futbolhoy.co\/"},{"@type":"ListItem","position":2,"name":"Goles de colombianos en el exterior"}]},{"@type":"WebSite","@id":"https:\/\/futbolhoy.co\/#website","url":"https:\/\/futbolhoy.co\/","name":"FutbolHoy","description":"","publisher":{"@id":"https:\/\/futbolhoy.co\/#organization"},"potentialAction":[{"@type":"SearchAction","target":{"@type":"EntryPoint","urlTemplate":"https:\/\/futbolhoy.co\/?s={search_term_string}"},"query-input":{"@type":"PropertyValueSpecification","valueRequired":true,"valueName":"search_term_string"}}],"inLanguage":"es"},{"@type":"Organization","@id":"https:\/\/futbolhoy.co\/#organization","name":"Futbolhoy.co","url":"https:\/\/futbolhoy.co\/","logo":{"@type":"ImageObject","inLanguage":"es","@id":"https:\/\/futbolhoy.co\/#\/schema\/logo\/image\/","url":"https:\/\/futbolhoy.co\/wp-content\/uploads\/2018\/08\/17426380_1906371736249227_6326180412931521141_n.jpg","contentUrl":"https:\/\/futbolhoy.co\/wp-content\/uploads\/2018\/08\/17426380_1906371736249227_6326180412931521141_n.jpg","width":960,"height":960,"caption":"Futbolhoy.co"},"image":{"@id":"https:\/\/futbolhoy.co\/#\/schema\/logo\/image\/"},"sameAs":["https:\/\/www.facebook.com\/FutbolHoyCol\/","https:\/\/x.com\/FutbolHoyCol","https:\/\/www.instagram.com\/futbolhoycol\/"]},{"@type":"Person","@id":"https:\/\/futbolhoy.co\/#\/schema\/person\/1721b69355b6623eaff15ac7b92d4cc3","name":"contenido","image":{"@type":"ImageObject","inLanguage":"es","@id":"https:\/\/futbolhoy.co\/#\/schema\/person\/image\/","url":"https:\/\/secure.gravatar.com\/avatar\/4f656d3256f5134f466206e7c3941518?s=96&d=mm&r=g","contentUrl":"https:\/\/secure.gravatar.com\/avatar\/4f656d3256f5134f466206e7c3941518?s=96&d=mm&r=g","caption":"contenido"}}]}},"publishpress_future_action":{"enabled":false,"date":"2026-05-06 11:10:25","action":"change-status","newStatus":"draft","terms":[],"taxonomy":"category","extraData":[]},"publishpress_future_workflow_manual_trigger":{"enabledWorkflows":[]},"_links":{"self":[{"href":"https:\/\/futbolhoy.co\/index.php\/wp-json\/wp\/v2\/posts\/118653","targetHints":{"allow":["GET"]}}],"collection":[{"href":"https:\/\/futbolhoy.co\/index.php\/wp-json\/wp\/v2\/posts"}],"about":[{"href":"https:\/\/futbolhoy.co\/index.php\/wp-json\/wp\/v2\/types\/post"}],"author":[{"embeddable":true,"href":"https:\/\/futbolhoy.co\/index.php\/wp-json\/wp\/v2\/users\/4"}],"replies":[{"embeddable":true,"href":"https:\/\/futbolhoy.co\/index.php\/wp-json\/wp\/v2\/comments?post=118653"}],"version-history":[{"count":1,"href":"https:\/\/futbolhoy.co\/index.php\/wp-json\/wp\/v2\/posts\/118653\/revisions"}],"predecessor-version":[{"id":118655,"href":"https:\/\/futbolhoy.co\/index.php\/wp-json\/wp\/v2\/posts\/118653\/revisions\/118655"}],"wp:featuredmedia":[{"embeddable":true,"href":"https:\/\/futbolhoy.co\/index.php\/wp-json\/wp\/v2\/media\/118654"}],"wp:attachment":[{"href":"https:\/\/futbolhoy.co\/index.php\/wp-json\/wp\/v2\/media?parent=118653"}],"wp:term":[{"taxonomy":"category","embeddable":true,"href":"https:\/\/futbolhoy.co\/index.php\/wp-json\/wp\/v2\/categories?post=118653"},{"taxonomy":"post_tag","embeddable":true,"href":"https:\/\/futbolhoy.co\/index.php\/wp-json\/wp\/v2\/tags?post=118653"}],"curies":[{"name":"wp","href":"https:\/\/api.w.org\/{rel}","templated":true}]}}