{"id":118656,"date":"2025-04-21T11:16:32","date_gmt":"2025-04-21T16:16:32","guid":{"rendered":"https:\/\/futbolhoy.co\/?p=118656"},"modified":"2025-04-23T09:54:47","modified_gmt":"2025-04-23T14:54:47","slug":"san-lorenzo-y-su-mensaje-tras-el-fallecimiento-del-papa-francisco","status":"publish","type":"post","link":"https:\/\/futbolhoy.co\/index.php\/2025\/04\/21\/san-lorenzo-y-su-mensaje-tras-el-fallecimiento-del-papa-francisco\/","title":{"rendered":"San Lorenzo y su mensaje tras el fallecimiento del papa Francisco"},"content":{"rendered":"<p style=\"text-align: justify;\"><span style=\"font-family: helvetica, arial, sans-serif;\"><strong>San Lorenzo<\/strong> resalt\u00f3 este lunes el \"amor por el <strong>Cicl\u00f3n<\/strong> (apodo por el que se conoce a ese club)\" que ten\u00eda el <strong>Papa Francisco,<\/strong> fallecido a los 88 a\u00f1os, quien siempre se declar\u00f3 hincha reconocido de la camiseta azulgrana.<\/span><\/p>\n<p style=\"text-align: justify;\"><span style=\"font-family: helvetica, arial, sans-serif;\">En un sentido mensaje publicado en su cuenta oficial en la red social <strong>X,<\/strong> el club fundado en 1908 por el padre <strong>Lorenzo Massa<\/strong> dijo que \"hubo algo que jam\u00e1s cambi\u00f3\" en su transici\u00f3n de<strong> Jorge Mario Bergoglio<\/strong> a sumo pont\u00edfice: \"su amor por el Cicl\u00f3n\".<\/span><\/p>\n<p style=\"text-align: justify;\"><span style=\"font-family: helvetica, arial, sans-serif;\">\"Nunca fue uno m\u00e1s y siempre fue uno de los nuestros. Cuervo de ni\u00f1o y de hombre... Cuervo como sacerdote y Cardenal... Cuervo tambi\u00e9n como Papa...\", poste\u00f3 el club del barrio de <strong>Almagro.<\/strong><\/span><\/p>\n<p style=\"text-align: justify;\"><span style=\"font-family: helvetica, arial, sans-serif;\">San Lorenzo record\u00f3 que el papa Francisco \"siempre transmiti\u00f3 su pasi\u00f3n por el Cicl\u00f3n: cuando iba al <strong>Viejo Gas\u00f3metro<\/strong> para ver al equipo del 46, cuando confirmaba a <strong>Angelito Correa<\/strong> en la capilla de <strong>Ciudad Deportiva,<\/strong> cuando recib\u00eda las visitas azulgranas en el Vaticano siempre con felicidad total\" y agreg\u00f3 su n\u00famero de socio: 88235.<\/span><\/p>\n<p style=\"text-align: justify;\"><span style=\"font-family: helvetica, arial, sans-serif;\"><strong>La Asociaci\u00f3n del F\u00fatbol Argentino (AFA)<\/strong> anunci\u00f3 este lunes la cancelaci\u00f3n de todos los partidos programados para hoy en se\u00f1al de duelo por el fallecimiento del papa Francisco.<\/span><\/p>\n<p style=\"text-align: justify;\"><span style=\"font-family: helvetica, arial, sans-serif;\">\"Desde que asumi\u00f3 en 2013, el papa llev\u00f3 consigo la alegr\u00eda azulgrana al Vaticano, recibi\u00f3 la Copa Libertadores, celebr\u00f3 misas en la capilla del club y siempre tuvo presente a su equipo en cada gesto de fe y humildad\", a\u00f1adi\u00f3 el texto, que record\u00f3 la alegr\u00eda de Francisco en agosto de 2014 cuando San Lorenzo conquist\u00f3 por primera vez la <strong>Copa Libertadores.<\/strong><\/span><\/p>\n<blockquote class=\"twitter-tweet\" data-media-max-width=\"560\">\n<p dir=\"ltr\" lang=\"es\">Nunca fue uno m\u00e1s y siempre fue uno de los nuestros. Cuervo de ni\u00f1o y de hombre... Cuervo como sacerdote y Cardenal... Cuervo tambi\u00e9n como Papa...<\/p>\n<p>Siempre transmiti\u00f3 su pasi\u00f3n por el Cicl\u00f3n: cuando iba al Viejo Gas\u00f3metro para ver al equipo del 46, cuando confirmaba a Angelito\u2026 <a href=\"https:\/\/t.co\/nVc8fWC9wi\">pic.twitter.com\/nVc8fWC9wi<\/a><\/p>\n<p>\u2014 San Lorenzo (@SanLorenzo) <a href=\"https:\/\/twitter.com\/SanLorenzo\/status\/1914282391306195416?ref_src=twsrc%5Etfw\">April 21, 2025<\/a><\/p><\/blockquote>\n<p><script async src=\"https:\/\/platform.twitter.com\/widgets.js\" charset=\"utf-8\"><\/script><\/p>\n","protected":false},"excerpt":{"rendered":"<p>San Lorenzo resalt\u00f3 este lunes el \"amor por el Cicl\u00f3n (apodo por el que se conoce a ese club)\" que ten\u00eda el Papa Francisco, fallecido a los 88 a\u00f1os, quien siempre se declar\u00f3 hincha reconocido de la camiseta azulgrana. En un sentido mensaje publicado en su cuenta oficial en la red social X, el club [&hellip;]<\/p>\n","protected":false},"author":4,"featured_media":118657,"comment_status":"open","ping_status":"open","sticky":false,"template":"","format":"standard","meta":{"_acf_changed":false,"footnotes":""},"categories":[152],"tags":[],"class_list":{"0":"post-118656","1":"post","2":"type-post","3":"status-publish","4":"format-standard","5":"has-post-thumbnail","7":"category-mundo-futbol"},"acf":[],"yoast_head":"<!-- This site is optimized with the Yoast SEO plugin v26.8 - https:\/\/yoast.com\/product\/yoast-seo-wordpress\/ -->\n<title>San Lorenzo y su mensaje tras el fallecimiento del papa Francisco -<\/title>\n<meta name=\"robots\" content=\"index, follow, max-snippet:-1, max-image-preview:large, max-video-preview:-1\" \/>\n<link rel=\"canonical\" href=\"https:\/\/futbolhoy.co\/index.php\/2025\/04\/21\/san-lorenzo-y-su-mensaje-tras-el-fallecimiento-del-papa-francisco\/\" \/>\n<meta property=\"og:locale\" content=\"es_ES\" \/>\n<meta property=\"og:type\" content=\"article\" \/>\n<meta property=\"og:title\" content=\"San Lorenzo y su mensaje tras el fallecimiento del papa Francisco -\" \/>\n<meta property=\"og:description\" content=\"San Lorenzo resalt\u00f3 este lunes el &quot;amor por el Cicl\u00f3n (apodo por el que se conoce a ese club)&quot; que ten\u00eda el Papa Francisco, fallecido a los 88 a\u00f1os, quien siempre se declar\u00f3 hincha reconocido de la camiseta azulgrana. En un sentido mensaje publicado en su cuenta oficial en la red social X, el club [&hellip;]\" \/>\n<meta property=\"og:url\" content=\"https:\/\/futbolhoy.co\/index.php\/2025\/04\/21\/san-lorenzo-y-su-mensaje-tras-el-fallecimiento-del-papa-francisco\/\" \/>\n<meta property=\"article:publisher\" content=\"https:\/\/www.facebook.com\/FutbolHoyCol\/\" \/>\n<meta property=\"article:published_time\" content=\"2025-04-21T16:16:32+00:00\" \/>\n<meta property=\"article:modified_time\" content=\"2025-04-23T14:54:47+00:00\" \/>\n<meta property=\"og:image\" content=\"https:\/\/futbolhoy.co\/wp-content\/uploads\/2025\/04\/GpEQKOkXoAAvy-s.jpg\" \/>\n\t<meta property=\"og:image:width\" content=\"1159\" \/>\n\t<meta property=\"og:image:height\" content=\"1082\" \/>\n\t<meta property=\"og:image:type\" content=\"image\/jpeg\" \/>\n<meta name=\"author\" content=\"contenido\" \/>\n<meta name=\"twitter:card\" content=\"summary_large_image\" \/>\n<meta name=\"twitter:creator\" content=\"@FutbolHoyCol\" \/>\n<meta name=\"twitter:site\" content=\"@FutbolHoyCol\" \/>\n<meta name=\"twitter:label1\" content=\"Escrito por\" \/>\n\t<meta name=\"twitter:data1\" content=\"contenido\" \/>\n\t<meta name=\"twitter:label2\" content=\"Tiempo de lectura\" \/>\n\t<meta name=\"twitter:data2\" content=\"2 minutos\" \/>\n<script type=\"application\/ld+json\" class=\"yoast-schema-graph\">{\"@context\":\"https:\/\/schema.org\",\"@graph\":[{\"@type\":\"Article\",\"@id\":\"https:\/\/futbolhoy.co\/index.php\/2025\/04\/21\/san-lorenzo-y-su-mensaje-tras-el-fallecimiento-del-papa-francisco\/#article\",\"isPartOf\":{\"@id\":\"https:\/\/futbolhoy.co\/index.php\/2025\/04\/21\/san-lorenzo-y-su-mensaje-tras-el-fallecimiento-del-papa-francisco\/\"},\"author\":{\"name\":\"contenido\",\"@id\":\"https:\/\/futbolhoy.co\/#\/schema\/person\/1721b69355b6623eaff15ac7b92d4cc3\"},\"headline\":\"San Lorenzo y su mensaje tras el fallecimiento del papa Francisco\",\"datePublished\":\"2025-04-21T16:16:32+00:00\",\"dateModified\":\"2025-04-23T14:54:47+00:00\",\"mainEntityOfPage\":{\"@id\":\"https:\/\/futbolhoy.co\/index.php\/2025\/04\/21\/san-lorenzo-y-su-mensaje-tras-el-fallecimiento-del-papa-francisco\/\"},\"wordCount\":353,\"commentCount\":0,\"publisher\":{\"@id\":\"https:\/\/futbolhoy.co\/#organization\"},\"image\":{\"@id\":\"https:\/\/futbolhoy.co\/index.php\/2025\/04\/21\/san-lorenzo-y-su-mensaje-tras-el-fallecimiento-del-papa-francisco\/#primaryimage\"},\"thumbnailUrl\":\"https:\/\/futbolhoy.co\/wp-content\/uploads\/2025\/04\/GpEQKOkXoAAvy-s.jpg\",\"articleSection\":[\"Mundo Futbol\"],\"inLanguage\":\"es\",\"potentialAction\":[{\"@type\":\"CommentAction\",\"name\":\"Comment\",\"target\":[\"https:\/\/futbolhoy.co\/index.php\/2025\/04\/21\/san-lorenzo-y-su-mensaje-tras-el-fallecimiento-del-papa-francisco\/#respond\"]}]},{\"@type\":\"WebPage\",\"@id\":\"https:\/\/futbolhoy.co\/index.php\/2025\/04\/21\/san-lorenzo-y-su-mensaje-tras-el-fallecimiento-del-papa-francisco\/\",\"url\":\"https:\/\/futbolhoy.co\/index.php\/2025\/04\/21\/san-lorenzo-y-su-mensaje-tras-el-fallecimiento-del-papa-francisco\/\",\"name\":\"San Lorenzo y su mensaje tras el fallecimiento del papa Francisco -\",\"isPartOf\":{\"@id\":\"https:\/\/futbolhoy.co\/#website\"},\"primaryImageOfPage\":{\"@id\":\"https:\/\/futbolhoy.co\/index.php\/2025\/04\/21\/san-lorenzo-y-su-mensaje-tras-el-fallecimiento-del-papa-francisco\/#primaryimage\"},\"image\":{\"@id\":\"https:\/\/futbolhoy.co\/index.php\/2025\/04\/21\/san-lorenzo-y-su-mensaje-tras-el-fallecimiento-del-papa-francisco\/#primaryimage\"},\"thumbnailUrl\":\"https:\/\/futbolhoy.co\/wp-content\/uploads\/2025\/04\/GpEQKOkXoAAvy-s.jpg\",\"datePublished\":\"2025-04-21T16:16:32+00:00\",\"dateModified\":\"2025-04-23T14:54:47+00:00\",\"breadcrumb\":{\"@id\":\"https:\/\/futbolhoy.co\/index.php\/2025\/04\/21\/san-lorenzo-y-su-mensaje-tras-el-fallecimiento-del-papa-francisco\/#breadcrumb\"},\"inLanguage\":\"es\",\"potentialAction\":[{\"@type\":\"ReadAction\",\"target\":[\"https:\/\/futbolhoy.co\/index.php\/2025\/04\/21\/san-lorenzo-y-su-mensaje-tras-el-fallecimiento-del-papa-francisco\/\"]}]},{\"@type\":\"ImageObject\",\"inLanguage\":\"es\",\"@id\":\"https:\/\/futbolhoy.co\/index.php\/2025\/04\/21\/san-lorenzo-y-su-mensaje-tras-el-fallecimiento-del-papa-francisco\/#primaryimage\",\"url\":\"https:\/\/futbolhoy.co\/wp-content\/uploads\/2025\/04\/GpEQKOkXoAAvy-s.jpg\",\"contentUrl\":\"https:\/\/futbolhoy.co\/wp-content\/uploads\/2025\/04\/GpEQKOkXoAAvy-s.jpg\",\"width\":1159,\"height\":1082},{\"@type\":\"BreadcrumbList\",\"@id\":\"https:\/\/futbolhoy.co\/index.php\/2025\/04\/21\/san-lorenzo-y-su-mensaje-tras-el-fallecimiento-del-papa-francisco\/#breadcrumb\",\"itemListElement\":[{\"@type\":\"ListItem\",\"position\":1,\"name\":\"Portada\",\"item\":\"https:\/\/futbolhoy.co\/\"},{\"@type\":\"ListItem\",\"position\":2,\"name\":\"San Lorenzo y su mensaje tras el fallecimiento del papa Francisco\"}]},{\"@type\":\"WebSite\",\"@id\":\"https:\/\/futbolhoy.co\/#website\",\"url\":\"https:\/\/futbolhoy.co\/\",\"name\":\"FutbolHoy\",\"description\":\"\",\"publisher\":{\"@id\":\"https:\/\/futbolhoy.co\/#organization\"},\"potentialAction\":[{\"@type\":\"SearchAction\",\"target\":{\"@type\":\"EntryPoint\",\"urlTemplate\":\"https:\/\/futbolhoy.co\/?s={search_term_string}\"},\"query-input\":{\"@type\":\"PropertyValueSpecification\",\"valueRequired\":true,\"valueName\":\"search_term_string\"}}],\"inLanguage\":\"es\"},{\"@type\":\"Organization\",\"@id\":\"https:\/\/futbolhoy.co\/#organization\",\"name\":\"Futbolhoy.co\",\"url\":\"https:\/\/futbolhoy.co\/\",\"logo\":{\"@type\":\"ImageObject\",\"inLanguage\":\"es\",\"@id\":\"https:\/\/futbolhoy.co\/#\/schema\/logo\/image\/\",\"url\":\"https:\/\/futbolhoy.co\/wp-content\/uploads\/2018\/08\/17426380_1906371736249227_6326180412931521141_n.jpg\",\"contentUrl\":\"https:\/\/futbolhoy.co\/wp-content\/uploads\/2018\/08\/17426380_1906371736249227_6326180412931521141_n.jpg\",\"width\":960,\"height\":960,\"caption\":\"Futbolhoy.co\"},\"image\":{\"@id\":\"https:\/\/futbolhoy.co\/#\/schema\/logo\/image\/\"},\"sameAs\":[\"https:\/\/www.facebook.com\/FutbolHoyCol\/\",\"https:\/\/x.com\/FutbolHoyCol\",\"https:\/\/www.instagram.com\/futbolhoycol\/\"]},{\"@type\":\"Person\",\"@id\":\"https:\/\/futbolhoy.co\/#\/schema\/person\/1721b69355b6623eaff15ac7b92d4cc3\",\"name\":\"contenido\",\"image\":{\"@type\":\"ImageObject\",\"inLanguage\":\"es\",\"@id\":\"https:\/\/futbolhoy.co\/#\/schema\/person\/image\/\",\"url\":\"https:\/\/secure.gravatar.com\/avatar\/4f656d3256f5134f466206e7c3941518?s=96&d=mm&r=g\",\"contentUrl\":\"https:\/\/secure.gravatar.com\/avatar\/4f656d3256f5134f466206e7c3941518?s=96&d=mm&r=g\",\"caption\":\"contenido\"}}]}<\/script>\n<!-- \/ Yoast SEO plugin. -->","yoast_head_json":{"title":"San Lorenzo y su mensaje tras el fallecimiento del papa Francisco -","robots":{"index":"index","follow":"follow","max-snippet":"max-snippet:-1","max-image-preview":"max-image-preview:large","max-video-preview":"max-video-preview:-1"},"canonical":"https:\/\/futbolhoy.co\/index.php\/2025\/04\/21\/san-lorenzo-y-su-mensaje-tras-el-fallecimiento-del-papa-francisco\/","og_locale":"es_ES","og_type":"article","og_title":"San Lorenzo y su mensaje tras el fallecimiento del papa Francisco -","og_description":"San Lorenzo resalt\u00f3 este lunes el \"amor por el Cicl\u00f3n (apodo por el que se conoce a ese club)\" que ten\u00eda el Papa Francisco, fallecido a los 88 a\u00f1os, quien siempre se declar\u00f3 hincha reconocido de la camiseta azulgrana. En un sentido mensaje publicado en su cuenta oficial en la red social X, el club [&hellip;]","og_url":"https:\/\/futbolhoy.co\/index.php\/2025\/04\/21\/san-lorenzo-y-su-mensaje-tras-el-fallecimiento-del-papa-francisco\/","article_publisher":"https:\/\/www.facebook.com\/FutbolHoyCol\/","article_published_time":"2025-04-21T16:16:32+00:00","article_modified_time":"2025-04-23T14:54:47+00:00","og_image":[{"width":1159,"height":1082,"url":"https:\/\/futbolhoy.co\/wp-content\/uploads\/2025\/04\/GpEQKOkXoAAvy-s.jpg","type":"image\/jpeg"}],"author":"contenido","twitter_card":"summary_large_image","twitter_creator":"@FutbolHoyCol","twitter_site":"@FutbolHoyCol","twitter_misc":{"Escrito por":"contenido","Tiempo de lectura":"2 minutos"},"schema":{"@context":"https:\/\/schema.org","@graph":[{"@type":"Article","@id":"https:\/\/futbolhoy.co\/index.php\/2025\/04\/21\/san-lorenzo-y-su-mensaje-tras-el-fallecimiento-del-papa-francisco\/#article","isPartOf":{"@id":"https:\/\/futbolhoy.co\/index.php\/2025\/04\/21\/san-lorenzo-y-su-mensaje-tras-el-fallecimiento-del-papa-francisco\/"},"author":{"name":"contenido","@id":"https:\/\/futbolhoy.co\/#\/schema\/person\/1721b69355b6623eaff15ac7b92d4cc3"},"headline":"San Lorenzo y su mensaje tras el fallecimiento del papa Francisco","datePublished":"2025-04-21T16:16:32+00:00","dateModified":"2025-04-23T14:54:47+00:00","mainEntityOfPage":{"@id":"https:\/\/futbolhoy.co\/index.php\/2025\/04\/21\/san-lorenzo-y-su-mensaje-tras-el-fallecimiento-del-papa-francisco\/"},"wordCount":353,"commentCount":0,"publisher":{"@id":"https:\/\/futbolhoy.co\/#organization"},"image":{"@id":"https:\/\/futbolhoy.co\/index.php\/2025\/04\/21\/san-lorenzo-y-su-mensaje-tras-el-fallecimiento-del-papa-francisco\/#primaryimage"},"thumbnailUrl":"https:\/\/futbolhoy.co\/wp-content\/uploads\/2025\/04\/GpEQKOkXoAAvy-s.jpg","articleSection":["Mundo Futbol"],"inLanguage":"es","potentialAction":[{"@type":"CommentAction","name":"Comment","target":["https:\/\/futbolhoy.co\/index.php\/2025\/04\/21\/san-lorenzo-y-su-mensaje-tras-el-fallecimiento-del-papa-francisco\/#respond"]}]},{"@type":"WebPage","@id":"https:\/\/futbolhoy.co\/index.php\/2025\/04\/21\/san-lorenzo-y-su-mensaje-tras-el-fallecimiento-del-papa-francisco\/","url":"https:\/\/futbolhoy.co\/index.php\/2025\/04\/21\/san-lorenzo-y-su-mensaje-tras-el-fallecimiento-del-papa-francisco\/","name":"San Lorenzo y su mensaje tras el fallecimiento del papa Francisco -","isPartOf":{"@id":"https:\/\/futbolhoy.co\/#website"},"primaryImageOfPage":{"@id":"https:\/\/futbolhoy.co\/index.php\/2025\/04\/21\/san-lorenzo-y-su-mensaje-tras-el-fallecimiento-del-papa-francisco\/#primaryimage"},"image":{"@id":"https:\/\/futbolhoy.co\/index.php\/2025\/04\/21\/san-lorenzo-y-su-mensaje-tras-el-fallecimiento-del-papa-francisco\/#primaryimage"},"thumbnailUrl":"https:\/\/futbolhoy.co\/wp-content\/uploads\/2025\/04\/GpEQKOkXoAAvy-s.jpg","datePublished":"2025-04-21T16:16:32+00:00","dateModified":"2025-04-23T14:54:47+00:00","breadcrumb":{"@id":"https:\/\/futbolhoy.co\/index.php\/2025\/04\/21\/san-lorenzo-y-su-mensaje-tras-el-fallecimiento-del-papa-francisco\/#breadcrumb"},"inLanguage":"es","potentialAction":[{"@type":"ReadAction","target":["https:\/\/futbolhoy.co\/index.php\/2025\/04\/21\/san-lorenzo-y-su-mensaje-tras-el-fallecimiento-del-papa-francisco\/"]}]},{"@type":"ImageObject","inLanguage":"es","@id":"https:\/\/futbolhoy.co\/index.php\/2025\/04\/21\/san-lorenzo-y-su-mensaje-tras-el-fallecimiento-del-papa-francisco\/#primaryimage","url":"https:\/\/futbolhoy.co\/wp-content\/uploads\/2025\/04\/GpEQKOkXoAAvy-s.jpg","contentUrl":"https:\/\/futbolhoy.co\/wp-content\/uploads\/2025\/04\/GpEQKOkXoAAvy-s.jpg","width":1159,"height":1082},{"@type":"BreadcrumbList","@id":"https:\/\/futbolhoy.co\/index.php\/2025\/04\/21\/san-lorenzo-y-su-mensaje-tras-el-fallecimiento-del-papa-francisco\/#breadcrumb","itemListElement":[{"@type":"ListItem","position":1,"name":"Portada","item":"https:\/\/futbolhoy.co\/"},{"@type":"ListItem","position":2,"name":"San Lorenzo y su mensaje tras el fallecimiento del papa Francisco"}]},{"@type":"WebSite","@id":"https:\/\/futbolhoy.co\/#website","url":"https:\/\/futbolhoy.co\/","name":"FutbolHoy","description":"","publisher":{"@id":"https:\/\/futbolhoy.co\/#organization"},"potentialAction":[{"@type":"SearchAction","target":{"@type":"EntryPoint","urlTemplate":"https:\/\/futbolhoy.co\/?s={search_term_string}"},"query-input":{"@type":"PropertyValueSpecification","valueRequired":true,"valueName":"search_term_string"}}],"inLanguage":"es"},{"@type":"Organization","@id":"https:\/\/futbolhoy.co\/#organization","name":"Futbolhoy.co","url":"https:\/\/futbolhoy.co\/","logo":{"@type":"ImageObject","inLanguage":"es","@id":"https:\/\/futbolhoy.co\/#\/schema\/logo\/image\/","url":"https:\/\/futbolhoy.co\/wp-content\/uploads\/2018\/08\/17426380_1906371736249227_6326180412931521141_n.jpg","contentUrl":"https:\/\/futbolhoy.co\/wp-content\/uploads\/2018\/08\/17426380_1906371736249227_6326180412931521141_n.jpg","width":960,"height":960,"caption":"Futbolhoy.co"},"image":{"@id":"https:\/\/futbolhoy.co\/#\/schema\/logo\/image\/"},"sameAs":["https:\/\/www.facebook.com\/FutbolHoyCol\/","https:\/\/x.com\/FutbolHoyCol","https:\/\/www.instagram.com\/futbolhoycol\/"]},{"@type":"Person","@id":"https:\/\/futbolhoy.co\/#\/schema\/person\/1721b69355b6623eaff15ac7b92d4cc3","name":"contenido","image":{"@type":"ImageObject","inLanguage":"es","@id":"https:\/\/futbolhoy.co\/#\/schema\/person\/image\/","url":"https:\/\/secure.gravatar.com\/avatar\/4f656d3256f5134f466206e7c3941518?s=96&d=mm&r=g","contentUrl":"https:\/\/secure.gravatar.com\/avatar\/4f656d3256f5134f466206e7c3941518?s=96&d=mm&r=g","caption":"contenido"}}]}},"publishpress_future_action":{"enabled":false,"date":"2026-05-06 07:15:28","action":"change-status","newStatus":"draft","terms":[],"taxonomy":"category","extraData":[]},"publishpress_future_workflow_manual_trigger":{"enabledWorkflows":[]},"_links":{"self":[{"href":"https:\/\/futbolhoy.co\/index.php\/wp-json\/wp\/v2\/posts\/118656","targetHints":{"allow":["GET"]}}],"collection":[{"href":"https:\/\/futbolhoy.co\/index.php\/wp-json\/wp\/v2\/posts"}],"about":[{"href":"https:\/\/futbolhoy.co\/index.php\/wp-json\/wp\/v2\/types\/post"}],"author":[{"embeddable":true,"href":"https:\/\/futbolhoy.co\/index.php\/wp-json\/wp\/v2\/users\/4"}],"replies":[{"embeddable":true,"href":"https:\/\/futbolhoy.co\/index.php\/wp-json\/wp\/v2\/comments?post=118656"}],"version-history":[{"count":3,"href":"https:\/\/futbolhoy.co\/index.php\/wp-json\/wp\/v2\/posts\/118656\/revisions"}],"predecessor-version":[{"id":118753,"href":"https:\/\/futbolhoy.co\/index.php\/wp-json\/wp\/v2\/posts\/118656\/revisions\/118753"}],"wp:featuredmedia":[{"embeddable":true,"href":"https:\/\/futbolhoy.co\/index.php\/wp-json\/wp\/v2\/media\/118657"}],"wp:attachment":[{"href":"https:\/\/futbolhoy.co\/index.php\/wp-json\/wp\/v2\/media?parent=118656"}],"wp:term":[{"taxonomy":"category","embeddable":true,"href":"https:\/\/futbolhoy.co\/index.php\/wp-json\/wp\/v2\/categories?post=118656"},{"taxonomy":"post_tag","embeddable":true,"href":"https:\/\/futbolhoy.co\/index.php\/wp-json\/wp\/v2\/tags?post=118656"}],"curies":[{"name":"wp","href":"https:\/\/api.w.org\/{rel}","templated":true}]}}