{"id":118663,"date":"2025-04-21T20:13:25","date_gmt":"2025-04-22T01:13:25","guid":{"rendered":"https:\/\/futbolhoy.co\/?p=118663"},"modified":"2025-04-23T12:44:34","modified_gmt":"2025-04-23T17:44:34","slug":"sebastian-viera-no-continuara-al-frente-del-real-cartagena","status":"publish","type":"post","link":"https:\/\/futbolhoy.co\/index.php\/2025\/04\/21\/sebastian-viera-no-continuara-al-frente-del-real-cartagena\/","title":{"rendered":"Sebasti\u00e1n Viera no continuar\u00e1 al frente del Real Cartagena"},"content":{"rendered":"<p style=\"text-align: justify;\"><span style=\"font-family: helvetica, arial, sans-serif;\"><strong>Real Cartagena<\/strong> decidi\u00f3 destituir del cargo como director t\u00e9cnico al uruguayo <strong>Sebasti\u00e1n Viera,<\/strong> exportero e \u00eddolo del<strong> Junior de Barranquilla<\/strong>. La derrota de este domingo en casa 2-3 ante <strong>Jaguares<\/strong> fue la gota que derram\u00f3 el vaso y llev\u00f3 a su destituci\u00f3n.<\/span><\/p>\n<p style=\"text-align: justify;\"><span style=\"font-family: helvetica, arial, sans-serif;\">\"Real Cartagena informa que el profesor <strong>Mario Sebasti\u00e1n Viera<\/strong> no continuar\u00e1 en la direcci\u00f3n t\u00e9cnica de nuestro plantel profesional\", inform\u00f3 el club a trav\u00e9s de un comunicado publicado en sus redes sociales.<\/span><\/p>\n<p><img fetchpriority=\"high\" decoding=\"async\" class=\"alignnone size-full wp-image-118664\" src=\"https:\/\/futbolhoy.co\/wp-content\/uploads\/2025\/04\/WhatsApp-Image-2025-04-21-at-8.07.09-PM.jpeg\" alt=\"\" width=\"1023\" height=\"1280\" srcset=\"https:\/\/futbolhoy.co\/wp-content\/uploads\/2025\/04\/WhatsApp-Image-2025-04-21-at-8.07.09-PM.jpeg 1023w, https:\/\/futbolhoy.co\/wp-content\/uploads\/2025\/04\/WhatsApp-Image-2025-04-21-at-8.07.09-PM-240x300.jpeg 240w, https:\/\/futbolhoy.co\/wp-content\/uploads\/2025\/04\/WhatsApp-Image-2025-04-21-at-8.07.09-PM-818x1024.jpeg 818w, https:\/\/futbolhoy.co\/wp-content\/uploads\/2025\/04\/WhatsApp-Image-2025-04-21-at-8.07.09-PM-768x961.jpeg 768w, https:\/\/futbolhoy.co\/wp-content\/uploads\/2025\/04\/WhatsApp-Image-2025-04-21-at-8.07.09-PM-696x871.jpeg 696w, https:\/\/futbolhoy.co\/wp-content\/uploads\/2025\/04\/WhatsApp-Image-2025-04-21-at-8.07.09-PM-102x128.jpeg 102w, https:\/\/futbolhoy.co\/wp-content\/uploads\/2025\/04\/WhatsApp-Image-2025-04-21-at-8.07.09-PM-26x32.jpeg 26w\" sizes=\"(max-width: 1023px) 100vw, 1023px\" \/><\/p>\n<p style=\"text-align: justify;\"><span style=\"font-family: helvetica, arial, sans-serif;\">Viera fue elegido como t\u00e9cnico del Real Cartagena el a\u00f1o pasado, siendo este su primer equipo como director t\u00e9cnico. En total, <strong>dirigi\u00f3 28 partidos al frente del equipo, con un saldo de 17 victorias, tres empates y ocho derrotas.<\/strong><\/span><\/p>\n<p style=\"text-align: justify;\"><span style=\"font-family: helvetica, arial, sans-serif;\">Si bien su primer campeonato al frente del club fue esperanzador; durante este torneo las cosas no han salido del todo bien. Actualmente, el equipo se ubica en la s\u00e9ptima casilla con 17 puntos, a 10 del l\u00edder Patriotas, producto de cinco triunfos, dos empates y cuatro derrotas.<\/span><\/p>\n<p style=\"text-align: justify;\"><strong><span style=\"font-family: helvetica, arial, sans-serif;\">Vuelve un viejo conocido<\/span><\/strong><\/p>\n<p style=\"text-align: justify;\"><span style=\"font-family: helvetica, arial, sans-serif;\">Sorpresivamente, horas m\u00e1s tarde el equipo cartagenero anunci\u00f3 al argentino <strong>Mart\u00edn Cardetti<\/strong> como su nuevo entrenador. El exjugador de River Plate ya hab\u00eda estado al frente del club entre el 2022 y el 2023. En el f\u00fatbol colombiano ha dirigido a <strong>Santa Fe, Bogot\u00e1 FC y Llaneros<\/strong>, logrando un t\u00edtulo de la segunda divisi\u00f3n con este \u00faltimo.<\/span><\/p>\n<p><img decoding=\"async\" class=\"alignnone size-full wp-image-118668\" src=\"https:\/\/futbolhoy.co\/wp-content\/uploads\/2025\/04\/WhatsApp-Image-2025-04-21-at-9.48.40-PM.jpeg\" alt=\"\" width=\"968\" height=\"1211\" srcset=\"https:\/\/futbolhoy.co\/wp-content\/uploads\/2025\/04\/WhatsApp-Image-2025-04-21-at-9.48.40-PM.jpeg 968w, https:\/\/futbolhoy.co\/wp-content\/uploads\/2025\/04\/WhatsApp-Image-2025-04-21-at-9.48.40-PM-240x300.jpeg 240w, https:\/\/futbolhoy.co\/wp-content\/uploads\/2025\/04\/WhatsApp-Image-2025-04-21-at-9.48.40-PM-819x1024.jpeg 819w, https:\/\/futbolhoy.co\/wp-content\/uploads\/2025\/04\/WhatsApp-Image-2025-04-21-at-9.48.40-PM-768x961.jpeg 768w, https:\/\/futbolhoy.co\/wp-content\/uploads\/2025\/04\/WhatsApp-Image-2025-04-21-at-9.48.40-PM-696x871.jpeg 696w, https:\/\/futbolhoy.co\/wp-content\/uploads\/2025\/04\/WhatsApp-Image-2025-04-21-at-9.48.40-PM-102x128.jpeg 102w, https:\/\/futbolhoy.co\/wp-content\/uploads\/2025\/04\/WhatsApp-Image-2025-04-21-at-9.48.40-PM-26x32.jpeg 26w\" sizes=\"(max-width: 968px) 100vw, 968px\" \/><\/p>\n<p style=\"text-align: justify;\"><span style=\"font-family: helvetica, arial, sans-serif;\">Real Cartagena cuenta en su n\u00f3mina con jugadores de la talla de<strong> Freddy Montero, Christian Marrugo y Juan Jos\u00e9 Ram\u00edrez,<\/strong> siendo uno de los grandes favoritos a lograr el ascenso a la primera divisi\u00f3n para el a\u00f1o 2026.<\/span><\/p>\n<p style=\"text-align: justify;\">\n","protected":false},"excerpt":{"rendered":"<p>Real Cartagena decidi\u00f3 destituir del cargo como director t\u00e9cnico al uruguayo Sebasti\u00e1n Viera, exportero e \u00eddolo del Junior de Barranquilla. La derrota de este domingo en casa 2-3 ante Jaguares fue la gota que derram\u00f3 el vaso y llev\u00f3 a su destituci\u00f3n. \"Real Cartagena informa que el profesor Mario Sebasti\u00e1n Viera no continuar\u00e1 en la [&hellip;]<\/p>\n","protected":false},"author":4,"featured_media":118665,"comment_status":"open","ping_status":"open","sticky":false,"template":"","format":"standard","meta":{"_acf_changed":false,"footnotes":""},"categories":[7],"tags":[],"class_list":{"0":"post-118663","1":"post","2":"type-post","3":"status-publish","4":"format-standard","5":"has-post-thumbnail","7":"category-liga-betplay"},"acf":[],"yoast_head":"<!-- This site is optimized with the Yoast SEO plugin v26.8 - https:\/\/yoast.com\/product\/yoast-seo-wordpress\/ -->\n<title>Sebasti\u00e1n Viera no continuar\u00e1 al frente del Real Cartagena -<\/title>\n<meta name=\"robots\" content=\"index, follow, max-snippet:-1, max-image-preview:large, max-video-preview:-1\" \/>\n<link rel=\"canonical\" href=\"https:\/\/futbolhoy.co\/index.php\/2025\/04\/21\/sebastian-viera-no-continuara-al-frente-del-real-cartagena\/\" \/>\n<meta property=\"og:locale\" content=\"es_ES\" \/>\n<meta property=\"og:type\" content=\"article\" \/>\n<meta property=\"og:title\" content=\"Sebasti\u00e1n Viera no continuar\u00e1 al frente del Real Cartagena -\" \/>\n<meta property=\"og:description\" content=\"Real Cartagena decidi\u00f3 destituir del cargo como director t\u00e9cnico al uruguayo Sebasti\u00e1n Viera, exportero e \u00eddolo del Junior de Barranquilla. La derrota de este domingo en casa 2-3 ante Jaguares fue la gota que derram\u00f3 el vaso y llev\u00f3 a su destituci\u00f3n. &quot;Real Cartagena informa que el profesor Mario Sebasti\u00e1n Viera no continuar\u00e1 en la [&hellip;]\" \/>\n<meta property=\"og:url\" content=\"https:\/\/futbolhoy.co\/index.php\/2025\/04\/21\/sebastian-viera-no-continuara-al-frente-del-real-cartagena\/\" \/>\n<meta property=\"article:publisher\" content=\"https:\/\/www.facebook.com\/FutbolHoyCol\/\" \/>\n<meta property=\"article:published_time\" content=\"2025-04-22T01:13:25+00:00\" \/>\n<meta property=\"article:modified_time\" content=\"2025-04-23T17:44:34+00:00\" \/>\n<meta property=\"og:image\" content=\"https:\/\/futbolhoy.co\/wp-content\/uploads\/2025\/04\/Viera.png\" \/>\n\t<meta property=\"og:image:width\" content=\"1255\" \/>\n\t<meta property=\"og:image:height\" content=\"859\" \/>\n\t<meta property=\"og:image:type\" content=\"image\/png\" \/>\n<meta name=\"author\" content=\"contenido\" \/>\n<meta name=\"twitter:card\" content=\"summary_large_image\" \/>\n<meta name=\"twitter:creator\" content=\"@FutbolHoyCol\" \/>\n<meta name=\"twitter:site\" content=\"@FutbolHoyCol\" \/>\n<meta name=\"twitter:label1\" content=\"Escrito por\" \/>\n\t<meta name=\"twitter:data1\" content=\"contenido\" \/>\n\t<meta name=\"twitter:label2\" content=\"Tiempo de lectura\" \/>\n\t<meta name=\"twitter:data2\" content=\"1 minuto\" \/>\n<script type=\"application\/ld+json\" class=\"yoast-schema-graph\">{\"@context\":\"https:\/\/schema.org\",\"@graph\":[{\"@type\":\"Article\",\"@id\":\"https:\/\/futbolhoy.co\/index.php\/2025\/04\/21\/sebastian-viera-no-continuara-al-frente-del-real-cartagena\/#article\",\"isPartOf\":{\"@id\":\"https:\/\/futbolhoy.co\/index.php\/2025\/04\/21\/sebastian-viera-no-continuara-al-frente-del-real-cartagena\/\"},\"author\":{\"name\":\"contenido\",\"@id\":\"https:\/\/futbolhoy.co\/#\/schema\/person\/1721b69355b6623eaff15ac7b92d4cc3\"},\"headline\":\"Sebasti\u00e1n Viera no continuar\u00e1 al frente del Real Cartagena\",\"datePublished\":\"2025-04-22T01:13:25+00:00\",\"dateModified\":\"2025-04-23T17:44:34+00:00\",\"mainEntityOfPage\":{\"@id\":\"https:\/\/futbolhoy.co\/index.php\/2025\/04\/21\/sebastian-viera-no-continuara-al-frente-del-real-cartagena\/\"},\"wordCount\":285,\"commentCount\":0,\"publisher\":{\"@id\":\"https:\/\/futbolhoy.co\/#organization\"},\"image\":{\"@id\":\"https:\/\/futbolhoy.co\/index.php\/2025\/04\/21\/sebastian-viera-no-continuara-al-frente-del-real-cartagena\/#primaryimage\"},\"thumbnailUrl\":\"https:\/\/futbolhoy.co\/wp-content\/uploads\/2025\/04\/Viera.png\",\"articleSection\":[\"Liga BetPlay\"],\"inLanguage\":\"es\",\"potentialAction\":[{\"@type\":\"CommentAction\",\"name\":\"Comment\",\"target\":[\"https:\/\/futbolhoy.co\/index.php\/2025\/04\/21\/sebastian-viera-no-continuara-al-frente-del-real-cartagena\/#respond\"]}]},{\"@type\":\"WebPage\",\"@id\":\"https:\/\/futbolhoy.co\/index.php\/2025\/04\/21\/sebastian-viera-no-continuara-al-frente-del-real-cartagena\/\",\"url\":\"https:\/\/futbolhoy.co\/index.php\/2025\/04\/21\/sebastian-viera-no-continuara-al-frente-del-real-cartagena\/\",\"name\":\"Sebasti\u00e1n Viera no continuar\u00e1 al frente del Real Cartagena -\",\"isPartOf\":{\"@id\":\"https:\/\/futbolhoy.co\/#website\"},\"primaryImageOfPage\":{\"@id\":\"https:\/\/futbolhoy.co\/index.php\/2025\/04\/21\/sebastian-viera-no-continuara-al-frente-del-real-cartagena\/#primaryimage\"},\"image\":{\"@id\":\"https:\/\/futbolhoy.co\/index.php\/2025\/04\/21\/sebastian-viera-no-continuara-al-frente-del-real-cartagena\/#primaryimage\"},\"thumbnailUrl\":\"https:\/\/futbolhoy.co\/wp-content\/uploads\/2025\/04\/Viera.png\",\"datePublished\":\"2025-04-22T01:13:25+00:00\",\"dateModified\":\"2025-04-23T17:44:34+00:00\",\"breadcrumb\":{\"@id\":\"https:\/\/futbolhoy.co\/index.php\/2025\/04\/21\/sebastian-viera-no-continuara-al-frente-del-real-cartagena\/#breadcrumb\"},\"inLanguage\":\"es\",\"potentialAction\":[{\"@type\":\"ReadAction\",\"target\":[\"https:\/\/futbolhoy.co\/index.php\/2025\/04\/21\/sebastian-viera-no-continuara-al-frente-del-real-cartagena\/\"]}]},{\"@type\":\"ImageObject\",\"inLanguage\":\"es\",\"@id\":\"https:\/\/futbolhoy.co\/index.php\/2025\/04\/21\/sebastian-viera-no-continuara-al-frente-del-real-cartagena\/#primaryimage\",\"url\":\"https:\/\/futbolhoy.co\/wp-content\/uploads\/2025\/04\/Viera.png\",\"contentUrl\":\"https:\/\/futbolhoy.co\/wp-content\/uploads\/2025\/04\/Viera.png\",\"width\":1255,\"height\":859},{\"@type\":\"BreadcrumbList\",\"@id\":\"https:\/\/futbolhoy.co\/index.php\/2025\/04\/21\/sebastian-viera-no-continuara-al-frente-del-real-cartagena\/#breadcrumb\",\"itemListElement\":[{\"@type\":\"ListItem\",\"position\":1,\"name\":\"Portada\",\"item\":\"https:\/\/futbolhoy.co\/\"},{\"@type\":\"ListItem\",\"position\":2,\"name\":\"Sebasti\u00e1n Viera no continuar\u00e1 al frente del Real Cartagena\"}]},{\"@type\":\"WebSite\",\"@id\":\"https:\/\/futbolhoy.co\/#website\",\"url\":\"https:\/\/futbolhoy.co\/\",\"name\":\"FutbolHoy\",\"description\":\"\",\"publisher\":{\"@id\":\"https:\/\/futbolhoy.co\/#organization\"},\"potentialAction\":[{\"@type\":\"SearchAction\",\"target\":{\"@type\":\"EntryPoint\",\"urlTemplate\":\"https:\/\/futbolhoy.co\/?s={search_term_string}\"},\"query-input\":{\"@type\":\"PropertyValueSpecification\",\"valueRequired\":true,\"valueName\":\"search_term_string\"}}],\"inLanguage\":\"es\"},{\"@type\":\"Organization\",\"@id\":\"https:\/\/futbolhoy.co\/#organization\",\"name\":\"Futbolhoy.co\",\"url\":\"https:\/\/futbolhoy.co\/\",\"logo\":{\"@type\":\"ImageObject\",\"inLanguage\":\"es\",\"@id\":\"https:\/\/futbolhoy.co\/#\/schema\/logo\/image\/\",\"url\":\"https:\/\/futbolhoy.co\/wp-content\/uploads\/2018\/08\/17426380_1906371736249227_6326180412931521141_n.jpg\",\"contentUrl\":\"https:\/\/futbolhoy.co\/wp-content\/uploads\/2018\/08\/17426380_1906371736249227_6326180412931521141_n.jpg\",\"width\":960,\"height\":960,\"caption\":\"Futbolhoy.co\"},\"image\":{\"@id\":\"https:\/\/futbolhoy.co\/#\/schema\/logo\/image\/\"},\"sameAs\":[\"https:\/\/www.facebook.com\/FutbolHoyCol\/\",\"https:\/\/x.com\/FutbolHoyCol\",\"https:\/\/www.instagram.com\/futbolhoycol\/\"]},{\"@type\":\"Person\",\"@id\":\"https:\/\/futbolhoy.co\/#\/schema\/person\/1721b69355b6623eaff15ac7b92d4cc3\",\"name\":\"contenido\",\"image\":{\"@type\":\"ImageObject\",\"inLanguage\":\"es\",\"@id\":\"https:\/\/futbolhoy.co\/#\/schema\/person\/image\/\",\"url\":\"https:\/\/secure.gravatar.com\/avatar\/4f656d3256f5134f466206e7c3941518?s=96&d=mm&r=g\",\"contentUrl\":\"https:\/\/secure.gravatar.com\/avatar\/4f656d3256f5134f466206e7c3941518?s=96&d=mm&r=g\",\"caption\":\"contenido\"}}]}<\/script>\n<!-- \/ Yoast SEO plugin. -->","yoast_head_json":{"title":"Sebasti\u00e1n Viera no continuar\u00e1 al frente del Real Cartagena -","robots":{"index":"index","follow":"follow","max-snippet":"max-snippet:-1","max-image-preview":"max-image-preview:large","max-video-preview":"max-video-preview:-1"},"canonical":"https:\/\/futbolhoy.co\/index.php\/2025\/04\/21\/sebastian-viera-no-continuara-al-frente-del-real-cartagena\/","og_locale":"es_ES","og_type":"article","og_title":"Sebasti\u00e1n Viera no continuar\u00e1 al frente del Real Cartagena -","og_description":"Real Cartagena decidi\u00f3 destituir del cargo como director t\u00e9cnico al uruguayo Sebasti\u00e1n Viera, exportero e \u00eddolo del Junior de Barranquilla. La derrota de este domingo en casa 2-3 ante Jaguares fue la gota que derram\u00f3 el vaso y llev\u00f3 a su destituci\u00f3n. \"Real Cartagena informa que el profesor Mario Sebasti\u00e1n Viera no continuar\u00e1 en la [&hellip;]","og_url":"https:\/\/futbolhoy.co\/index.php\/2025\/04\/21\/sebastian-viera-no-continuara-al-frente-del-real-cartagena\/","article_publisher":"https:\/\/www.facebook.com\/FutbolHoyCol\/","article_published_time":"2025-04-22T01:13:25+00:00","article_modified_time":"2025-04-23T17:44:34+00:00","og_image":[{"width":1255,"height":859,"url":"https:\/\/futbolhoy.co\/wp-content\/uploads\/2025\/04\/Viera.png","type":"image\/png"}],"author":"contenido","twitter_card":"summary_large_image","twitter_creator":"@FutbolHoyCol","twitter_site":"@FutbolHoyCol","twitter_misc":{"Escrito por":"contenido","Tiempo de lectura":"1 minuto"},"schema":{"@context":"https:\/\/schema.org","@graph":[{"@type":"Article","@id":"https:\/\/futbolhoy.co\/index.php\/2025\/04\/21\/sebastian-viera-no-continuara-al-frente-del-real-cartagena\/#article","isPartOf":{"@id":"https:\/\/futbolhoy.co\/index.php\/2025\/04\/21\/sebastian-viera-no-continuara-al-frente-del-real-cartagena\/"},"author":{"name":"contenido","@id":"https:\/\/futbolhoy.co\/#\/schema\/person\/1721b69355b6623eaff15ac7b92d4cc3"},"headline":"Sebasti\u00e1n Viera no continuar\u00e1 al frente del Real Cartagena","datePublished":"2025-04-22T01:13:25+00:00","dateModified":"2025-04-23T17:44:34+00:00","mainEntityOfPage":{"@id":"https:\/\/futbolhoy.co\/index.php\/2025\/04\/21\/sebastian-viera-no-continuara-al-frente-del-real-cartagena\/"},"wordCount":285,"commentCount":0,"publisher":{"@id":"https:\/\/futbolhoy.co\/#organization"},"image":{"@id":"https:\/\/futbolhoy.co\/index.php\/2025\/04\/21\/sebastian-viera-no-continuara-al-frente-del-real-cartagena\/#primaryimage"},"thumbnailUrl":"https:\/\/futbolhoy.co\/wp-content\/uploads\/2025\/04\/Viera.png","articleSection":["Liga BetPlay"],"inLanguage":"es","potentialAction":[{"@type":"CommentAction","name":"Comment","target":["https:\/\/futbolhoy.co\/index.php\/2025\/04\/21\/sebastian-viera-no-continuara-al-frente-del-real-cartagena\/#respond"]}]},{"@type":"WebPage","@id":"https:\/\/futbolhoy.co\/index.php\/2025\/04\/21\/sebastian-viera-no-continuara-al-frente-del-real-cartagena\/","url":"https:\/\/futbolhoy.co\/index.php\/2025\/04\/21\/sebastian-viera-no-continuara-al-frente-del-real-cartagena\/","name":"Sebasti\u00e1n Viera no continuar\u00e1 al frente del Real Cartagena -","isPartOf":{"@id":"https:\/\/futbolhoy.co\/#website"},"primaryImageOfPage":{"@id":"https:\/\/futbolhoy.co\/index.php\/2025\/04\/21\/sebastian-viera-no-continuara-al-frente-del-real-cartagena\/#primaryimage"},"image":{"@id":"https:\/\/futbolhoy.co\/index.php\/2025\/04\/21\/sebastian-viera-no-continuara-al-frente-del-real-cartagena\/#primaryimage"},"thumbnailUrl":"https:\/\/futbolhoy.co\/wp-content\/uploads\/2025\/04\/Viera.png","datePublished":"2025-04-22T01:13:25+00:00","dateModified":"2025-04-23T17:44:34+00:00","breadcrumb":{"@id":"https:\/\/futbolhoy.co\/index.php\/2025\/04\/21\/sebastian-viera-no-continuara-al-frente-del-real-cartagena\/#breadcrumb"},"inLanguage":"es","potentialAction":[{"@type":"ReadAction","target":["https:\/\/futbolhoy.co\/index.php\/2025\/04\/21\/sebastian-viera-no-continuara-al-frente-del-real-cartagena\/"]}]},{"@type":"ImageObject","inLanguage":"es","@id":"https:\/\/futbolhoy.co\/index.php\/2025\/04\/21\/sebastian-viera-no-continuara-al-frente-del-real-cartagena\/#primaryimage","url":"https:\/\/futbolhoy.co\/wp-content\/uploads\/2025\/04\/Viera.png","contentUrl":"https:\/\/futbolhoy.co\/wp-content\/uploads\/2025\/04\/Viera.png","width":1255,"height":859},{"@type":"BreadcrumbList","@id":"https:\/\/futbolhoy.co\/index.php\/2025\/04\/21\/sebastian-viera-no-continuara-al-frente-del-real-cartagena\/#breadcrumb","itemListElement":[{"@type":"ListItem","position":1,"name":"Portada","item":"https:\/\/futbolhoy.co\/"},{"@type":"ListItem","position":2,"name":"Sebasti\u00e1n Viera no continuar\u00e1 al frente del Real Cartagena"}]},{"@type":"WebSite","@id":"https:\/\/futbolhoy.co\/#website","url":"https:\/\/futbolhoy.co\/","name":"FutbolHoy","description":"","publisher":{"@id":"https:\/\/futbolhoy.co\/#organization"},"potentialAction":[{"@type":"SearchAction","target":{"@type":"EntryPoint","urlTemplate":"https:\/\/futbolhoy.co\/?s={search_term_string}"},"query-input":{"@type":"PropertyValueSpecification","valueRequired":true,"valueName":"search_term_string"}}],"inLanguage":"es"},{"@type":"Organization","@id":"https:\/\/futbolhoy.co\/#organization","name":"Futbolhoy.co","url":"https:\/\/futbolhoy.co\/","logo":{"@type":"ImageObject","inLanguage":"es","@id":"https:\/\/futbolhoy.co\/#\/schema\/logo\/image\/","url":"https:\/\/futbolhoy.co\/wp-content\/uploads\/2018\/08\/17426380_1906371736249227_6326180412931521141_n.jpg","contentUrl":"https:\/\/futbolhoy.co\/wp-content\/uploads\/2018\/08\/17426380_1906371736249227_6326180412931521141_n.jpg","width":960,"height":960,"caption":"Futbolhoy.co"},"image":{"@id":"https:\/\/futbolhoy.co\/#\/schema\/logo\/image\/"},"sameAs":["https:\/\/www.facebook.com\/FutbolHoyCol\/","https:\/\/x.com\/FutbolHoyCol","https:\/\/www.instagram.com\/futbolhoycol\/"]},{"@type":"Person","@id":"https:\/\/futbolhoy.co\/#\/schema\/person\/1721b69355b6623eaff15ac7b92d4cc3","name":"contenido","image":{"@type":"ImageObject","inLanguage":"es","@id":"https:\/\/futbolhoy.co\/#\/schema\/person\/image\/","url":"https:\/\/secure.gravatar.com\/avatar\/4f656d3256f5134f466206e7c3941518?s=96&d=mm&r=g","contentUrl":"https:\/\/secure.gravatar.com\/avatar\/4f656d3256f5134f466206e7c3941518?s=96&d=mm&r=g","caption":"contenido"}}]}},"publishpress_future_action":{"enabled":false,"date":"2026-05-06 04:13:44","action":"change-status","newStatus":"draft","terms":[],"taxonomy":"category","extraData":[]},"publishpress_future_workflow_manual_trigger":{"enabledWorkflows":[]},"_links":{"self":[{"href":"https:\/\/futbolhoy.co\/index.php\/wp-json\/wp\/v2\/posts\/118663","targetHints":{"allow":["GET"]}}],"collection":[{"href":"https:\/\/futbolhoy.co\/index.php\/wp-json\/wp\/v2\/posts"}],"about":[{"href":"https:\/\/futbolhoy.co\/index.php\/wp-json\/wp\/v2\/types\/post"}],"author":[{"embeddable":true,"href":"https:\/\/futbolhoy.co\/index.php\/wp-json\/wp\/v2\/users\/4"}],"replies":[{"embeddable":true,"href":"https:\/\/futbolhoy.co\/index.php\/wp-json\/wp\/v2\/comments?post=118663"}],"version-history":[{"count":3,"href":"https:\/\/futbolhoy.co\/index.php\/wp-json\/wp\/v2\/posts\/118663\/revisions"}],"predecessor-version":[{"id":118669,"href":"https:\/\/futbolhoy.co\/index.php\/wp-json\/wp\/v2\/posts\/118663\/revisions\/118669"}],"wp:featuredmedia":[{"embeddable":true,"href":"https:\/\/futbolhoy.co\/index.php\/wp-json\/wp\/v2\/media\/118665"}],"wp:attachment":[{"href":"https:\/\/futbolhoy.co\/index.php\/wp-json\/wp\/v2\/media?parent=118663"}],"wp:term":[{"taxonomy":"category","embeddable":true,"href":"https:\/\/futbolhoy.co\/index.php\/wp-json\/wp\/v2\/categories?post=118663"},{"taxonomy":"post_tag","embeddable":true,"href":"https:\/\/futbolhoy.co\/index.php\/wp-json\/wp\/v2\/tags?post=118663"}],"curies":[{"name":"wp","href":"https:\/\/api.w.org\/{rel}","templated":true}]}}