{"id":118672,"date":"2025-04-22T07:49:44","date_gmt":"2025-04-22T12:49:44","guid":{"rendered":"https:\/\/futbolhoy.co\/?p=118672"},"modified":"2025-04-24T09:21:07","modified_gmt":"2025-04-24T14:21:07","slug":"roberto-torres-renuncio-al-cargo-de-dt-de-chico","status":"publish","type":"post","link":"https:\/\/futbolhoy.co\/index.php\/2025\/04\/22\/roberto-torres-renuncio-al-cargo-de-dt-de-chico\/","title":{"rendered":"Roberto Torres renunci\u00f3 al cargo de DT de Chic\u00f3"},"content":{"rendered":"<p style=\"text-align: justify;\"><span style=\"font-family: helvetica, arial, sans-serif;\">Noveno entrenador en salir de alg\u00fan club de la <strong>Liga BetPlay.<\/strong> La derrota de <strong>Boyac\u00e1 Chic\u00f3<\/strong> 0-2 a manos de <strong>Fortaleza<\/strong> en calidad de local, cobr\u00f3 la continuidad del paraguayo <strong>Roberto Torres<\/strong> al frente del conjunto de <strong>Tunja<\/strong>.<\/span><\/p>\n<p style=\"text-align: justify;\"><span style=\"font-family: helvetica, arial, sans-serif;\">Tras el encuentro, Torres agradeci\u00f3 en rueda de prensa por la oportunidad y socializado su salida. \u201c Avisamos que no vamos a seguir. A partir de este momento damos el paso al costado para darle la libertad de decisi\u00f3n a la gente\u201d, dijo.<\/span><\/p>\n<p style=\"text-align: justify;\"><span style=\"font-family: helvetica, arial, sans-serif;\">Torres lleg\u00f3 en reemplazo de <strong>Juan \u00c1lvarez<\/strong> a finales de febrero. Desde entonces dirigi\u00f3 10 partidos, acumul\u00f3 4 derrotas y 6 empates, y se march\u00f3 sin conocer la victoria. Su rendimiento fue del 20%.<\/span><\/p>\n<p style=\"text-align: justify;\"><span style=\"font-family: helvetica, arial, sans-serif;\">Chic\u00f3 se ubica en el puesto 17 de la Liga BetPlay con 13 unidades. 2 triunfos, 7 empates y 7 derrotas acumulan en el semestre.<\/span><\/p>\n","protected":false},"excerpt":{"rendered":"<p>Noveno entrenador en salir de alg\u00fan club de la Liga BetPlay. La derrota de Boyac\u00e1 Chic\u00f3 0-2 a manos de Fortaleza en calidad de local, cobr\u00f3 la continuidad del paraguayo Roberto Torres al frente del conjunto de Tunja. Tras el encuentro, Torres agradeci\u00f3 en rueda de prensa por la oportunidad y socializado su salida. \u201c [&hellip;]<\/p>\n","protected":false},"author":4,"featured_media":118673,"comment_status":"open","ping_status":"open","sticky":false,"template":"","format":"standard","meta":{"_acf_changed":false,"footnotes":""},"categories":[7],"tags":[],"class_list":{"0":"post-118672","1":"post","2":"type-post","3":"status-publish","4":"format-standard","5":"has-post-thumbnail","7":"category-liga-betplay"},"acf":[],"yoast_head":"<!-- This site is optimized with the Yoast SEO plugin v26.8 - https:\/\/yoast.com\/product\/yoast-seo-wordpress\/ -->\n<title>Roberto Torres renunci\u00f3 al cargo de DT de Chic\u00f3 -<\/title>\n<meta name=\"robots\" content=\"index, follow, max-snippet:-1, max-image-preview:large, max-video-preview:-1\" \/>\n<link rel=\"canonical\" href=\"https:\/\/futbolhoy.co\/index.php\/2025\/04\/22\/roberto-torres-renuncio-al-cargo-de-dt-de-chico\/\" \/>\n<meta property=\"og:locale\" content=\"es_ES\" \/>\n<meta property=\"og:type\" content=\"article\" \/>\n<meta property=\"og:title\" content=\"Roberto Torres renunci\u00f3 al cargo de DT de Chic\u00f3 -\" \/>\n<meta property=\"og:description\" content=\"Noveno entrenador en salir de alg\u00fan club de la Liga BetPlay. La derrota de Boyac\u00e1 Chic\u00f3 0-2 a manos de Fortaleza en calidad de local, cobr\u00f3 la continuidad del paraguayo Roberto Torres al frente del conjunto de Tunja. Tras el encuentro, Torres agradeci\u00f3 en rueda de prensa por la oportunidad y socializado su salida. \u201c [&hellip;]\" \/>\n<meta property=\"og:url\" content=\"https:\/\/futbolhoy.co\/index.php\/2025\/04\/22\/roberto-torres-renuncio-al-cargo-de-dt-de-chico\/\" \/>\n<meta property=\"article:publisher\" content=\"https:\/\/www.facebook.com\/FutbolHoyCol\/\" \/>\n<meta property=\"article:published_time\" content=\"2025-04-22T12:49:44+00:00\" \/>\n<meta property=\"article:modified_time\" content=\"2025-04-24T14:21:07+00:00\" \/>\n<meta property=\"og:image\" content=\"https:\/\/futbolhoy.co\/wp-content\/uploads\/2025\/04\/Chic\u00b4o.png\" \/>\n\t<meta property=\"og:image:width\" content=\"901\" \/>\n\t<meta property=\"og:image:height\" content=\"612\" \/>\n\t<meta property=\"og:image:type\" content=\"image\/png\" \/>\n<meta name=\"author\" content=\"contenido\" \/>\n<meta name=\"twitter:card\" content=\"summary_large_image\" \/>\n<meta name=\"twitter:creator\" content=\"@FutbolHoyCol\" \/>\n<meta name=\"twitter:site\" content=\"@FutbolHoyCol\" \/>\n<meta name=\"twitter:label1\" content=\"Escrito por\" \/>\n\t<meta name=\"twitter:data1\" content=\"contenido\" \/>\n\t<meta name=\"twitter:label2\" content=\"Tiempo de lectura\" \/>\n\t<meta name=\"twitter:data2\" content=\"1 minuto\" \/>\n<script type=\"application\/ld+json\" class=\"yoast-schema-graph\">{\"@context\":\"https:\/\/schema.org\",\"@graph\":[{\"@type\":\"Article\",\"@id\":\"https:\/\/futbolhoy.co\/index.php\/2025\/04\/22\/roberto-torres-renuncio-al-cargo-de-dt-de-chico\/#article\",\"isPartOf\":{\"@id\":\"https:\/\/futbolhoy.co\/index.php\/2025\/04\/22\/roberto-torres-renuncio-al-cargo-de-dt-de-chico\/\"},\"author\":{\"name\":\"contenido\",\"@id\":\"https:\/\/futbolhoy.co\/#\/schema\/person\/1721b69355b6623eaff15ac7b92d4cc3\"},\"headline\":\"Roberto Torres renunci\u00f3 al cargo de DT de Chic\u00f3\",\"datePublished\":\"2025-04-22T12:49:44+00:00\",\"dateModified\":\"2025-04-24T14:21:07+00:00\",\"mainEntityOfPage\":{\"@id\":\"https:\/\/futbolhoy.co\/index.php\/2025\/04\/22\/roberto-torres-renuncio-al-cargo-de-dt-de-chico\/\"},\"wordCount\":141,\"commentCount\":0,\"publisher\":{\"@id\":\"https:\/\/futbolhoy.co\/#organization\"},\"image\":{\"@id\":\"https:\/\/futbolhoy.co\/index.php\/2025\/04\/22\/roberto-torres-renuncio-al-cargo-de-dt-de-chico\/#primaryimage\"},\"thumbnailUrl\":\"https:\/\/futbolhoy.co\/wp-content\/uploads\/2025\/04\/Chic\u00b4o.png\",\"articleSection\":[\"Liga BetPlay\"],\"inLanguage\":\"es\",\"potentialAction\":[{\"@type\":\"CommentAction\",\"name\":\"Comment\",\"target\":[\"https:\/\/futbolhoy.co\/index.php\/2025\/04\/22\/roberto-torres-renuncio-al-cargo-de-dt-de-chico\/#respond\"]}]},{\"@type\":\"WebPage\",\"@id\":\"https:\/\/futbolhoy.co\/index.php\/2025\/04\/22\/roberto-torres-renuncio-al-cargo-de-dt-de-chico\/\",\"url\":\"https:\/\/futbolhoy.co\/index.php\/2025\/04\/22\/roberto-torres-renuncio-al-cargo-de-dt-de-chico\/\",\"name\":\"Roberto Torres renunci\u00f3 al cargo de DT de Chic\u00f3 -\",\"isPartOf\":{\"@id\":\"https:\/\/futbolhoy.co\/#website\"},\"primaryImageOfPage\":{\"@id\":\"https:\/\/futbolhoy.co\/index.php\/2025\/04\/22\/roberto-torres-renuncio-al-cargo-de-dt-de-chico\/#primaryimage\"},\"image\":{\"@id\":\"https:\/\/futbolhoy.co\/index.php\/2025\/04\/22\/roberto-torres-renuncio-al-cargo-de-dt-de-chico\/#primaryimage\"},\"thumbnailUrl\":\"https:\/\/futbolhoy.co\/wp-content\/uploads\/2025\/04\/Chic\u00b4o.png\",\"datePublished\":\"2025-04-22T12:49:44+00:00\",\"dateModified\":\"2025-04-24T14:21:07+00:00\",\"breadcrumb\":{\"@id\":\"https:\/\/futbolhoy.co\/index.php\/2025\/04\/22\/roberto-torres-renuncio-al-cargo-de-dt-de-chico\/#breadcrumb\"},\"inLanguage\":\"es\",\"potentialAction\":[{\"@type\":\"ReadAction\",\"target\":[\"https:\/\/futbolhoy.co\/index.php\/2025\/04\/22\/roberto-torres-renuncio-al-cargo-de-dt-de-chico\/\"]}]},{\"@type\":\"ImageObject\",\"inLanguage\":\"es\",\"@id\":\"https:\/\/futbolhoy.co\/index.php\/2025\/04\/22\/roberto-torres-renuncio-al-cargo-de-dt-de-chico\/#primaryimage\",\"url\":\"https:\/\/futbolhoy.co\/wp-content\/uploads\/2025\/04\/Chic\u00b4o.png\",\"contentUrl\":\"https:\/\/futbolhoy.co\/wp-content\/uploads\/2025\/04\/Chic\u00b4o.png\",\"width\":901,\"height\":612},{\"@type\":\"BreadcrumbList\",\"@id\":\"https:\/\/futbolhoy.co\/index.php\/2025\/04\/22\/roberto-torres-renuncio-al-cargo-de-dt-de-chico\/#breadcrumb\",\"itemListElement\":[{\"@type\":\"ListItem\",\"position\":1,\"name\":\"Portada\",\"item\":\"https:\/\/futbolhoy.co\/\"},{\"@type\":\"ListItem\",\"position\":2,\"name\":\"Roberto Torres renunci\u00f3 al cargo de DT de Chic\u00f3\"}]},{\"@type\":\"WebSite\",\"@id\":\"https:\/\/futbolhoy.co\/#website\",\"url\":\"https:\/\/futbolhoy.co\/\",\"name\":\"FutbolHoy\",\"description\":\"\",\"publisher\":{\"@id\":\"https:\/\/futbolhoy.co\/#organization\"},\"potentialAction\":[{\"@type\":\"SearchAction\",\"target\":{\"@type\":\"EntryPoint\",\"urlTemplate\":\"https:\/\/futbolhoy.co\/?s={search_term_string}\"},\"query-input\":{\"@type\":\"PropertyValueSpecification\",\"valueRequired\":true,\"valueName\":\"search_term_string\"}}],\"inLanguage\":\"es\"},{\"@type\":\"Organization\",\"@id\":\"https:\/\/futbolhoy.co\/#organization\",\"name\":\"Futbolhoy.co\",\"url\":\"https:\/\/futbolhoy.co\/\",\"logo\":{\"@type\":\"ImageObject\",\"inLanguage\":\"es\",\"@id\":\"https:\/\/futbolhoy.co\/#\/schema\/logo\/image\/\",\"url\":\"https:\/\/futbolhoy.co\/wp-content\/uploads\/2018\/08\/17426380_1906371736249227_6326180412931521141_n.jpg\",\"contentUrl\":\"https:\/\/futbolhoy.co\/wp-content\/uploads\/2018\/08\/17426380_1906371736249227_6326180412931521141_n.jpg\",\"width\":960,\"height\":960,\"caption\":\"Futbolhoy.co\"},\"image\":{\"@id\":\"https:\/\/futbolhoy.co\/#\/schema\/logo\/image\/\"},\"sameAs\":[\"https:\/\/www.facebook.com\/FutbolHoyCol\/\",\"https:\/\/x.com\/FutbolHoyCol\",\"https:\/\/www.instagram.com\/futbolhoycol\/\"]},{\"@type\":\"Person\",\"@id\":\"https:\/\/futbolhoy.co\/#\/schema\/person\/1721b69355b6623eaff15ac7b92d4cc3\",\"name\":\"contenido\",\"image\":{\"@type\":\"ImageObject\",\"inLanguage\":\"es\",\"@id\":\"https:\/\/futbolhoy.co\/#\/schema\/person\/image\/\",\"url\":\"https:\/\/secure.gravatar.com\/avatar\/4f656d3256f5134f466206e7c3941518?s=96&d=mm&r=g\",\"contentUrl\":\"https:\/\/secure.gravatar.com\/avatar\/4f656d3256f5134f466206e7c3941518?s=96&d=mm&r=g\",\"caption\":\"contenido\"}}]}<\/script>\n<!-- \/ Yoast SEO plugin. -->","yoast_head_json":{"title":"Roberto Torres renunci\u00f3 al cargo de DT de Chic\u00f3 -","robots":{"index":"index","follow":"follow","max-snippet":"max-snippet:-1","max-image-preview":"max-image-preview:large","max-video-preview":"max-video-preview:-1"},"canonical":"https:\/\/futbolhoy.co\/index.php\/2025\/04\/22\/roberto-torres-renuncio-al-cargo-de-dt-de-chico\/","og_locale":"es_ES","og_type":"article","og_title":"Roberto Torres renunci\u00f3 al cargo de DT de Chic\u00f3 -","og_description":"Noveno entrenador en salir de alg\u00fan club de la Liga BetPlay. La derrota de Boyac\u00e1 Chic\u00f3 0-2 a manos de Fortaleza en calidad de local, cobr\u00f3 la continuidad del paraguayo Roberto Torres al frente del conjunto de Tunja. Tras el encuentro, Torres agradeci\u00f3 en rueda de prensa por la oportunidad y socializado su salida. \u201c [&hellip;]","og_url":"https:\/\/futbolhoy.co\/index.php\/2025\/04\/22\/roberto-torres-renuncio-al-cargo-de-dt-de-chico\/","article_publisher":"https:\/\/www.facebook.com\/FutbolHoyCol\/","article_published_time":"2025-04-22T12:49:44+00:00","article_modified_time":"2025-04-24T14:21:07+00:00","og_image":[{"width":901,"height":612,"url":"https:\/\/futbolhoy.co\/wp-content\/uploads\/2025\/04\/Chic\u00b4o.png","type":"image\/png"}],"author":"contenido","twitter_card":"summary_large_image","twitter_creator":"@FutbolHoyCol","twitter_site":"@FutbolHoyCol","twitter_misc":{"Escrito por":"contenido","Tiempo de lectura":"1 minuto"},"schema":{"@context":"https:\/\/schema.org","@graph":[{"@type":"Article","@id":"https:\/\/futbolhoy.co\/index.php\/2025\/04\/22\/roberto-torres-renuncio-al-cargo-de-dt-de-chico\/#article","isPartOf":{"@id":"https:\/\/futbolhoy.co\/index.php\/2025\/04\/22\/roberto-torres-renuncio-al-cargo-de-dt-de-chico\/"},"author":{"name":"contenido","@id":"https:\/\/futbolhoy.co\/#\/schema\/person\/1721b69355b6623eaff15ac7b92d4cc3"},"headline":"Roberto Torres renunci\u00f3 al cargo de DT de Chic\u00f3","datePublished":"2025-04-22T12:49:44+00:00","dateModified":"2025-04-24T14:21:07+00:00","mainEntityOfPage":{"@id":"https:\/\/futbolhoy.co\/index.php\/2025\/04\/22\/roberto-torres-renuncio-al-cargo-de-dt-de-chico\/"},"wordCount":141,"commentCount":0,"publisher":{"@id":"https:\/\/futbolhoy.co\/#organization"},"image":{"@id":"https:\/\/futbolhoy.co\/index.php\/2025\/04\/22\/roberto-torres-renuncio-al-cargo-de-dt-de-chico\/#primaryimage"},"thumbnailUrl":"https:\/\/futbolhoy.co\/wp-content\/uploads\/2025\/04\/Chic\u00b4o.png","articleSection":["Liga BetPlay"],"inLanguage":"es","potentialAction":[{"@type":"CommentAction","name":"Comment","target":["https:\/\/futbolhoy.co\/index.php\/2025\/04\/22\/roberto-torres-renuncio-al-cargo-de-dt-de-chico\/#respond"]}]},{"@type":"WebPage","@id":"https:\/\/futbolhoy.co\/index.php\/2025\/04\/22\/roberto-torres-renuncio-al-cargo-de-dt-de-chico\/","url":"https:\/\/futbolhoy.co\/index.php\/2025\/04\/22\/roberto-torres-renuncio-al-cargo-de-dt-de-chico\/","name":"Roberto Torres renunci\u00f3 al cargo de DT de Chic\u00f3 -","isPartOf":{"@id":"https:\/\/futbolhoy.co\/#website"},"primaryImageOfPage":{"@id":"https:\/\/futbolhoy.co\/index.php\/2025\/04\/22\/roberto-torres-renuncio-al-cargo-de-dt-de-chico\/#primaryimage"},"image":{"@id":"https:\/\/futbolhoy.co\/index.php\/2025\/04\/22\/roberto-torres-renuncio-al-cargo-de-dt-de-chico\/#primaryimage"},"thumbnailUrl":"https:\/\/futbolhoy.co\/wp-content\/uploads\/2025\/04\/Chic\u00b4o.png","datePublished":"2025-04-22T12:49:44+00:00","dateModified":"2025-04-24T14:21:07+00:00","breadcrumb":{"@id":"https:\/\/futbolhoy.co\/index.php\/2025\/04\/22\/roberto-torres-renuncio-al-cargo-de-dt-de-chico\/#breadcrumb"},"inLanguage":"es","potentialAction":[{"@type":"ReadAction","target":["https:\/\/futbolhoy.co\/index.php\/2025\/04\/22\/roberto-torres-renuncio-al-cargo-de-dt-de-chico\/"]}]},{"@type":"ImageObject","inLanguage":"es","@id":"https:\/\/futbolhoy.co\/index.php\/2025\/04\/22\/roberto-torres-renuncio-al-cargo-de-dt-de-chico\/#primaryimage","url":"https:\/\/futbolhoy.co\/wp-content\/uploads\/2025\/04\/Chic\u00b4o.png","contentUrl":"https:\/\/futbolhoy.co\/wp-content\/uploads\/2025\/04\/Chic\u00b4o.png","width":901,"height":612},{"@type":"BreadcrumbList","@id":"https:\/\/futbolhoy.co\/index.php\/2025\/04\/22\/roberto-torres-renuncio-al-cargo-de-dt-de-chico\/#breadcrumb","itemListElement":[{"@type":"ListItem","position":1,"name":"Portada","item":"https:\/\/futbolhoy.co\/"},{"@type":"ListItem","position":2,"name":"Roberto Torres renunci\u00f3 al cargo de DT de Chic\u00f3"}]},{"@type":"WebSite","@id":"https:\/\/futbolhoy.co\/#website","url":"https:\/\/futbolhoy.co\/","name":"FutbolHoy","description":"","publisher":{"@id":"https:\/\/futbolhoy.co\/#organization"},"potentialAction":[{"@type":"SearchAction","target":{"@type":"EntryPoint","urlTemplate":"https:\/\/futbolhoy.co\/?s={search_term_string}"},"query-input":{"@type":"PropertyValueSpecification","valueRequired":true,"valueName":"search_term_string"}}],"inLanguage":"es"},{"@type":"Organization","@id":"https:\/\/futbolhoy.co\/#organization","name":"Futbolhoy.co","url":"https:\/\/futbolhoy.co\/","logo":{"@type":"ImageObject","inLanguage":"es","@id":"https:\/\/futbolhoy.co\/#\/schema\/logo\/image\/","url":"https:\/\/futbolhoy.co\/wp-content\/uploads\/2018\/08\/17426380_1906371736249227_6326180412931521141_n.jpg","contentUrl":"https:\/\/futbolhoy.co\/wp-content\/uploads\/2018\/08\/17426380_1906371736249227_6326180412931521141_n.jpg","width":960,"height":960,"caption":"Futbolhoy.co"},"image":{"@id":"https:\/\/futbolhoy.co\/#\/schema\/logo\/image\/"},"sameAs":["https:\/\/www.facebook.com\/FutbolHoyCol\/","https:\/\/x.com\/FutbolHoyCol","https:\/\/www.instagram.com\/futbolhoycol\/"]},{"@type":"Person","@id":"https:\/\/futbolhoy.co\/#\/schema\/person\/1721b69355b6623eaff15ac7b92d4cc3","name":"contenido","image":{"@type":"ImageObject","inLanguage":"es","@id":"https:\/\/futbolhoy.co\/#\/schema\/person\/image\/","url":"https:\/\/secure.gravatar.com\/avatar\/4f656d3256f5134f466206e7c3941518?s=96&d=mm&r=g","contentUrl":"https:\/\/secure.gravatar.com\/avatar\/4f656d3256f5134f466206e7c3941518?s=96&d=mm&r=g","caption":"contenido"}}]}},"publishpress_future_action":{"enabled":false,"date":"2026-05-06 03:07:17","action":"change-status","newStatus":"draft","terms":[],"taxonomy":"category","extraData":[]},"publishpress_future_workflow_manual_trigger":{"enabledWorkflows":[]},"_links":{"self":[{"href":"https:\/\/futbolhoy.co\/index.php\/wp-json\/wp\/v2\/posts\/118672","targetHints":{"allow":["GET"]}}],"collection":[{"href":"https:\/\/futbolhoy.co\/index.php\/wp-json\/wp\/v2\/posts"}],"about":[{"href":"https:\/\/futbolhoy.co\/index.php\/wp-json\/wp\/v2\/types\/post"}],"author":[{"embeddable":true,"href":"https:\/\/futbolhoy.co\/index.php\/wp-json\/wp\/v2\/users\/4"}],"replies":[{"embeddable":true,"href":"https:\/\/futbolhoy.co\/index.php\/wp-json\/wp\/v2\/comments?post=118672"}],"version-history":[{"count":1,"href":"https:\/\/futbolhoy.co\/index.php\/wp-json\/wp\/v2\/posts\/118672\/revisions"}],"predecessor-version":[{"id":118674,"href":"https:\/\/futbolhoy.co\/index.php\/wp-json\/wp\/v2\/posts\/118672\/revisions\/118674"}],"wp:featuredmedia":[{"embeddable":true,"href":"https:\/\/futbolhoy.co\/index.php\/wp-json\/wp\/v2\/media\/118673"}],"wp:attachment":[{"href":"https:\/\/futbolhoy.co\/index.php\/wp-json\/wp\/v2\/media?parent=118672"}],"wp:term":[{"taxonomy":"category","embeddable":true,"href":"https:\/\/futbolhoy.co\/index.php\/wp-json\/wp\/v2\/categories?post=118672"},{"taxonomy":"post_tag","embeddable":true,"href":"https:\/\/futbolhoy.co\/index.php\/wp-json\/wp\/v2\/tags?post=118672"}],"curies":[{"name":"wp","href":"https:\/\/api.w.org\/{rel}","templated":true}]}}