{"id":118752,"date":"2025-04-23T10:00:52","date_gmt":"2025-04-23T15:00:52","guid":{"rendered":"https:\/\/futbolhoy.co\/?p=118752"},"modified":"2025-04-23T22:30:31","modified_gmt":"2025-04-24T03:30:31","slug":"bucaramanga-quiere-seguir-haciendo-historia-en-libertadores","status":"publish","type":"post","link":"https:\/\/futbolhoy.co\/index.php\/2025\/04\/23\/bucaramanga-quiere-seguir-haciendo-historia-en-libertadores\/","title":{"rendered":"Bucaramanga quiere seguir haciendo historia en Libertadores"},"content":{"rendered":"<p style=\"text-align: justify;\"><span style=\"font-family: helvetica, arial, sans-serif;\">Envalentonado por su triunfo como visitante sobre <strong>Racing, Bucaramanga<\/strong> recibir\u00e1 este mi\u00e9rcoles a un necesitado Fortaleza en la tercera jornada del <strong>Grupo E<\/strong> de la <strong>Copa Libertadores.<\/strong><\/span><\/p>\n<p style=\"text-align: justify;\"><span style=\"font-family: helvetica, arial, sans-serif;\">Los dirigidos por <strong>Leonel \u00c1lvarez<\/strong> tienen doble motivaci\u00f3n. Por un lado, defienden el liderat y, por otro, juega ante su afici\u00f3n que espera verlo salir ganador y consolidar el r\u00f3tulo de equipo sorpresa.<\/span><\/p>\n<p style=\"text-align: justify;\"><span style=\"font-family: helvetica, arial, sans-serif;\">En el otro banco t\u00e9cnico est\u00e1 el argentino <strong>Juan Pablo Vojvoda<\/strong>, quien espera pasar el bache en la Libertadores en la que su equipo ocupa la \u00faltima posici\u00f3n del grupo, pues todav\u00eda no suma nada.<\/span><\/p>\n<p style=\"text-align: justify;\"><span style=\"font-family: helvetica, arial, sans-serif;\">Para el Leopardo un triunfo ser\u00eda un paso enorme en su ambici\u00f3n de avanzar a los octavos de final gracias a la entrega de los argentinos <strong>Fabi\u00e1n Sambueza y Luciano Pons,<\/strong> bien respaldados por <strong>Aldair Quintana y Kevin Londo\u00f1o.<\/strong><\/span><\/p>\n<p style=\"text-align: justify;\"><span style=\"font-family: helvetica, arial, sans-serif;\">A la fecha, los dirigidos por \u00c1lvarez est\u00e1n invictos en la Copa Libertadores con una victoria y un empate, que les dan cuatro puntos, uno m\u00e1s que Racing. <strong>Colo Colo,<\/strong> de <strong>Chile<\/strong>, es tercero con un punto.<\/span><\/p>\n<p style=\"text-align: justify;\"><strong><span style=\"font-family: helvetica, arial, sans-serif;\">Probables formaciones:<\/span><\/strong><\/p>\n<p style=\"text-align: justify;\"><span style=\"font-family: helvetica, arial, sans-serif;\"><strong>Bucaramanga:<\/strong> Aldair Quintana; Aldair Guti\u00e9rrez, Carlos Roma\u00f1a, Carlos Henao, Fredy Hinestroza; Fabry Castro, Leonardo Flores; Kevin Londo\u00f1o, Frank Casta\u00f1eda, Andr\u00e9s Ibarg\u00fcen; Luciano Pons.<\/span><\/p>\n<p style=\"text-align: justify;\"><span style=\"font-family: helvetica, arial, sans-serif;\"><strong>Fortaleza:<\/strong> Joao Ricardo; Kuscevic, David Luiz, Gustavo Mancha; Pol Fern\u00e1ndez, Eros Mancuso, Diogo Barbosa, Emmanuel Mart\u00ednez, Lucas Sasha; Deyverson y Juan Mart\u00edn Lucero.<\/span><\/p>\n","protected":false},"excerpt":{"rendered":"<p>Envalentonado por su triunfo como visitante sobre Racing, Bucaramanga recibir\u00e1 este mi\u00e9rcoles a un necesitado Fortaleza en la tercera jornada del Grupo E de la Copa Libertadores. Los dirigidos por Leonel \u00c1lvarez tienen doble motivaci\u00f3n. Por un lado, defienden el liderat y, por otro, juega ante su afici\u00f3n que espera verlo salir ganador y consolidar [&hellip;]<\/p>\n","protected":false},"author":4,"featured_media":118754,"comment_status":"open","ping_status":"open","sticky":false,"template":"","format":"standard","meta":{"_acf_changed":false,"footnotes":""},"categories":[7],"tags":[],"class_list":{"0":"post-118752","1":"post","2":"type-post","3":"status-publish","4":"format-standard","5":"has-post-thumbnail","7":"category-liga-betplay"},"acf":[],"yoast_head":"<!-- This site is optimized with the Yoast SEO plugin v26.8 - https:\/\/yoast.com\/product\/yoast-seo-wordpress\/ -->\n<title>Bucaramanga quiere seguir haciendo historia en Libertadores -<\/title>\n<meta name=\"robots\" content=\"index, follow, max-snippet:-1, max-image-preview:large, max-video-preview:-1\" \/>\n<link rel=\"canonical\" href=\"https:\/\/futbolhoy.co\/index.php\/2025\/04\/23\/bucaramanga-quiere-seguir-haciendo-historia-en-libertadores\/\" \/>\n<meta property=\"og:locale\" content=\"es_ES\" \/>\n<meta property=\"og:type\" content=\"article\" \/>\n<meta property=\"og:title\" content=\"Bucaramanga quiere seguir haciendo historia en Libertadores -\" \/>\n<meta property=\"og:description\" content=\"Envalentonado por su triunfo como visitante sobre Racing, Bucaramanga recibir\u00e1 este mi\u00e9rcoles a un necesitado Fortaleza en la tercera jornada del Grupo E de la Copa Libertadores. Los dirigidos por Leonel \u00c1lvarez tienen doble motivaci\u00f3n. Por un lado, defienden el liderat y, por otro, juega ante su afici\u00f3n que espera verlo salir ganador y consolidar [&hellip;]\" \/>\n<meta property=\"og:url\" content=\"https:\/\/futbolhoy.co\/index.php\/2025\/04\/23\/bucaramanga-quiere-seguir-haciendo-historia-en-libertadores\/\" \/>\n<meta property=\"article:publisher\" content=\"https:\/\/www.facebook.com\/FutbolHoyCol\/\" \/>\n<meta property=\"article:published_time\" content=\"2025-04-23T15:00:52+00:00\" \/>\n<meta property=\"article:modified_time\" content=\"2025-04-24T03:30:31+00:00\" \/>\n<meta property=\"og:image\" content=\"https:\/\/futbolhoy.co\/wp-content\/uploads\/2025\/04\/Pons-1024x778.png\" \/>\n\t<meta property=\"og:image:width\" content=\"1024\" \/>\n\t<meta property=\"og:image:height\" content=\"778\" \/>\n\t<meta property=\"og:image:type\" content=\"image\/png\" \/>\n<meta name=\"author\" content=\"contenido\" \/>\n<meta name=\"twitter:card\" content=\"summary_large_image\" \/>\n<meta name=\"twitter:creator\" content=\"@FutbolHoyCol\" \/>\n<meta name=\"twitter:site\" content=\"@FutbolHoyCol\" \/>\n<meta name=\"twitter:label1\" content=\"Escrito por\" \/>\n\t<meta name=\"twitter:data1\" content=\"contenido\" \/>\n\t<meta name=\"twitter:label2\" content=\"Tiempo de lectura\" \/>\n\t<meta name=\"twitter:data2\" content=\"1 minuto\" \/>\n<script type=\"application\/ld+json\" class=\"yoast-schema-graph\">{\"@context\":\"https:\/\/schema.org\",\"@graph\":[{\"@type\":\"Article\",\"@id\":\"https:\/\/futbolhoy.co\/index.php\/2025\/04\/23\/bucaramanga-quiere-seguir-haciendo-historia-en-libertadores\/#article\",\"isPartOf\":{\"@id\":\"https:\/\/futbolhoy.co\/index.php\/2025\/04\/23\/bucaramanga-quiere-seguir-haciendo-historia-en-libertadores\/\"},\"author\":{\"name\":\"contenido\",\"@id\":\"https:\/\/futbolhoy.co\/#\/schema\/person\/1721b69355b6623eaff15ac7b92d4cc3\"},\"headline\":\"Bucaramanga quiere seguir haciendo historia en Libertadores\",\"datePublished\":\"2025-04-23T15:00:52+00:00\",\"dateModified\":\"2025-04-24T03:30:31+00:00\",\"mainEntityOfPage\":{\"@id\":\"https:\/\/futbolhoy.co\/index.php\/2025\/04\/23\/bucaramanga-quiere-seguir-haciendo-historia-en-libertadores\/\"},\"wordCount\":248,\"commentCount\":0,\"publisher\":{\"@id\":\"https:\/\/futbolhoy.co\/#organization\"},\"image\":{\"@id\":\"https:\/\/futbolhoy.co\/index.php\/2025\/04\/23\/bucaramanga-quiere-seguir-haciendo-historia-en-libertadores\/#primaryimage\"},\"thumbnailUrl\":\"https:\/\/futbolhoy.co\/wp-content\/uploads\/2025\/04\/Pons.png\",\"articleSection\":[\"Liga BetPlay\"],\"inLanguage\":\"es\",\"potentialAction\":[{\"@type\":\"CommentAction\",\"name\":\"Comment\",\"target\":[\"https:\/\/futbolhoy.co\/index.php\/2025\/04\/23\/bucaramanga-quiere-seguir-haciendo-historia-en-libertadores\/#respond\"]}]},{\"@type\":\"WebPage\",\"@id\":\"https:\/\/futbolhoy.co\/index.php\/2025\/04\/23\/bucaramanga-quiere-seguir-haciendo-historia-en-libertadores\/\",\"url\":\"https:\/\/futbolhoy.co\/index.php\/2025\/04\/23\/bucaramanga-quiere-seguir-haciendo-historia-en-libertadores\/\",\"name\":\"Bucaramanga quiere seguir haciendo historia en Libertadores -\",\"isPartOf\":{\"@id\":\"https:\/\/futbolhoy.co\/#website\"},\"primaryImageOfPage\":{\"@id\":\"https:\/\/futbolhoy.co\/index.php\/2025\/04\/23\/bucaramanga-quiere-seguir-haciendo-historia-en-libertadores\/#primaryimage\"},\"image\":{\"@id\":\"https:\/\/futbolhoy.co\/index.php\/2025\/04\/23\/bucaramanga-quiere-seguir-haciendo-historia-en-libertadores\/#primaryimage\"},\"thumbnailUrl\":\"https:\/\/futbolhoy.co\/wp-content\/uploads\/2025\/04\/Pons.png\",\"datePublished\":\"2025-04-23T15:00:52+00:00\",\"dateModified\":\"2025-04-24T03:30:31+00:00\",\"breadcrumb\":{\"@id\":\"https:\/\/futbolhoy.co\/index.php\/2025\/04\/23\/bucaramanga-quiere-seguir-haciendo-historia-en-libertadores\/#breadcrumb\"},\"inLanguage\":\"es\",\"potentialAction\":[{\"@type\":\"ReadAction\",\"target\":[\"https:\/\/futbolhoy.co\/index.php\/2025\/04\/23\/bucaramanga-quiere-seguir-haciendo-historia-en-libertadores\/\"]}]},{\"@type\":\"ImageObject\",\"inLanguage\":\"es\",\"@id\":\"https:\/\/futbolhoy.co\/index.php\/2025\/04\/23\/bucaramanga-quiere-seguir-haciendo-historia-en-libertadores\/#primaryimage\",\"url\":\"https:\/\/futbolhoy.co\/wp-content\/uploads\/2025\/04\/Pons.png\",\"contentUrl\":\"https:\/\/futbolhoy.co\/wp-content\/uploads\/2025\/04\/Pons.png\",\"width\":1141,\"height\":867},{\"@type\":\"BreadcrumbList\",\"@id\":\"https:\/\/futbolhoy.co\/index.php\/2025\/04\/23\/bucaramanga-quiere-seguir-haciendo-historia-en-libertadores\/#breadcrumb\",\"itemListElement\":[{\"@type\":\"ListItem\",\"position\":1,\"name\":\"Portada\",\"item\":\"https:\/\/futbolhoy.co\/\"},{\"@type\":\"ListItem\",\"position\":2,\"name\":\"Bucaramanga quiere seguir haciendo historia en Libertadores\"}]},{\"@type\":\"WebSite\",\"@id\":\"https:\/\/futbolhoy.co\/#website\",\"url\":\"https:\/\/futbolhoy.co\/\",\"name\":\"FutbolHoy\",\"description\":\"\",\"publisher\":{\"@id\":\"https:\/\/futbolhoy.co\/#organization\"},\"potentialAction\":[{\"@type\":\"SearchAction\",\"target\":{\"@type\":\"EntryPoint\",\"urlTemplate\":\"https:\/\/futbolhoy.co\/?s={search_term_string}\"},\"query-input\":{\"@type\":\"PropertyValueSpecification\",\"valueRequired\":true,\"valueName\":\"search_term_string\"}}],\"inLanguage\":\"es\"},{\"@type\":\"Organization\",\"@id\":\"https:\/\/futbolhoy.co\/#organization\",\"name\":\"Futbolhoy.co\",\"url\":\"https:\/\/futbolhoy.co\/\",\"logo\":{\"@type\":\"ImageObject\",\"inLanguage\":\"es\",\"@id\":\"https:\/\/futbolhoy.co\/#\/schema\/logo\/image\/\",\"url\":\"https:\/\/futbolhoy.co\/wp-content\/uploads\/2018\/08\/17426380_1906371736249227_6326180412931521141_n.jpg\",\"contentUrl\":\"https:\/\/futbolhoy.co\/wp-content\/uploads\/2018\/08\/17426380_1906371736249227_6326180412931521141_n.jpg\",\"width\":960,\"height\":960,\"caption\":\"Futbolhoy.co\"},\"image\":{\"@id\":\"https:\/\/futbolhoy.co\/#\/schema\/logo\/image\/\"},\"sameAs\":[\"https:\/\/www.facebook.com\/FutbolHoyCol\/\",\"https:\/\/x.com\/FutbolHoyCol\",\"https:\/\/www.instagram.com\/futbolhoycol\/\"]},{\"@type\":\"Person\",\"@id\":\"https:\/\/futbolhoy.co\/#\/schema\/person\/1721b69355b6623eaff15ac7b92d4cc3\",\"name\":\"contenido\",\"image\":{\"@type\":\"ImageObject\",\"inLanguage\":\"es\",\"@id\":\"https:\/\/futbolhoy.co\/#\/schema\/person\/image\/\",\"url\":\"https:\/\/secure.gravatar.com\/avatar\/4f656d3256f5134f466206e7c3941518?s=96&d=mm&r=g\",\"contentUrl\":\"https:\/\/secure.gravatar.com\/avatar\/4f656d3256f5134f466206e7c3941518?s=96&d=mm&r=g\",\"caption\":\"contenido\"}}]}<\/script>\n<!-- \/ Yoast SEO plugin. -->","yoast_head_json":{"title":"Bucaramanga quiere seguir haciendo historia en Libertadores -","robots":{"index":"index","follow":"follow","max-snippet":"max-snippet:-1","max-image-preview":"max-image-preview:large","max-video-preview":"max-video-preview:-1"},"canonical":"https:\/\/futbolhoy.co\/index.php\/2025\/04\/23\/bucaramanga-quiere-seguir-haciendo-historia-en-libertadores\/","og_locale":"es_ES","og_type":"article","og_title":"Bucaramanga quiere seguir haciendo historia en Libertadores -","og_description":"Envalentonado por su triunfo como visitante sobre Racing, Bucaramanga recibir\u00e1 este mi\u00e9rcoles a un necesitado Fortaleza en la tercera jornada del Grupo E de la Copa Libertadores. Los dirigidos por Leonel \u00c1lvarez tienen doble motivaci\u00f3n. Por un lado, defienden el liderat y, por otro, juega ante su afici\u00f3n que espera verlo salir ganador y consolidar [&hellip;]","og_url":"https:\/\/futbolhoy.co\/index.php\/2025\/04\/23\/bucaramanga-quiere-seguir-haciendo-historia-en-libertadores\/","article_publisher":"https:\/\/www.facebook.com\/FutbolHoyCol\/","article_published_time":"2025-04-23T15:00:52+00:00","article_modified_time":"2025-04-24T03:30:31+00:00","og_image":[{"width":1024,"height":778,"url":"https:\/\/futbolhoy.co\/wp-content\/uploads\/2025\/04\/Pons-1024x778.png","type":"image\/png"}],"author":"contenido","twitter_card":"summary_large_image","twitter_creator":"@FutbolHoyCol","twitter_site":"@FutbolHoyCol","twitter_misc":{"Escrito por":"contenido","Tiempo de lectura":"1 minuto"},"schema":{"@context":"https:\/\/schema.org","@graph":[{"@type":"Article","@id":"https:\/\/futbolhoy.co\/index.php\/2025\/04\/23\/bucaramanga-quiere-seguir-haciendo-historia-en-libertadores\/#article","isPartOf":{"@id":"https:\/\/futbolhoy.co\/index.php\/2025\/04\/23\/bucaramanga-quiere-seguir-haciendo-historia-en-libertadores\/"},"author":{"name":"contenido","@id":"https:\/\/futbolhoy.co\/#\/schema\/person\/1721b69355b6623eaff15ac7b92d4cc3"},"headline":"Bucaramanga quiere seguir haciendo historia en Libertadores","datePublished":"2025-04-23T15:00:52+00:00","dateModified":"2025-04-24T03:30:31+00:00","mainEntityOfPage":{"@id":"https:\/\/futbolhoy.co\/index.php\/2025\/04\/23\/bucaramanga-quiere-seguir-haciendo-historia-en-libertadores\/"},"wordCount":248,"commentCount":0,"publisher":{"@id":"https:\/\/futbolhoy.co\/#organization"},"image":{"@id":"https:\/\/futbolhoy.co\/index.php\/2025\/04\/23\/bucaramanga-quiere-seguir-haciendo-historia-en-libertadores\/#primaryimage"},"thumbnailUrl":"https:\/\/futbolhoy.co\/wp-content\/uploads\/2025\/04\/Pons.png","articleSection":["Liga BetPlay"],"inLanguage":"es","potentialAction":[{"@type":"CommentAction","name":"Comment","target":["https:\/\/futbolhoy.co\/index.php\/2025\/04\/23\/bucaramanga-quiere-seguir-haciendo-historia-en-libertadores\/#respond"]}]},{"@type":"WebPage","@id":"https:\/\/futbolhoy.co\/index.php\/2025\/04\/23\/bucaramanga-quiere-seguir-haciendo-historia-en-libertadores\/","url":"https:\/\/futbolhoy.co\/index.php\/2025\/04\/23\/bucaramanga-quiere-seguir-haciendo-historia-en-libertadores\/","name":"Bucaramanga quiere seguir haciendo historia en Libertadores -","isPartOf":{"@id":"https:\/\/futbolhoy.co\/#website"},"primaryImageOfPage":{"@id":"https:\/\/futbolhoy.co\/index.php\/2025\/04\/23\/bucaramanga-quiere-seguir-haciendo-historia-en-libertadores\/#primaryimage"},"image":{"@id":"https:\/\/futbolhoy.co\/index.php\/2025\/04\/23\/bucaramanga-quiere-seguir-haciendo-historia-en-libertadores\/#primaryimage"},"thumbnailUrl":"https:\/\/futbolhoy.co\/wp-content\/uploads\/2025\/04\/Pons.png","datePublished":"2025-04-23T15:00:52+00:00","dateModified":"2025-04-24T03:30:31+00:00","breadcrumb":{"@id":"https:\/\/futbolhoy.co\/index.php\/2025\/04\/23\/bucaramanga-quiere-seguir-haciendo-historia-en-libertadores\/#breadcrumb"},"inLanguage":"es","potentialAction":[{"@type":"ReadAction","target":["https:\/\/futbolhoy.co\/index.php\/2025\/04\/23\/bucaramanga-quiere-seguir-haciendo-historia-en-libertadores\/"]}]},{"@type":"ImageObject","inLanguage":"es","@id":"https:\/\/futbolhoy.co\/index.php\/2025\/04\/23\/bucaramanga-quiere-seguir-haciendo-historia-en-libertadores\/#primaryimage","url":"https:\/\/futbolhoy.co\/wp-content\/uploads\/2025\/04\/Pons.png","contentUrl":"https:\/\/futbolhoy.co\/wp-content\/uploads\/2025\/04\/Pons.png","width":1141,"height":867},{"@type":"BreadcrumbList","@id":"https:\/\/futbolhoy.co\/index.php\/2025\/04\/23\/bucaramanga-quiere-seguir-haciendo-historia-en-libertadores\/#breadcrumb","itemListElement":[{"@type":"ListItem","position":1,"name":"Portada","item":"https:\/\/futbolhoy.co\/"},{"@type":"ListItem","position":2,"name":"Bucaramanga quiere seguir haciendo historia en Libertadores"}]},{"@type":"WebSite","@id":"https:\/\/futbolhoy.co\/#website","url":"https:\/\/futbolhoy.co\/","name":"FutbolHoy","description":"","publisher":{"@id":"https:\/\/futbolhoy.co\/#organization"},"potentialAction":[{"@type":"SearchAction","target":{"@type":"EntryPoint","urlTemplate":"https:\/\/futbolhoy.co\/?s={search_term_string}"},"query-input":{"@type":"PropertyValueSpecification","valueRequired":true,"valueName":"search_term_string"}}],"inLanguage":"es"},{"@type":"Organization","@id":"https:\/\/futbolhoy.co\/#organization","name":"Futbolhoy.co","url":"https:\/\/futbolhoy.co\/","logo":{"@type":"ImageObject","inLanguage":"es","@id":"https:\/\/futbolhoy.co\/#\/schema\/logo\/image\/","url":"https:\/\/futbolhoy.co\/wp-content\/uploads\/2018\/08\/17426380_1906371736249227_6326180412931521141_n.jpg","contentUrl":"https:\/\/futbolhoy.co\/wp-content\/uploads\/2018\/08\/17426380_1906371736249227_6326180412931521141_n.jpg","width":960,"height":960,"caption":"Futbolhoy.co"},"image":{"@id":"https:\/\/futbolhoy.co\/#\/schema\/logo\/image\/"},"sameAs":["https:\/\/www.facebook.com\/FutbolHoyCol\/","https:\/\/x.com\/FutbolHoyCol","https:\/\/www.instagram.com\/futbolhoycol\/"]},{"@type":"Person","@id":"https:\/\/futbolhoy.co\/#\/schema\/person\/1721b69355b6623eaff15ac7b92d4cc3","name":"contenido","image":{"@type":"ImageObject","inLanguage":"es","@id":"https:\/\/futbolhoy.co\/#\/schema\/person\/image\/","url":"https:\/\/secure.gravatar.com\/avatar\/4f656d3256f5134f466206e7c3941518?s=96&d=mm&r=g","contentUrl":"https:\/\/secure.gravatar.com\/avatar\/4f656d3256f5134f466206e7c3941518?s=96&d=mm&r=g","caption":"contenido"}}]}},"publishpress_future_action":{"enabled":false,"date":"2026-05-05 23:54:17","action":"change-status","newStatus":"draft","terms":[],"taxonomy":"category","extraData":[]},"publishpress_future_workflow_manual_trigger":{"enabledWorkflows":[]},"_links":{"self":[{"href":"https:\/\/futbolhoy.co\/index.php\/wp-json\/wp\/v2\/posts\/118752","targetHints":{"allow":["GET"]}}],"collection":[{"href":"https:\/\/futbolhoy.co\/index.php\/wp-json\/wp\/v2\/posts"}],"about":[{"href":"https:\/\/futbolhoy.co\/index.php\/wp-json\/wp\/v2\/types\/post"}],"author":[{"embeddable":true,"href":"https:\/\/futbolhoy.co\/index.php\/wp-json\/wp\/v2\/users\/4"}],"replies":[{"embeddable":true,"href":"https:\/\/futbolhoy.co\/index.php\/wp-json\/wp\/v2\/comments?post=118752"}],"version-history":[{"count":1,"href":"https:\/\/futbolhoy.co\/index.php\/wp-json\/wp\/v2\/posts\/118752\/revisions"}],"predecessor-version":[{"id":118755,"href":"https:\/\/futbolhoy.co\/index.php\/wp-json\/wp\/v2\/posts\/118752\/revisions\/118755"}],"wp:featuredmedia":[{"embeddable":true,"href":"https:\/\/futbolhoy.co\/index.php\/wp-json\/wp\/v2\/media\/118754"}],"wp:attachment":[{"href":"https:\/\/futbolhoy.co\/index.php\/wp-json\/wp\/v2\/media?parent=118752"}],"wp:term":[{"taxonomy":"category","embeddable":true,"href":"https:\/\/futbolhoy.co\/index.php\/wp-json\/wp\/v2\/categories?post=118752"},{"taxonomy":"post_tag","embeddable":true,"href":"https:\/\/futbolhoy.co\/index.php\/wp-json\/wp\/v2\/tags?post=118752"}],"curies":[{"name":"wp","href":"https:\/\/api.w.org\/{rel}","templated":true}]}}