{"id":118758,"date":"2025-04-23T11:46:19","date_gmt":"2025-04-23T16:46:19","guid":{"rendered":"https:\/\/futbolhoy.co\/?p=118758"},"modified":"2025-04-24T10:44:13","modified_gmt":"2025-04-24T15:44:13","slug":"florentin-sale-de-aguilas-tuvo-problemas-con-jugadores","status":"publish","type":"post","link":"https:\/\/futbolhoy.co\/index.php\/2025\/04\/23\/florentin-sale-de-aguilas-tuvo-problemas-con-jugadores\/","title":{"rendered":"Florent\u00edn sale de \u00c1guilas \u00bftuvo problemas con jugadores?"},"content":{"rendered":"<p style=\"text-align: justify;\"><span style=\"font-family: helvetica, arial, sans-serif;\">D\u00e9cimo t\u00e9cnico que sale de su cargo en 15 fechas disputadas de la <strong>Liga BetPlay.<\/strong> El pasado lunes 21 de abril, <strong>\u00c1guilas Doradas<\/strong> cay\u00f3 ante Deportivo Pasto por 1-0, resultado que, sumado a actitudes previas, desencadenaron en el descontento de la directiva del club y la posterior determinaci\u00f3n de prescindir de los servicios de <strong>Gustavo Florent\u00edn.<\/strong><\/span><\/p>\n<p style=\"text-align: justify;\"><span style=\"font-family: helvetica, arial, sans-serif;\">El equipo de <strong>Rionegro<\/strong> anunci\u00f3 su destituci\u00f3n este mi\u00e9rcoles 23 de abril: \u201cEl d\u00eda de hoy ha concertado la salida del director t\u00e9cnico <strong>Gustavo Florent\u00edn<\/strong>, decisi\u00f3n adoptada por la Junta Directiva y el DT tras una evaluaci\u00f3n exhaustiva y responsable de hechos recientes que afectan directamente la armon\u00eda, la disciplina y el proyecto deportivo de nuestra instituci\u00f3n\u201d, se lee en el comunicado.<\/span><\/p>\n<p style=\"text-align: justify;\"><span style=\"font-family: helvetica, arial, sans-serif;\">Tambi\u00e9n precisan que tuvo algunos desacuerdos con el delantero <strong>Cristian Mart\u00ednez<\/strong> Borja, los cuales desencadenaron en la renuncia formal del jugador, \u201cmotivado por diferencias serias e irreconciliables con el se\u00f1or Florent\u00edn\u201d, agregan.<\/span><\/p>\n<p style=\"text-align: justify;\"><span style=\"font-family: helvetica, arial, sans-serif;\">Del mismo modo, tras la derrota ante Pasto, se presentaron situaciones extra\u00f1as entorno al t\u00e9cnico paraguayo, ya que no comparti\u00f3 la cena con la delegaci\u00f3n, se ausent\u00f3 del hotel sin justificaci\u00f3n y no acompa\u00f1\u00f3 al equipo en el retorno a <strong>Rionegro.<\/strong><\/span><\/p>\n<p style=\"text-align: justify;\"><span style=\"font-family: helvetica, arial, sans-serif;\">El entrenador paraguayo, quien se dice sali\u00f3 mal tambi\u00e9n de <strong>Pasto<\/strong>, no pudo dirigir en la l\u00ednea por haber estado el mismo semestre en <strong>Bucaramanga.<\/strong> Bajo su mando, tuvo tres partidos, de los cuales empat\u00f3 2 y perdi\u00f3 1, para un rendimiento del 22%.<\/span><\/p>\n<p style=\"text-align: justify;\"><span style=\"font-family: helvetica, arial, sans-serif;\">Florent\u00edn es el d\u00e9cimo t\u00e9cnico que sale de un club en <strong>Colombia<\/strong>, sumado a: <strong>Alexis Garc\u00eda (Equidad), el mismo Florent\u00edn (Bucaramanga), Pablo Peirano (Santa Fe), Luis Fernando Su\u00e1rez (Pereira), Juan Carlos \u00c1lvarez (Chic\u00f3), Jaime de La Pava (Llaneros), Pedro Depablos (\u00c1guilas), Jorge Luis Pinto (Uni\u00f3n Magdalena, Roberto Torres (Boyac\u00e1 Chic\u00f3).<\/strong><\/span><\/p>\n","protected":false},"excerpt":{"rendered":"<p>D\u00e9cimo t\u00e9cnico que sale de su cargo en 15 fechas disputadas de la Liga BetPlay. El pasado lunes 21 de abril, \u00c1guilas Doradas cay\u00f3 ante Deportivo Pasto por 1-0, resultado que, sumado a actitudes previas, desencadenaron en el descontento de la directiva del club y la posterior determinaci\u00f3n de prescindir de los servicios de Gustavo [&hellip;]<\/p>\n","protected":false},"author":4,"featured_media":118759,"comment_status":"open","ping_status":"open","sticky":false,"template":"","format":"standard","meta":{"_acf_changed":false,"footnotes":""},"categories":[7],"tags":[],"class_list":{"0":"post-118758","1":"post","2":"type-post","3":"status-publish","4":"format-standard","5":"has-post-thumbnail","7":"category-liga-betplay"},"acf":[],"yoast_head":"<!-- This site is optimized with the Yoast SEO plugin v26.8 - https:\/\/yoast.com\/product\/yoast-seo-wordpress\/ -->\n<title>Florent\u00edn sale de \u00c1guilas \u00bftuvo problemas con jugadores? -<\/title>\n<meta name=\"robots\" content=\"index, follow, max-snippet:-1, max-image-preview:large, max-video-preview:-1\" \/>\n<link rel=\"canonical\" href=\"https:\/\/futbolhoy.co\/index.php\/2025\/04\/23\/florentin-sale-de-aguilas-tuvo-problemas-con-jugadores\/\" \/>\n<meta property=\"og:locale\" content=\"es_ES\" \/>\n<meta property=\"og:type\" content=\"article\" \/>\n<meta property=\"og:title\" content=\"Florent\u00edn sale de \u00c1guilas \u00bftuvo problemas con jugadores? -\" \/>\n<meta property=\"og:description\" content=\"D\u00e9cimo t\u00e9cnico que sale de su cargo en 15 fechas disputadas de la Liga BetPlay. El pasado lunes 21 de abril, \u00c1guilas Doradas cay\u00f3 ante Deportivo Pasto por 1-0, resultado que, sumado a actitudes previas, desencadenaron en el descontento de la directiva del club y la posterior determinaci\u00f3n de prescindir de los servicios de Gustavo [&hellip;]\" \/>\n<meta property=\"og:url\" content=\"https:\/\/futbolhoy.co\/index.php\/2025\/04\/23\/florentin-sale-de-aguilas-tuvo-problemas-con-jugadores\/\" \/>\n<meta property=\"article:publisher\" content=\"https:\/\/www.facebook.com\/FutbolHoyCol\/\" \/>\n<meta property=\"article:published_time\" content=\"2025-04-23T16:46:19+00:00\" \/>\n<meta property=\"article:modified_time\" content=\"2025-04-24T15:44:13+00:00\" \/>\n<meta property=\"og:image\" content=\"https:\/\/futbolhoy.co\/wp-content\/uploads\/2025\/04\/IMG_1864.jpeg\" \/>\n\t<meta property=\"og:image:width\" content=\"1179\" \/>\n\t<meta property=\"og:image:height\" content=\"1152\" \/>\n\t<meta property=\"og:image:type\" content=\"image\/jpeg\" \/>\n<meta name=\"author\" content=\"contenido\" \/>\n<meta name=\"twitter:card\" content=\"summary_large_image\" \/>\n<meta name=\"twitter:creator\" content=\"@FutbolHoyCol\" \/>\n<meta name=\"twitter:site\" content=\"@FutbolHoyCol\" \/>\n<meta name=\"twitter:label1\" content=\"Escrito por\" \/>\n\t<meta name=\"twitter:data1\" content=\"contenido\" \/>\n\t<meta name=\"twitter:label2\" content=\"Tiempo de lectura\" \/>\n\t<meta name=\"twitter:data2\" content=\"2 minutos\" \/>\n<script type=\"application\/ld+json\" class=\"yoast-schema-graph\">{\"@context\":\"https:\/\/schema.org\",\"@graph\":[{\"@type\":\"Article\",\"@id\":\"https:\/\/futbolhoy.co\/index.php\/2025\/04\/23\/florentin-sale-de-aguilas-tuvo-problemas-con-jugadores\/#article\",\"isPartOf\":{\"@id\":\"https:\/\/futbolhoy.co\/index.php\/2025\/04\/23\/florentin-sale-de-aguilas-tuvo-problemas-con-jugadores\/\"},\"author\":{\"name\":\"contenido\",\"@id\":\"https:\/\/futbolhoy.co\/#\/schema\/person\/1721b69355b6623eaff15ac7b92d4cc3\"},\"headline\":\"Florent\u00edn sale de \u00c1guilas \u00bftuvo problemas con jugadores?\",\"datePublished\":\"2025-04-23T16:46:19+00:00\",\"dateModified\":\"2025-04-24T15:44:13+00:00\",\"mainEntityOfPage\":{\"@id\":\"https:\/\/futbolhoy.co\/index.php\/2025\/04\/23\/florentin-sale-de-aguilas-tuvo-problemas-con-jugadores\/\"},\"wordCount\":318,\"commentCount\":0,\"publisher\":{\"@id\":\"https:\/\/futbolhoy.co\/#organization\"},\"image\":{\"@id\":\"https:\/\/futbolhoy.co\/index.php\/2025\/04\/23\/florentin-sale-de-aguilas-tuvo-problemas-con-jugadores\/#primaryimage\"},\"thumbnailUrl\":\"https:\/\/futbolhoy.co\/wp-content\/uploads\/2025\/04\/IMG_1864.jpeg\",\"articleSection\":[\"Liga BetPlay\"],\"inLanguage\":\"es\",\"potentialAction\":[{\"@type\":\"CommentAction\",\"name\":\"Comment\",\"target\":[\"https:\/\/futbolhoy.co\/index.php\/2025\/04\/23\/florentin-sale-de-aguilas-tuvo-problemas-con-jugadores\/#respond\"]}]},{\"@type\":\"WebPage\",\"@id\":\"https:\/\/futbolhoy.co\/index.php\/2025\/04\/23\/florentin-sale-de-aguilas-tuvo-problemas-con-jugadores\/\",\"url\":\"https:\/\/futbolhoy.co\/index.php\/2025\/04\/23\/florentin-sale-de-aguilas-tuvo-problemas-con-jugadores\/\",\"name\":\"Florent\u00edn sale de \u00c1guilas \u00bftuvo problemas con jugadores? -\",\"isPartOf\":{\"@id\":\"https:\/\/futbolhoy.co\/#website\"},\"primaryImageOfPage\":{\"@id\":\"https:\/\/futbolhoy.co\/index.php\/2025\/04\/23\/florentin-sale-de-aguilas-tuvo-problemas-con-jugadores\/#primaryimage\"},\"image\":{\"@id\":\"https:\/\/futbolhoy.co\/index.php\/2025\/04\/23\/florentin-sale-de-aguilas-tuvo-problemas-con-jugadores\/#primaryimage\"},\"thumbnailUrl\":\"https:\/\/futbolhoy.co\/wp-content\/uploads\/2025\/04\/IMG_1864.jpeg\",\"datePublished\":\"2025-04-23T16:46:19+00:00\",\"dateModified\":\"2025-04-24T15:44:13+00:00\",\"breadcrumb\":{\"@id\":\"https:\/\/futbolhoy.co\/index.php\/2025\/04\/23\/florentin-sale-de-aguilas-tuvo-problemas-con-jugadores\/#breadcrumb\"},\"inLanguage\":\"es\",\"potentialAction\":[{\"@type\":\"ReadAction\",\"target\":[\"https:\/\/futbolhoy.co\/index.php\/2025\/04\/23\/florentin-sale-de-aguilas-tuvo-problemas-con-jugadores\/\"]}]},{\"@type\":\"ImageObject\",\"inLanguage\":\"es\",\"@id\":\"https:\/\/futbolhoy.co\/index.php\/2025\/04\/23\/florentin-sale-de-aguilas-tuvo-problemas-con-jugadores\/#primaryimage\",\"url\":\"https:\/\/futbolhoy.co\/wp-content\/uploads\/2025\/04\/IMG_1864.jpeg\",\"contentUrl\":\"https:\/\/futbolhoy.co\/wp-content\/uploads\/2025\/04\/IMG_1864.jpeg\",\"width\":1179,\"height\":1152},{\"@type\":\"BreadcrumbList\",\"@id\":\"https:\/\/futbolhoy.co\/index.php\/2025\/04\/23\/florentin-sale-de-aguilas-tuvo-problemas-con-jugadores\/#breadcrumb\",\"itemListElement\":[{\"@type\":\"ListItem\",\"position\":1,\"name\":\"Portada\",\"item\":\"https:\/\/futbolhoy.co\/\"},{\"@type\":\"ListItem\",\"position\":2,\"name\":\"Florent\u00edn sale de \u00c1guilas \u00bftuvo problemas con jugadores?\"}]},{\"@type\":\"WebSite\",\"@id\":\"https:\/\/futbolhoy.co\/#website\",\"url\":\"https:\/\/futbolhoy.co\/\",\"name\":\"FutbolHoy\",\"description\":\"\",\"publisher\":{\"@id\":\"https:\/\/futbolhoy.co\/#organization\"},\"potentialAction\":[{\"@type\":\"SearchAction\",\"target\":{\"@type\":\"EntryPoint\",\"urlTemplate\":\"https:\/\/futbolhoy.co\/?s={search_term_string}\"},\"query-input\":{\"@type\":\"PropertyValueSpecification\",\"valueRequired\":true,\"valueName\":\"search_term_string\"}}],\"inLanguage\":\"es\"},{\"@type\":\"Organization\",\"@id\":\"https:\/\/futbolhoy.co\/#organization\",\"name\":\"Futbolhoy.co\",\"url\":\"https:\/\/futbolhoy.co\/\",\"logo\":{\"@type\":\"ImageObject\",\"inLanguage\":\"es\",\"@id\":\"https:\/\/futbolhoy.co\/#\/schema\/logo\/image\/\",\"url\":\"https:\/\/futbolhoy.co\/wp-content\/uploads\/2018\/08\/17426380_1906371736249227_6326180412931521141_n.jpg\",\"contentUrl\":\"https:\/\/futbolhoy.co\/wp-content\/uploads\/2018\/08\/17426380_1906371736249227_6326180412931521141_n.jpg\",\"width\":960,\"height\":960,\"caption\":\"Futbolhoy.co\"},\"image\":{\"@id\":\"https:\/\/futbolhoy.co\/#\/schema\/logo\/image\/\"},\"sameAs\":[\"https:\/\/www.facebook.com\/FutbolHoyCol\/\",\"https:\/\/x.com\/FutbolHoyCol\",\"https:\/\/www.instagram.com\/futbolhoycol\/\"]},{\"@type\":\"Person\",\"@id\":\"https:\/\/futbolhoy.co\/#\/schema\/person\/1721b69355b6623eaff15ac7b92d4cc3\",\"name\":\"contenido\",\"image\":{\"@type\":\"ImageObject\",\"inLanguage\":\"es\",\"@id\":\"https:\/\/futbolhoy.co\/#\/schema\/person\/image\/\",\"url\":\"https:\/\/secure.gravatar.com\/avatar\/4f656d3256f5134f466206e7c3941518?s=96&d=mm&r=g\",\"contentUrl\":\"https:\/\/secure.gravatar.com\/avatar\/4f656d3256f5134f466206e7c3941518?s=96&d=mm&r=g\",\"caption\":\"contenido\"}}]}<\/script>\n<!-- \/ Yoast SEO plugin. -->","yoast_head_json":{"title":"Florent\u00edn sale de \u00c1guilas \u00bftuvo problemas con jugadores? -","robots":{"index":"index","follow":"follow","max-snippet":"max-snippet:-1","max-image-preview":"max-image-preview:large","max-video-preview":"max-video-preview:-1"},"canonical":"https:\/\/futbolhoy.co\/index.php\/2025\/04\/23\/florentin-sale-de-aguilas-tuvo-problemas-con-jugadores\/","og_locale":"es_ES","og_type":"article","og_title":"Florent\u00edn sale de \u00c1guilas \u00bftuvo problemas con jugadores? -","og_description":"D\u00e9cimo t\u00e9cnico que sale de su cargo en 15 fechas disputadas de la Liga BetPlay. El pasado lunes 21 de abril, \u00c1guilas Doradas cay\u00f3 ante Deportivo Pasto por 1-0, resultado que, sumado a actitudes previas, desencadenaron en el descontento de la directiva del club y la posterior determinaci\u00f3n de prescindir de los servicios de Gustavo [&hellip;]","og_url":"https:\/\/futbolhoy.co\/index.php\/2025\/04\/23\/florentin-sale-de-aguilas-tuvo-problemas-con-jugadores\/","article_publisher":"https:\/\/www.facebook.com\/FutbolHoyCol\/","article_published_time":"2025-04-23T16:46:19+00:00","article_modified_time":"2025-04-24T15:44:13+00:00","og_image":[{"width":1179,"height":1152,"url":"https:\/\/futbolhoy.co\/wp-content\/uploads\/2025\/04\/IMG_1864.jpeg","type":"image\/jpeg"}],"author":"contenido","twitter_card":"summary_large_image","twitter_creator":"@FutbolHoyCol","twitter_site":"@FutbolHoyCol","twitter_misc":{"Escrito por":"contenido","Tiempo de lectura":"2 minutos"},"schema":{"@context":"https:\/\/schema.org","@graph":[{"@type":"Article","@id":"https:\/\/futbolhoy.co\/index.php\/2025\/04\/23\/florentin-sale-de-aguilas-tuvo-problemas-con-jugadores\/#article","isPartOf":{"@id":"https:\/\/futbolhoy.co\/index.php\/2025\/04\/23\/florentin-sale-de-aguilas-tuvo-problemas-con-jugadores\/"},"author":{"name":"contenido","@id":"https:\/\/futbolhoy.co\/#\/schema\/person\/1721b69355b6623eaff15ac7b92d4cc3"},"headline":"Florent\u00edn sale de \u00c1guilas \u00bftuvo problemas con jugadores?","datePublished":"2025-04-23T16:46:19+00:00","dateModified":"2025-04-24T15:44:13+00:00","mainEntityOfPage":{"@id":"https:\/\/futbolhoy.co\/index.php\/2025\/04\/23\/florentin-sale-de-aguilas-tuvo-problemas-con-jugadores\/"},"wordCount":318,"commentCount":0,"publisher":{"@id":"https:\/\/futbolhoy.co\/#organization"},"image":{"@id":"https:\/\/futbolhoy.co\/index.php\/2025\/04\/23\/florentin-sale-de-aguilas-tuvo-problemas-con-jugadores\/#primaryimage"},"thumbnailUrl":"https:\/\/futbolhoy.co\/wp-content\/uploads\/2025\/04\/IMG_1864.jpeg","articleSection":["Liga BetPlay"],"inLanguage":"es","potentialAction":[{"@type":"CommentAction","name":"Comment","target":["https:\/\/futbolhoy.co\/index.php\/2025\/04\/23\/florentin-sale-de-aguilas-tuvo-problemas-con-jugadores\/#respond"]}]},{"@type":"WebPage","@id":"https:\/\/futbolhoy.co\/index.php\/2025\/04\/23\/florentin-sale-de-aguilas-tuvo-problemas-con-jugadores\/","url":"https:\/\/futbolhoy.co\/index.php\/2025\/04\/23\/florentin-sale-de-aguilas-tuvo-problemas-con-jugadores\/","name":"Florent\u00edn sale de \u00c1guilas \u00bftuvo problemas con jugadores? -","isPartOf":{"@id":"https:\/\/futbolhoy.co\/#website"},"primaryImageOfPage":{"@id":"https:\/\/futbolhoy.co\/index.php\/2025\/04\/23\/florentin-sale-de-aguilas-tuvo-problemas-con-jugadores\/#primaryimage"},"image":{"@id":"https:\/\/futbolhoy.co\/index.php\/2025\/04\/23\/florentin-sale-de-aguilas-tuvo-problemas-con-jugadores\/#primaryimage"},"thumbnailUrl":"https:\/\/futbolhoy.co\/wp-content\/uploads\/2025\/04\/IMG_1864.jpeg","datePublished":"2025-04-23T16:46:19+00:00","dateModified":"2025-04-24T15:44:13+00:00","breadcrumb":{"@id":"https:\/\/futbolhoy.co\/index.php\/2025\/04\/23\/florentin-sale-de-aguilas-tuvo-problemas-con-jugadores\/#breadcrumb"},"inLanguage":"es","potentialAction":[{"@type":"ReadAction","target":["https:\/\/futbolhoy.co\/index.php\/2025\/04\/23\/florentin-sale-de-aguilas-tuvo-problemas-con-jugadores\/"]}]},{"@type":"ImageObject","inLanguage":"es","@id":"https:\/\/futbolhoy.co\/index.php\/2025\/04\/23\/florentin-sale-de-aguilas-tuvo-problemas-con-jugadores\/#primaryimage","url":"https:\/\/futbolhoy.co\/wp-content\/uploads\/2025\/04\/IMG_1864.jpeg","contentUrl":"https:\/\/futbolhoy.co\/wp-content\/uploads\/2025\/04\/IMG_1864.jpeg","width":1179,"height":1152},{"@type":"BreadcrumbList","@id":"https:\/\/futbolhoy.co\/index.php\/2025\/04\/23\/florentin-sale-de-aguilas-tuvo-problemas-con-jugadores\/#breadcrumb","itemListElement":[{"@type":"ListItem","position":1,"name":"Portada","item":"https:\/\/futbolhoy.co\/"},{"@type":"ListItem","position":2,"name":"Florent\u00edn sale de \u00c1guilas \u00bftuvo problemas con jugadores?"}]},{"@type":"WebSite","@id":"https:\/\/futbolhoy.co\/#website","url":"https:\/\/futbolhoy.co\/","name":"FutbolHoy","description":"","publisher":{"@id":"https:\/\/futbolhoy.co\/#organization"},"potentialAction":[{"@type":"SearchAction","target":{"@type":"EntryPoint","urlTemplate":"https:\/\/futbolhoy.co\/?s={search_term_string}"},"query-input":{"@type":"PropertyValueSpecification","valueRequired":true,"valueName":"search_term_string"}}],"inLanguage":"es"},{"@type":"Organization","@id":"https:\/\/futbolhoy.co\/#organization","name":"Futbolhoy.co","url":"https:\/\/futbolhoy.co\/","logo":{"@type":"ImageObject","inLanguage":"es","@id":"https:\/\/futbolhoy.co\/#\/schema\/logo\/image\/","url":"https:\/\/futbolhoy.co\/wp-content\/uploads\/2018\/08\/17426380_1906371736249227_6326180412931521141_n.jpg","contentUrl":"https:\/\/futbolhoy.co\/wp-content\/uploads\/2018\/08\/17426380_1906371736249227_6326180412931521141_n.jpg","width":960,"height":960,"caption":"Futbolhoy.co"},"image":{"@id":"https:\/\/futbolhoy.co\/#\/schema\/logo\/image\/"},"sameAs":["https:\/\/www.facebook.com\/FutbolHoyCol\/","https:\/\/x.com\/FutbolHoyCol","https:\/\/www.instagram.com\/futbolhoycol\/"]},{"@type":"Person","@id":"https:\/\/futbolhoy.co\/#\/schema\/person\/1721b69355b6623eaff15ac7b92d4cc3","name":"contenido","image":{"@type":"ImageObject","inLanguage":"es","@id":"https:\/\/futbolhoy.co\/#\/schema\/person\/image\/","url":"https:\/\/secure.gravatar.com\/avatar\/4f656d3256f5134f466206e7c3941518?s=96&d=mm&r=g","contentUrl":"https:\/\/secure.gravatar.com\/avatar\/4f656d3256f5134f466206e7c3941518?s=96&d=mm&r=g","caption":"contenido"}}]}},"publishpress_future_action":{"enabled":false,"date":"2026-05-05 23:01:07","action":"change-status","newStatus":"draft","terms":[],"taxonomy":"category","extraData":[]},"publishpress_future_workflow_manual_trigger":{"enabledWorkflows":[]},"_links":{"self":[{"href":"https:\/\/futbolhoy.co\/index.php\/wp-json\/wp\/v2\/posts\/118758","targetHints":{"allow":["GET"]}}],"collection":[{"href":"https:\/\/futbolhoy.co\/index.php\/wp-json\/wp\/v2\/posts"}],"about":[{"href":"https:\/\/futbolhoy.co\/index.php\/wp-json\/wp\/v2\/types\/post"}],"author":[{"embeddable":true,"href":"https:\/\/futbolhoy.co\/index.php\/wp-json\/wp\/v2\/users\/4"}],"replies":[{"embeddable":true,"href":"https:\/\/futbolhoy.co\/index.php\/wp-json\/wp\/v2\/comments?post=118758"}],"version-history":[{"count":1,"href":"https:\/\/futbolhoy.co\/index.php\/wp-json\/wp\/v2\/posts\/118758\/revisions"}],"predecessor-version":[{"id":118760,"href":"https:\/\/futbolhoy.co\/index.php\/wp-json\/wp\/v2\/posts\/118758\/revisions\/118760"}],"wp:featuredmedia":[{"embeddable":true,"href":"https:\/\/futbolhoy.co\/index.php\/wp-json\/wp\/v2\/media\/118759"}],"wp:attachment":[{"href":"https:\/\/futbolhoy.co\/index.php\/wp-json\/wp\/v2\/media?parent=118758"}],"wp:term":[{"taxonomy":"category","embeddable":true,"href":"https:\/\/futbolhoy.co\/index.php\/wp-json\/wp\/v2\/categories?post=118758"},{"taxonomy":"post_tag","embeddable":true,"href":"https:\/\/futbolhoy.co\/index.php\/wp-json\/wp\/v2\/tags?post=118758"}],"curies":[{"name":"wp","href":"https:\/\/api.w.org\/{rel}","templated":true}]}}