{"id":118763,"date":"2025-04-23T12:51:26","date_gmt":"2025-04-23T17:51:26","guid":{"rendered":"https:\/\/futbolhoy.co\/?p=118763"},"modified":"2025-04-23T18:47:48","modified_gmt":"2025-04-23T23:47:48","slug":"america-visita-al-lider-del-grupo-buscando-volver-al-triunfo","status":"publish","type":"post","link":"https:\/\/futbolhoy.co\/index.php\/2025\/04\/23\/america-visita-al-lider-del-grupo-buscando-volver-al-triunfo\/","title":{"rendered":"Am\u00e9rica visita al l\u00edder del grupo buscando volver al triunfo"},"content":{"rendered":"<p style=\"text-align: justify;\"><span style=\"font-family: helvetica, arial, sans-serif;\"><strong>Hurac\u00e1n<\/strong>, el equipo m\u00e1s goleador de la <strong>Copa Sudamericana<\/strong> y l\u00edder del <strong>Grupo C<\/strong> con puntaje ideal tras las primeras dos jornadas, recibe este mi\u00e9rcoles al <strong>Am\u00e9rica de Cali,<\/strong> que se ubica segundo a dos puntos y busca estirar la diferencia con el brasile\u00f1o <strong>Corinthians<\/strong>, que es tercero.<\/span><\/p>\n<p style=\"text-align: justify;\"><span style=\"font-family: helvetica, arial, sans-serif;\">Pese a su largo invicto, el 'Globo' llega al duelo de este mi\u00e9rcoles con un sabor amargo tras no haber podido derrotar el s\u00e1bado como local a <strong>Defensa y Justicia<\/strong>, que jug\u00f3 con 10 hombres durante todo el segundo tiempo y que se llev\u00f3 un valioso empate por 1-1.<\/span><\/p>\n<p style=\"text-align: justify;\"><span style=\"font-family: helvetica, arial, sans-serif;\">El equipo colombiano, por su parte, no llega en un buen momento al enfrentamiento en <strong>Buenos<\/strong> <strong>Aires<\/strong>, ya que desde el debut con triunfo por 3-1 como visitante ante <strong>Racing<\/strong> en <strong>Uruguay<\/strong>, acumul\u00f3 cinco partidos sin ganar, incluyendo el empate 1-1 ante <strong>Corinthians<\/strong> en <strong>Cali<\/strong> por la segunda jornada de la Sudamericana.<\/span><\/p>\n<p style=\"text-align: justify;\"><span style=\"font-family: helvetica, arial, sans-serif;\">Este s\u00e1bado, los dirigidos por el uruguayo <strong>Jorge da Silva<\/strong>, que se ubican quintos en el campeonato local con 26 puntos tras 15 jornadas, cayeron como visitantes por 2-0 ante <strong>La Equidad<\/strong>, que con este triunfo logr\u00f3 salir del fondo de la tabla.<\/span><\/p>\n<p style=\"text-align: justify;\"><span style=\"font-family: helvetica, arial, sans-serif;\">Posibles formaciones<\/span><\/p>\n<p style=\"text-align: justify;\"><span style=\"font-family: helvetica, arial, sans-serif;\">Hurac\u00e1n: Hern\u00e1n Gal\u00edndez; Tom\u00e1s Guidara, Fabio Pereyra, Marco Pellegrino, C\u00e9sar Ib\u00e1\u00f1ez; Leonardo Gil, Leonel P\u00e9rez, Matko Miljevic; W\u00e1lter Mazzanti, Agust\u00edn Urzi o Gabriel Alan\u00eds, Leonardo Sequeira.<\/span><\/p>\n<p style=\"text-align: justify;\"><span style=\"font-family: helvetica, arial, sans-serif;\">Am\u00e9rica: Jorge Soto; Yerson Candelo, Jean Carlos Pesta\u00f1a, Brayan Medina, Marcos Mina; \u00c9der Balanta, Rafael Carrascal, Juan Fernando Quintero; Michael Barrios, Luis Ramos, Sebasti\u00e1n Navarro.<\/span><\/p>\n","protected":false},"excerpt":{"rendered":"<p>Hurac\u00e1n, el equipo m\u00e1s goleador de la Copa Sudamericana y l\u00edder del Grupo C con puntaje ideal tras las primeras dos jornadas, recibe este mi\u00e9rcoles al Am\u00e9rica de Cali, que se ubica segundo a dos puntos y busca estirar la diferencia con el brasile\u00f1o Corinthians, que es tercero. Pese a su largo invicto, el 'Globo' [&hellip;]<\/p>\n","protected":false},"author":4,"featured_media":118762,"comment_status":"open","ping_status":"open","sticky":false,"template":"","format":"standard","meta":{"_acf_changed":false,"footnotes":""},"categories":[7],"tags":[],"class_list":{"0":"post-118763","1":"post","2":"type-post","3":"status-publish","4":"format-standard","5":"has-post-thumbnail","7":"category-liga-betplay"},"acf":[],"yoast_head":"<!-- This site is optimized with the Yoast SEO plugin v26.8 - https:\/\/yoast.com\/product\/yoast-seo-wordpress\/ -->\n<title>Am\u00e9rica visita al l\u00edder del grupo buscando volver al triunfo -<\/title>\n<meta name=\"robots\" content=\"index, follow, max-snippet:-1, max-image-preview:large, max-video-preview:-1\" \/>\n<link rel=\"canonical\" href=\"https:\/\/futbolhoy.co\/index.php\/2025\/04\/23\/america-visita-al-lider-del-grupo-buscando-volver-al-triunfo\/\" \/>\n<meta property=\"og:locale\" content=\"es_ES\" \/>\n<meta property=\"og:type\" content=\"article\" \/>\n<meta property=\"og:title\" content=\"Am\u00e9rica visita al l\u00edder del grupo buscando volver al triunfo -\" \/>\n<meta property=\"og:description\" content=\"Hurac\u00e1n, el equipo m\u00e1s goleador de la Copa Sudamericana y l\u00edder del Grupo C con puntaje ideal tras las primeras dos jornadas, recibe este mi\u00e9rcoles al Am\u00e9rica de Cali, que se ubica segundo a dos puntos y busca estirar la diferencia con el brasile\u00f1o Corinthians, que es tercero. Pese a su largo invicto, el &#039;Globo&#039; [&hellip;]\" \/>\n<meta property=\"og:url\" content=\"https:\/\/futbolhoy.co\/index.php\/2025\/04\/23\/america-visita-al-lider-del-grupo-buscando-volver-al-triunfo\/\" \/>\n<meta property=\"article:publisher\" content=\"https:\/\/www.facebook.com\/FutbolHoyCol\/\" \/>\n<meta property=\"article:published_time\" content=\"2025-04-23T17:51:26+00:00\" \/>\n<meta property=\"article:modified_time\" content=\"2025-04-23T23:47:48+00:00\" \/>\n<meta property=\"og:image\" content=\"https:\/\/futbolhoy.co\/wp-content\/uploads\/2025\/04\/IMG_1865.jpeg\" \/>\n\t<meta property=\"og:image:width\" content=\"1179\" \/>\n\t<meta property=\"og:image:height\" content=\"1099\" \/>\n\t<meta property=\"og:image:type\" content=\"image\/jpeg\" \/>\n<meta name=\"author\" content=\"contenido\" \/>\n<meta name=\"twitter:card\" content=\"summary_large_image\" \/>\n<meta name=\"twitter:creator\" content=\"@FutbolHoyCol\" \/>\n<meta name=\"twitter:site\" content=\"@FutbolHoyCol\" \/>\n<meta name=\"twitter:label1\" content=\"Escrito por\" \/>\n\t<meta name=\"twitter:data1\" content=\"contenido\" \/>\n\t<meta name=\"twitter:label2\" content=\"Tiempo de lectura\" \/>\n\t<meta name=\"twitter:data2\" content=\"1 minuto\" \/>\n<script type=\"application\/ld+json\" class=\"yoast-schema-graph\">{\"@context\":\"https:\/\/schema.org\",\"@graph\":[{\"@type\":\"Article\",\"@id\":\"https:\/\/futbolhoy.co\/index.php\/2025\/04\/23\/america-visita-al-lider-del-grupo-buscando-volver-al-triunfo\/#article\",\"isPartOf\":{\"@id\":\"https:\/\/futbolhoy.co\/index.php\/2025\/04\/23\/america-visita-al-lider-del-grupo-buscando-volver-al-triunfo\/\"},\"author\":{\"name\":\"contenido\",\"@id\":\"https:\/\/futbolhoy.co\/#\/schema\/person\/1721b69355b6623eaff15ac7b92d4cc3\"},\"headline\":\"Am\u00e9rica visita al l\u00edder del grupo buscando volver al triunfo\",\"datePublished\":\"2025-04-23T17:51:26+00:00\",\"dateModified\":\"2025-04-23T23:47:48+00:00\",\"mainEntityOfPage\":{\"@id\":\"https:\/\/futbolhoy.co\/index.php\/2025\/04\/23\/america-visita-al-lider-del-grupo-buscando-volver-al-triunfo\/\"},\"wordCount\":276,\"commentCount\":0,\"publisher\":{\"@id\":\"https:\/\/futbolhoy.co\/#organization\"},\"image\":{\"@id\":\"https:\/\/futbolhoy.co\/index.php\/2025\/04\/23\/america-visita-al-lider-del-grupo-buscando-volver-al-triunfo\/#primaryimage\"},\"thumbnailUrl\":\"https:\/\/futbolhoy.co\/wp-content\/uploads\/2025\/04\/IMG_1865.jpeg\",\"articleSection\":[\"Liga BetPlay\"],\"inLanguage\":\"es\",\"potentialAction\":[{\"@type\":\"CommentAction\",\"name\":\"Comment\",\"target\":[\"https:\/\/futbolhoy.co\/index.php\/2025\/04\/23\/america-visita-al-lider-del-grupo-buscando-volver-al-triunfo\/#respond\"]}]},{\"@type\":\"WebPage\",\"@id\":\"https:\/\/futbolhoy.co\/index.php\/2025\/04\/23\/america-visita-al-lider-del-grupo-buscando-volver-al-triunfo\/\",\"url\":\"https:\/\/futbolhoy.co\/index.php\/2025\/04\/23\/america-visita-al-lider-del-grupo-buscando-volver-al-triunfo\/\",\"name\":\"Am\u00e9rica visita al l\u00edder del grupo buscando volver al triunfo -\",\"isPartOf\":{\"@id\":\"https:\/\/futbolhoy.co\/#website\"},\"primaryImageOfPage\":{\"@id\":\"https:\/\/futbolhoy.co\/index.php\/2025\/04\/23\/america-visita-al-lider-del-grupo-buscando-volver-al-triunfo\/#primaryimage\"},\"image\":{\"@id\":\"https:\/\/futbolhoy.co\/index.php\/2025\/04\/23\/america-visita-al-lider-del-grupo-buscando-volver-al-triunfo\/#primaryimage\"},\"thumbnailUrl\":\"https:\/\/futbolhoy.co\/wp-content\/uploads\/2025\/04\/IMG_1865.jpeg\",\"datePublished\":\"2025-04-23T17:51:26+00:00\",\"dateModified\":\"2025-04-23T23:47:48+00:00\",\"breadcrumb\":{\"@id\":\"https:\/\/futbolhoy.co\/index.php\/2025\/04\/23\/america-visita-al-lider-del-grupo-buscando-volver-al-triunfo\/#breadcrumb\"},\"inLanguage\":\"es\",\"potentialAction\":[{\"@type\":\"ReadAction\",\"target\":[\"https:\/\/futbolhoy.co\/index.php\/2025\/04\/23\/america-visita-al-lider-del-grupo-buscando-volver-al-triunfo\/\"]}]},{\"@type\":\"ImageObject\",\"inLanguage\":\"es\",\"@id\":\"https:\/\/futbolhoy.co\/index.php\/2025\/04\/23\/america-visita-al-lider-del-grupo-buscando-volver-al-triunfo\/#primaryimage\",\"url\":\"https:\/\/futbolhoy.co\/wp-content\/uploads\/2025\/04\/IMG_1865.jpeg\",\"contentUrl\":\"https:\/\/futbolhoy.co\/wp-content\/uploads\/2025\/04\/IMG_1865.jpeg\",\"width\":1179,\"height\":1099},{\"@type\":\"BreadcrumbList\",\"@id\":\"https:\/\/futbolhoy.co\/index.php\/2025\/04\/23\/america-visita-al-lider-del-grupo-buscando-volver-al-triunfo\/#breadcrumb\",\"itemListElement\":[{\"@type\":\"ListItem\",\"position\":1,\"name\":\"Portada\",\"item\":\"https:\/\/futbolhoy.co\/\"},{\"@type\":\"ListItem\",\"position\":2,\"name\":\"Am\u00e9rica visita al l\u00edder del grupo buscando volver al triunfo\"}]},{\"@type\":\"WebSite\",\"@id\":\"https:\/\/futbolhoy.co\/#website\",\"url\":\"https:\/\/futbolhoy.co\/\",\"name\":\"FutbolHoy\",\"description\":\"\",\"publisher\":{\"@id\":\"https:\/\/futbolhoy.co\/#organization\"},\"potentialAction\":[{\"@type\":\"SearchAction\",\"target\":{\"@type\":\"EntryPoint\",\"urlTemplate\":\"https:\/\/futbolhoy.co\/?s={search_term_string}\"},\"query-input\":{\"@type\":\"PropertyValueSpecification\",\"valueRequired\":true,\"valueName\":\"search_term_string\"}}],\"inLanguage\":\"es\"},{\"@type\":\"Organization\",\"@id\":\"https:\/\/futbolhoy.co\/#organization\",\"name\":\"Futbolhoy.co\",\"url\":\"https:\/\/futbolhoy.co\/\",\"logo\":{\"@type\":\"ImageObject\",\"inLanguage\":\"es\",\"@id\":\"https:\/\/futbolhoy.co\/#\/schema\/logo\/image\/\",\"url\":\"https:\/\/futbolhoy.co\/wp-content\/uploads\/2018\/08\/17426380_1906371736249227_6326180412931521141_n.jpg\",\"contentUrl\":\"https:\/\/futbolhoy.co\/wp-content\/uploads\/2018\/08\/17426380_1906371736249227_6326180412931521141_n.jpg\",\"width\":960,\"height\":960,\"caption\":\"Futbolhoy.co\"},\"image\":{\"@id\":\"https:\/\/futbolhoy.co\/#\/schema\/logo\/image\/\"},\"sameAs\":[\"https:\/\/www.facebook.com\/FutbolHoyCol\/\",\"https:\/\/x.com\/FutbolHoyCol\",\"https:\/\/www.instagram.com\/futbolhoycol\/\"]},{\"@type\":\"Person\",\"@id\":\"https:\/\/futbolhoy.co\/#\/schema\/person\/1721b69355b6623eaff15ac7b92d4cc3\",\"name\":\"contenido\",\"image\":{\"@type\":\"ImageObject\",\"inLanguage\":\"es\",\"@id\":\"https:\/\/futbolhoy.co\/#\/schema\/person\/image\/\",\"url\":\"https:\/\/secure.gravatar.com\/avatar\/4f656d3256f5134f466206e7c3941518?s=96&d=mm&r=g\",\"contentUrl\":\"https:\/\/secure.gravatar.com\/avatar\/4f656d3256f5134f466206e7c3941518?s=96&d=mm&r=g\",\"caption\":\"contenido\"}}]}<\/script>\n<!-- \/ Yoast SEO plugin. -->","yoast_head_json":{"title":"Am\u00e9rica visita al l\u00edder del grupo buscando volver al triunfo -","robots":{"index":"index","follow":"follow","max-snippet":"max-snippet:-1","max-image-preview":"max-image-preview:large","max-video-preview":"max-video-preview:-1"},"canonical":"https:\/\/futbolhoy.co\/index.php\/2025\/04\/23\/america-visita-al-lider-del-grupo-buscando-volver-al-triunfo\/","og_locale":"es_ES","og_type":"article","og_title":"Am\u00e9rica visita al l\u00edder del grupo buscando volver al triunfo -","og_description":"Hurac\u00e1n, el equipo m\u00e1s goleador de la Copa Sudamericana y l\u00edder del Grupo C con puntaje ideal tras las primeras dos jornadas, recibe este mi\u00e9rcoles al Am\u00e9rica de Cali, que se ubica segundo a dos puntos y busca estirar la diferencia con el brasile\u00f1o Corinthians, que es tercero. Pese a su largo invicto, el 'Globo' [&hellip;]","og_url":"https:\/\/futbolhoy.co\/index.php\/2025\/04\/23\/america-visita-al-lider-del-grupo-buscando-volver-al-triunfo\/","article_publisher":"https:\/\/www.facebook.com\/FutbolHoyCol\/","article_published_time":"2025-04-23T17:51:26+00:00","article_modified_time":"2025-04-23T23:47:48+00:00","og_image":[{"width":1179,"height":1099,"url":"https:\/\/futbolhoy.co\/wp-content\/uploads\/2025\/04\/IMG_1865.jpeg","type":"image\/jpeg"}],"author":"contenido","twitter_card":"summary_large_image","twitter_creator":"@FutbolHoyCol","twitter_site":"@FutbolHoyCol","twitter_misc":{"Escrito por":"contenido","Tiempo de lectura":"1 minuto"},"schema":{"@context":"https:\/\/schema.org","@graph":[{"@type":"Article","@id":"https:\/\/futbolhoy.co\/index.php\/2025\/04\/23\/america-visita-al-lider-del-grupo-buscando-volver-al-triunfo\/#article","isPartOf":{"@id":"https:\/\/futbolhoy.co\/index.php\/2025\/04\/23\/america-visita-al-lider-del-grupo-buscando-volver-al-triunfo\/"},"author":{"name":"contenido","@id":"https:\/\/futbolhoy.co\/#\/schema\/person\/1721b69355b6623eaff15ac7b92d4cc3"},"headline":"Am\u00e9rica visita al l\u00edder del grupo buscando volver al triunfo","datePublished":"2025-04-23T17:51:26+00:00","dateModified":"2025-04-23T23:47:48+00:00","mainEntityOfPage":{"@id":"https:\/\/futbolhoy.co\/index.php\/2025\/04\/23\/america-visita-al-lider-del-grupo-buscando-volver-al-triunfo\/"},"wordCount":276,"commentCount":0,"publisher":{"@id":"https:\/\/futbolhoy.co\/#organization"},"image":{"@id":"https:\/\/futbolhoy.co\/index.php\/2025\/04\/23\/america-visita-al-lider-del-grupo-buscando-volver-al-triunfo\/#primaryimage"},"thumbnailUrl":"https:\/\/futbolhoy.co\/wp-content\/uploads\/2025\/04\/IMG_1865.jpeg","articleSection":["Liga BetPlay"],"inLanguage":"es","potentialAction":[{"@type":"CommentAction","name":"Comment","target":["https:\/\/futbolhoy.co\/index.php\/2025\/04\/23\/america-visita-al-lider-del-grupo-buscando-volver-al-triunfo\/#respond"]}]},{"@type":"WebPage","@id":"https:\/\/futbolhoy.co\/index.php\/2025\/04\/23\/america-visita-al-lider-del-grupo-buscando-volver-al-triunfo\/","url":"https:\/\/futbolhoy.co\/index.php\/2025\/04\/23\/america-visita-al-lider-del-grupo-buscando-volver-al-triunfo\/","name":"Am\u00e9rica visita al l\u00edder del grupo buscando volver al triunfo -","isPartOf":{"@id":"https:\/\/futbolhoy.co\/#website"},"primaryImageOfPage":{"@id":"https:\/\/futbolhoy.co\/index.php\/2025\/04\/23\/america-visita-al-lider-del-grupo-buscando-volver-al-triunfo\/#primaryimage"},"image":{"@id":"https:\/\/futbolhoy.co\/index.php\/2025\/04\/23\/america-visita-al-lider-del-grupo-buscando-volver-al-triunfo\/#primaryimage"},"thumbnailUrl":"https:\/\/futbolhoy.co\/wp-content\/uploads\/2025\/04\/IMG_1865.jpeg","datePublished":"2025-04-23T17:51:26+00:00","dateModified":"2025-04-23T23:47:48+00:00","breadcrumb":{"@id":"https:\/\/futbolhoy.co\/index.php\/2025\/04\/23\/america-visita-al-lider-del-grupo-buscando-volver-al-triunfo\/#breadcrumb"},"inLanguage":"es","potentialAction":[{"@type":"ReadAction","target":["https:\/\/futbolhoy.co\/index.php\/2025\/04\/23\/america-visita-al-lider-del-grupo-buscando-volver-al-triunfo\/"]}]},{"@type":"ImageObject","inLanguage":"es","@id":"https:\/\/futbolhoy.co\/index.php\/2025\/04\/23\/america-visita-al-lider-del-grupo-buscando-volver-al-triunfo\/#primaryimage","url":"https:\/\/futbolhoy.co\/wp-content\/uploads\/2025\/04\/IMG_1865.jpeg","contentUrl":"https:\/\/futbolhoy.co\/wp-content\/uploads\/2025\/04\/IMG_1865.jpeg","width":1179,"height":1099},{"@type":"BreadcrumbList","@id":"https:\/\/futbolhoy.co\/index.php\/2025\/04\/23\/america-visita-al-lider-del-grupo-buscando-volver-al-triunfo\/#breadcrumb","itemListElement":[{"@type":"ListItem","position":1,"name":"Portada","item":"https:\/\/futbolhoy.co\/"},{"@type":"ListItem","position":2,"name":"Am\u00e9rica visita al l\u00edder del grupo buscando volver al triunfo"}]},{"@type":"WebSite","@id":"https:\/\/futbolhoy.co\/#website","url":"https:\/\/futbolhoy.co\/","name":"FutbolHoy","description":"","publisher":{"@id":"https:\/\/futbolhoy.co\/#organization"},"potentialAction":[{"@type":"SearchAction","target":{"@type":"EntryPoint","urlTemplate":"https:\/\/futbolhoy.co\/?s={search_term_string}"},"query-input":{"@type":"PropertyValueSpecification","valueRequired":true,"valueName":"search_term_string"}}],"inLanguage":"es"},{"@type":"Organization","@id":"https:\/\/futbolhoy.co\/#organization","name":"Futbolhoy.co","url":"https:\/\/futbolhoy.co\/","logo":{"@type":"ImageObject","inLanguage":"es","@id":"https:\/\/futbolhoy.co\/#\/schema\/logo\/image\/","url":"https:\/\/futbolhoy.co\/wp-content\/uploads\/2018\/08\/17426380_1906371736249227_6326180412931521141_n.jpg","contentUrl":"https:\/\/futbolhoy.co\/wp-content\/uploads\/2018\/08\/17426380_1906371736249227_6326180412931521141_n.jpg","width":960,"height":960,"caption":"Futbolhoy.co"},"image":{"@id":"https:\/\/futbolhoy.co\/#\/schema\/logo\/image\/"},"sameAs":["https:\/\/www.facebook.com\/FutbolHoyCol\/","https:\/\/x.com\/FutbolHoyCol","https:\/\/www.instagram.com\/futbolhoycol\/"]},{"@type":"Person","@id":"https:\/\/futbolhoy.co\/#\/schema\/person\/1721b69355b6623eaff15ac7b92d4cc3","name":"contenido","image":{"@type":"ImageObject","inLanguage":"es","@id":"https:\/\/futbolhoy.co\/#\/schema\/person\/image\/","url":"https:\/\/secure.gravatar.com\/avatar\/4f656d3256f5134f466206e7c3941518?s=96&d=mm&r=g","contentUrl":"https:\/\/secure.gravatar.com\/avatar\/4f656d3256f5134f466206e7c3941518?s=96&d=mm&r=g","caption":"contenido"}}]}},"publishpress_future_action":{"enabled":false,"date":"2026-05-05 22:53:34","action":"change-status","newStatus":"draft","terms":[],"taxonomy":"category","extraData":[]},"publishpress_future_workflow_manual_trigger":{"enabledWorkflows":[]},"_links":{"self":[{"href":"https:\/\/futbolhoy.co\/index.php\/wp-json\/wp\/v2\/posts\/118763","targetHints":{"allow":["GET"]}}],"collection":[{"href":"https:\/\/futbolhoy.co\/index.php\/wp-json\/wp\/v2\/posts"}],"about":[{"href":"https:\/\/futbolhoy.co\/index.php\/wp-json\/wp\/v2\/types\/post"}],"author":[{"embeddable":true,"href":"https:\/\/futbolhoy.co\/index.php\/wp-json\/wp\/v2\/users\/4"}],"replies":[{"embeddable":true,"href":"https:\/\/futbolhoy.co\/index.php\/wp-json\/wp\/v2\/comments?post=118763"}],"version-history":[{"count":1,"href":"https:\/\/futbolhoy.co\/index.php\/wp-json\/wp\/v2\/posts\/118763\/revisions"}],"predecessor-version":[{"id":118764,"href":"https:\/\/futbolhoy.co\/index.php\/wp-json\/wp\/v2\/posts\/118763\/revisions\/118764"}],"wp:featuredmedia":[{"embeddable":true,"href":"https:\/\/futbolhoy.co\/index.php\/wp-json\/wp\/v2\/media\/118762"}],"wp:attachment":[{"href":"https:\/\/futbolhoy.co\/index.php\/wp-json\/wp\/v2\/media?parent=118763"}],"wp:term":[{"taxonomy":"category","embeddable":true,"href":"https:\/\/futbolhoy.co\/index.php\/wp-json\/wp\/v2\/categories?post=118763"},{"taxonomy":"post_tag","embeddable":true,"href":"https:\/\/futbolhoy.co\/index.php\/wp-json\/wp\/v2\/tags?post=118763"}],"curies":[{"name":"wp","href":"https:\/\/api.w.org\/{rel}","templated":true}]}}