{"id":118775,"date":"2025-04-24T09:28:29","date_gmt":"2025-04-24T14:28:29","guid":{"rendered":"https:\/\/futbolhoy.co\/?p=118775"},"modified":"2025-04-25T16:40:47","modified_gmt":"2025-04-25T21:40:47","slug":"real-madrid-sufre-baja-sensible-para-el-resto-de-temporada","status":"publish","type":"post","link":"https:\/\/futbolhoy.co\/index.php\/2025\/04\/24\/real-madrid-sufre-baja-sensible-para-el-resto-de-temporada\/","title":{"rendered":"Real Madrid sufre baja sensible para el resto de temporada"},"content":{"rendered":"<p style=\"text-align: justify;\"><span style=\"font-family: helvetica, arial, sans-serif;\"><strong>Eduardo Camavinga<\/strong> ser\u00e1 baja para la final de la <strong>Copa del Rey<\/strong> y se pierde lo que resta de temporada, tras caer lesionado en <strong>Getafe<\/strong> y confirmar la resonancia magn\u00e9tica a la que se someti\u00f3 el jueves que sufre una \"rotura completa del tend\u00f3n del adductor izquierdo\".<\/span><\/p>\n<p style=\"text-align: justify;\"><span style=\"font-family: helvetica, arial, sans-serif;\">\"Tras las pruebas realizadas hoy a nuestro jugador Eduardo Camavinga por los Servicios M\u00e9dicos del Real Madrid se le ha diagnosticado una <strong>rotura completa del tend\u00f3n del adductor izquierdo.<\/strong> Pendiente de evoluci\u00f3n\", reza el parte difundido por el Real Madrid.<\/span><\/p>\n<p style=\"text-align: justify;\"><span style=\"font-family: helvetica, arial, sans-serif;\">Camavinga cay\u00f3 lesionado en el encuentro del <strong>LaLiga EA Sports<\/strong> del Real Madrid en el <strong>Coliseum<\/strong> de Getafe, en el que fue suplente y entr\u00f3 al partido tras el descanso por un problema muscular del austriaco <strong>David Alaba.<\/strong> Una entrada de<strong> Luis Milla<\/strong>, que fren\u00f3 en seco la carrera del centrocampista franc\u00e9s, provoc\u00f3 la lesi\u00f3n en el minuto 87 de partido.<\/span><\/p>\n<p style=\"text-align: justify;\"><span style=\"font-family: helvetica, arial, sans-serif;\">Se perder\u00e1 la final de Copa, las cinco \u00faltimas jornadas de LaLiga y tiene muy complicado llegar a la disputa de alg\u00fan partido en el primer <strong>Mundial de Clubes<\/strong>, que se disputar\u00e1 entre el 14 de junio y el 13 de julio.<\/span><\/p>\n","protected":false},"excerpt":{"rendered":"<p>Eduardo Camavinga ser\u00e1 baja para la final de la Copa del Rey y se pierde lo que resta de temporada, tras caer lesionado en Getafe y confirmar la resonancia magn\u00e9tica a la que se someti\u00f3 el jueves que sufre una \"rotura completa del tend\u00f3n del adductor izquierdo\". \"Tras las pruebas realizadas hoy a nuestro jugador [&hellip;]<\/p>\n","protected":false},"author":4,"featured_media":118776,"comment_status":"open","ping_status":"open","sticky":false,"template":"","format":"standard","meta":{"_acf_changed":false,"footnotes":""},"categories":[152],"tags":[],"class_list":{"0":"post-118775","1":"post","2":"type-post","3":"status-publish","4":"format-standard","5":"has-post-thumbnail","7":"category-mundo-futbol"},"acf":[],"yoast_head":"<!-- This site is optimized with the Yoast SEO plugin v26.8 - https:\/\/yoast.com\/product\/yoast-seo-wordpress\/ -->\n<title>Real Madrid sufre baja sensible para el resto de temporada -<\/title>\n<meta name=\"robots\" content=\"index, follow, max-snippet:-1, max-image-preview:large, max-video-preview:-1\" \/>\n<link rel=\"canonical\" href=\"https:\/\/futbolhoy.co\/index.php\/2025\/04\/24\/real-madrid-sufre-baja-sensible-para-el-resto-de-temporada\/\" \/>\n<meta property=\"og:locale\" content=\"es_ES\" \/>\n<meta property=\"og:type\" content=\"article\" \/>\n<meta property=\"og:title\" content=\"Real Madrid sufre baja sensible para el resto de temporada -\" \/>\n<meta property=\"og:description\" content=\"Eduardo Camavinga ser\u00e1 baja para la final de la Copa del Rey y se pierde lo que resta de temporada, tras caer lesionado en Getafe y confirmar la resonancia magn\u00e9tica a la que se someti\u00f3 el jueves que sufre una &quot;rotura completa del tend\u00f3n del adductor izquierdo&quot;. &quot;Tras las pruebas realizadas hoy a nuestro jugador [&hellip;]\" \/>\n<meta property=\"og:url\" content=\"https:\/\/futbolhoy.co\/index.php\/2025\/04\/24\/real-madrid-sufre-baja-sensible-para-el-resto-de-temporada\/\" \/>\n<meta property=\"article:publisher\" content=\"https:\/\/www.facebook.com\/FutbolHoyCol\/\" \/>\n<meta property=\"article:published_time\" content=\"2025-04-24T14:28:29+00:00\" \/>\n<meta property=\"article:modified_time\" content=\"2025-04-25T21:40:47+00:00\" \/>\n<meta property=\"og:image\" content=\"https:\/\/futbolhoy.co\/wp-content\/uploads\/2025\/04\/IMG_1898.jpeg\" \/>\n\t<meta property=\"og:image:width\" content=\"1179\" \/>\n\t<meta property=\"og:image:height\" content=\"942\" \/>\n\t<meta property=\"og:image:type\" content=\"image\/jpeg\" \/>\n<meta name=\"author\" content=\"contenido\" \/>\n<meta name=\"twitter:card\" content=\"summary_large_image\" \/>\n<meta name=\"twitter:creator\" content=\"@FutbolHoyCol\" \/>\n<meta name=\"twitter:site\" content=\"@FutbolHoyCol\" \/>\n<meta name=\"twitter:label1\" content=\"Escrito por\" \/>\n\t<meta name=\"twitter:data1\" content=\"contenido\" \/>\n\t<meta name=\"twitter:label2\" content=\"Tiempo de lectura\" \/>\n\t<meta name=\"twitter:data2\" content=\"1 minuto\" \/>\n<script type=\"application\/ld+json\" class=\"yoast-schema-graph\">{\"@context\":\"https:\/\/schema.org\",\"@graph\":[{\"@type\":\"Article\",\"@id\":\"https:\/\/futbolhoy.co\/index.php\/2025\/04\/24\/real-madrid-sufre-baja-sensible-para-el-resto-de-temporada\/#article\",\"isPartOf\":{\"@id\":\"https:\/\/futbolhoy.co\/index.php\/2025\/04\/24\/real-madrid-sufre-baja-sensible-para-el-resto-de-temporada\/\"},\"author\":{\"name\":\"contenido\",\"@id\":\"https:\/\/futbolhoy.co\/#\/schema\/person\/1721b69355b6623eaff15ac7b92d4cc3\"},\"headline\":\"Real Madrid sufre baja sensible para el resto de temporada\",\"datePublished\":\"2025-04-24T14:28:29+00:00\",\"dateModified\":\"2025-04-25T21:40:47+00:00\",\"mainEntityOfPage\":{\"@id\":\"https:\/\/futbolhoy.co\/index.php\/2025\/04\/24\/real-madrid-sufre-baja-sensible-para-el-resto-de-temporada\/\"},\"wordCount\":205,\"commentCount\":0,\"publisher\":{\"@id\":\"https:\/\/futbolhoy.co\/#organization\"},\"image\":{\"@id\":\"https:\/\/futbolhoy.co\/index.php\/2025\/04\/24\/real-madrid-sufre-baja-sensible-para-el-resto-de-temporada\/#primaryimage\"},\"thumbnailUrl\":\"https:\/\/futbolhoy.co\/wp-content\/uploads\/2025\/04\/IMG_1898.jpeg\",\"articleSection\":[\"Mundo Futbol\"],\"inLanguage\":\"es\",\"potentialAction\":[{\"@type\":\"CommentAction\",\"name\":\"Comment\",\"target\":[\"https:\/\/futbolhoy.co\/index.php\/2025\/04\/24\/real-madrid-sufre-baja-sensible-para-el-resto-de-temporada\/#respond\"]}]},{\"@type\":\"WebPage\",\"@id\":\"https:\/\/futbolhoy.co\/index.php\/2025\/04\/24\/real-madrid-sufre-baja-sensible-para-el-resto-de-temporada\/\",\"url\":\"https:\/\/futbolhoy.co\/index.php\/2025\/04\/24\/real-madrid-sufre-baja-sensible-para-el-resto-de-temporada\/\",\"name\":\"Real Madrid sufre baja sensible para el resto de temporada -\",\"isPartOf\":{\"@id\":\"https:\/\/futbolhoy.co\/#website\"},\"primaryImageOfPage\":{\"@id\":\"https:\/\/futbolhoy.co\/index.php\/2025\/04\/24\/real-madrid-sufre-baja-sensible-para-el-resto-de-temporada\/#primaryimage\"},\"image\":{\"@id\":\"https:\/\/futbolhoy.co\/index.php\/2025\/04\/24\/real-madrid-sufre-baja-sensible-para-el-resto-de-temporada\/#primaryimage\"},\"thumbnailUrl\":\"https:\/\/futbolhoy.co\/wp-content\/uploads\/2025\/04\/IMG_1898.jpeg\",\"datePublished\":\"2025-04-24T14:28:29+00:00\",\"dateModified\":\"2025-04-25T21:40:47+00:00\",\"breadcrumb\":{\"@id\":\"https:\/\/futbolhoy.co\/index.php\/2025\/04\/24\/real-madrid-sufre-baja-sensible-para-el-resto-de-temporada\/#breadcrumb\"},\"inLanguage\":\"es\",\"potentialAction\":[{\"@type\":\"ReadAction\",\"target\":[\"https:\/\/futbolhoy.co\/index.php\/2025\/04\/24\/real-madrid-sufre-baja-sensible-para-el-resto-de-temporada\/\"]}]},{\"@type\":\"ImageObject\",\"inLanguage\":\"es\",\"@id\":\"https:\/\/futbolhoy.co\/index.php\/2025\/04\/24\/real-madrid-sufre-baja-sensible-para-el-resto-de-temporada\/#primaryimage\",\"url\":\"https:\/\/futbolhoy.co\/wp-content\/uploads\/2025\/04\/IMG_1898.jpeg\",\"contentUrl\":\"https:\/\/futbolhoy.co\/wp-content\/uploads\/2025\/04\/IMG_1898.jpeg\",\"width\":1179,\"height\":942},{\"@type\":\"BreadcrumbList\",\"@id\":\"https:\/\/futbolhoy.co\/index.php\/2025\/04\/24\/real-madrid-sufre-baja-sensible-para-el-resto-de-temporada\/#breadcrumb\",\"itemListElement\":[{\"@type\":\"ListItem\",\"position\":1,\"name\":\"Portada\",\"item\":\"https:\/\/futbolhoy.co\/\"},{\"@type\":\"ListItem\",\"position\":2,\"name\":\"Real Madrid sufre baja sensible para el resto de temporada\"}]},{\"@type\":\"WebSite\",\"@id\":\"https:\/\/futbolhoy.co\/#website\",\"url\":\"https:\/\/futbolhoy.co\/\",\"name\":\"FutbolHoy\",\"description\":\"\",\"publisher\":{\"@id\":\"https:\/\/futbolhoy.co\/#organization\"},\"potentialAction\":[{\"@type\":\"SearchAction\",\"target\":{\"@type\":\"EntryPoint\",\"urlTemplate\":\"https:\/\/futbolhoy.co\/?s={search_term_string}\"},\"query-input\":{\"@type\":\"PropertyValueSpecification\",\"valueRequired\":true,\"valueName\":\"search_term_string\"}}],\"inLanguage\":\"es\"},{\"@type\":\"Organization\",\"@id\":\"https:\/\/futbolhoy.co\/#organization\",\"name\":\"Futbolhoy.co\",\"url\":\"https:\/\/futbolhoy.co\/\",\"logo\":{\"@type\":\"ImageObject\",\"inLanguage\":\"es\",\"@id\":\"https:\/\/futbolhoy.co\/#\/schema\/logo\/image\/\",\"url\":\"https:\/\/futbolhoy.co\/wp-content\/uploads\/2018\/08\/17426380_1906371736249227_6326180412931521141_n.jpg\",\"contentUrl\":\"https:\/\/futbolhoy.co\/wp-content\/uploads\/2018\/08\/17426380_1906371736249227_6326180412931521141_n.jpg\",\"width\":960,\"height\":960,\"caption\":\"Futbolhoy.co\"},\"image\":{\"@id\":\"https:\/\/futbolhoy.co\/#\/schema\/logo\/image\/\"},\"sameAs\":[\"https:\/\/www.facebook.com\/FutbolHoyCol\/\",\"https:\/\/x.com\/FutbolHoyCol\",\"https:\/\/www.instagram.com\/futbolhoycol\/\"]},{\"@type\":\"Person\",\"@id\":\"https:\/\/futbolhoy.co\/#\/schema\/person\/1721b69355b6623eaff15ac7b92d4cc3\",\"name\":\"contenido\",\"image\":{\"@type\":\"ImageObject\",\"inLanguage\":\"es\",\"@id\":\"https:\/\/futbolhoy.co\/#\/schema\/person\/image\/\",\"url\":\"https:\/\/secure.gravatar.com\/avatar\/4f656d3256f5134f466206e7c3941518?s=96&d=mm&r=g\",\"contentUrl\":\"https:\/\/secure.gravatar.com\/avatar\/4f656d3256f5134f466206e7c3941518?s=96&d=mm&r=g\",\"caption\":\"contenido\"}}]}<\/script>\n<!-- \/ Yoast SEO plugin. -->","yoast_head_json":{"title":"Real Madrid sufre baja sensible para el resto de temporada -","robots":{"index":"index","follow":"follow","max-snippet":"max-snippet:-1","max-image-preview":"max-image-preview:large","max-video-preview":"max-video-preview:-1"},"canonical":"https:\/\/futbolhoy.co\/index.php\/2025\/04\/24\/real-madrid-sufre-baja-sensible-para-el-resto-de-temporada\/","og_locale":"es_ES","og_type":"article","og_title":"Real Madrid sufre baja sensible para el resto de temporada -","og_description":"Eduardo Camavinga ser\u00e1 baja para la final de la Copa del Rey y se pierde lo que resta de temporada, tras caer lesionado en Getafe y confirmar la resonancia magn\u00e9tica a la que se someti\u00f3 el jueves que sufre una \"rotura completa del tend\u00f3n del adductor izquierdo\". \"Tras las pruebas realizadas hoy a nuestro jugador [&hellip;]","og_url":"https:\/\/futbolhoy.co\/index.php\/2025\/04\/24\/real-madrid-sufre-baja-sensible-para-el-resto-de-temporada\/","article_publisher":"https:\/\/www.facebook.com\/FutbolHoyCol\/","article_published_time":"2025-04-24T14:28:29+00:00","article_modified_time":"2025-04-25T21:40:47+00:00","og_image":[{"width":1179,"height":942,"url":"https:\/\/futbolhoy.co\/wp-content\/uploads\/2025\/04\/IMG_1898.jpeg","type":"image\/jpeg"}],"author":"contenido","twitter_card":"summary_large_image","twitter_creator":"@FutbolHoyCol","twitter_site":"@FutbolHoyCol","twitter_misc":{"Escrito por":"contenido","Tiempo de lectura":"1 minuto"},"schema":{"@context":"https:\/\/schema.org","@graph":[{"@type":"Article","@id":"https:\/\/futbolhoy.co\/index.php\/2025\/04\/24\/real-madrid-sufre-baja-sensible-para-el-resto-de-temporada\/#article","isPartOf":{"@id":"https:\/\/futbolhoy.co\/index.php\/2025\/04\/24\/real-madrid-sufre-baja-sensible-para-el-resto-de-temporada\/"},"author":{"name":"contenido","@id":"https:\/\/futbolhoy.co\/#\/schema\/person\/1721b69355b6623eaff15ac7b92d4cc3"},"headline":"Real Madrid sufre baja sensible para el resto de temporada","datePublished":"2025-04-24T14:28:29+00:00","dateModified":"2025-04-25T21:40:47+00:00","mainEntityOfPage":{"@id":"https:\/\/futbolhoy.co\/index.php\/2025\/04\/24\/real-madrid-sufre-baja-sensible-para-el-resto-de-temporada\/"},"wordCount":205,"commentCount":0,"publisher":{"@id":"https:\/\/futbolhoy.co\/#organization"},"image":{"@id":"https:\/\/futbolhoy.co\/index.php\/2025\/04\/24\/real-madrid-sufre-baja-sensible-para-el-resto-de-temporada\/#primaryimage"},"thumbnailUrl":"https:\/\/futbolhoy.co\/wp-content\/uploads\/2025\/04\/IMG_1898.jpeg","articleSection":["Mundo Futbol"],"inLanguage":"es","potentialAction":[{"@type":"CommentAction","name":"Comment","target":["https:\/\/futbolhoy.co\/index.php\/2025\/04\/24\/real-madrid-sufre-baja-sensible-para-el-resto-de-temporada\/#respond"]}]},{"@type":"WebPage","@id":"https:\/\/futbolhoy.co\/index.php\/2025\/04\/24\/real-madrid-sufre-baja-sensible-para-el-resto-de-temporada\/","url":"https:\/\/futbolhoy.co\/index.php\/2025\/04\/24\/real-madrid-sufre-baja-sensible-para-el-resto-de-temporada\/","name":"Real Madrid sufre baja sensible para el resto de temporada -","isPartOf":{"@id":"https:\/\/futbolhoy.co\/#website"},"primaryImageOfPage":{"@id":"https:\/\/futbolhoy.co\/index.php\/2025\/04\/24\/real-madrid-sufre-baja-sensible-para-el-resto-de-temporada\/#primaryimage"},"image":{"@id":"https:\/\/futbolhoy.co\/index.php\/2025\/04\/24\/real-madrid-sufre-baja-sensible-para-el-resto-de-temporada\/#primaryimage"},"thumbnailUrl":"https:\/\/futbolhoy.co\/wp-content\/uploads\/2025\/04\/IMG_1898.jpeg","datePublished":"2025-04-24T14:28:29+00:00","dateModified":"2025-04-25T21:40:47+00:00","breadcrumb":{"@id":"https:\/\/futbolhoy.co\/index.php\/2025\/04\/24\/real-madrid-sufre-baja-sensible-para-el-resto-de-temporada\/#breadcrumb"},"inLanguage":"es","potentialAction":[{"@type":"ReadAction","target":["https:\/\/futbolhoy.co\/index.php\/2025\/04\/24\/real-madrid-sufre-baja-sensible-para-el-resto-de-temporada\/"]}]},{"@type":"ImageObject","inLanguage":"es","@id":"https:\/\/futbolhoy.co\/index.php\/2025\/04\/24\/real-madrid-sufre-baja-sensible-para-el-resto-de-temporada\/#primaryimage","url":"https:\/\/futbolhoy.co\/wp-content\/uploads\/2025\/04\/IMG_1898.jpeg","contentUrl":"https:\/\/futbolhoy.co\/wp-content\/uploads\/2025\/04\/IMG_1898.jpeg","width":1179,"height":942},{"@type":"BreadcrumbList","@id":"https:\/\/futbolhoy.co\/index.php\/2025\/04\/24\/real-madrid-sufre-baja-sensible-para-el-resto-de-temporada\/#breadcrumb","itemListElement":[{"@type":"ListItem","position":1,"name":"Portada","item":"https:\/\/futbolhoy.co\/"},{"@type":"ListItem","position":2,"name":"Real Madrid sufre baja sensible para el resto de temporada"}]},{"@type":"WebSite","@id":"https:\/\/futbolhoy.co\/#website","url":"https:\/\/futbolhoy.co\/","name":"FutbolHoy","description":"","publisher":{"@id":"https:\/\/futbolhoy.co\/#organization"},"potentialAction":[{"@type":"SearchAction","target":{"@type":"EntryPoint","urlTemplate":"https:\/\/futbolhoy.co\/?s={search_term_string}"},"query-input":{"@type":"PropertyValueSpecification","valueRequired":true,"valueName":"search_term_string"}}],"inLanguage":"es"},{"@type":"Organization","@id":"https:\/\/futbolhoy.co\/#organization","name":"Futbolhoy.co","url":"https:\/\/futbolhoy.co\/","logo":{"@type":"ImageObject","inLanguage":"es","@id":"https:\/\/futbolhoy.co\/#\/schema\/logo\/image\/","url":"https:\/\/futbolhoy.co\/wp-content\/uploads\/2018\/08\/17426380_1906371736249227_6326180412931521141_n.jpg","contentUrl":"https:\/\/futbolhoy.co\/wp-content\/uploads\/2018\/08\/17426380_1906371736249227_6326180412931521141_n.jpg","width":960,"height":960,"caption":"Futbolhoy.co"},"image":{"@id":"https:\/\/futbolhoy.co\/#\/schema\/logo\/image\/"},"sameAs":["https:\/\/www.facebook.com\/FutbolHoyCol\/","https:\/\/x.com\/FutbolHoyCol","https:\/\/www.instagram.com\/futbolhoycol\/"]},{"@type":"Person","@id":"https:\/\/futbolhoy.co\/#\/schema\/person\/1721b69355b6623eaff15ac7b92d4cc3","name":"contenido","image":{"@type":"ImageObject","inLanguage":"es","@id":"https:\/\/futbolhoy.co\/#\/schema\/person\/image\/","url":"https:\/\/secure.gravatar.com\/avatar\/4f656d3256f5134f466206e7c3941518?s=96&d=mm&r=g","contentUrl":"https:\/\/secure.gravatar.com\/avatar\/4f656d3256f5134f466206e7c3941518?s=96&d=mm&r=g","caption":"contenido"}}]}},"publishpress_future_action":{"enabled":false,"date":"2026-05-05 22:53:44","action":"change-status","newStatus":"draft","terms":[],"taxonomy":"category","extraData":[]},"publishpress_future_workflow_manual_trigger":{"enabledWorkflows":[]},"_links":{"self":[{"href":"https:\/\/futbolhoy.co\/index.php\/wp-json\/wp\/v2\/posts\/118775","targetHints":{"allow":["GET"]}}],"collection":[{"href":"https:\/\/futbolhoy.co\/index.php\/wp-json\/wp\/v2\/posts"}],"about":[{"href":"https:\/\/futbolhoy.co\/index.php\/wp-json\/wp\/v2\/types\/post"}],"author":[{"embeddable":true,"href":"https:\/\/futbolhoy.co\/index.php\/wp-json\/wp\/v2\/users\/4"}],"replies":[{"embeddable":true,"href":"https:\/\/futbolhoy.co\/index.php\/wp-json\/wp\/v2\/comments?post=118775"}],"version-history":[{"count":1,"href":"https:\/\/futbolhoy.co\/index.php\/wp-json\/wp\/v2\/posts\/118775\/revisions"}],"predecessor-version":[{"id":118777,"href":"https:\/\/futbolhoy.co\/index.php\/wp-json\/wp\/v2\/posts\/118775\/revisions\/118777"}],"wp:featuredmedia":[{"embeddable":true,"href":"https:\/\/futbolhoy.co\/index.php\/wp-json\/wp\/v2\/media\/118776"}],"wp:attachment":[{"href":"https:\/\/futbolhoy.co\/index.php\/wp-json\/wp\/v2\/media?parent=118775"}],"wp:term":[{"taxonomy":"category","embeddable":true,"href":"https:\/\/futbolhoy.co\/index.php\/wp-json\/wp\/v2\/categories?post=118775"},{"taxonomy":"post_tag","embeddable":true,"href":"https:\/\/futbolhoy.co\/index.php\/wp-json\/wp\/v2\/tags?post=118775"}],"curies":[{"name":"wp","href":"https:\/\/api.w.org\/{rel}","templated":true}]}}