{"id":118778,"date":"2025-04-24T09:54:00","date_gmt":"2025-04-24T14:54:00","guid":{"rendered":"https:\/\/futbolhoy.co\/?p=118778"},"modified":"2025-04-26T06:23:42","modified_gmt":"2025-04-26T11:23:42","slug":"boca-pierde-a-su-figura-para-el-clasico-con-river","status":"publish","type":"post","link":"https:\/\/futbolhoy.co\/index.php\/2025\/04\/24\/boca-pierde-a-su-figura-para-el-clasico-con-river\/","title":{"rendered":"Boca pierde a su figura para el cl\u00e1sico con River"},"content":{"rendered":"<p style=\"text-align: justify;\"><span style=\"font-family: helvetica, arial, sans-serif;\"><strong>Edinson Cavani<\/strong>, delantero estrella de <strong>Boca<\/strong> <strong>Juniors<\/strong>, sufri\u00f3 una lesi\u00f3n y no podr\u00e1 estar presente en el <strong>Supercl\u00e1sico<\/strong> de este domingo ante <strong>River Plate.<\/strong><\/span><\/p>\n<p style=\"text-align: justify;\"><span style=\"font-family: helvetica, arial, sans-serif;\">Si bien Boca no ha emitido hasta el momento un parte m\u00e9dico oficial, fuentes del club confirmaron que Cavani sufri\u00f3 una lesi\u00f3n muscular en el recto anterior del muslo derecho que lo dejar\u00e1 fuera de las canchas durante al menos 20 d\u00edas.<\/span><\/p>\n<p style=\"text-align: justify;\"><span style=\"font-family: helvetica, arial, sans-serif;\">La lesi\u00f3n tuvo lugar durante la pr\u00e1ctica del mi\u00e9rcoles, que el delantero de 38 a\u00f1os no pudo concluir debido a la molestia muscular.<\/span><\/p>\n<p style=\"text-align: justify;\"><span style=\"font-family: helvetica, arial, sans-serif;\">La noticia sacudi\u00f3 al 'Xeneize' en la antesala al duelo ante su m\u00e1ximo rival, en el que el exjugador del <strong>Paris Saint Germain<\/strong> y <strong>Manchester United<\/strong> buscaba poner fin a una sequ\u00eda de casi un mes y medio.<\/span><\/p>\n<p style=\"text-align: justify;\"><span style=\"font-family: helvetica, arial, sans-serif;\">Ante esto, <strong>Gago<\/strong> podr\u00eda utilizar desde el inicio al uruguayo <strong>Miguel Merentiel,<\/strong> goleador del equipo en 2025 con cinco anotaciones, junto al joven <strong>Exequiel Zeballos<\/strong>, aunque este se suele desempe\u00f1ar como extremo.<\/span><\/p>\n","protected":false},"excerpt":{"rendered":"<p>Edinson Cavani, delantero estrella de Boca Juniors, sufri\u00f3 una lesi\u00f3n y no podr\u00e1 estar presente en el Supercl\u00e1sico de este domingo ante River Plate. Si bien Boca no ha emitido hasta el momento un parte m\u00e9dico oficial, fuentes del club confirmaron que Cavani sufri\u00f3 una lesi\u00f3n muscular en el recto anterior del muslo derecho que [&hellip;]<\/p>\n","protected":false},"author":4,"featured_media":118779,"comment_status":"open","ping_status":"open","sticky":false,"template":"","format":"standard","meta":{"_acf_changed":false,"footnotes":""},"categories":[152],"tags":[],"class_list":{"0":"post-118778","1":"post","2":"type-post","3":"status-publish","4":"format-standard","5":"has-post-thumbnail","7":"category-mundo-futbol"},"acf":[],"yoast_head":"<!-- This site is optimized with the Yoast SEO plugin v26.8 - https:\/\/yoast.com\/product\/yoast-seo-wordpress\/ -->\n<title>Boca pierde a su figura para el cl\u00e1sico con River -<\/title>\n<meta name=\"robots\" content=\"index, follow, max-snippet:-1, max-image-preview:large, max-video-preview:-1\" \/>\n<link rel=\"canonical\" href=\"https:\/\/futbolhoy.co\/index.php\/2025\/04\/24\/boca-pierde-a-su-figura-para-el-clasico-con-river\/\" \/>\n<meta property=\"og:locale\" content=\"es_ES\" \/>\n<meta property=\"og:type\" content=\"article\" \/>\n<meta property=\"og:title\" content=\"Boca pierde a su figura para el cl\u00e1sico con River -\" \/>\n<meta property=\"og:description\" content=\"Edinson Cavani, delantero estrella de Boca Juniors, sufri\u00f3 una lesi\u00f3n y no podr\u00e1 estar presente en el Supercl\u00e1sico de este domingo ante River Plate. Si bien Boca no ha emitido hasta el momento un parte m\u00e9dico oficial, fuentes del club confirmaron que Cavani sufri\u00f3 una lesi\u00f3n muscular en el recto anterior del muslo derecho que [&hellip;]\" \/>\n<meta property=\"og:url\" content=\"https:\/\/futbolhoy.co\/index.php\/2025\/04\/24\/boca-pierde-a-su-figura-para-el-clasico-con-river\/\" \/>\n<meta property=\"article:publisher\" content=\"https:\/\/www.facebook.com\/FutbolHoyCol\/\" \/>\n<meta property=\"article:published_time\" content=\"2025-04-24T14:54:00+00:00\" \/>\n<meta property=\"article:modified_time\" content=\"2025-04-26T11:23:42+00:00\" \/>\n<meta property=\"og:image\" content=\"https:\/\/futbolhoy.co\/wp-content\/uploads\/2025\/04\/IMG_1900.jpeg\" \/>\n\t<meta property=\"og:image:width\" content=\"1179\" \/>\n\t<meta property=\"og:image:height\" content=\"1033\" \/>\n\t<meta property=\"og:image:type\" content=\"image\/jpeg\" \/>\n<meta name=\"author\" content=\"contenido\" \/>\n<meta name=\"twitter:card\" content=\"summary_large_image\" \/>\n<meta name=\"twitter:creator\" content=\"@FutbolHoyCol\" \/>\n<meta name=\"twitter:site\" content=\"@FutbolHoyCol\" \/>\n<meta name=\"twitter:label1\" content=\"Escrito por\" \/>\n\t<meta name=\"twitter:data1\" content=\"contenido\" \/>\n\t<meta name=\"twitter:label2\" content=\"Tiempo de lectura\" \/>\n\t<meta name=\"twitter:data2\" content=\"1 minuto\" \/>\n<script type=\"application\/ld+json\" class=\"yoast-schema-graph\">{\"@context\":\"https:\/\/schema.org\",\"@graph\":[{\"@type\":\"Article\",\"@id\":\"https:\/\/futbolhoy.co\/index.php\/2025\/04\/24\/boca-pierde-a-su-figura-para-el-clasico-con-river\/#article\",\"isPartOf\":{\"@id\":\"https:\/\/futbolhoy.co\/index.php\/2025\/04\/24\/boca-pierde-a-su-figura-para-el-clasico-con-river\/\"},\"author\":{\"name\":\"contenido\",\"@id\":\"https:\/\/futbolhoy.co\/#\/schema\/person\/1721b69355b6623eaff15ac7b92d4cc3\"},\"headline\":\"Boca pierde a su figura para el cl\u00e1sico con River\",\"datePublished\":\"2025-04-24T14:54:00+00:00\",\"dateModified\":\"2025-04-26T11:23:42+00:00\",\"mainEntityOfPage\":{\"@id\":\"https:\/\/futbolhoy.co\/index.php\/2025\/04\/24\/boca-pierde-a-su-figura-para-el-clasico-con-river\/\"},\"wordCount\":180,\"commentCount\":0,\"publisher\":{\"@id\":\"https:\/\/futbolhoy.co\/#organization\"},\"image\":{\"@id\":\"https:\/\/futbolhoy.co\/index.php\/2025\/04\/24\/boca-pierde-a-su-figura-para-el-clasico-con-river\/#primaryimage\"},\"thumbnailUrl\":\"https:\/\/futbolhoy.co\/wp-content\/uploads\/2025\/04\/IMG_1900.jpeg\",\"articleSection\":[\"Mundo Futbol\"],\"inLanguage\":\"es\",\"potentialAction\":[{\"@type\":\"CommentAction\",\"name\":\"Comment\",\"target\":[\"https:\/\/futbolhoy.co\/index.php\/2025\/04\/24\/boca-pierde-a-su-figura-para-el-clasico-con-river\/#respond\"]}]},{\"@type\":\"WebPage\",\"@id\":\"https:\/\/futbolhoy.co\/index.php\/2025\/04\/24\/boca-pierde-a-su-figura-para-el-clasico-con-river\/\",\"url\":\"https:\/\/futbolhoy.co\/index.php\/2025\/04\/24\/boca-pierde-a-su-figura-para-el-clasico-con-river\/\",\"name\":\"Boca pierde a su figura para el cl\u00e1sico con River -\",\"isPartOf\":{\"@id\":\"https:\/\/futbolhoy.co\/#website\"},\"primaryImageOfPage\":{\"@id\":\"https:\/\/futbolhoy.co\/index.php\/2025\/04\/24\/boca-pierde-a-su-figura-para-el-clasico-con-river\/#primaryimage\"},\"image\":{\"@id\":\"https:\/\/futbolhoy.co\/index.php\/2025\/04\/24\/boca-pierde-a-su-figura-para-el-clasico-con-river\/#primaryimage\"},\"thumbnailUrl\":\"https:\/\/futbolhoy.co\/wp-content\/uploads\/2025\/04\/IMG_1900.jpeg\",\"datePublished\":\"2025-04-24T14:54:00+00:00\",\"dateModified\":\"2025-04-26T11:23:42+00:00\",\"breadcrumb\":{\"@id\":\"https:\/\/futbolhoy.co\/index.php\/2025\/04\/24\/boca-pierde-a-su-figura-para-el-clasico-con-river\/#breadcrumb\"},\"inLanguage\":\"es\",\"potentialAction\":[{\"@type\":\"ReadAction\",\"target\":[\"https:\/\/futbolhoy.co\/index.php\/2025\/04\/24\/boca-pierde-a-su-figura-para-el-clasico-con-river\/\"]}]},{\"@type\":\"ImageObject\",\"inLanguage\":\"es\",\"@id\":\"https:\/\/futbolhoy.co\/index.php\/2025\/04\/24\/boca-pierde-a-su-figura-para-el-clasico-con-river\/#primaryimage\",\"url\":\"https:\/\/futbolhoy.co\/wp-content\/uploads\/2025\/04\/IMG_1900.jpeg\",\"contentUrl\":\"https:\/\/futbolhoy.co\/wp-content\/uploads\/2025\/04\/IMG_1900.jpeg\",\"width\":1179,\"height\":1033},{\"@type\":\"BreadcrumbList\",\"@id\":\"https:\/\/futbolhoy.co\/index.php\/2025\/04\/24\/boca-pierde-a-su-figura-para-el-clasico-con-river\/#breadcrumb\",\"itemListElement\":[{\"@type\":\"ListItem\",\"position\":1,\"name\":\"Portada\",\"item\":\"https:\/\/futbolhoy.co\/\"},{\"@type\":\"ListItem\",\"position\":2,\"name\":\"Boca pierde a su figura para el cl\u00e1sico con River\"}]},{\"@type\":\"WebSite\",\"@id\":\"https:\/\/futbolhoy.co\/#website\",\"url\":\"https:\/\/futbolhoy.co\/\",\"name\":\"FutbolHoy\",\"description\":\"\",\"publisher\":{\"@id\":\"https:\/\/futbolhoy.co\/#organization\"},\"potentialAction\":[{\"@type\":\"SearchAction\",\"target\":{\"@type\":\"EntryPoint\",\"urlTemplate\":\"https:\/\/futbolhoy.co\/?s={search_term_string}\"},\"query-input\":{\"@type\":\"PropertyValueSpecification\",\"valueRequired\":true,\"valueName\":\"search_term_string\"}}],\"inLanguage\":\"es\"},{\"@type\":\"Organization\",\"@id\":\"https:\/\/futbolhoy.co\/#organization\",\"name\":\"Futbolhoy.co\",\"url\":\"https:\/\/futbolhoy.co\/\",\"logo\":{\"@type\":\"ImageObject\",\"inLanguage\":\"es\",\"@id\":\"https:\/\/futbolhoy.co\/#\/schema\/logo\/image\/\",\"url\":\"https:\/\/futbolhoy.co\/wp-content\/uploads\/2018\/08\/17426380_1906371736249227_6326180412931521141_n.jpg\",\"contentUrl\":\"https:\/\/futbolhoy.co\/wp-content\/uploads\/2018\/08\/17426380_1906371736249227_6326180412931521141_n.jpg\",\"width\":960,\"height\":960,\"caption\":\"Futbolhoy.co\"},\"image\":{\"@id\":\"https:\/\/futbolhoy.co\/#\/schema\/logo\/image\/\"},\"sameAs\":[\"https:\/\/www.facebook.com\/FutbolHoyCol\/\",\"https:\/\/x.com\/FutbolHoyCol\",\"https:\/\/www.instagram.com\/futbolhoycol\/\"]},{\"@type\":\"Person\",\"@id\":\"https:\/\/futbolhoy.co\/#\/schema\/person\/1721b69355b6623eaff15ac7b92d4cc3\",\"name\":\"contenido\",\"image\":{\"@type\":\"ImageObject\",\"inLanguage\":\"es\",\"@id\":\"https:\/\/futbolhoy.co\/#\/schema\/person\/image\/\",\"url\":\"https:\/\/secure.gravatar.com\/avatar\/4f656d3256f5134f466206e7c3941518?s=96&d=mm&r=g\",\"contentUrl\":\"https:\/\/secure.gravatar.com\/avatar\/4f656d3256f5134f466206e7c3941518?s=96&d=mm&r=g\",\"caption\":\"contenido\"}}]}<\/script>\n<!-- \/ Yoast SEO plugin. -->","yoast_head_json":{"title":"Boca pierde a su figura para el cl\u00e1sico con River -","robots":{"index":"index","follow":"follow","max-snippet":"max-snippet:-1","max-image-preview":"max-image-preview:large","max-video-preview":"max-video-preview:-1"},"canonical":"https:\/\/futbolhoy.co\/index.php\/2025\/04\/24\/boca-pierde-a-su-figura-para-el-clasico-con-river\/","og_locale":"es_ES","og_type":"article","og_title":"Boca pierde a su figura para el cl\u00e1sico con River -","og_description":"Edinson Cavani, delantero estrella de Boca Juniors, sufri\u00f3 una lesi\u00f3n y no podr\u00e1 estar presente en el Supercl\u00e1sico de este domingo ante River Plate. Si bien Boca no ha emitido hasta el momento un parte m\u00e9dico oficial, fuentes del club confirmaron que Cavani sufri\u00f3 una lesi\u00f3n muscular en el recto anterior del muslo derecho que [&hellip;]","og_url":"https:\/\/futbolhoy.co\/index.php\/2025\/04\/24\/boca-pierde-a-su-figura-para-el-clasico-con-river\/","article_publisher":"https:\/\/www.facebook.com\/FutbolHoyCol\/","article_published_time":"2025-04-24T14:54:00+00:00","article_modified_time":"2025-04-26T11:23:42+00:00","og_image":[{"width":1179,"height":1033,"url":"https:\/\/futbolhoy.co\/wp-content\/uploads\/2025\/04\/IMG_1900.jpeg","type":"image\/jpeg"}],"author":"contenido","twitter_card":"summary_large_image","twitter_creator":"@FutbolHoyCol","twitter_site":"@FutbolHoyCol","twitter_misc":{"Escrito por":"contenido","Tiempo de lectura":"1 minuto"},"schema":{"@context":"https:\/\/schema.org","@graph":[{"@type":"Article","@id":"https:\/\/futbolhoy.co\/index.php\/2025\/04\/24\/boca-pierde-a-su-figura-para-el-clasico-con-river\/#article","isPartOf":{"@id":"https:\/\/futbolhoy.co\/index.php\/2025\/04\/24\/boca-pierde-a-su-figura-para-el-clasico-con-river\/"},"author":{"name":"contenido","@id":"https:\/\/futbolhoy.co\/#\/schema\/person\/1721b69355b6623eaff15ac7b92d4cc3"},"headline":"Boca pierde a su figura para el cl\u00e1sico con River","datePublished":"2025-04-24T14:54:00+00:00","dateModified":"2025-04-26T11:23:42+00:00","mainEntityOfPage":{"@id":"https:\/\/futbolhoy.co\/index.php\/2025\/04\/24\/boca-pierde-a-su-figura-para-el-clasico-con-river\/"},"wordCount":180,"commentCount":0,"publisher":{"@id":"https:\/\/futbolhoy.co\/#organization"},"image":{"@id":"https:\/\/futbolhoy.co\/index.php\/2025\/04\/24\/boca-pierde-a-su-figura-para-el-clasico-con-river\/#primaryimage"},"thumbnailUrl":"https:\/\/futbolhoy.co\/wp-content\/uploads\/2025\/04\/IMG_1900.jpeg","articleSection":["Mundo Futbol"],"inLanguage":"es","potentialAction":[{"@type":"CommentAction","name":"Comment","target":["https:\/\/futbolhoy.co\/index.php\/2025\/04\/24\/boca-pierde-a-su-figura-para-el-clasico-con-river\/#respond"]}]},{"@type":"WebPage","@id":"https:\/\/futbolhoy.co\/index.php\/2025\/04\/24\/boca-pierde-a-su-figura-para-el-clasico-con-river\/","url":"https:\/\/futbolhoy.co\/index.php\/2025\/04\/24\/boca-pierde-a-su-figura-para-el-clasico-con-river\/","name":"Boca pierde a su figura para el cl\u00e1sico con River -","isPartOf":{"@id":"https:\/\/futbolhoy.co\/#website"},"primaryImageOfPage":{"@id":"https:\/\/futbolhoy.co\/index.php\/2025\/04\/24\/boca-pierde-a-su-figura-para-el-clasico-con-river\/#primaryimage"},"image":{"@id":"https:\/\/futbolhoy.co\/index.php\/2025\/04\/24\/boca-pierde-a-su-figura-para-el-clasico-con-river\/#primaryimage"},"thumbnailUrl":"https:\/\/futbolhoy.co\/wp-content\/uploads\/2025\/04\/IMG_1900.jpeg","datePublished":"2025-04-24T14:54:00+00:00","dateModified":"2025-04-26T11:23:42+00:00","breadcrumb":{"@id":"https:\/\/futbolhoy.co\/index.php\/2025\/04\/24\/boca-pierde-a-su-figura-para-el-clasico-con-river\/#breadcrumb"},"inLanguage":"es","potentialAction":[{"@type":"ReadAction","target":["https:\/\/futbolhoy.co\/index.php\/2025\/04\/24\/boca-pierde-a-su-figura-para-el-clasico-con-river\/"]}]},{"@type":"ImageObject","inLanguage":"es","@id":"https:\/\/futbolhoy.co\/index.php\/2025\/04\/24\/boca-pierde-a-su-figura-para-el-clasico-con-river\/#primaryimage","url":"https:\/\/futbolhoy.co\/wp-content\/uploads\/2025\/04\/IMG_1900.jpeg","contentUrl":"https:\/\/futbolhoy.co\/wp-content\/uploads\/2025\/04\/IMG_1900.jpeg","width":1179,"height":1033},{"@type":"BreadcrumbList","@id":"https:\/\/futbolhoy.co\/index.php\/2025\/04\/24\/boca-pierde-a-su-figura-para-el-clasico-con-river\/#breadcrumb","itemListElement":[{"@type":"ListItem","position":1,"name":"Portada","item":"https:\/\/futbolhoy.co\/"},{"@type":"ListItem","position":2,"name":"Boca pierde a su figura para el cl\u00e1sico con River"}]},{"@type":"WebSite","@id":"https:\/\/futbolhoy.co\/#website","url":"https:\/\/futbolhoy.co\/","name":"FutbolHoy","description":"","publisher":{"@id":"https:\/\/futbolhoy.co\/#organization"},"potentialAction":[{"@type":"SearchAction","target":{"@type":"EntryPoint","urlTemplate":"https:\/\/futbolhoy.co\/?s={search_term_string}"},"query-input":{"@type":"PropertyValueSpecification","valueRequired":true,"valueName":"search_term_string"}}],"inLanguage":"es"},{"@type":"Organization","@id":"https:\/\/futbolhoy.co\/#organization","name":"Futbolhoy.co","url":"https:\/\/futbolhoy.co\/","logo":{"@type":"ImageObject","inLanguage":"es","@id":"https:\/\/futbolhoy.co\/#\/schema\/logo\/image\/","url":"https:\/\/futbolhoy.co\/wp-content\/uploads\/2018\/08\/17426380_1906371736249227_6326180412931521141_n.jpg","contentUrl":"https:\/\/futbolhoy.co\/wp-content\/uploads\/2018\/08\/17426380_1906371736249227_6326180412931521141_n.jpg","width":960,"height":960,"caption":"Futbolhoy.co"},"image":{"@id":"https:\/\/futbolhoy.co\/#\/schema\/logo\/image\/"},"sameAs":["https:\/\/www.facebook.com\/FutbolHoyCol\/","https:\/\/x.com\/FutbolHoyCol","https:\/\/www.instagram.com\/futbolhoycol\/"]},{"@type":"Person","@id":"https:\/\/futbolhoy.co\/#\/schema\/person\/1721b69355b6623eaff15ac7b92d4cc3","name":"contenido","image":{"@type":"ImageObject","inLanguage":"es","@id":"https:\/\/futbolhoy.co\/#\/schema\/person\/image\/","url":"https:\/\/secure.gravatar.com\/avatar\/4f656d3256f5134f466206e7c3941518?s=96&d=mm&r=g","contentUrl":"https:\/\/secure.gravatar.com\/avatar\/4f656d3256f5134f466206e7c3941518?s=96&d=mm&r=g","caption":"contenido"}}]}},"publishpress_future_action":{"enabled":false,"date":"2026-05-06 00:38:20","action":"change-status","newStatus":"draft","terms":[],"taxonomy":"category","extraData":[]},"publishpress_future_workflow_manual_trigger":{"enabledWorkflows":[]},"_links":{"self":[{"href":"https:\/\/futbolhoy.co\/index.php\/wp-json\/wp\/v2\/posts\/118778","targetHints":{"allow":["GET"]}}],"collection":[{"href":"https:\/\/futbolhoy.co\/index.php\/wp-json\/wp\/v2\/posts"}],"about":[{"href":"https:\/\/futbolhoy.co\/index.php\/wp-json\/wp\/v2\/types\/post"}],"author":[{"embeddable":true,"href":"https:\/\/futbolhoy.co\/index.php\/wp-json\/wp\/v2\/users\/4"}],"replies":[{"embeddable":true,"href":"https:\/\/futbolhoy.co\/index.php\/wp-json\/wp\/v2\/comments?post=118778"}],"version-history":[{"count":1,"href":"https:\/\/futbolhoy.co\/index.php\/wp-json\/wp\/v2\/posts\/118778\/revisions"}],"predecessor-version":[{"id":118780,"href":"https:\/\/futbolhoy.co\/index.php\/wp-json\/wp\/v2\/posts\/118778\/revisions\/118780"}],"wp:featuredmedia":[{"embeddable":true,"href":"https:\/\/futbolhoy.co\/index.php\/wp-json\/wp\/v2\/media\/118779"}],"wp:attachment":[{"href":"https:\/\/futbolhoy.co\/index.php\/wp-json\/wp\/v2\/media?parent=118778"}],"wp:term":[{"taxonomy":"category","embeddable":true,"href":"https:\/\/futbolhoy.co\/index.php\/wp-json\/wp\/v2\/categories?post=118778"},{"taxonomy":"post_tag","embeddable":true,"href":"https:\/\/futbolhoy.co\/index.php\/wp-json\/wp\/v2\/tags?post=118778"}],"curies":[{"name":"wp","href":"https:\/\/api.w.org\/{rel}","templated":true}]}}