{"id":118783,"date":"2025-04-24T10:54:06","date_gmt":"2025-04-24T15:54:06","guid":{"rendered":"https:\/\/futbolhoy.co\/?p=118783"},"modified":"2025-04-24T19:14:37","modified_gmt":"2025-04-25T00:14:37","slug":"nacional-busca-el-liderato-del-grupo-en-su-visita-a-brasil","status":"publish","type":"post","link":"https:\/\/futbolhoy.co\/index.php\/2025\/04\/24\/nacional-busca-el-liderato-del-grupo-en-su-visita-a-brasil\/","title":{"rendered":"Nacional busca el liderato del grupo en su visita a Brasil"},"content":{"rendered":"<p style=\"text-align: justify;\"><span style=\"font-family: helvetica, arial, sans-serif;\"><strong>Atl\u00e9tico Nacional<\/strong> se mide esta tarde ante <strong>Bah\u00eda<\/strong> de <strong>Brasil<\/strong>, que no contar\u00e1 con el colombiano <strong>Santiago Arias<\/strong> por lesi\u00f3n. Una victoria del cuadro antioque\u00f1o los llevar\u00e1 al primer puesto del <strong>Grupo F,<\/strong> vali\u00e9ndose del empate 3-3 entre <strong>Inter de Porto Alegre y Nacional de Uruguay.<\/strong><\/span><\/p>\n<p style=\"text-align: justify;\"><span style=\"font-family: helvetica, arial, sans-serif;\">La ausencia m\u00e1s pesada en el verdolaga es su artillero de 22 a\u00f1os, <strong>Marino Hinestroza,<\/strong> una de sus principales apuestas para esta temporada, que cumple una fecha de sanci\u00f3n por su expulsi\u00f3n contra Internacional de Porto Alegre.<\/span><\/p>\n<p style=\"text-align: justify;\"><span style=\"font-family: helvetica, arial, sans-serif;\"><strong>Kevin Viveros<\/strong>, otro de los jugadores importantes dentro de la n\u00f3mina del equipo de <strong>Medell\u00edn<\/strong>, qued\u00f3 fuera de este llamado contra Bah\u00eda por una contusi\u00f3n en su rodilla derecha.<\/span><\/p>\n<p style=\"text-align: justify;\"><span style=\"font-family: helvetica, arial, sans-serif;\">Para subsanar esas bajas, el entrenador <strong>Javier Gandolfi<\/strong> convoc\u00f3 a tres alternativas: <strong>Dairon Asprilla<\/strong>, que se posiciona como la opci\u00f3n m\u00e1s probable para llenar el hueco de Hinestroza, adem\u00e1s de <strong>Andr\u00e9s Sarmiento<\/strong> y el ecuatoriano <strong>Billy Arce.<\/strong><\/span><\/p>\n<p style=\"text-align: justify;\"><span style=\"font-family: helvetica, arial, sans-serif;\">En el torneo colombiano, Atl\u00e9tico Nacional est\u00e1 en segunda posici\u00f3n detr\u00e1s del <strong>Junior de Barranquilla<\/strong>, aunque el \u00faltimo domingo carg\u00f3 con una derrota en su encuentro contra <strong>Deportivo Cali.<\/strong><\/span><\/p>\n<p style=\"text-align: justify;\"><span style=\"font-family: helvetica, arial, sans-serif;\">Bah\u00eda, por su parte, est\u00e1 decimotercero en el <strong>Brasileir\u00e3o<\/strong>, en el que este fin de semana se anot\u00f3 su primer triunfo desde que empez\u00f3 el campeonato el pasado 29 de marzo: un 1-0 a <strong>Cear\u00e1<\/strong> con penal en la adici\u00f3n de <strong>Everton Ribeiro.<\/strong><\/span><\/p>\n<p style=\"text-align: justify;\"><span style=\"font-family: helvetica, arial, sans-serif;\"><strong>Probables formaciones:<\/strong><\/span><\/p>\n<p style=\"text-align: justify;\"><span style=\"font-family: helvetica, arial, sans-serif;\"><strong>Bah\u00eda<\/strong>: Marcos Felipe; Gilberto, Kanu, David Duarte, Luciano Juba; Erick, Everton Ribeiro, Jean Lucas; Cauly, Luciano Rodr\u00edguez y Erick Pulga.<\/span><\/p>\n<p style=\"text-align: justify;\"><span style=\"font-family: helvetica, arial, sans-serif;\"><strong>Atl\u00e9tico Nacional<\/strong>: David Ospina; Andr\u00e9s Rom\u00e1n, Juan Jos\u00e9 Arias, William Tesillo, Camilo C\u00e1ndido; Jorman Campuzano, Matheus Uribe, Dairon Asprilla, Edwin Cardona, Andr\u00e9s Sarmiento; Alfredo Morelos.<\/span><\/p>\n","protected":false},"excerpt":{"rendered":"<p>Atl\u00e9tico Nacional se mide esta tarde ante Bah\u00eda de Brasil, que no contar\u00e1 con el colombiano Santiago Arias por lesi\u00f3n. Una victoria del cuadro antioque\u00f1o los llevar\u00e1 al primer puesto del Grupo F, vali\u00e9ndose del empate 3-3 entre Inter de Porto Alegre y Nacional de Uruguay. La ausencia m\u00e1s pesada en el verdolaga es su [&hellip;]<\/p>\n","protected":false},"author":4,"featured_media":118784,"comment_status":"open","ping_status":"open","sticky":false,"template":"","format":"standard","meta":{"_acf_changed":false,"footnotes":""},"categories":[7],"tags":[],"class_list":{"0":"post-118783","1":"post","2":"type-post","3":"status-publish","4":"format-standard","5":"has-post-thumbnail","7":"category-liga-betplay"},"acf":[],"yoast_head":"<!-- This site is optimized with the Yoast SEO plugin v26.8 - https:\/\/yoast.com\/product\/yoast-seo-wordpress\/ -->\n<title>Nacional busca el liderato del grupo en su visita a Brasil -<\/title>\n<meta name=\"robots\" content=\"index, follow, max-snippet:-1, max-image-preview:large, max-video-preview:-1\" \/>\n<link rel=\"canonical\" href=\"https:\/\/futbolhoy.co\/index.php\/2025\/04\/24\/nacional-busca-el-liderato-del-grupo-en-su-visita-a-brasil\/\" \/>\n<meta property=\"og:locale\" content=\"es_ES\" \/>\n<meta property=\"og:type\" content=\"article\" \/>\n<meta property=\"og:title\" content=\"Nacional busca el liderato del grupo en su visita a Brasil -\" \/>\n<meta property=\"og:description\" content=\"Atl\u00e9tico Nacional se mide esta tarde ante Bah\u00eda de Brasil, que no contar\u00e1 con el colombiano Santiago Arias por lesi\u00f3n. Una victoria del cuadro antioque\u00f1o los llevar\u00e1 al primer puesto del Grupo F, vali\u00e9ndose del empate 3-3 entre Inter de Porto Alegre y Nacional de Uruguay. La ausencia m\u00e1s pesada en el verdolaga es su [&hellip;]\" \/>\n<meta property=\"og:url\" content=\"https:\/\/futbolhoy.co\/index.php\/2025\/04\/24\/nacional-busca-el-liderato-del-grupo-en-su-visita-a-brasil\/\" \/>\n<meta property=\"article:publisher\" content=\"https:\/\/www.facebook.com\/FutbolHoyCol\/\" \/>\n<meta property=\"article:published_time\" content=\"2025-04-24T15:54:06+00:00\" \/>\n<meta property=\"article:modified_time\" content=\"2025-04-25T00:14:37+00:00\" \/>\n<meta property=\"og:image\" content=\"https:\/\/futbolhoy.co\/wp-content\/uploads\/2025\/04\/IMG_1904.jpeg\" \/>\n\t<meta property=\"og:image:width\" content=\"2048\" \/>\n\t<meta property=\"og:image:height\" content=\"1152\" \/>\n\t<meta property=\"og:image:type\" content=\"image\/jpeg\" \/>\n<meta name=\"author\" content=\"contenido\" \/>\n<meta name=\"twitter:card\" content=\"summary_large_image\" \/>\n<meta name=\"twitter:creator\" content=\"@FutbolHoyCol\" \/>\n<meta name=\"twitter:site\" content=\"@FutbolHoyCol\" \/>\n<meta name=\"twitter:label1\" content=\"Escrito por\" \/>\n\t<meta name=\"twitter:data1\" content=\"contenido\" \/>\n\t<meta name=\"twitter:label2\" content=\"Tiempo de lectura\" \/>\n\t<meta name=\"twitter:data2\" content=\"1 minuto\" \/>\n<script type=\"application\/ld+json\" class=\"yoast-schema-graph\">{\"@context\":\"https:\/\/schema.org\",\"@graph\":[{\"@type\":\"Article\",\"@id\":\"https:\/\/futbolhoy.co\/index.php\/2025\/04\/24\/nacional-busca-el-liderato-del-grupo-en-su-visita-a-brasil\/#article\",\"isPartOf\":{\"@id\":\"https:\/\/futbolhoy.co\/index.php\/2025\/04\/24\/nacional-busca-el-liderato-del-grupo-en-su-visita-a-brasil\/\"},\"author\":{\"name\":\"contenido\",\"@id\":\"https:\/\/futbolhoy.co\/#\/schema\/person\/1721b69355b6623eaff15ac7b92d4cc3\"},\"headline\":\"Nacional busca el liderato del grupo en su visita a Brasil\",\"datePublished\":\"2025-04-24T15:54:06+00:00\",\"dateModified\":\"2025-04-25T00:14:37+00:00\",\"mainEntityOfPage\":{\"@id\":\"https:\/\/futbolhoy.co\/index.php\/2025\/04\/24\/nacional-busca-el-liderato-del-grupo-en-su-visita-a-brasil\/\"},\"wordCount\":307,\"commentCount\":0,\"publisher\":{\"@id\":\"https:\/\/futbolhoy.co\/#organization\"},\"image\":{\"@id\":\"https:\/\/futbolhoy.co\/index.php\/2025\/04\/24\/nacional-busca-el-liderato-del-grupo-en-su-visita-a-brasil\/#primaryimage\"},\"thumbnailUrl\":\"https:\/\/futbolhoy.co\/wp-content\/uploads\/2025\/04\/IMG_1904.jpeg\",\"articleSection\":[\"Liga BetPlay\"],\"inLanguage\":\"es\",\"potentialAction\":[{\"@type\":\"CommentAction\",\"name\":\"Comment\",\"target\":[\"https:\/\/futbolhoy.co\/index.php\/2025\/04\/24\/nacional-busca-el-liderato-del-grupo-en-su-visita-a-brasil\/#respond\"]}]},{\"@type\":\"WebPage\",\"@id\":\"https:\/\/futbolhoy.co\/index.php\/2025\/04\/24\/nacional-busca-el-liderato-del-grupo-en-su-visita-a-brasil\/\",\"url\":\"https:\/\/futbolhoy.co\/index.php\/2025\/04\/24\/nacional-busca-el-liderato-del-grupo-en-su-visita-a-brasil\/\",\"name\":\"Nacional busca el liderato del grupo en su visita a Brasil -\",\"isPartOf\":{\"@id\":\"https:\/\/futbolhoy.co\/#website\"},\"primaryImageOfPage\":{\"@id\":\"https:\/\/futbolhoy.co\/index.php\/2025\/04\/24\/nacional-busca-el-liderato-del-grupo-en-su-visita-a-brasil\/#primaryimage\"},\"image\":{\"@id\":\"https:\/\/futbolhoy.co\/index.php\/2025\/04\/24\/nacional-busca-el-liderato-del-grupo-en-su-visita-a-brasil\/#primaryimage\"},\"thumbnailUrl\":\"https:\/\/futbolhoy.co\/wp-content\/uploads\/2025\/04\/IMG_1904.jpeg\",\"datePublished\":\"2025-04-24T15:54:06+00:00\",\"dateModified\":\"2025-04-25T00:14:37+00:00\",\"breadcrumb\":{\"@id\":\"https:\/\/futbolhoy.co\/index.php\/2025\/04\/24\/nacional-busca-el-liderato-del-grupo-en-su-visita-a-brasil\/#breadcrumb\"},\"inLanguage\":\"es\",\"potentialAction\":[{\"@type\":\"ReadAction\",\"target\":[\"https:\/\/futbolhoy.co\/index.php\/2025\/04\/24\/nacional-busca-el-liderato-del-grupo-en-su-visita-a-brasil\/\"]}]},{\"@type\":\"ImageObject\",\"inLanguage\":\"es\",\"@id\":\"https:\/\/futbolhoy.co\/index.php\/2025\/04\/24\/nacional-busca-el-liderato-del-grupo-en-su-visita-a-brasil\/#primaryimage\",\"url\":\"https:\/\/futbolhoy.co\/wp-content\/uploads\/2025\/04\/IMG_1904.jpeg\",\"contentUrl\":\"https:\/\/futbolhoy.co\/wp-content\/uploads\/2025\/04\/IMG_1904.jpeg\",\"width\":2048,\"height\":1152},{\"@type\":\"BreadcrumbList\",\"@id\":\"https:\/\/futbolhoy.co\/index.php\/2025\/04\/24\/nacional-busca-el-liderato-del-grupo-en-su-visita-a-brasil\/#breadcrumb\",\"itemListElement\":[{\"@type\":\"ListItem\",\"position\":1,\"name\":\"Portada\",\"item\":\"https:\/\/futbolhoy.co\/\"},{\"@type\":\"ListItem\",\"position\":2,\"name\":\"Nacional busca el liderato del grupo en su visita a Brasil\"}]},{\"@type\":\"WebSite\",\"@id\":\"https:\/\/futbolhoy.co\/#website\",\"url\":\"https:\/\/futbolhoy.co\/\",\"name\":\"FutbolHoy\",\"description\":\"\",\"publisher\":{\"@id\":\"https:\/\/futbolhoy.co\/#organization\"},\"potentialAction\":[{\"@type\":\"SearchAction\",\"target\":{\"@type\":\"EntryPoint\",\"urlTemplate\":\"https:\/\/futbolhoy.co\/?s={search_term_string}\"},\"query-input\":{\"@type\":\"PropertyValueSpecification\",\"valueRequired\":true,\"valueName\":\"search_term_string\"}}],\"inLanguage\":\"es\"},{\"@type\":\"Organization\",\"@id\":\"https:\/\/futbolhoy.co\/#organization\",\"name\":\"Futbolhoy.co\",\"url\":\"https:\/\/futbolhoy.co\/\",\"logo\":{\"@type\":\"ImageObject\",\"inLanguage\":\"es\",\"@id\":\"https:\/\/futbolhoy.co\/#\/schema\/logo\/image\/\",\"url\":\"https:\/\/futbolhoy.co\/wp-content\/uploads\/2018\/08\/17426380_1906371736249227_6326180412931521141_n.jpg\",\"contentUrl\":\"https:\/\/futbolhoy.co\/wp-content\/uploads\/2018\/08\/17426380_1906371736249227_6326180412931521141_n.jpg\",\"width\":960,\"height\":960,\"caption\":\"Futbolhoy.co\"},\"image\":{\"@id\":\"https:\/\/futbolhoy.co\/#\/schema\/logo\/image\/\"},\"sameAs\":[\"https:\/\/www.facebook.com\/FutbolHoyCol\/\",\"https:\/\/x.com\/FutbolHoyCol\",\"https:\/\/www.instagram.com\/futbolhoycol\/\"]},{\"@type\":\"Person\",\"@id\":\"https:\/\/futbolhoy.co\/#\/schema\/person\/1721b69355b6623eaff15ac7b92d4cc3\",\"name\":\"contenido\",\"image\":{\"@type\":\"ImageObject\",\"inLanguage\":\"es\",\"@id\":\"https:\/\/futbolhoy.co\/#\/schema\/person\/image\/\",\"url\":\"https:\/\/secure.gravatar.com\/avatar\/4f656d3256f5134f466206e7c3941518?s=96&d=mm&r=g\",\"contentUrl\":\"https:\/\/secure.gravatar.com\/avatar\/4f656d3256f5134f466206e7c3941518?s=96&d=mm&r=g\",\"caption\":\"contenido\"}}]}<\/script>\n<!-- \/ Yoast SEO plugin. -->","yoast_head_json":{"title":"Nacional busca el liderato del grupo en su visita a Brasil -","robots":{"index":"index","follow":"follow","max-snippet":"max-snippet:-1","max-image-preview":"max-image-preview:large","max-video-preview":"max-video-preview:-1"},"canonical":"https:\/\/futbolhoy.co\/index.php\/2025\/04\/24\/nacional-busca-el-liderato-del-grupo-en-su-visita-a-brasil\/","og_locale":"es_ES","og_type":"article","og_title":"Nacional busca el liderato del grupo en su visita a Brasil -","og_description":"Atl\u00e9tico Nacional se mide esta tarde ante Bah\u00eda de Brasil, que no contar\u00e1 con el colombiano Santiago Arias por lesi\u00f3n. Una victoria del cuadro antioque\u00f1o los llevar\u00e1 al primer puesto del Grupo F, vali\u00e9ndose del empate 3-3 entre Inter de Porto Alegre y Nacional de Uruguay. La ausencia m\u00e1s pesada en el verdolaga es su [&hellip;]","og_url":"https:\/\/futbolhoy.co\/index.php\/2025\/04\/24\/nacional-busca-el-liderato-del-grupo-en-su-visita-a-brasil\/","article_publisher":"https:\/\/www.facebook.com\/FutbolHoyCol\/","article_published_time":"2025-04-24T15:54:06+00:00","article_modified_time":"2025-04-25T00:14:37+00:00","og_image":[{"width":2048,"height":1152,"url":"https:\/\/futbolhoy.co\/wp-content\/uploads\/2025\/04\/IMG_1904.jpeg","type":"image\/jpeg"}],"author":"contenido","twitter_card":"summary_large_image","twitter_creator":"@FutbolHoyCol","twitter_site":"@FutbolHoyCol","twitter_misc":{"Escrito por":"contenido","Tiempo de lectura":"1 minuto"},"schema":{"@context":"https:\/\/schema.org","@graph":[{"@type":"Article","@id":"https:\/\/futbolhoy.co\/index.php\/2025\/04\/24\/nacional-busca-el-liderato-del-grupo-en-su-visita-a-brasil\/#article","isPartOf":{"@id":"https:\/\/futbolhoy.co\/index.php\/2025\/04\/24\/nacional-busca-el-liderato-del-grupo-en-su-visita-a-brasil\/"},"author":{"name":"contenido","@id":"https:\/\/futbolhoy.co\/#\/schema\/person\/1721b69355b6623eaff15ac7b92d4cc3"},"headline":"Nacional busca el liderato del grupo en su visita a Brasil","datePublished":"2025-04-24T15:54:06+00:00","dateModified":"2025-04-25T00:14:37+00:00","mainEntityOfPage":{"@id":"https:\/\/futbolhoy.co\/index.php\/2025\/04\/24\/nacional-busca-el-liderato-del-grupo-en-su-visita-a-brasil\/"},"wordCount":307,"commentCount":0,"publisher":{"@id":"https:\/\/futbolhoy.co\/#organization"},"image":{"@id":"https:\/\/futbolhoy.co\/index.php\/2025\/04\/24\/nacional-busca-el-liderato-del-grupo-en-su-visita-a-brasil\/#primaryimage"},"thumbnailUrl":"https:\/\/futbolhoy.co\/wp-content\/uploads\/2025\/04\/IMG_1904.jpeg","articleSection":["Liga BetPlay"],"inLanguage":"es","potentialAction":[{"@type":"CommentAction","name":"Comment","target":["https:\/\/futbolhoy.co\/index.php\/2025\/04\/24\/nacional-busca-el-liderato-del-grupo-en-su-visita-a-brasil\/#respond"]}]},{"@type":"WebPage","@id":"https:\/\/futbolhoy.co\/index.php\/2025\/04\/24\/nacional-busca-el-liderato-del-grupo-en-su-visita-a-brasil\/","url":"https:\/\/futbolhoy.co\/index.php\/2025\/04\/24\/nacional-busca-el-liderato-del-grupo-en-su-visita-a-brasil\/","name":"Nacional busca el liderato del grupo en su visita a Brasil -","isPartOf":{"@id":"https:\/\/futbolhoy.co\/#website"},"primaryImageOfPage":{"@id":"https:\/\/futbolhoy.co\/index.php\/2025\/04\/24\/nacional-busca-el-liderato-del-grupo-en-su-visita-a-brasil\/#primaryimage"},"image":{"@id":"https:\/\/futbolhoy.co\/index.php\/2025\/04\/24\/nacional-busca-el-liderato-del-grupo-en-su-visita-a-brasil\/#primaryimage"},"thumbnailUrl":"https:\/\/futbolhoy.co\/wp-content\/uploads\/2025\/04\/IMG_1904.jpeg","datePublished":"2025-04-24T15:54:06+00:00","dateModified":"2025-04-25T00:14:37+00:00","breadcrumb":{"@id":"https:\/\/futbolhoy.co\/index.php\/2025\/04\/24\/nacional-busca-el-liderato-del-grupo-en-su-visita-a-brasil\/#breadcrumb"},"inLanguage":"es","potentialAction":[{"@type":"ReadAction","target":["https:\/\/futbolhoy.co\/index.php\/2025\/04\/24\/nacional-busca-el-liderato-del-grupo-en-su-visita-a-brasil\/"]}]},{"@type":"ImageObject","inLanguage":"es","@id":"https:\/\/futbolhoy.co\/index.php\/2025\/04\/24\/nacional-busca-el-liderato-del-grupo-en-su-visita-a-brasil\/#primaryimage","url":"https:\/\/futbolhoy.co\/wp-content\/uploads\/2025\/04\/IMG_1904.jpeg","contentUrl":"https:\/\/futbolhoy.co\/wp-content\/uploads\/2025\/04\/IMG_1904.jpeg","width":2048,"height":1152},{"@type":"BreadcrumbList","@id":"https:\/\/futbolhoy.co\/index.php\/2025\/04\/24\/nacional-busca-el-liderato-del-grupo-en-su-visita-a-brasil\/#breadcrumb","itemListElement":[{"@type":"ListItem","position":1,"name":"Portada","item":"https:\/\/futbolhoy.co\/"},{"@type":"ListItem","position":2,"name":"Nacional busca el liderato del grupo en su visita a Brasil"}]},{"@type":"WebSite","@id":"https:\/\/futbolhoy.co\/#website","url":"https:\/\/futbolhoy.co\/","name":"FutbolHoy","description":"","publisher":{"@id":"https:\/\/futbolhoy.co\/#organization"},"potentialAction":[{"@type":"SearchAction","target":{"@type":"EntryPoint","urlTemplate":"https:\/\/futbolhoy.co\/?s={search_term_string}"},"query-input":{"@type":"PropertyValueSpecification","valueRequired":true,"valueName":"search_term_string"}}],"inLanguage":"es"},{"@type":"Organization","@id":"https:\/\/futbolhoy.co\/#organization","name":"Futbolhoy.co","url":"https:\/\/futbolhoy.co\/","logo":{"@type":"ImageObject","inLanguage":"es","@id":"https:\/\/futbolhoy.co\/#\/schema\/logo\/image\/","url":"https:\/\/futbolhoy.co\/wp-content\/uploads\/2018\/08\/17426380_1906371736249227_6326180412931521141_n.jpg","contentUrl":"https:\/\/futbolhoy.co\/wp-content\/uploads\/2018\/08\/17426380_1906371736249227_6326180412931521141_n.jpg","width":960,"height":960,"caption":"Futbolhoy.co"},"image":{"@id":"https:\/\/futbolhoy.co\/#\/schema\/logo\/image\/"},"sameAs":["https:\/\/www.facebook.com\/FutbolHoyCol\/","https:\/\/x.com\/FutbolHoyCol","https:\/\/www.instagram.com\/futbolhoycol\/"]},{"@type":"Person","@id":"https:\/\/futbolhoy.co\/#\/schema\/person\/1721b69355b6623eaff15ac7b92d4cc3","name":"contenido","image":{"@type":"ImageObject","inLanguage":"es","@id":"https:\/\/futbolhoy.co\/#\/schema\/person\/image\/","url":"https:\/\/secure.gravatar.com\/avatar\/4f656d3256f5134f466206e7c3941518?s=96&d=mm&r=g","contentUrl":"https:\/\/secure.gravatar.com\/avatar\/4f656d3256f5134f466206e7c3941518?s=96&d=mm&r=g","caption":"contenido"}}]}},"publishpress_future_action":{"enabled":false,"date":"2026-05-06 01:44:57","action":"change-status","newStatus":"draft","terms":[],"taxonomy":"category","extraData":[]},"publishpress_future_workflow_manual_trigger":{"enabledWorkflows":[]},"_links":{"self":[{"href":"https:\/\/futbolhoy.co\/index.php\/wp-json\/wp\/v2\/posts\/118783","targetHints":{"allow":["GET"]}}],"collection":[{"href":"https:\/\/futbolhoy.co\/index.php\/wp-json\/wp\/v2\/posts"}],"about":[{"href":"https:\/\/futbolhoy.co\/index.php\/wp-json\/wp\/v2\/types\/post"}],"author":[{"embeddable":true,"href":"https:\/\/futbolhoy.co\/index.php\/wp-json\/wp\/v2\/users\/4"}],"replies":[{"embeddable":true,"href":"https:\/\/futbolhoy.co\/index.php\/wp-json\/wp\/v2\/comments?post=118783"}],"version-history":[{"count":1,"href":"https:\/\/futbolhoy.co\/index.php\/wp-json\/wp\/v2\/posts\/118783\/revisions"}],"predecessor-version":[{"id":118785,"href":"https:\/\/futbolhoy.co\/index.php\/wp-json\/wp\/v2\/posts\/118783\/revisions\/118785"}],"wp:featuredmedia":[{"embeddable":true,"href":"https:\/\/futbolhoy.co\/index.php\/wp-json\/wp\/v2\/media\/118784"}],"wp:attachment":[{"href":"https:\/\/futbolhoy.co\/index.php\/wp-json\/wp\/v2\/media?parent=118783"}],"wp:term":[{"taxonomy":"category","embeddable":true,"href":"https:\/\/futbolhoy.co\/index.php\/wp-json\/wp\/v2\/categories?post=118783"},{"taxonomy":"post_tag","embeddable":true,"href":"https:\/\/futbolhoy.co\/index.php\/wp-json\/wp\/v2\/tags?post=118783"}],"curies":[{"name":"wp","href":"https:\/\/api.w.org\/{rel}","templated":true}]}}