{"id":118786,"date":"2025-04-24T19:32:38","date_gmt":"2025-04-25T00:32:38","guid":{"rendered":"https:\/\/futbolhoy.co\/?p=118786"},"modified":"2025-04-26T16:29:18","modified_gmt":"2025-04-26T21:29:18","slug":"cucho-hernandez-gol-y-asistencia-en-goleada-del-betis","status":"publish","type":"post","link":"https:\/\/futbolhoy.co\/index.php\/2025\/04\/24\/cucho-hernandez-gol-y-asistencia-en-goleada-del-betis\/","title":{"rendered":"'Cucho' Hern\u00e1ndez, gol y asistencia en goleada del Betis"},"content":{"rendered":"<p style=\"text-align: justify;\"><span style=\"font-family: helvetica, arial, sans-serif;\">El colombiano<strong> Juan Camilo Hern\u00e1ndez<\/strong> fue una de las grandes figuras del <strong>Real Betis<\/strong> en la paliza 5-1 sobre el <strong>Real Valladolid,<\/strong> por la fecha 33 de <strong>LaLiga de Espa\u00f1a.<\/strong> El Cucho anot\u00f3 un gol y dio una asistencia.<\/span><\/p>\n<p style=\"text-align: justify;\"><span style=\"font-family: helvetica, arial, sans-serif;\">Hern\u00e1ndez convirti\u00f3 el 2-1 parcial de su equipo a los 64 minutos con un buen tanto de cabeza, una gran palomita para imponerse en el \u00e1rea, a pesar de su corta estatura.<\/span><\/p>\n<blockquote class=\"twitter-tweet\" data-media-max-width=\"560\">\n<p dir=\"ltr\" lang=\"es\"><span style=\"font-family: helvetica, arial, sans-serif;\">\u00a1REAL BETIS SE PUSO EN VENTAJA OTRA VEZ! \ud83d\udfe2\u26aa<\/span><\/p>\n<p><span style=\"font-family: helvetica, arial, sans-serif;\">\u26bd Centro a la cabeza de Cucho Hern\u00e1ndez \ud83c\udde8\ud83c\uddf4 que anot\u00f3 el 2-1 contra Real Valladolid.<a href=\"https:\/\/twitter.com\/hashtag\/LaLigaEnDSPORTS?src=hash&amp;ref_src=twsrc%5Etfw\">#LaLigaEnDSPORTS<\/a> I <a href=\"https:\/\/twitter.com\/hashtag\/RealBetisRealValladolid?src=hash&amp;ref_src=twsrc%5Etfw\">#RealBetisRealValladolid<\/a> <a href=\"https:\/\/t.co\/cxJR0tHaZ4\">pic.twitter.com\/cxJR0tHaZ4<\/a><\/span><\/p>\n<p><span style=\"font-family: helvetica, arial, sans-serif;\">\u2014 DSPORTS (@DSports) <a href=\"https:\/\/twitter.com\/DSports\/status\/1915511481497436536?ref_src=twsrc%5Etfw\">April 24, 2025<\/a><\/span><\/p><\/blockquote>\n<p style=\"text-align: justify;\"><span style=\"font-family: helvetica, arial, sans-serif;\"><script async src=\"https:\/\/platform.twitter.com\/widgets.js\" charset=\"utf-8\"><\/script>A los 84 minutos, el Cucho asisti\u00f3 al franc\u00e9s <strong>Romain Perraud<\/strong> para que este anotara un aut\u00e9ntico golazo con un remate de pierna zurda, acomodando la pelota en el poste de la mano izqueirda del arquero <strong>Andr\u00e9 Ferreira.<\/strong><\/span><\/p>\n<blockquote class=\"twitter-tweet\" data-media-max-width=\"560\">\n<p dir=\"ltr\" lang=\"et\"><span style=\"font-family: helvetica, arial, sans-serif;\">Romain Perraud. 450km\/h. <a href=\"https:\/\/t.co\/laPGrGICtD\">pic.twitter.com\/laPGrGICtD<\/a><\/span><\/p>\n<p><span style=\"font-family: helvetica, arial, sans-serif;\">\u2014 Orgullo Betis (@orgullobetis) <a href=\"https:\/\/twitter.com\/orgullobetis\/status\/1915517670151331958?ref_src=twsrc%5Etfw\">April 24, 2025<\/a><\/span><\/p><\/blockquote>\n<p style=\"text-align: justify;\"><span style=\"font-family: helvetica, arial, sans-serif;\"><script async src=\"https:\/\/platform.twitter.com\/widgets.js\" charset=\"utf-8\"><\/script>El Cucho, que fue titular y jug\u00f3 los 90 minutos,<strong> lleg\u00f3 a tres anotaciones<\/strong> con el Betis en la presente temporada, todas ellas por LaLiga de Espa\u00f1a. Real Betis es pacialmente quinto con 54 puntos y, de momento, se ubica en zona de clasificaci\u00f3n a la<strong>\u00a0Liga de Campeones.<\/strong><\/span><strong>\u00a0<\/strong><\/p>\n","protected":false},"excerpt":{"rendered":"<p>El colombiano Juan Camilo Hern\u00e1ndez fue una de las grandes figuras del Real Betis en la paliza 5-1 sobre el Real Valladolid, por la fecha 33 de LaLiga de Espa\u00f1a. El Cucho anot\u00f3 un gol y dio una asistencia. Hern\u00e1ndez convirti\u00f3 el 2-1 parcial de su equipo a los 64 minutos con un buen tanto [&hellip;]<\/p>\n","protected":false},"author":4,"featured_media":118787,"comment_status":"open","ping_status":"open","sticky":false,"template":"","format":"standard","meta":{"_acf_changed":false,"footnotes":""},"categories":[152],"tags":[],"class_list":{"0":"post-118786","1":"post","2":"type-post","3":"status-publish","4":"format-standard","5":"has-post-thumbnail","7":"category-mundo-futbol"},"acf":[],"yoast_head":"<!-- This site is optimized with the Yoast SEO plugin v26.8 - https:\/\/yoast.com\/product\/yoast-seo-wordpress\/ -->\n<title>&#039;Cucho&#039; Hern\u00e1ndez, gol y asistencia en goleada del Betis -<\/title>\n<meta name=\"robots\" content=\"index, follow, max-snippet:-1, max-image-preview:large, max-video-preview:-1\" \/>\n<link rel=\"canonical\" href=\"https:\/\/futbolhoy.co\/index.php\/2025\/04\/24\/cucho-hernandez-gol-y-asistencia-en-goleada-del-betis\/\" \/>\n<meta property=\"og:locale\" content=\"es_ES\" \/>\n<meta property=\"og:type\" content=\"article\" \/>\n<meta property=\"og:title\" content=\"&#039;Cucho&#039; Hern\u00e1ndez, gol y asistencia en goleada del Betis -\" \/>\n<meta property=\"og:description\" content=\"El colombiano Juan Camilo Hern\u00e1ndez fue una de las grandes figuras del Real Betis en la paliza 5-1 sobre el Real Valladolid, por la fecha 33 de LaLiga de Espa\u00f1a. El Cucho anot\u00f3 un gol y dio una asistencia. Hern\u00e1ndez convirti\u00f3 el 2-1 parcial de su equipo a los 64 minutos con un buen tanto [&hellip;]\" \/>\n<meta property=\"og:url\" content=\"https:\/\/futbolhoy.co\/index.php\/2025\/04\/24\/cucho-hernandez-gol-y-asistencia-en-goleada-del-betis\/\" \/>\n<meta property=\"article:publisher\" content=\"https:\/\/www.facebook.com\/FutbolHoyCol\/\" \/>\n<meta property=\"article:published_time\" content=\"2025-04-25T00:32:38+00:00\" \/>\n<meta property=\"article:modified_time\" content=\"2025-04-26T21:29:18+00:00\" \/>\n<meta property=\"og:image\" content=\"https:\/\/futbolhoy.co\/wp-content\/uploads\/2025\/04\/Cucho.png\" \/>\n\t<meta property=\"og:image:width\" content=\"1003\" \/>\n\t<meta property=\"og:image:height\" content=\"850\" \/>\n\t<meta property=\"og:image:type\" content=\"image\/png\" \/>\n<meta name=\"author\" content=\"contenido\" \/>\n<meta name=\"twitter:card\" content=\"summary_large_image\" \/>\n<meta name=\"twitter:creator\" content=\"@FutbolHoyCol\" \/>\n<meta name=\"twitter:site\" content=\"@FutbolHoyCol\" \/>\n<meta name=\"twitter:label1\" content=\"Escrito por\" \/>\n\t<meta name=\"twitter:data1\" content=\"contenido\" \/>\n\t<meta name=\"twitter:label2\" content=\"Tiempo de lectura\" \/>\n\t<meta name=\"twitter:data2\" content=\"1 minuto\" \/>\n<script type=\"application\/ld+json\" class=\"yoast-schema-graph\">{\"@context\":\"https:\/\/schema.org\",\"@graph\":[{\"@type\":\"Article\",\"@id\":\"https:\/\/futbolhoy.co\/index.php\/2025\/04\/24\/cucho-hernandez-gol-y-asistencia-en-goleada-del-betis\/#article\",\"isPartOf\":{\"@id\":\"https:\/\/futbolhoy.co\/index.php\/2025\/04\/24\/cucho-hernandez-gol-y-asistencia-en-goleada-del-betis\/\"},\"author\":{\"name\":\"contenido\",\"@id\":\"https:\/\/futbolhoy.co\/#\/schema\/person\/1721b69355b6623eaff15ac7b92d4cc3\"},\"headline\":\"'Cucho' Hern\u00e1ndez, gol y asistencia en goleada del Betis\",\"datePublished\":\"2025-04-25T00:32:38+00:00\",\"dateModified\":\"2025-04-26T21:29:18+00:00\",\"mainEntityOfPage\":{\"@id\":\"https:\/\/futbolhoy.co\/index.php\/2025\/04\/24\/cucho-hernandez-gol-y-asistencia-en-goleada-del-betis\/\"},\"wordCount\":216,\"commentCount\":0,\"publisher\":{\"@id\":\"https:\/\/futbolhoy.co\/#organization\"},\"image\":{\"@id\":\"https:\/\/futbolhoy.co\/index.php\/2025\/04\/24\/cucho-hernandez-gol-y-asistencia-en-goleada-del-betis\/#primaryimage\"},\"thumbnailUrl\":\"https:\/\/futbolhoy.co\/wp-content\/uploads\/2025\/04\/Cucho.png\",\"articleSection\":[\"Mundo Futbol\"],\"inLanguage\":\"es\",\"potentialAction\":[{\"@type\":\"CommentAction\",\"name\":\"Comment\",\"target\":[\"https:\/\/futbolhoy.co\/index.php\/2025\/04\/24\/cucho-hernandez-gol-y-asistencia-en-goleada-del-betis\/#respond\"]}]},{\"@type\":\"WebPage\",\"@id\":\"https:\/\/futbolhoy.co\/index.php\/2025\/04\/24\/cucho-hernandez-gol-y-asistencia-en-goleada-del-betis\/\",\"url\":\"https:\/\/futbolhoy.co\/index.php\/2025\/04\/24\/cucho-hernandez-gol-y-asistencia-en-goleada-del-betis\/\",\"name\":\"'Cucho' Hern\u00e1ndez, gol y asistencia en goleada del Betis -\",\"isPartOf\":{\"@id\":\"https:\/\/futbolhoy.co\/#website\"},\"primaryImageOfPage\":{\"@id\":\"https:\/\/futbolhoy.co\/index.php\/2025\/04\/24\/cucho-hernandez-gol-y-asistencia-en-goleada-del-betis\/#primaryimage\"},\"image\":{\"@id\":\"https:\/\/futbolhoy.co\/index.php\/2025\/04\/24\/cucho-hernandez-gol-y-asistencia-en-goleada-del-betis\/#primaryimage\"},\"thumbnailUrl\":\"https:\/\/futbolhoy.co\/wp-content\/uploads\/2025\/04\/Cucho.png\",\"datePublished\":\"2025-04-25T00:32:38+00:00\",\"dateModified\":\"2025-04-26T21:29:18+00:00\",\"breadcrumb\":{\"@id\":\"https:\/\/futbolhoy.co\/index.php\/2025\/04\/24\/cucho-hernandez-gol-y-asistencia-en-goleada-del-betis\/#breadcrumb\"},\"inLanguage\":\"es\",\"potentialAction\":[{\"@type\":\"ReadAction\",\"target\":[\"https:\/\/futbolhoy.co\/index.php\/2025\/04\/24\/cucho-hernandez-gol-y-asistencia-en-goleada-del-betis\/\"]}]},{\"@type\":\"ImageObject\",\"inLanguage\":\"es\",\"@id\":\"https:\/\/futbolhoy.co\/index.php\/2025\/04\/24\/cucho-hernandez-gol-y-asistencia-en-goleada-del-betis\/#primaryimage\",\"url\":\"https:\/\/futbolhoy.co\/wp-content\/uploads\/2025\/04\/Cucho.png\",\"contentUrl\":\"https:\/\/futbolhoy.co\/wp-content\/uploads\/2025\/04\/Cucho.png\",\"width\":1003,\"height\":850},{\"@type\":\"BreadcrumbList\",\"@id\":\"https:\/\/futbolhoy.co\/index.php\/2025\/04\/24\/cucho-hernandez-gol-y-asistencia-en-goleada-del-betis\/#breadcrumb\",\"itemListElement\":[{\"@type\":\"ListItem\",\"position\":1,\"name\":\"Portada\",\"item\":\"https:\/\/futbolhoy.co\/\"},{\"@type\":\"ListItem\",\"position\":2,\"name\":\"'Cucho' Hern\u00e1ndez, gol y asistencia en goleada del Betis\"}]},{\"@type\":\"WebSite\",\"@id\":\"https:\/\/futbolhoy.co\/#website\",\"url\":\"https:\/\/futbolhoy.co\/\",\"name\":\"FutbolHoy\",\"description\":\"\",\"publisher\":{\"@id\":\"https:\/\/futbolhoy.co\/#organization\"},\"potentialAction\":[{\"@type\":\"SearchAction\",\"target\":{\"@type\":\"EntryPoint\",\"urlTemplate\":\"https:\/\/futbolhoy.co\/?s={search_term_string}\"},\"query-input\":{\"@type\":\"PropertyValueSpecification\",\"valueRequired\":true,\"valueName\":\"search_term_string\"}}],\"inLanguage\":\"es\"},{\"@type\":\"Organization\",\"@id\":\"https:\/\/futbolhoy.co\/#organization\",\"name\":\"Futbolhoy.co\",\"url\":\"https:\/\/futbolhoy.co\/\",\"logo\":{\"@type\":\"ImageObject\",\"inLanguage\":\"es\",\"@id\":\"https:\/\/futbolhoy.co\/#\/schema\/logo\/image\/\",\"url\":\"https:\/\/futbolhoy.co\/wp-content\/uploads\/2018\/08\/17426380_1906371736249227_6326180412931521141_n.jpg\",\"contentUrl\":\"https:\/\/futbolhoy.co\/wp-content\/uploads\/2018\/08\/17426380_1906371736249227_6326180412931521141_n.jpg\",\"width\":960,\"height\":960,\"caption\":\"Futbolhoy.co\"},\"image\":{\"@id\":\"https:\/\/futbolhoy.co\/#\/schema\/logo\/image\/\"},\"sameAs\":[\"https:\/\/www.facebook.com\/FutbolHoyCol\/\",\"https:\/\/x.com\/FutbolHoyCol\",\"https:\/\/www.instagram.com\/futbolhoycol\/\"]},{\"@type\":\"Person\",\"@id\":\"https:\/\/futbolhoy.co\/#\/schema\/person\/1721b69355b6623eaff15ac7b92d4cc3\",\"name\":\"contenido\",\"image\":{\"@type\":\"ImageObject\",\"inLanguage\":\"es\",\"@id\":\"https:\/\/futbolhoy.co\/#\/schema\/person\/image\/\",\"url\":\"https:\/\/secure.gravatar.com\/avatar\/4f656d3256f5134f466206e7c3941518?s=96&d=mm&r=g\",\"contentUrl\":\"https:\/\/secure.gravatar.com\/avatar\/4f656d3256f5134f466206e7c3941518?s=96&d=mm&r=g\",\"caption\":\"contenido\"}}]}<\/script>\n<!-- \/ Yoast SEO plugin. -->","yoast_head_json":{"title":"'Cucho' Hern\u00e1ndez, gol y asistencia en goleada del Betis -","robots":{"index":"index","follow":"follow","max-snippet":"max-snippet:-1","max-image-preview":"max-image-preview:large","max-video-preview":"max-video-preview:-1"},"canonical":"https:\/\/futbolhoy.co\/index.php\/2025\/04\/24\/cucho-hernandez-gol-y-asistencia-en-goleada-del-betis\/","og_locale":"es_ES","og_type":"article","og_title":"'Cucho' Hern\u00e1ndez, gol y asistencia en goleada del Betis -","og_description":"El colombiano Juan Camilo Hern\u00e1ndez fue una de las grandes figuras del Real Betis en la paliza 5-1 sobre el Real Valladolid, por la fecha 33 de LaLiga de Espa\u00f1a. El Cucho anot\u00f3 un gol y dio una asistencia. Hern\u00e1ndez convirti\u00f3 el 2-1 parcial de su equipo a los 64 minutos con un buen tanto [&hellip;]","og_url":"https:\/\/futbolhoy.co\/index.php\/2025\/04\/24\/cucho-hernandez-gol-y-asistencia-en-goleada-del-betis\/","article_publisher":"https:\/\/www.facebook.com\/FutbolHoyCol\/","article_published_time":"2025-04-25T00:32:38+00:00","article_modified_time":"2025-04-26T21:29:18+00:00","og_image":[{"width":1003,"height":850,"url":"https:\/\/futbolhoy.co\/wp-content\/uploads\/2025\/04\/Cucho.png","type":"image\/png"}],"author":"contenido","twitter_card":"summary_large_image","twitter_creator":"@FutbolHoyCol","twitter_site":"@FutbolHoyCol","twitter_misc":{"Escrito por":"contenido","Tiempo de lectura":"1 minuto"},"schema":{"@context":"https:\/\/schema.org","@graph":[{"@type":"Article","@id":"https:\/\/futbolhoy.co\/index.php\/2025\/04\/24\/cucho-hernandez-gol-y-asistencia-en-goleada-del-betis\/#article","isPartOf":{"@id":"https:\/\/futbolhoy.co\/index.php\/2025\/04\/24\/cucho-hernandez-gol-y-asistencia-en-goleada-del-betis\/"},"author":{"name":"contenido","@id":"https:\/\/futbolhoy.co\/#\/schema\/person\/1721b69355b6623eaff15ac7b92d4cc3"},"headline":"'Cucho' Hern\u00e1ndez, gol y asistencia en goleada del Betis","datePublished":"2025-04-25T00:32:38+00:00","dateModified":"2025-04-26T21:29:18+00:00","mainEntityOfPage":{"@id":"https:\/\/futbolhoy.co\/index.php\/2025\/04\/24\/cucho-hernandez-gol-y-asistencia-en-goleada-del-betis\/"},"wordCount":216,"commentCount":0,"publisher":{"@id":"https:\/\/futbolhoy.co\/#organization"},"image":{"@id":"https:\/\/futbolhoy.co\/index.php\/2025\/04\/24\/cucho-hernandez-gol-y-asistencia-en-goleada-del-betis\/#primaryimage"},"thumbnailUrl":"https:\/\/futbolhoy.co\/wp-content\/uploads\/2025\/04\/Cucho.png","articleSection":["Mundo Futbol"],"inLanguage":"es","potentialAction":[{"@type":"CommentAction","name":"Comment","target":["https:\/\/futbolhoy.co\/index.php\/2025\/04\/24\/cucho-hernandez-gol-y-asistencia-en-goleada-del-betis\/#respond"]}]},{"@type":"WebPage","@id":"https:\/\/futbolhoy.co\/index.php\/2025\/04\/24\/cucho-hernandez-gol-y-asistencia-en-goleada-del-betis\/","url":"https:\/\/futbolhoy.co\/index.php\/2025\/04\/24\/cucho-hernandez-gol-y-asistencia-en-goleada-del-betis\/","name":"'Cucho' Hern\u00e1ndez, gol y asistencia en goleada del Betis -","isPartOf":{"@id":"https:\/\/futbolhoy.co\/#website"},"primaryImageOfPage":{"@id":"https:\/\/futbolhoy.co\/index.php\/2025\/04\/24\/cucho-hernandez-gol-y-asistencia-en-goleada-del-betis\/#primaryimage"},"image":{"@id":"https:\/\/futbolhoy.co\/index.php\/2025\/04\/24\/cucho-hernandez-gol-y-asistencia-en-goleada-del-betis\/#primaryimage"},"thumbnailUrl":"https:\/\/futbolhoy.co\/wp-content\/uploads\/2025\/04\/Cucho.png","datePublished":"2025-04-25T00:32:38+00:00","dateModified":"2025-04-26T21:29:18+00:00","breadcrumb":{"@id":"https:\/\/futbolhoy.co\/index.php\/2025\/04\/24\/cucho-hernandez-gol-y-asistencia-en-goleada-del-betis\/#breadcrumb"},"inLanguage":"es","potentialAction":[{"@type":"ReadAction","target":["https:\/\/futbolhoy.co\/index.php\/2025\/04\/24\/cucho-hernandez-gol-y-asistencia-en-goleada-del-betis\/"]}]},{"@type":"ImageObject","inLanguage":"es","@id":"https:\/\/futbolhoy.co\/index.php\/2025\/04\/24\/cucho-hernandez-gol-y-asistencia-en-goleada-del-betis\/#primaryimage","url":"https:\/\/futbolhoy.co\/wp-content\/uploads\/2025\/04\/Cucho.png","contentUrl":"https:\/\/futbolhoy.co\/wp-content\/uploads\/2025\/04\/Cucho.png","width":1003,"height":850},{"@type":"BreadcrumbList","@id":"https:\/\/futbolhoy.co\/index.php\/2025\/04\/24\/cucho-hernandez-gol-y-asistencia-en-goleada-del-betis\/#breadcrumb","itemListElement":[{"@type":"ListItem","position":1,"name":"Portada","item":"https:\/\/futbolhoy.co\/"},{"@type":"ListItem","position":2,"name":"'Cucho' Hern\u00e1ndez, gol y asistencia en goleada del Betis"}]},{"@type":"WebSite","@id":"https:\/\/futbolhoy.co\/#website","url":"https:\/\/futbolhoy.co\/","name":"FutbolHoy","description":"","publisher":{"@id":"https:\/\/futbolhoy.co\/#organization"},"potentialAction":[{"@type":"SearchAction","target":{"@type":"EntryPoint","urlTemplate":"https:\/\/futbolhoy.co\/?s={search_term_string}"},"query-input":{"@type":"PropertyValueSpecification","valueRequired":true,"valueName":"search_term_string"}}],"inLanguage":"es"},{"@type":"Organization","@id":"https:\/\/futbolhoy.co\/#organization","name":"Futbolhoy.co","url":"https:\/\/futbolhoy.co\/","logo":{"@type":"ImageObject","inLanguage":"es","@id":"https:\/\/futbolhoy.co\/#\/schema\/logo\/image\/","url":"https:\/\/futbolhoy.co\/wp-content\/uploads\/2018\/08\/17426380_1906371736249227_6326180412931521141_n.jpg","contentUrl":"https:\/\/futbolhoy.co\/wp-content\/uploads\/2018\/08\/17426380_1906371736249227_6326180412931521141_n.jpg","width":960,"height":960,"caption":"Futbolhoy.co"},"image":{"@id":"https:\/\/futbolhoy.co\/#\/schema\/logo\/image\/"},"sameAs":["https:\/\/www.facebook.com\/FutbolHoyCol\/","https:\/\/x.com\/FutbolHoyCol","https:\/\/www.instagram.com\/futbolhoycol\/"]},{"@type":"Person","@id":"https:\/\/futbolhoy.co\/#\/schema\/person\/1721b69355b6623eaff15ac7b92d4cc3","name":"contenido","image":{"@type":"ImageObject","inLanguage":"es","@id":"https:\/\/futbolhoy.co\/#\/schema\/person\/image\/","url":"https:\/\/secure.gravatar.com\/avatar\/4f656d3256f5134f466206e7c3941518?s=96&d=mm&r=g","contentUrl":"https:\/\/secure.gravatar.com\/avatar\/4f656d3256f5134f466206e7c3941518?s=96&d=mm&r=g","caption":"contenido"}}]}},"publishpress_future_action":{"enabled":false,"date":"2026-05-06 03:41:26","action":"change-status","newStatus":"draft","terms":[],"taxonomy":"category","extraData":[]},"publishpress_future_workflow_manual_trigger":{"enabledWorkflows":[]},"_links":{"self":[{"href":"https:\/\/futbolhoy.co\/index.php\/wp-json\/wp\/v2\/posts\/118786","targetHints":{"allow":["GET"]}}],"collection":[{"href":"https:\/\/futbolhoy.co\/index.php\/wp-json\/wp\/v2\/posts"}],"about":[{"href":"https:\/\/futbolhoy.co\/index.php\/wp-json\/wp\/v2\/types\/post"}],"author":[{"embeddable":true,"href":"https:\/\/futbolhoy.co\/index.php\/wp-json\/wp\/v2\/users\/4"}],"replies":[{"embeddable":true,"href":"https:\/\/futbolhoy.co\/index.php\/wp-json\/wp\/v2\/comments?post=118786"}],"version-history":[{"count":1,"href":"https:\/\/futbolhoy.co\/index.php\/wp-json\/wp\/v2\/posts\/118786\/revisions"}],"predecessor-version":[{"id":118788,"href":"https:\/\/futbolhoy.co\/index.php\/wp-json\/wp\/v2\/posts\/118786\/revisions\/118788"}],"wp:featuredmedia":[{"embeddable":true,"href":"https:\/\/futbolhoy.co\/index.php\/wp-json\/wp\/v2\/media\/118787"}],"wp:attachment":[{"href":"https:\/\/futbolhoy.co\/index.php\/wp-json\/wp\/v2\/media?parent=118786"}],"wp:term":[{"taxonomy":"category","embeddable":true,"href":"https:\/\/futbolhoy.co\/index.php\/wp-json\/wp\/v2\/categories?post=118786"},{"taxonomy":"post_tag","embeddable":true,"href":"https:\/\/futbolhoy.co\/index.php\/wp-json\/wp\/v2\/tags?post=118786"}],"curies":[{"name":"wp","href":"https:\/\/api.w.org\/{rel}","templated":true}]}}