{"id":118789,"date":"2025-04-24T21:19:35","date_gmt":"2025-04-25T02:19:35","guid":{"rendered":"https:\/\/futbolhoy.co\/?p=118789"},"modified":"2025-04-26T07:52:31","modified_gmt":"2025-04-26T12:52:31","slug":"nacional-vuelve-a-caer-en-brasil-y-enciende-las-alarmas-en-libertadores","status":"publish","type":"post","link":"https:\/\/futbolhoy.co\/index.php\/2025\/04\/24\/nacional-vuelve-a-caer-en-brasil-y-enciende-las-alarmas-en-libertadores\/","title":{"rendered":"Nacional vuelve a caer en Brasil y enciende las alarmas en Libertadores"},"content":{"rendered":"<p style=\"text-align: justify;\"><span style=\"font-family: helvetica, arial, sans-serif;\"><strong>Atl\u00e9tico Nacional<\/strong> sum\u00f3 su segunda ca\u00edda en el <strong>Grupo F<\/strong> de la <strong>Copa Libertadores.<\/strong> El equipo antioque\u00f1o cay\u00f3 1-0 ante <strong>Bah\u00eda,<\/strong> en la tercera fecha de la fase de grupos del certamen continental.<\/span><\/p>\n<p style=\"text-align: justify;\"><span style=\"font-family: helvetica, arial, sans-serif;\">El \u00fanico gol del partido para el conjunto brasile\u00f1o lo convirti\u00f3 <strong>Willian Jose<\/strong> a los 72 minutos, luego de una gran acci\u00f3n colectiva que defini\u00f3 con un remate de volea en el \u00e1rea, dejando sin opciones a<strong> David Ospina.<\/strong><\/span><\/p>\n<p style=\"text-align: justify;\"><span style=\"font-family: helvetica, arial, sans-serif;\">En el cierre del partido se present\u00f3 una acci\u00f3n pol\u00e9mica que hubiera cambiado la suerte de los antioque\u00f1os, un gol de cabeza de <strong>Dairon Asprilla<\/strong> que el \u00e1rbitro paraguayo <strong>Mario D\u00edaz<\/strong> invalid\u00f3, por una aparente falta previa. Asprilla tuvo un contacto con un defensor, el cual consider\u00f3 el juez que lo desestabiliz\u00f3.<\/span><\/p>\n<p style=\"text-align: justify;\"><span style=\"font-family: helvetica, arial, sans-serif;\">Con este resultado, Bah\u00eda comanda el <strong>Grupo F<\/strong> de la Libertadores con 7 puntos, seguido de <strong>Internacional<\/strong> con 5 unidades; <strong>Nacional,<\/strong> por su parte, es tercero con 3; mientras que <strong>Nacional de Montevideo<\/strong> es \u00faltimo con un solo punto.<\/span><\/p>\n<p style=\"text-align: justify;\"><span style=\"font-family: helvetica, arial, sans-serif;\">Los antioque\u00f1os estar\u00e1n recibiendo a Internacional de Porto Alegre el pr\u00f3ximo jueves 8 de mayo, juego que se llevar\u00e1 a cabo en el estadio <strong>Atanasio Girardot <\/strong>a partir de las 7:30PM.<\/span><\/p>\n","protected":false},"excerpt":{"rendered":"<p>Atl\u00e9tico Nacional sum\u00f3 su segunda ca\u00edda en el Grupo F de la Copa Libertadores. El equipo antioque\u00f1o cay\u00f3 1-0 ante Bah\u00eda, en la tercera fecha de la fase de grupos del certamen continental. El \u00fanico gol del partido para el conjunto brasile\u00f1o lo convirti\u00f3 Willian Jose a los 72 minutos, luego de una gran acci\u00f3n [&hellip;]<\/p>\n","protected":false},"author":4,"featured_media":118790,"comment_status":"open","ping_status":"open","sticky":false,"template":"","format":"standard","meta":{"_acf_changed":false,"footnotes":""},"categories":[653],"tags":[],"class_list":{"0":"post-118789","1":"post","2":"type-post","3":"status-publish","4":"format-standard","5":"has-post-thumbnail","7":"category-copa-libertadores"},"acf":[],"yoast_head":"<!-- This site is optimized with the Yoast SEO plugin v26.8 - https:\/\/yoast.com\/product\/yoast-seo-wordpress\/ -->\n<title>Nacional vuelve a caer en Brasil y enciende las alarmas en Libertadores -<\/title>\n<meta name=\"robots\" content=\"index, follow, max-snippet:-1, max-image-preview:large, max-video-preview:-1\" \/>\n<link rel=\"canonical\" href=\"https:\/\/futbolhoy.co\/index.php\/2025\/04\/24\/nacional-vuelve-a-caer-en-brasil-y-enciende-las-alarmas-en-libertadores\/\" \/>\n<meta property=\"og:locale\" content=\"es_ES\" \/>\n<meta property=\"og:type\" content=\"article\" \/>\n<meta property=\"og:title\" content=\"Nacional vuelve a caer en Brasil y enciende las alarmas en Libertadores -\" \/>\n<meta property=\"og:description\" content=\"Atl\u00e9tico Nacional sum\u00f3 su segunda ca\u00edda en el Grupo F de la Copa Libertadores. El equipo antioque\u00f1o cay\u00f3 1-0 ante Bah\u00eda, en la tercera fecha de la fase de grupos del certamen continental. El \u00fanico gol del partido para el conjunto brasile\u00f1o lo convirti\u00f3 Willian Jose a los 72 minutos, luego de una gran acci\u00f3n [&hellip;]\" \/>\n<meta property=\"og:url\" content=\"https:\/\/futbolhoy.co\/index.php\/2025\/04\/24\/nacional-vuelve-a-caer-en-brasil-y-enciende-las-alarmas-en-libertadores\/\" \/>\n<meta property=\"article:publisher\" content=\"https:\/\/www.facebook.com\/FutbolHoyCol\/\" \/>\n<meta property=\"article:published_time\" content=\"2025-04-25T02:19:35+00:00\" \/>\n<meta property=\"article:modified_time\" content=\"2025-04-26T12:52:31+00:00\" \/>\n<meta property=\"og:image\" content=\"https:\/\/futbolhoy.co\/wp-content\/uploads\/2025\/04\/nACIONAL-Bahia.png\" \/>\n\t<meta property=\"og:image:width\" content=\"964\" \/>\n\t<meta property=\"og:image:height\" content=\"808\" \/>\n\t<meta property=\"og:image:type\" content=\"image\/png\" \/>\n<meta name=\"author\" content=\"contenido\" \/>\n<meta name=\"twitter:card\" content=\"summary_large_image\" \/>\n<meta name=\"twitter:creator\" content=\"@FutbolHoyCol\" \/>\n<meta name=\"twitter:site\" content=\"@FutbolHoyCol\" \/>\n<meta name=\"twitter:label1\" content=\"Escrito por\" \/>\n\t<meta name=\"twitter:data1\" content=\"contenido\" \/>\n\t<meta name=\"twitter:label2\" content=\"Tiempo de lectura\" \/>\n\t<meta name=\"twitter:data2\" content=\"1 minuto\" \/>\n<script type=\"application\/ld+json\" class=\"yoast-schema-graph\">{\"@context\":\"https:\/\/schema.org\",\"@graph\":[{\"@type\":\"Article\",\"@id\":\"https:\/\/futbolhoy.co\/index.php\/2025\/04\/24\/nacional-vuelve-a-caer-en-brasil-y-enciende-las-alarmas-en-libertadores\/#article\",\"isPartOf\":{\"@id\":\"https:\/\/futbolhoy.co\/index.php\/2025\/04\/24\/nacional-vuelve-a-caer-en-brasil-y-enciende-las-alarmas-en-libertadores\/\"},\"author\":{\"name\":\"contenido\",\"@id\":\"https:\/\/futbolhoy.co\/#\/schema\/person\/1721b69355b6623eaff15ac7b92d4cc3\"},\"headline\":\"Nacional vuelve a caer en Brasil y enciende las alarmas en Libertadores\",\"datePublished\":\"2025-04-25T02:19:35+00:00\",\"dateModified\":\"2025-04-26T12:52:31+00:00\",\"mainEntityOfPage\":{\"@id\":\"https:\/\/futbolhoy.co\/index.php\/2025\/04\/24\/nacional-vuelve-a-caer-en-brasil-y-enciende-las-alarmas-en-libertadores\/\"},\"wordCount\":215,\"commentCount\":0,\"publisher\":{\"@id\":\"https:\/\/futbolhoy.co\/#organization\"},\"image\":{\"@id\":\"https:\/\/futbolhoy.co\/index.php\/2025\/04\/24\/nacional-vuelve-a-caer-en-brasil-y-enciende-las-alarmas-en-libertadores\/#primaryimage\"},\"thumbnailUrl\":\"https:\/\/futbolhoy.co\/wp-content\/uploads\/2025\/04\/nACIONAL-Bahia.png\",\"articleSection\":[\"Libertadores\"],\"inLanguage\":\"es\",\"potentialAction\":[{\"@type\":\"CommentAction\",\"name\":\"Comment\",\"target\":[\"https:\/\/futbolhoy.co\/index.php\/2025\/04\/24\/nacional-vuelve-a-caer-en-brasil-y-enciende-las-alarmas-en-libertadores\/#respond\"]}]},{\"@type\":\"WebPage\",\"@id\":\"https:\/\/futbolhoy.co\/index.php\/2025\/04\/24\/nacional-vuelve-a-caer-en-brasil-y-enciende-las-alarmas-en-libertadores\/\",\"url\":\"https:\/\/futbolhoy.co\/index.php\/2025\/04\/24\/nacional-vuelve-a-caer-en-brasil-y-enciende-las-alarmas-en-libertadores\/\",\"name\":\"Nacional vuelve a caer en Brasil y enciende las alarmas en Libertadores -\",\"isPartOf\":{\"@id\":\"https:\/\/futbolhoy.co\/#website\"},\"primaryImageOfPage\":{\"@id\":\"https:\/\/futbolhoy.co\/index.php\/2025\/04\/24\/nacional-vuelve-a-caer-en-brasil-y-enciende-las-alarmas-en-libertadores\/#primaryimage\"},\"image\":{\"@id\":\"https:\/\/futbolhoy.co\/index.php\/2025\/04\/24\/nacional-vuelve-a-caer-en-brasil-y-enciende-las-alarmas-en-libertadores\/#primaryimage\"},\"thumbnailUrl\":\"https:\/\/futbolhoy.co\/wp-content\/uploads\/2025\/04\/nACIONAL-Bahia.png\",\"datePublished\":\"2025-04-25T02:19:35+00:00\",\"dateModified\":\"2025-04-26T12:52:31+00:00\",\"breadcrumb\":{\"@id\":\"https:\/\/futbolhoy.co\/index.php\/2025\/04\/24\/nacional-vuelve-a-caer-en-brasil-y-enciende-las-alarmas-en-libertadores\/#breadcrumb\"},\"inLanguage\":\"es\",\"potentialAction\":[{\"@type\":\"ReadAction\",\"target\":[\"https:\/\/futbolhoy.co\/index.php\/2025\/04\/24\/nacional-vuelve-a-caer-en-brasil-y-enciende-las-alarmas-en-libertadores\/\"]}]},{\"@type\":\"ImageObject\",\"inLanguage\":\"es\",\"@id\":\"https:\/\/futbolhoy.co\/index.php\/2025\/04\/24\/nacional-vuelve-a-caer-en-brasil-y-enciende-las-alarmas-en-libertadores\/#primaryimage\",\"url\":\"https:\/\/futbolhoy.co\/wp-content\/uploads\/2025\/04\/nACIONAL-Bahia.png\",\"contentUrl\":\"https:\/\/futbolhoy.co\/wp-content\/uploads\/2025\/04\/nACIONAL-Bahia.png\",\"width\":964,\"height\":808},{\"@type\":\"BreadcrumbList\",\"@id\":\"https:\/\/futbolhoy.co\/index.php\/2025\/04\/24\/nacional-vuelve-a-caer-en-brasil-y-enciende-las-alarmas-en-libertadores\/#breadcrumb\",\"itemListElement\":[{\"@type\":\"ListItem\",\"position\":1,\"name\":\"Portada\",\"item\":\"https:\/\/futbolhoy.co\/\"},{\"@type\":\"ListItem\",\"position\":2,\"name\":\"Nacional vuelve a caer en Brasil y enciende las alarmas en Libertadores\"}]},{\"@type\":\"WebSite\",\"@id\":\"https:\/\/futbolhoy.co\/#website\",\"url\":\"https:\/\/futbolhoy.co\/\",\"name\":\"FutbolHoy\",\"description\":\"\",\"publisher\":{\"@id\":\"https:\/\/futbolhoy.co\/#organization\"},\"potentialAction\":[{\"@type\":\"SearchAction\",\"target\":{\"@type\":\"EntryPoint\",\"urlTemplate\":\"https:\/\/futbolhoy.co\/?s={search_term_string}\"},\"query-input\":{\"@type\":\"PropertyValueSpecification\",\"valueRequired\":true,\"valueName\":\"search_term_string\"}}],\"inLanguage\":\"es\"},{\"@type\":\"Organization\",\"@id\":\"https:\/\/futbolhoy.co\/#organization\",\"name\":\"Futbolhoy.co\",\"url\":\"https:\/\/futbolhoy.co\/\",\"logo\":{\"@type\":\"ImageObject\",\"inLanguage\":\"es\",\"@id\":\"https:\/\/futbolhoy.co\/#\/schema\/logo\/image\/\",\"url\":\"https:\/\/futbolhoy.co\/wp-content\/uploads\/2018\/08\/17426380_1906371736249227_6326180412931521141_n.jpg\",\"contentUrl\":\"https:\/\/futbolhoy.co\/wp-content\/uploads\/2018\/08\/17426380_1906371736249227_6326180412931521141_n.jpg\",\"width\":960,\"height\":960,\"caption\":\"Futbolhoy.co\"},\"image\":{\"@id\":\"https:\/\/futbolhoy.co\/#\/schema\/logo\/image\/\"},\"sameAs\":[\"https:\/\/www.facebook.com\/FutbolHoyCol\/\",\"https:\/\/x.com\/FutbolHoyCol\",\"https:\/\/www.instagram.com\/futbolhoycol\/\"]},{\"@type\":\"Person\",\"@id\":\"https:\/\/futbolhoy.co\/#\/schema\/person\/1721b69355b6623eaff15ac7b92d4cc3\",\"name\":\"contenido\",\"image\":{\"@type\":\"ImageObject\",\"inLanguage\":\"es\",\"@id\":\"https:\/\/futbolhoy.co\/#\/schema\/person\/image\/\",\"url\":\"https:\/\/secure.gravatar.com\/avatar\/4f656d3256f5134f466206e7c3941518?s=96&d=mm&r=g\",\"contentUrl\":\"https:\/\/secure.gravatar.com\/avatar\/4f656d3256f5134f466206e7c3941518?s=96&d=mm&r=g\",\"caption\":\"contenido\"}}]}<\/script>\n<!-- \/ Yoast SEO plugin. -->","yoast_head_json":{"title":"Nacional vuelve a caer en Brasil y enciende las alarmas en Libertadores -","robots":{"index":"index","follow":"follow","max-snippet":"max-snippet:-1","max-image-preview":"max-image-preview:large","max-video-preview":"max-video-preview:-1"},"canonical":"https:\/\/futbolhoy.co\/index.php\/2025\/04\/24\/nacional-vuelve-a-caer-en-brasil-y-enciende-las-alarmas-en-libertadores\/","og_locale":"es_ES","og_type":"article","og_title":"Nacional vuelve a caer en Brasil y enciende las alarmas en Libertadores -","og_description":"Atl\u00e9tico Nacional sum\u00f3 su segunda ca\u00edda en el Grupo F de la Copa Libertadores. El equipo antioque\u00f1o cay\u00f3 1-0 ante Bah\u00eda, en la tercera fecha de la fase de grupos del certamen continental. El \u00fanico gol del partido para el conjunto brasile\u00f1o lo convirti\u00f3 Willian Jose a los 72 minutos, luego de una gran acci\u00f3n [&hellip;]","og_url":"https:\/\/futbolhoy.co\/index.php\/2025\/04\/24\/nacional-vuelve-a-caer-en-brasil-y-enciende-las-alarmas-en-libertadores\/","article_publisher":"https:\/\/www.facebook.com\/FutbolHoyCol\/","article_published_time":"2025-04-25T02:19:35+00:00","article_modified_time":"2025-04-26T12:52:31+00:00","og_image":[{"width":964,"height":808,"url":"https:\/\/futbolhoy.co\/wp-content\/uploads\/2025\/04\/nACIONAL-Bahia.png","type":"image\/png"}],"author":"contenido","twitter_card":"summary_large_image","twitter_creator":"@FutbolHoyCol","twitter_site":"@FutbolHoyCol","twitter_misc":{"Escrito por":"contenido","Tiempo de lectura":"1 minuto"},"schema":{"@context":"https:\/\/schema.org","@graph":[{"@type":"Article","@id":"https:\/\/futbolhoy.co\/index.php\/2025\/04\/24\/nacional-vuelve-a-caer-en-brasil-y-enciende-las-alarmas-en-libertadores\/#article","isPartOf":{"@id":"https:\/\/futbolhoy.co\/index.php\/2025\/04\/24\/nacional-vuelve-a-caer-en-brasil-y-enciende-las-alarmas-en-libertadores\/"},"author":{"name":"contenido","@id":"https:\/\/futbolhoy.co\/#\/schema\/person\/1721b69355b6623eaff15ac7b92d4cc3"},"headline":"Nacional vuelve a caer en Brasil y enciende las alarmas en Libertadores","datePublished":"2025-04-25T02:19:35+00:00","dateModified":"2025-04-26T12:52:31+00:00","mainEntityOfPage":{"@id":"https:\/\/futbolhoy.co\/index.php\/2025\/04\/24\/nacional-vuelve-a-caer-en-brasil-y-enciende-las-alarmas-en-libertadores\/"},"wordCount":215,"commentCount":0,"publisher":{"@id":"https:\/\/futbolhoy.co\/#organization"},"image":{"@id":"https:\/\/futbolhoy.co\/index.php\/2025\/04\/24\/nacional-vuelve-a-caer-en-brasil-y-enciende-las-alarmas-en-libertadores\/#primaryimage"},"thumbnailUrl":"https:\/\/futbolhoy.co\/wp-content\/uploads\/2025\/04\/nACIONAL-Bahia.png","articleSection":["Libertadores"],"inLanguage":"es","potentialAction":[{"@type":"CommentAction","name":"Comment","target":["https:\/\/futbolhoy.co\/index.php\/2025\/04\/24\/nacional-vuelve-a-caer-en-brasil-y-enciende-las-alarmas-en-libertadores\/#respond"]}]},{"@type":"WebPage","@id":"https:\/\/futbolhoy.co\/index.php\/2025\/04\/24\/nacional-vuelve-a-caer-en-brasil-y-enciende-las-alarmas-en-libertadores\/","url":"https:\/\/futbolhoy.co\/index.php\/2025\/04\/24\/nacional-vuelve-a-caer-en-brasil-y-enciende-las-alarmas-en-libertadores\/","name":"Nacional vuelve a caer en Brasil y enciende las alarmas en Libertadores -","isPartOf":{"@id":"https:\/\/futbolhoy.co\/#website"},"primaryImageOfPage":{"@id":"https:\/\/futbolhoy.co\/index.php\/2025\/04\/24\/nacional-vuelve-a-caer-en-brasil-y-enciende-las-alarmas-en-libertadores\/#primaryimage"},"image":{"@id":"https:\/\/futbolhoy.co\/index.php\/2025\/04\/24\/nacional-vuelve-a-caer-en-brasil-y-enciende-las-alarmas-en-libertadores\/#primaryimage"},"thumbnailUrl":"https:\/\/futbolhoy.co\/wp-content\/uploads\/2025\/04\/nACIONAL-Bahia.png","datePublished":"2025-04-25T02:19:35+00:00","dateModified":"2025-04-26T12:52:31+00:00","breadcrumb":{"@id":"https:\/\/futbolhoy.co\/index.php\/2025\/04\/24\/nacional-vuelve-a-caer-en-brasil-y-enciende-las-alarmas-en-libertadores\/#breadcrumb"},"inLanguage":"es","potentialAction":[{"@type":"ReadAction","target":["https:\/\/futbolhoy.co\/index.php\/2025\/04\/24\/nacional-vuelve-a-caer-en-brasil-y-enciende-las-alarmas-en-libertadores\/"]}]},{"@type":"ImageObject","inLanguage":"es","@id":"https:\/\/futbolhoy.co\/index.php\/2025\/04\/24\/nacional-vuelve-a-caer-en-brasil-y-enciende-las-alarmas-en-libertadores\/#primaryimage","url":"https:\/\/futbolhoy.co\/wp-content\/uploads\/2025\/04\/nACIONAL-Bahia.png","contentUrl":"https:\/\/futbolhoy.co\/wp-content\/uploads\/2025\/04\/nACIONAL-Bahia.png","width":964,"height":808},{"@type":"BreadcrumbList","@id":"https:\/\/futbolhoy.co\/index.php\/2025\/04\/24\/nacional-vuelve-a-caer-en-brasil-y-enciende-las-alarmas-en-libertadores\/#breadcrumb","itemListElement":[{"@type":"ListItem","position":1,"name":"Portada","item":"https:\/\/futbolhoy.co\/"},{"@type":"ListItem","position":2,"name":"Nacional vuelve a caer en Brasil y enciende las alarmas en Libertadores"}]},{"@type":"WebSite","@id":"https:\/\/futbolhoy.co\/#website","url":"https:\/\/futbolhoy.co\/","name":"FutbolHoy","description":"","publisher":{"@id":"https:\/\/futbolhoy.co\/#organization"},"potentialAction":[{"@type":"SearchAction","target":{"@type":"EntryPoint","urlTemplate":"https:\/\/futbolhoy.co\/?s={search_term_string}"},"query-input":{"@type":"PropertyValueSpecification","valueRequired":true,"valueName":"search_term_string"}}],"inLanguage":"es"},{"@type":"Organization","@id":"https:\/\/futbolhoy.co\/#organization","name":"Futbolhoy.co","url":"https:\/\/futbolhoy.co\/","logo":{"@type":"ImageObject","inLanguage":"es","@id":"https:\/\/futbolhoy.co\/#\/schema\/logo\/image\/","url":"https:\/\/futbolhoy.co\/wp-content\/uploads\/2018\/08\/17426380_1906371736249227_6326180412931521141_n.jpg","contentUrl":"https:\/\/futbolhoy.co\/wp-content\/uploads\/2018\/08\/17426380_1906371736249227_6326180412931521141_n.jpg","width":960,"height":960,"caption":"Futbolhoy.co"},"image":{"@id":"https:\/\/futbolhoy.co\/#\/schema\/logo\/image\/"},"sameAs":["https:\/\/www.facebook.com\/FutbolHoyCol\/","https:\/\/x.com\/FutbolHoyCol","https:\/\/www.instagram.com\/futbolhoycol\/"]},{"@type":"Person","@id":"https:\/\/futbolhoy.co\/#\/schema\/person\/1721b69355b6623eaff15ac7b92d4cc3","name":"contenido","image":{"@type":"ImageObject","inLanguage":"es","@id":"https:\/\/futbolhoy.co\/#\/schema\/person\/image\/","url":"https:\/\/secure.gravatar.com\/avatar\/4f656d3256f5134f466206e7c3941518?s=96&d=mm&r=g","contentUrl":"https:\/\/secure.gravatar.com\/avatar\/4f656d3256f5134f466206e7c3941518?s=96&d=mm&r=g","caption":"contenido"}}]}},"publishpress_future_action":{"enabled":false,"date":"2026-05-06 04:28:05","action":"change-status","newStatus":"draft","terms":[],"taxonomy":"category","extraData":[]},"publishpress_future_workflow_manual_trigger":{"enabledWorkflows":[]},"_links":{"self":[{"href":"https:\/\/futbolhoy.co\/index.php\/wp-json\/wp\/v2\/posts\/118789","targetHints":{"allow":["GET"]}}],"collection":[{"href":"https:\/\/futbolhoy.co\/index.php\/wp-json\/wp\/v2\/posts"}],"about":[{"href":"https:\/\/futbolhoy.co\/index.php\/wp-json\/wp\/v2\/types\/post"}],"author":[{"embeddable":true,"href":"https:\/\/futbolhoy.co\/index.php\/wp-json\/wp\/v2\/users\/4"}],"replies":[{"embeddable":true,"href":"https:\/\/futbolhoy.co\/index.php\/wp-json\/wp\/v2\/comments?post=118789"}],"version-history":[{"count":1,"href":"https:\/\/futbolhoy.co\/index.php\/wp-json\/wp\/v2\/posts\/118789\/revisions"}],"predecessor-version":[{"id":118791,"href":"https:\/\/futbolhoy.co\/index.php\/wp-json\/wp\/v2\/posts\/118789\/revisions\/118791"}],"wp:featuredmedia":[{"embeddable":true,"href":"https:\/\/futbolhoy.co\/index.php\/wp-json\/wp\/v2\/media\/118790"}],"wp:attachment":[{"href":"https:\/\/futbolhoy.co\/index.php\/wp-json\/wp\/v2\/media?parent=118789"}],"wp:term":[{"taxonomy":"category","embeddable":true,"href":"https:\/\/futbolhoy.co\/index.php\/wp-json\/wp\/v2\/categories?post=118789"},{"taxonomy":"post_tag","embeddable":true,"href":"https:\/\/futbolhoy.co\/index.php\/wp-json\/wp\/v2\/tags?post=118789"}],"curies":[{"name":"wp","href":"https:\/\/api.w.org\/{rel}","templated":true}]}}