{"id":118793,"date":"2025-04-25T09:49:38","date_gmt":"2025-04-25T14:49:38","guid":{"rendered":"https:\/\/futbolhoy.co\/?p=118793"},"modified":"2025-04-26T18:19:56","modified_gmt":"2025-04-26T23:19:56","slug":"arbitro-de-barcelona-real-madrid-dio-duras-declaraciones","status":"publish","type":"post","link":"https:\/\/futbolhoy.co\/index.php\/2025\/04\/25\/arbitro-de-barcelona-real-madrid-dio-duras-declaraciones\/","title":{"rendered":"\u00c1rbitro de Barcelona - Real Madrid dio duras declaraciones"},"content":{"rendered":"<p style=\"text-align: justify;\"><span style=\"font-family: helvetica, arial, sans-serif;\">El \u00e1rbitro vasco <strong>Ricardo De Burgos Bengoechea,<\/strong> que dirigir\u00e1 el s\u00e1bado la final de la <strong>Copa del Rey<\/strong> espa\u00f1ola entre el Barcelona y el Real Madrid, lament\u00f3 este viernes entre l\u00e1grimas \"la repercusi\u00f3n de los v\u00eddeos de Real Madrid Televisi\u00f3n\" contra su estamento, ya que \"los hijos de los compa\u00f1eros oyen decir en el colegio que su padre es un ladr\u00f3n\".<\/span><\/p>\n<p style=\"text-align: justify;\"><span style=\"font-family: helvetica, arial, sans-serif;\">Con los ojos entre l\u00e1grimas, De Burgos admiti\u00f3 en la rueda de prensa previa a la final copera, en el <strong>Estadio La Cartuja de Sevilla<\/strong>, que \"es jodido aguantar lo que tienen que aguantar muchos compa\u00f1eros\" se\u00f1alados por el club madridista y que \u00e9l mismo le ha \"tenido que explicar\" a su hijo que \"su padre se puede equivocar, pero es una persona honrada\".<\/span><\/p>\n<p style=\"text-align: justify;\"><span style=\"font-family: helvetica, arial, sans-serif;\">\u201cCuando un ni\u00f1o llega al colegio y hay otros que le dicen que su padre es un ladr\u00f3n es muy jodido. Intento educar a mi hijo para decirle que su padre es honrado, que es un deportista m\u00e1s. Cuando me vaya de aqu\u00ed, del arbitraje, quiero que mi hijo est\u00e9 orgulloso. No hay derecho a lo que estamos pasando, pero no solo entre los profesionales, que muchas familias dependen de esto, sobre todo en el f\u00fatbol base. <strong>Que cada uno haga una reflexi\u00f3n<\/strong>\u201d, dijo.<\/span><\/p>\n<p style=\"text-align: justify;\"><span style=\"font-family: helvetica, arial, sans-serif;\">A\u00f1adi\u00f3 que asume que en este Cl\u00e1sico copero \"habr\u00e1 pol\u00e9mica y jugadas interpretables\" porque se trata de \"una final entre dos grandes clubes\", disputada por \"equipos que juegan a gran velocidad y con jugadores muy t\u00e9cnicos, y eso dificulta juzgar las acciones dentro del \u00e1rea\".<\/span><\/p>\n<p style=\"text-align: justify;\"><span style=\"font-family: helvetica, arial, sans-serif;\">\"Tiene todos los condicionantes para que sea un partido bonito, pero, a la vez, <strong>podr\u00e1n aparecer situaciones complicadas<\/strong> para nosotros por el ritmo al que juegan estos equipos\", recalc\u00f3 De Burgos Bengoechea.<\/span><\/p>\n","protected":false},"excerpt":{"rendered":"<p>El \u00e1rbitro vasco Ricardo De Burgos Bengoechea, que dirigir\u00e1 el s\u00e1bado la final de la Copa del Rey espa\u00f1ola entre el Barcelona y el Real Madrid, lament\u00f3 este viernes entre l\u00e1grimas \"la repercusi\u00f3n de los v\u00eddeos de Real Madrid Televisi\u00f3n\" contra su estamento, ya que \"los hijos de los compa\u00f1eros oyen decir en el colegio [&hellip;]<\/p>\n","protected":false},"author":4,"featured_media":118794,"comment_status":"open","ping_status":"open","sticky":false,"template":"","format":"standard","meta":{"_acf_changed":false,"footnotes":""},"categories":[152],"tags":[],"class_list":{"0":"post-118793","1":"post","2":"type-post","3":"status-publish","4":"format-standard","5":"has-post-thumbnail","7":"category-mundo-futbol"},"acf":[],"yoast_head":"<!-- This site is optimized with the Yoast SEO plugin v26.8 - https:\/\/yoast.com\/product\/yoast-seo-wordpress\/ -->\n<title>\u00c1rbitro de Barcelona - Real Madrid dio duras declaraciones -<\/title>\n<meta name=\"robots\" content=\"index, follow, max-snippet:-1, max-image-preview:large, max-video-preview:-1\" \/>\n<link rel=\"canonical\" href=\"https:\/\/futbolhoy.co\/index.php\/2025\/04\/25\/arbitro-de-barcelona-real-madrid-dio-duras-declaraciones\/\" \/>\n<meta property=\"og:locale\" content=\"es_ES\" \/>\n<meta property=\"og:type\" content=\"article\" \/>\n<meta property=\"og:title\" content=\"\u00c1rbitro de Barcelona - Real Madrid dio duras declaraciones -\" \/>\n<meta property=\"og:description\" content=\"El \u00e1rbitro vasco Ricardo De Burgos Bengoechea, que dirigir\u00e1 el s\u00e1bado la final de la Copa del Rey espa\u00f1ola entre el Barcelona y el Real Madrid, lament\u00f3 este viernes entre l\u00e1grimas &quot;la repercusi\u00f3n de los v\u00eddeos de Real Madrid Televisi\u00f3n&quot; contra su estamento, ya que &quot;los hijos de los compa\u00f1eros oyen decir en el colegio [&hellip;]\" \/>\n<meta property=\"og:url\" content=\"https:\/\/futbolhoy.co\/index.php\/2025\/04\/25\/arbitro-de-barcelona-real-madrid-dio-duras-declaraciones\/\" \/>\n<meta property=\"article:publisher\" content=\"https:\/\/www.facebook.com\/FutbolHoyCol\/\" \/>\n<meta property=\"article:published_time\" content=\"2025-04-25T14:49:38+00:00\" \/>\n<meta property=\"article:modified_time\" content=\"2025-04-26T23:19:56+00:00\" \/>\n<meta property=\"og:image\" content=\"https:\/\/futbolhoy.co\/wp-content\/uploads\/2025\/04\/IMG_4363.png\" \/>\n\t<meta property=\"og:image:width\" content=\"1706\" \/>\n\t<meta property=\"og:image:height\" content=\"1280\" \/>\n\t<meta property=\"og:image:type\" content=\"image\/png\" \/>\n<meta name=\"author\" content=\"contenido\" \/>\n<meta name=\"twitter:card\" content=\"summary_large_image\" \/>\n<meta name=\"twitter:creator\" content=\"@FutbolHoyCol\" \/>\n<meta name=\"twitter:site\" content=\"@FutbolHoyCol\" \/>\n<meta name=\"twitter:label1\" content=\"Escrito por\" \/>\n\t<meta name=\"twitter:data1\" content=\"contenido\" \/>\n\t<meta name=\"twitter:label2\" content=\"Tiempo de lectura\" \/>\n\t<meta name=\"twitter:data2\" content=\"2 minutos\" \/>\n<script type=\"application\/ld+json\" class=\"yoast-schema-graph\">{\"@context\":\"https:\/\/schema.org\",\"@graph\":[{\"@type\":\"Article\",\"@id\":\"https:\/\/futbolhoy.co\/index.php\/2025\/04\/25\/arbitro-de-barcelona-real-madrid-dio-duras-declaraciones\/#article\",\"isPartOf\":{\"@id\":\"https:\/\/futbolhoy.co\/index.php\/2025\/04\/25\/arbitro-de-barcelona-real-madrid-dio-duras-declaraciones\/\"},\"author\":{\"name\":\"contenido\",\"@id\":\"https:\/\/futbolhoy.co\/#\/schema\/person\/1721b69355b6623eaff15ac7b92d4cc3\"},\"headline\":\"\u00c1rbitro de Barcelona - Real Madrid dio duras declaraciones\",\"datePublished\":\"2025-04-25T14:49:38+00:00\",\"dateModified\":\"2025-04-26T23:19:56+00:00\",\"mainEntityOfPage\":{\"@id\":\"https:\/\/futbolhoy.co\/index.php\/2025\/04\/25\/arbitro-de-barcelona-real-madrid-dio-duras-declaraciones\/\"},\"wordCount\":316,\"commentCount\":0,\"publisher\":{\"@id\":\"https:\/\/futbolhoy.co\/#organization\"},\"image\":{\"@id\":\"https:\/\/futbolhoy.co\/index.php\/2025\/04\/25\/arbitro-de-barcelona-real-madrid-dio-duras-declaraciones\/#primaryimage\"},\"thumbnailUrl\":\"https:\/\/futbolhoy.co\/wp-content\/uploads\/2025\/04\/IMG_4363.png\",\"articleSection\":[\"Mundo Futbol\"],\"inLanguage\":\"es\",\"potentialAction\":[{\"@type\":\"CommentAction\",\"name\":\"Comment\",\"target\":[\"https:\/\/futbolhoy.co\/index.php\/2025\/04\/25\/arbitro-de-barcelona-real-madrid-dio-duras-declaraciones\/#respond\"]}]},{\"@type\":\"WebPage\",\"@id\":\"https:\/\/futbolhoy.co\/index.php\/2025\/04\/25\/arbitro-de-barcelona-real-madrid-dio-duras-declaraciones\/\",\"url\":\"https:\/\/futbolhoy.co\/index.php\/2025\/04\/25\/arbitro-de-barcelona-real-madrid-dio-duras-declaraciones\/\",\"name\":\"\u00c1rbitro de Barcelona - Real Madrid dio duras declaraciones -\",\"isPartOf\":{\"@id\":\"https:\/\/futbolhoy.co\/#website\"},\"primaryImageOfPage\":{\"@id\":\"https:\/\/futbolhoy.co\/index.php\/2025\/04\/25\/arbitro-de-barcelona-real-madrid-dio-duras-declaraciones\/#primaryimage\"},\"image\":{\"@id\":\"https:\/\/futbolhoy.co\/index.php\/2025\/04\/25\/arbitro-de-barcelona-real-madrid-dio-duras-declaraciones\/#primaryimage\"},\"thumbnailUrl\":\"https:\/\/futbolhoy.co\/wp-content\/uploads\/2025\/04\/IMG_4363.png\",\"datePublished\":\"2025-04-25T14:49:38+00:00\",\"dateModified\":\"2025-04-26T23:19:56+00:00\",\"breadcrumb\":{\"@id\":\"https:\/\/futbolhoy.co\/index.php\/2025\/04\/25\/arbitro-de-barcelona-real-madrid-dio-duras-declaraciones\/#breadcrumb\"},\"inLanguage\":\"es\",\"potentialAction\":[{\"@type\":\"ReadAction\",\"target\":[\"https:\/\/futbolhoy.co\/index.php\/2025\/04\/25\/arbitro-de-barcelona-real-madrid-dio-duras-declaraciones\/\"]}]},{\"@type\":\"ImageObject\",\"inLanguage\":\"es\",\"@id\":\"https:\/\/futbolhoy.co\/index.php\/2025\/04\/25\/arbitro-de-barcelona-real-madrid-dio-duras-declaraciones\/#primaryimage\",\"url\":\"https:\/\/futbolhoy.co\/wp-content\/uploads\/2025\/04\/IMG_4363.png\",\"contentUrl\":\"https:\/\/futbolhoy.co\/wp-content\/uploads\/2025\/04\/IMG_4363.png\",\"width\":1706,\"height\":1280},{\"@type\":\"BreadcrumbList\",\"@id\":\"https:\/\/futbolhoy.co\/index.php\/2025\/04\/25\/arbitro-de-barcelona-real-madrid-dio-duras-declaraciones\/#breadcrumb\",\"itemListElement\":[{\"@type\":\"ListItem\",\"position\":1,\"name\":\"Portada\",\"item\":\"https:\/\/futbolhoy.co\/\"},{\"@type\":\"ListItem\",\"position\":2,\"name\":\"\u00c1rbitro de Barcelona - Real Madrid dio duras declaraciones\"}]},{\"@type\":\"WebSite\",\"@id\":\"https:\/\/futbolhoy.co\/#website\",\"url\":\"https:\/\/futbolhoy.co\/\",\"name\":\"FutbolHoy\",\"description\":\"\",\"publisher\":{\"@id\":\"https:\/\/futbolhoy.co\/#organization\"},\"potentialAction\":[{\"@type\":\"SearchAction\",\"target\":{\"@type\":\"EntryPoint\",\"urlTemplate\":\"https:\/\/futbolhoy.co\/?s={search_term_string}\"},\"query-input\":{\"@type\":\"PropertyValueSpecification\",\"valueRequired\":true,\"valueName\":\"search_term_string\"}}],\"inLanguage\":\"es\"},{\"@type\":\"Organization\",\"@id\":\"https:\/\/futbolhoy.co\/#organization\",\"name\":\"Futbolhoy.co\",\"url\":\"https:\/\/futbolhoy.co\/\",\"logo\":{\"@type\":\"ImageObject\",\"inLanguage\":\"es\",\"@id\":\"https:\/\/futbolhoy.co\/#\/schema\/logo\/image\/\",\"url\":\"https:\/\/futbolhoy.co\/wp-content\/uploads\/2018\/08\/17426380_1906371736249227_6326180412931521141_n.jpg\",\"contentUrl\":\"https:\/\/futbolhoy.co\/wp-content\/uploads\/2018\/08\/17426380_1906371736249227_6326180412931521141_n.jpg\",\"width\":960,\"height\":960,\"caption\":\"Futbolhoy.co\"},\"image\":{\"@id\":\"https:\/\/futbolhoy.co\/#\/schema\/logo\/image\/\"},\"sameAs\":[\"https:\/\/www.facebook.com\/FutbolHoyCol\/\",\"https:\/\/x.com\/FutbolHoyCol\",\"https:\/\/www.instagram.com\/futbolhoycol\/\"]},{\"@type\":\"Person\",\"@id\":\"https:\/\/futbolhoy.co\/#\/schema\/person\/1721b69355b6623eaff15ac7b92d4cc3\",\"name\":\"contenido\",\"image\":{\"@type\":\"ImageObject\",\"inLanguage\":\"es\",\"@id\":\"https:\/\/futbolhoy.co\/#\/schema\/person\/image\/\",\"url\":\"https:\/\/secure.gravatar.com\/avatar\/4f656d3256f5134f466206e7c3941518?s=96&d=mm&r=g\",\"contentUrl\":\"https:\/\/secure.gravatar.com\/avatar\/4f656d3256f5134f466206e7c3941518?s=96&d=mm&r=g\",\"caption\":\"contenido\"}}]}<\/script>\n<!-- \/ Yoast SEO plugin. -->","yoast_head_json":{"title":"\u00c1rbitro de Barcelona - Real Madrid dio duras declaraciones -","robots":{"index":"index","follow":"follow","max-snippet":"max-snippet:-1","max-image-preview":"max-image-preview:large","max-video-preview":"max-video-preview:-1"},"canonical":"https:\/\/futbolhoy.co\/index.php\/2025\/04\/25\/arbitro-de-barcelona-real-madrid-dio-duras-declaraciones\/","og_locale":"es_ES","og_type":"article","og_title":"\u00c1rbitro de Barcelona - Real Madrid dio duras declaraciones -","og_description":"El \u00e1rbitro vasco Ricardo De Burgos Bengoechea, que dirigir\u00e1 el s\u00e1bado la final de la Copa del Rey espa\u00f1ola entre el Barcelona y el Real Madrid, lament\u00f3 este viernes entre l\u00e1grimas \"la repercusi\u00f3n de los v\u00eddeos de Real Madrid Televisi\u00f3n\" contra su estamento, ya que \"los hijos de los compa\u00f1eros oyen decir en el colegio [&hellip;]","og_url":"https:\/\/futbolhoy.co\/index.php\/2025\/04\/25\/arbitro-de-barcelona-real-madrid-dio-duras-declaraciones\/","article_publisher":"https:\/\/www.facebook.com\/FutbolHoyCol\/","article_published_time":"2025-04-25T14:49:38+00:00","article_modified_time":"2025-04-26T23:19:56+00:00","og_image":[{"width":1706,"height":1280,"url":"https:\/\/futbolhoy.co\/wp-content\/uploads\/2025\/04\/IMG_4363.png","type":"image\/png"}],"author":"contenido","twitter_card":"summary_large_image","twitter_creator":"@FutbolHoyCol","twitter_site":"@FutbolHoyCol","twitter_misc":{"Escrito por":"contenido","Tiempo de lectura":"2 minutos"},"schema":{"@context":"https:\/\/schema.org","@graph":[{"@type":"Article","@id":"https:\/\/futbolhoy.co\/index.php\/2025\/04\/25\/arbitro-de-barcelona-real-madrid-dio-duras-declaraciones\/#article","isPartOf":{"@id":"https:\/\/futbolhoy.co\/index.php\/2025\/04\/25\/arbitro-de-barcelona-real-madrid-dio-duras-declaraciones\/"},"author":{"name":"contenido","@id":"https:\/\/futbolhoy.co\/#\/schema\/person\/1721b69355b6623eaff15ac7b92d4cc3"},"headline":"\u00c1rbitro de Barcelona - Real Madrid dio duras declaraciones","datePublished":"2025-04-25T14:49:38+00:00","dateModified":"2025-04-26T23:19:56+00:00","mainEntityOfPage":{"@id":"https:\/\/futbolhoy.co\/index.php\/2025\/04\/25\/arbitro-de-barcelona-real-madrid-dio-duras-declaraciones\/"},"wordCount":316,"commentCount":0,"publisher":{"@id":"https:\/\/futbolhoy.co\/#organization"},"image":{"@id":"https:\/\/futbolhoy.co\/index.php\/2025\/04\/25\/arbitro-de-barcelona-real-madrid-dio-duras-declaraciones\/#primaryimage"},"thumbnailUrl":"https:\/\/futbolhoy.co\/wp-content\/uploads\/2025\/04\/IMG_4363.png","articleSection":["Mundo Futbol"],"inLanguage":"es","potentialAction":[{"@type":"CommentAction","name":"Comment","target":["https:\/\/futbolhoy.co\/index.php\/2025\/04\/25\/arbitro-de-barcelona-real-madrid-dio-duras-declaraciones\/#respond"]}]},{"@type":"WebPage","@id":"https:\/\/futbolhoy.co\/index.php\/2025\/04\/25\/arbitro-de-barcelona-real-madrid-dio-duras-declaraciones\/","url":"https:\/\/futbolhoy.co\/index.php\/2025\/04\/25\/arbitro-de-barcelona-real-madrid-dio-duras-declaraciones\/","name":"\u00c1rbitro de Barcelona - Real Madrid dio duras declaraciones -","isPartOf":{"@id":"https:\/\/futbolhoy.co\/#website"},"primaryImageOfPage":{"@id":"https:\/\/futbolhoy.co\/index.php\/2025\/04\/25\/arbitro-de-barcelona-real-madrid-dio-duras-declaraciones\/#primaryimage"},"image":{"@id":"https:\/\/futbolhoy.co\/index.php\/2025\/04\/25\/arbitro-de-barcelona-real-madrid-dio-duras-declaraciones\/#primaryimage"},"thumbnailUrl":"https:\/\/futbolhoy.co\/wp-content\/uploads\/2025\/04\/IMG_4363.png","datePublished":"2025-04-25T14:49:38+00:00","dateModified":"2025-04-26T23:19:56+00:00","breadcrumb":{"@id":"https:\/\/futbolhoy.co\/index.php\/2025\/04\/25\/arbitro-de-barcelona-real-madrid-dio-duras-declaraciones\/#breadcrumb"},"inLanguage":"es","potentialAction":[{"@type":"ReadAction","target":["https:\/\/futbolhoy.co\/index.php\/2025\/04\/25\/arbitro-de-barcelona-real-madrid-dio-duras-declaraciones\/"]}]},{"@type":"ImageObject","inLanguage":"es","@id":"https:\/\/futbolhoy.co\/index.php\/2025\/04\/25\/arbitro-de-barcelona-real-madrid-dio-duras-declaraciones\/#primaryimage","url":"https:\/\/futbolhoy.co\/wp-content\/uploads\/2025\/04\/IMG_4363.png","contentUrl":"https:\/\/futbolhoy.co\/wp-content\/uploads\/2025\/04\/IMG_4363.png","width":1706,"height":1280},{"@type":"BreadcrumbList","@id":"https:\/\/futbolhoy.co\/index.php\/2025\/04\/25\/arbitro-de-barcelona-real-madrid-dio-duras-declaraciones\/#breadcrumb","itemListElement":[{"@type":"ListItem","position":1,"name":"Portada","item":"https:\/\/futbolhoy.co\/"},{"@type":"ListItem","position":2,"name":"\u00c1rbitro de Barcelona - Real Madrid dio duras declaraciones"}]},{"@type":"WebSite","@id":"https:\/\/futbolhoy.co\/#website","url":"https:\/\/futbolhoy.co\/","name":"FutbolHoy","description":"","publisher":{"@id":"https:\/\/futbolhoy.co\/#organization"},"potentialAction":[{"@type":"SearchAction","target":{"@type":"EntryPoint","urlTemplate":"https:\/\/futbolhoy.co\/?s={search_term_string}"},"query-input":{"@type":"PropertyValueSpecification","valueRequired":true,"valueName":"search_term_string"}}],"inLanguage":"es"},{"@type":"Organization","@id":"https:\/\/futbolhoy.co\/#organization","name":"Futbolhoy.co","url":"https:\/\/futbolhoy.co\/","logo":{"@type":"ImageObject","inLanguage":"es","@id":"https:\/\/futbolhoy.co\/#\/schema\/logo\/image\/","url":"https:\/\/futbolhoy.co\/wp-content\/uploads\/2018\/08\/17426380_1906371736249227_6326180412931521141_n.jpg","contentUrl":"https:\/\/futbolhoy.co\/wp-content\/uploads\/2018\/08\/17426380_1906371736249227_6326180412931521141_n.jpg","width":960,"height":960,"caption":"Futbolhoy.co"},"image":{"@id":"https:\/\/futbolhoy.co\/#\/schema\/logo\/image\/"},"sameAs":["https:\/\/www.facebook.com\/FutbolHoyCol\/","https:\/\/x.com\/FutbolHoyCol","https:\/\/www.instagram.com\/futbolhoycol\/"]},{"@type":"Person","@id":"https:\/\/futbolhoy.co\/#\/schema\/person\/1721b69355b6623eaff15ac7b92d4cc3","name":"contenido","image":{"@type":"ImageObject","inLanguage":"es","@id":"https:\/\/futbolhoy.co\/#\/schema\/person\/image\/","url":"https:\/\/secure.gravatar.com\/avatar\/4f656d3256f5134f466206e7c3941518?s=96&d=mm&r=g","contentUrl":"https:\/\/secure.gravatar.com\/avatar\/4f656d3256f5134f466206e7c3941518?s=96&d=mm&r=g","caption":"contenido"}}]}},"publishpress_future_action":{"enabled":false,"date":"2026-05-06 05:30:27","action":"change-status","newStatus":"draft","terms":[],"taxonomy":"category","extraData":[]},"publishpress_future_workflow_manual_trigger":{"enabledWorkflows":[]},"_links":{"self":[{"href":"https:\/\/futbolhoy.co\/index.php\/wp-json\/wp\/v2\/posts\/118793","targetHints":{"allow":["GET"]}}],"collection":[{"href":"https:\/\/futbolhoy.co\/index.php\/wp-json\/wp\/v2\/posts"}],"about":[{"href":"https:\/\/futbolhoy.co\/index.php\/wp-json\/wp\/v2\/types\/post"}],"author":[{"embeddable":true,"href":"https:\/\/futbolhoy.co\/index.php\/wp-json\/wp\/v2\/users\/4"}],"replies":[{"embeddable":true,"href":"https:\/\/futbolhoy.co\/index.php\/wp-json\/wp\/v2\/comments?post=118793"}],"version-history":[{"count":1,"href":"https:\/\/futbolhoy.co\/index.php\/wp-json\/wp\/v2\/posts\/118793\/revisions"}],"predecessor-version":[{"id":118795,"href":"https:\/\/futbolhoy.co\/index.php\/wp-json\/wp\/v2\/posts\/118793\/revisions\/118795"}],"wp:featuredmedia":[{"embeddable":true,"href":"https:\/\/futbolhoy.co\/index.php\/wp-json\/wp\/v2\/media\/118794"}],"wp:attachment":[{"href":"https:\/\/futbolhoy.co\/index.php\/wp-json\/wp\/v2\/media?parent=118793"}],"wp:term":[{"taxonomy":"category","embeddable":true,"href":"https:\/\/futbolhoy.co\/index.php\/wp-json\/wp\/v2\/categories?post=118793"},{"taxonomy":"post_tag","embeddable":true,"href":"https:\/\/futbolhoy.co\/index.php\/wp-json\/wp\/v2\/tags?post=118793"}],"curies":[{"name":"wp","href":"https:\/\/api.w.org\/{rel}","templated":true}]}}