{"id":118802,"date":"2025-04-25T16:45:37","date_gmt":"2025-04-25T21:45:37","guid":{"rendered":"https:\/\/futbolhoy.co\/?p=118802"},"modified":"2025-04-26T22:28:30","modified_gmt":"2025-04-27T03:28:30","slug":"dayro-moreno-y-jorge-soto-en-el-xi-ideal-de-la-semana-de-sudamericana","status":"publish","type":"post","link":"https:\/\/futbolhoy.co\/index.php\/2025\/04\/25\/dayro-moreno-y-jorge-soto-en-el-xi-ideal-de-la-semana-de-sudamericana\/","title":{"rendered":"Dayro Moreno y Jorge Soto, en el XI ideal de la semana de Sudamericana"},"content":{"rendered":"<p style=\"text-align: justify;\"><span style=\"font-family: helvetica, arial, sans-serif;\">La Conmebol dio a conocer el equipo ideal de la semana, integrado por jugadores que destacaron con sus respectivos equipos. En el caso de la <strong>Copa Sudamericana<\/strong>, hubo representaci\u00f3n colombiana con el arquero y el delantero: <strong>Jorge Soto de Am\u00e9rica y Dayro Moreno de Once Caldas.<\/strong><\/span><\/p>\n<p style=\"text-align: justify;\"><span style=\"font-family: helvetica, arial, sans-serif;\">En el caso del portero, fue figura al realizar 5 salvadas de gol en el juego en el que el cuadro Escarlata se trajo un punto de su visita a <strong>Hurac\u00e1n<\/strong> por la fecha 3 de la fase de grupos.<\/span><\/p>\n<p style=\"text-align: justify;\"><span style=\"font-family: helvetica, arial, sans-serif;\">El delantero tolimense, por su parte, marc\u00f3 triplete y fue el h\u00e9roe del triunfo de Once Caldas por 2-3 sobre<strong> Gualberto Villarroel de San Jos\u00e9 de Bolivia.<\/strong><\/span><\/p>\n<p style=\"text-align: justify;\"><span style=\"font-family: helvetica, arial, sans-serif;\">En el XI tambi\u00e9n hay jugadores de Universidad Cat\u00f3lica (Ecuador), Mushuc Runa (Ecuador) Corinthians (Brasil), Cerro Largo (Uruguay), Boston River (Uruguay), Guaran\u00ed (Paraguay), Sportivo Luque\u00f1o (Paraguay), Cienciano (Per\u00fa) y Palestino (Chile).<\/span><\/p>\n<blockquote class=\"twitter-tweet\" data-media-max-width=\"560\">\n<p dir=\"ltr\" lang=\"es\">\ud83d\udd1d\ud83d\udd25 \u00a1El equipo de la semana! Los 11 tras la Fecha 3 de la CONMEBOL <a href=\"https:\/\/twitter.com\/hashtag\/Sudamericana?src=hash&amp;ref_src=twsrc%5Etfw\">#Sudamericana<\/a>.<\/p>\n<p>\ud83c\udfc6 <a href=\"https:\/\/twitter.com\/hashtag\/EASportsFC?src=hash&amp;ref_src=twsrc%5Etfw\">#EASportsFC<\/a> <a href=\"https:\/\/t.co\/D4AlhyMP1b\">pic.twitter.com\/D4AlhyMP1b<\/a><\/p>\n<p>\u2014 CONMEBOL Sudamericana (@Sudamericana) <a href=\"https:\/\/twitter.com\/Sudamericana\/status\/1915813054211887536?ref_src=twsrc%5Etfw\">April 25, 2025<\/a><\/p><\/blockquote>\n<p><script async src=\"https:\/\/platform.twitter.com\/widgets.js\" charset=\"utf-8\"><\/script><\/p>\n","protected":false},"excerpt":{"rendered":"<p>La Conmebol dio a conocer el equipo ideal de la semana, integrado por jugadores que destacaron con sus respectivos equipos. En el caso de la Copa Sudamericana, hubo representaci\u00f3n colombiana con el arquero y el delantero: Jorge Soto de Am\u00e9rica y Dayro Moreno de Once Caldas. En el caso del portero, fue figura al realizar [&hellip;]<\/p>\n","protected":false},"author":4,"featured_media":118803,"comment_status":"open","ping_status":"open","sticky":false,"template":"","format":"standard","meta":{"_acf_changed":false,"footnotes":""},"categories":[152],"tags":[],"class_list":{"0":"post-118802","1":"post","2":"type-post","3":"status-publish","4":"format-standard","5":"has-post-thumbnail","7":"category-mundo-futbol"},"acf":[],"yoast_head":"<!-- This site is optimized with the Yoast SEO plugin v26.8 - https:\/\/yoast.com\/product\/yoast-seo-wordpress\/ -->\n<title>Dayro Moreno y Jorge Soto, en el XI ideal de la semana de Sudamericana -<\/title>\n<meta name=\"robots\" content=\"index, follow, max-snippet:-1, max-image-preview:large, max-video-preview:-1\" \/>\n<link rel=\"canonical\" href=\"https:\/\/futbolhoy.co\/index.php\/2025\/04\/25\/dayro-moreno-y-jorge-soto-en-el-xi-ideal-de-la-semana-de-sudamericana\/\" \/>\n<meta property=\"og:locale\" content=\"es_ES\" \/>\n<meta property=\"og:type\" content=\"article\" \/>\n<meta property=\"og:title\" content=\"Dayro Moreno y Jorge Soto, en el XI ideal de la semana de Sudamericana -\" \/>\n<meta property=\"og:description\" content=\"La Conmebol dio a conocer el equipo ideal de la semana, integrado por jugadores que destacaron con sus respectivos equipos. En el caso de la Copa Sudamericana, hubo representaci\u00f3n colombiana con el arquero y el delantero: Jorge Soto de Am\u00e9rica y Dayro Moreno de Once Caldas. En el caso del portero, fue figura al realizar [&hellip;]\" \/>\n<meta property=\"og:url\" content=\"https:\/\/futbolhoy.co\/index.php\/2025\/04\/25\/dayro-moreno-y-jorge-soto-en-el-xi-ideal-de-la-semana-de-sudamericana\/\" \/>\n<meta property=\"article:publisher\" content=\"https:\/\/www.facebook.com\/FutbolHoyCol\/\" \/>\n<meta property=\"article:published_time\" content=\"2025-04-25T21:45:37+00:00\" \/>\n<meta property=\"article:modified_time\" content=\"2025-04-27T03:28:30+00:00\" \/>\n<meta property=\"og:image\" content=\"https:\/\/futbolhoy.co\/wp-content\/uploads\/2025\/04\/GpONln9WkAAKdre.jpg\" \/>\n\t<meta property=\"og:image:width\" content=\"2048\" \/>\n\t<meta property=\"og:image:height\" content=\"1927\" \/>\n\t<meta property=\"og:image:type\" content=\"image\/jpeg\" \/>\n<meta name=\"author\" content=\"contenido\" \/>\n<meta name=\"twitter:card\" content=\"summary_large_image\" \/>\n<meta name=\"twitter:creator\" content=\"@FutbolHoyCol\" \/>\n<meta name=\"twitter:site\" content=\"@FutbolHoyCol\" \/>\n<meta name=\"twitter:label1\" content=\"Escrito por\" \/>\n\t<meta name=\"twitter:data1\" content=\"contenido\" \/>\n\t<meta name=\"twitter:label2\" content=\"Tiempo de lectura\" \/>\n\t<meta name=\"twitter:data2\" content=\"1 minuto\" \/>\n<script type=\"application\/ld+json\" class=\"yoast-schema-graph\">{\"@context\":\"https:\/\/schema.org\",\"@graph\":[{\"@type\":\"Article\",\"@id\":\"https:\/\/futbolhoy.co\/index.php\/2025\/04\/25\/dayro-moreno-y-jorge-soto-en-el-xi-ideal-de-la-semana-de-sudamericana\/#article\",\"isPartOf\":{\"@id\":\"https:\/\/futbolhoy.co\/index.php\/2025\/04\/25\/dayro-moreno-y-jorge-soto-en-el-xi-ideal-de-la-semana-de-sudamericana\/\"},\"author\":{\"name\":\"contenido\",\"@id\":\"https:\/\/futbolhoy.co\/#\/schema\/person\/1721b69355b6623eaff15ac7b92d4cc3\"},\"headline\":\"Dayro Moreno y Jorge Soto, en el XI ideal de la semana de Sudamericana\",\"datePublished\":\"2025-04-25T21:45:37+00:00\",\"dateModified\":\"2025-04-27T03:28:30+00:00\",\"mainEntityOfPage\":{\"@id\":\"https:\/\/futbolhoy.co\/index.php\/2025\/04\/25\/dayro-moreno-y-jorge-soto-en-el-xi-ideal-de-la-semana-de-sudamericana\/\"},\"wordCount\":187,\"commentCount\":0,\"publisher\":{\"@id\":\"https:\/\/futbolhoy.co\/#organization\"},\"image\":{\"@id\":\"https:\/\/futbolhoy.co\/index.php\/2025\/04\/25\/dayro-moreno-y-jorge-soto-en-el-xi-ideal-de-la-semana-de-sudamericana\/#primaryimage\"},\"thumbnailUrl\":\"https:\/\/futbolhoy.co\/wp-content\/uploads\/2025\/04\/GpONln9WkAAKdre.jpg\",\"articleSection\":[\"Mundo Futbol\"],\"inLanguage\":\"es\",\"potentialAction\":[{\"@type\":\"CommentAction\",\"name\":\"Comment\",\"target\":[\"https:\/\/futbolhoy.co\/index.php\/2025\/04\/25\/dayro-moreno-y-jorge-soto-en-el-xi-ideal-de-la-semana-de-sudamericana\/#respond\"]}]},{\"@type\":\"WebPage\",\"@id\":\"https:\/\/futbolhoy.co\/index.php\/2025\/04\/25\/dayro-moreno-y-jorge-soto-en-el-xi-ideal-de-la-semana-de-sudamericana\/\",\"url\":\"https:\/\/futbolhoy.co\/index.php\/2025\/04\/25\/dayro-moreno-y-jorge-soto-en-el-xi-ideal-de-la-semana-de-sudamericana\/\",\"name\":\"Dayro Moreno y Jorge Soto, en el XI ideal de la semana de Sudamericana -\",\"isPartOf\":{\"@id\":\"https:\/\/futbolhoy.co\/#website\"},\"primaryImageOfPage\":{\"@id\":\"https:\/\/futbolhoy.co\/index.php\/2025\/04\/25\/dayro-moreno-y-jorge-soto-en-el-xi-ideal-de-la-semana-de-sudamericana\/#primaryimage\"},\"image\":{\"@id\":\"https:\/\/futbolhoy.co\/index.php\/2025\/04\/25\/dayro-moreno-y-jorge-soto-en-el-xi-ideal-de-la-semana-de-sudamericana\/#primaryimage\"},\"thumbnailUrl\":\"https:\/\/futbolhoy.co\/wp-content\/uploads\/2025\/04\/GpONln9WkAAKdre.jpg\",\"datePublished\":\"2025-04-25T21:45:37+00:00\",\"dateModified\":\"2025-04-27T03:28:30+00:00\",\"breadcrumb\":{\"@id\":\"https:\/\/futbolhoy.co\/index.php\/2025\/04\/25\/dayro-moreno-y-jorge-soto-en-el-xi-ideal-de-la-semana-de-sudamericana\/#breadcrumb\"},\"inLanguage\":\"es\",\"potentialAction\":[{\"@type\":\"ReadAction\",\"target\":[\"https:\/\/futbolhoy.co\/index.php\/2025\/04\/25\/dayro-moreno-y-jorge-soto-en-el-xi-ideal-de-la-semana-de-sudamericana\/\"]}]},{\"@type\":\"ImageObject\",\"inLanguage\":\"es\",\"@id\":\"https:\/\/futbolhoy.co\/index.php\/2025\/04\/25\/dayro-moreno-y-jorge-soto-en-el-xi-ideal-de-la-semana-de-sudamericana\/#primaryimage\",\"url\":\"https:\/\/futbolhoy.co\/wp-content\/uploads\/2025\/04\/GpONln9WkAAKdre.jpg\",\"contentUrl\":\"https:\/\/futbolhoy.co\/wp-content\/uploads\/2025\/04\/GpONln9WkAAKdre.jpg\",\"width\":2048,\"height\":1927},{\"@type\":\"BreadcrumbList\",\"@id\":\"https:\/\/futbolhoy.co\/index.php\/2025\/04\/25\/dayro-moreno-y-jorge-soto-en-el-xi-ideal-de-la-semana-de-sudamericana\/#breadcrumb\",\"itemListElement\":[{\"@type\":\"ListItem\",\"position\":1,\"name\":\"Portada\",\"item\":\"https:\/\/futbolhoy.co\/\"},{\"@type\":\"ListItem\",\"position\":2,\"name\":\"Dayro Moreno y Jorge Soto, en el XI ideal de la semana de Sudamericana\"}]},{\"@type\":\"WebSite\",\"@id\":\"https:\/\/futbolhoy.co\/#website\",\"url\":\"https:\/\/futbolhoy.co\/\",\"name\":\"FutbolHoy\",\"description\":\"\",\"publisher\":{\"@id\":\"https:\/\/futbolhoy.co\/#organization\"},\"potentialAction\":[{\"@type\":\"SearchAction\",\"target\":{\"@type\":\"EntryPoint\",\"urlTemplate\":\"https:\/\/futbolhoy.co\/?s={search_term_string}\"},\"query-input\":{\"@type\":\"PropertyValueSpecification\",\"valueRequired\":true,\"valueName\":\"search_term_string\"}}],\"inLanguage\":\"es\"},{\"@type\":\"Organization\",\"@id\":\"https:\/\/futbolhoy.co\/#organization\",\"name\":\"Futbolhoy.co\",\"url\":\"https:\/\/futbolhoy.co\/\",\"logo\":{\"@type\":\"ImageObject\",\"inLanguage\":\"es\",\"@id\":\"https:\/\/futbolhoy.co\/#\/schema\/logo\/image\/\",\"url\":\"https:\/\/futbolhoy.co\/wp-content\/uploads\/2018\/08\/17426380_1906371736249227_6326180412931521141_n.jpg\",\"contentUrl\":\"https:\/\/futbolhoy.co\/wp-content\/uploads\/2018\/08\/17426380_1906371736249227_6326180412931521141_n.jpg\",\"width\":960,\"height\":960,\"caption\":\"Futbolhoy.co\"},\"image\":{\"@id\":\"https:\/\/futbolhoy.co\/#\/schema\/logo\/image\/\"},\"sameAs\":[\"https:\/\/www.facebook.com\/FutbolHoyCol\/\",\"https:\/\/x.com\/FutbolHoyCol\",\"https:\/\/www.instagram.com\/futbolhoycol\/\"]},{\"@type\":\"Person\",\"@id\":\"https:\/\/futbolhoy.co\/#\/schema\/person\/1721b69355b6623eaff15ac7b92d4cc3\",\"name\":\"contenido\",\"image\":{\"@type\":\"ImageObject\",\"inLanguage\":\"es\",\"@id\":\"https:\/\/futbolhoy.co\/#\/schema\/person\/image\/\",\"url\":\"https:\/\/secure.gravatar.com\/avatar\/4f656d3256f5134f466206e7c3941518?s=96&d=mm&r=g\",\"contentUrl\":\"https:\/\/secure.gravatar.com\/avatar\/4f656d3256f5134f466206e7c3941518?s=96&d=mm&r=g\",\"caption\":\"contenido\"}}]}<\/script>\n<!-- \/ Yoast SEO plugin. -->","yoast_head_json":{"title":"Dayro Moreno y Jorge Soto, en el XI ideal de la semana de Sudamericana -","robots":{"index":"index","follow":"follow","max-snippet":"max-snippet:-1","max-image-preview":"max-image-preview:large","max-video-preview":"max-video-preview:-1"},"canonical":"https:\/\/futbolhoy.co\/index.php\/2025\/04\/25\/dayro-moreno-y-jorge-soto-en-el-xi-ideal-de-la-semana-de-sudamericana\/","og_locale":"es_ES","og_type":"article","og_title":"Dayro Moreno y Jorge Soto, en el XI ideal de la semana de Sudamericana -","og_description":"La Conmebol dio a conocer el equipo ideal de la semana, integrado por jugadores que destacaron con sus respectivos equipos. En el caso de la Copa Sudamericana, hubo representaci\u00f3n colombiana con el arquero y el delantero: Jorge Soto de Am\u00e9rica y Dayro Moreno de Once Caldas. En el caso del portero, fue figura al realizar [&hellip;]","og_url":"https:\/\/futbolhoy.co\/index.php\/2025\/04\/25\/dayro-moreno-y-jorge-soto-en-el-xi-ideal-de-la-semana-de-sudamericana\/","article_publisher":"https:\/\/www.facebook.com\/FutbolHoyCol\/","article_published_time":"2025-04-25T21:45:37+00:00","article_modified_time":"2025-04-27T03:28:30+00:00","og_image":[{"width":2048,"height":1927,"url":"https:\/\/futbolhoy.co\/wp-content\/uploads\/2025\/04\/GpONln9WkAAKdre.jpg","type":"image\/jpeg"}],"author":"contenido","twitter_card":"summary_large_image","twitter_creator":"@FutbolHoyCol","twitter_site":"@FutbolHoyCol","twitter_misc":{"Escrito por":"contenido","Tiempo de lectura":"1 minuto"},"schema":{"@context":"https:\/\/schema.org","@graph":[{"@type":"Article","@id":"https:\/\/futbolhoy.co\/index.php\/2025\/04\/25\/dayro-moreno-y-jorge-soto-en-el-xi-ideal-de-la-semana-de-sudamericana\/#article","isPartOf":{"@id":"https:\/\/futbolhoy.co\/index.php\/2025\/04\/25\/dayro-moreno-y-jorge-soto-en-el-xi-ideal-de-la-semana-de-sudamericana\/"},"author":{"name":"contenido","@id":"https:\/\/futbolhoy.co\/#\/schema\/person\/1721b69355b6623eaff15ac7b92d4cc3"},"headline":"Dayro Moreno y Jorge Soto, en el XI ideal de la semana de Sudamericana","datePublished":"2025-04-25T21:45:37+00:00","dateModified":"2025-04-27T03:28:30+00:00","mainEntityOfPage":{"@id":"https:\/\/futbolhoy.co\/index.php\/2025\/04\/25\/dayro-moreno-y-jorge-soto-en-el-xi-ideal-de-la-semana-de-sudamericana\/"},"wordCount":187,"commentCount":0,"publisher":{"@id":"https:\/\/futbolhoy.co\/#organization"},"image":{"@id":"https:\/\/futbolhoy.co\/index.php\/2025\/04\/25\/dayro-moreno-y-jorge-soto-en-el-xi-ideal-de-la-semana-de-sudamericana\/#primaryimage"},"thumbnailUrl":"https:\/\/futbolhoy.co\/wp-content\/uploads\/2025\/04\/GpONln9WkAAKdre.jpg","articleSection":["Mundo Futbol"],"inLanguage":"es","potentialAction":[{"@type":"CommentAction","name":"Comment","target":["https:\/\/futbolhoy.co\/index.php\/2025\/04\/25\/dayro-moreno-y-jorge-soto-en-el-xi-ideal-de-la-semana-de-sudamericana\/#respond"]}]},{"@type":"WebPage","@id":"https:\/\/futbolhoy.co\/index.php\/2025\/04\/25\/dayro-moreno-y-jorge-soto-en-el-xi-ideal-de-la-semana-de-sudamericana\/","url":"https:\/\/futbolhoy.co\/index.php\/2025\/04\/25\/dayro-moreno-y-jorge-soto-en-el-xi-ideal-de-la-semana-de-sudamericana\/","name":"Dayro Moreno y Jorge Soto, en el XI ideal de la semana de Sudamericana -","isPartOf":{"@id":"https:\/\/futbolhoy.co\/#website"},"primaryImageOfPage":{"@id":"https:\/\/futbolhoy.co\/index.php\/2025\/04\/25\/dayro-moreno-y-jorge-soto-en-el-xi-ideal-de-la-semana-de-sudamericana\/#primaryimage"},"image":{"@id":"https:\/\/futbolhoy.co\/index.php\/2025\/04\/25\/dayro-moreno-y-jorge-soto-en-el-xi-ideal-de-la-semana-de-sudamericana\/#primaryimage"},"thumbnailUrl":"https:\/\/futbolhoy.co\/wp-content\/uploads\/2025\/04\/GpONln9WkAAKdre.jpg","datePublished":"2025-04-25T21:45:37+00:00","dateModified":"2025-04-27T03:28:30+00:00","breadcrumb":{"@id":"https:\/\/futbolhoy.co\/index.php\/2025\/04\/25\/dayro-moreno-y-jorge-soto-en-el-xi-ideal-de-la-semana-de-sudamericana\/#breadcrumb"},"inLanguage":"es","potentialAction":[{"@type":"ReadAction","target":["https:\/\/futbolhoy.co\/index.php\/2025\/04\/25\/dayro-moreno-y-jorge-soto-en-el-xi-ideal-de-la-semana-de-sudamericana\/"]}]},{"@type":"ImageObject","inLanguage":"es","@id":"https:\/\/futbolhoy.co\/index.php\/2025\/04\/25\/dayro-moreno-y-jorge-soto-en-el-xi-ideal-de-la-semana-de-sudamericana\/#primaryimage","url":"https:\/\/futbolhoy.co\/wp-content\/uploads\/2025\/04\/GpONln9WkAAKdre.jpg","contentUrl":"https:\/\/futbolhoy.co\/wp-content\/uploads\/2025\/04\/GpONln9WkAAKdre.jpg","width":2048,"height":1927},{"@type":"BreadcrumbList","@id":"https:\/\/futbolhoy.co\/index.php\/2025\/04\/25\/dayro-moreno-y-jorge-soto-en-el-xi-ideal-de-la-semana-de-sudamericana\/#breadcrumb","itemListElement":[{"@type":"ListItem","position":1,"name":"Portada","item":"https:\/\/futbolhoy.co\/"},{"@type":"ListItem","position":2,"name":"Dayro Moreno y Jorge Soto, en el XI ideal de la semana de Sudamericana"}]},{"@type":"WebSite","@id":"https:\/\/futbolhoy.co\/#website","url":"https:\/\/futbolhoy.co\/","name":"FutbolHoy","description":"","publisher":{"@id":"https:\/\/futbolhoy.co\/#organization"},"potentialAction":[{"@type":"SearchAction","target":{"@type":"EntryPoint","urlTemplate":"https:\/\/futbolhoy.co\/?s={search_term_string}"},"query-input":{"@type":"PropertyValueSpecification","valueRequired":true,"valueName":"search_term_string"}}],"inLanguage":"es"},{"@type":"Organization","@id":"https:\/\/futbolhoy.co\/#organization","name":"Futbolhoy.co","url":"https:\/\/futbolhoy.co\/","logo":{"@type":"ImageObject","inLanguage":"es","@id":"https:\/\/futbolhoy.co\/#\/schema\/logo\/image\/","url":"https:\/\/futbolhoy.co\/wp-content\/uploads\/2018\/08\/17426380_1906371736249227_6326180412931521141_n.jpg","contentUrl":"https:\/\/futbolhoy.co\/wp-content\/uploads\/2018\/08\/17426380_1906371736249227_6326180412931521141_n.jpg","width":960,"height":960,"caption":"Futbolhoy.co"},"image":{"@id":"https:\/\/futbolhoy.co\/#\/schema\/logo\/image\/"},"sameAs":["https:\/\/www.facebook.com\/FutbolHoyCol\/","https:\/\/x.com\/FutbolHoyCol","https:\/\/www.instagram.com\/futbolhoycol\/"]},{"@type":"Person","@id":"https:\/\/futbolhoy.co\/#\/schema\/person\/1721b69355b6623eaff15ac7b92d4cc3","name":"contenido","image":{"@type":"ImageObject","inLanguage":"es","@id":"https:\/\/futbolhoy.co\/#\/schema\/person\/image\/","url":"https:\/\/secure.gravatar.com\/avatar\/4f656d3256f5134f466206e7c3941518?s=96&d=mm&r=g","contentUrl":"https:\/\/secure.gravatar.com\/avatar\/4f656d3256f5134f466206e7c3941518?s=96&d=mm&r=g","caption":"contenido"}}]}},"publishpress_future_action":{"enabled":false,"date":"2026-05-06 08:46:47","action":"change-status","newStatus":"draft","terms":[],"taxonomy":"category","extraData":[]},"publishpress_future_workflow_manual_trigger":{"enabledWorkflows":[]},"_links":{"self":[{"href":"https:\/\/futbolhoy.co\/index.php\/wp-json\/wp\/v2\/posts\/118802","targetHints":{"allow":["GET"]}}],"collection":[{"href":"https:\/\/futbolhoy.co\/index.php\/wp-json\/wp\/v2\/posts"}],"about":[{"href":"https:\/\/futbolhoy.co\/index.php\/wp-json\/wp\/v2\/types\/post"}],"author":[{"embeddable":true,"href":"https:\/\/futbolhoy.co\/index.php\/wp-json\/wp\/v2\/users\/4"}],"replies":[{"embeddable":true,"href":"https:\/\/futbolhoy.co\/index.php\/wp-json\/wp\/v2\/comments?post=118802"}],"version-history":[{"count":2,"href":"https:\/\/futbolhoy.co\/index.php\/wp-json\/wp\/v2\/posts\/118802\/revisions"}],"predecessor-version":[{"id":118871,"href":"https:\/\/futbolhoy.co\/index.php\/wp-json\/wp\/v2\/posts\/118802\/revisions\/118871"}],"wp:featuredmedia":[{"embeddable":true,"href":"https:\/\/futbolhoy.co\/index.php\/wp-json\/wp\/v2\/media\/118803"}],"wp:attachment":[{"href":"https:\/\/futbolhoy.co\/index.php\/wp-json\/wp\/v2\/media?parent=118802"}],"wp:term":[{"taxonomy":"category","embeddable":true,"href":"https:\/\/futbolhoy.co\/index.php\/wp-json\/wp\/v2\/categories?post=118802"},{"taxonomy":"post_tag","embeddable":true,"href":"https:\/\/futbolhoy.co\/index.php\/wp-json\/wp\/v2\/tags?post=118802"}],"curies":[{"name":"wp","href":"https:\/\/api.w.org\/{rel}","templated":true}]}}