{"id":118844,"date":"2025-04-26T17:55:58","date_gmt":"2025-04-26T22:55:58","guid":{"rendered":"https:\/\/futbolhoy.co\/?p=118844"},"modified":"2025-04-27T22:23:40","modified_gmt":"2025-04-28T03:23:40","slug":"barcelona-se-queda-con-la-copa-del-rey-tras-un-partidazo-contra-el-madrid","status":"publish","type":"post","link":"https:\/\/futbolhoy.co\/index.php\/2025\/04\/26\/barcelona-se-queda-con-la-copa-del-rey-tras-un-partidazo-contra-el-madrid\/","title":{"rendered":"Barcelona se queda con la Copa del Rey tras un partidazo contra el Madrid"},"content":{"rendered":"<p style=\"text-align: justify;\"><span style=\"font-family: helvetica, arial, sans-serif;\">Partidazo en el cl\u00e1sico de Espa\u00f1a. <strong>Barcelona se impuso 3-2 al Real Madrid<\/strong> en un juego que se fue hasta la pr\u00f3rroga y se defini\u00f3 con un golazo de <strong>Jules Kounde<\/strong> al minuto 116, para darle as\u00ed el primer t\u00edtulo de la temporada a la instituci\u00f3n azulgrana, que sue\u00f1a con el triplete de<strong> Liga y Champions League.<\/strong><\/span><\/p>\n<p style=\"text-align: justify;\"><span style=\"font-family: helvetica, arial, sans-serif;\">Primer tiempo que fue dominio total para el Barcelona. Aprovech\u00f3 su momento el conjunto catal\u00e1n y se fue arriba en el marcador al 28\u2019 con un golazo de media distancia de <strong>Pedri,<\/strong> tras pase de Lamine Yamal.<\/span><\/p>\n<p style=\"text-align: justify;\"><span style=\"font-family: helvetica, arial, sans-serif;\">Para el complemento, <strong>Ancelotti le dio ingreso a Mbapp\u00e9<\/strong> y este le cambi\u00f3 la cara al Madrid, junto con Bellingham. El franc\u00e9s igual\u00f3 el encuentro con un remate de tiro libre que peg\u00f3 en el palo y se meti\u00f3 al minuto 70\u2019.<\/span><\/p>\n<p style=\"text-align: justify;\"><span style=\"font-family: helvetica, arial, sans-serif;\">Lo pas\u00f3 a ganar el conjunto merengue al 77\u2019, luego del cobro de un tiro de esquina de <strong>Arda Guler<\/strong> de pierna izquierda y el cabezazo de <strong>Aur\u00e9lien Tchouam\u00e9ni<\/strong>, solo dentro del \u00e1rea.<\/span><\/p>\n<p style=\"text-align: justify;\"><span style=\"font-family: helvetica, arial, sans-serif;\">Sin embargo, con juego largo, lo volvi\u00f3 a empatar Barcelona. <strong>Ferr\u00e1n Torres<\/strong> recibi\u00f3 un bal\u00f3n largo y aprovech\u00f3 la salida de<strong> Thibaut Courtois<\/strong> de su \u00e1rea para definir con la porter\u00eda vac\u00eda para marcar el 2-2 al 84\u2019.<\/span><\/p>\n<p style=\"text-align: justify;\"><span style=\"font-family: helvetica, arial, sans-serif;\">Sobre el final del tiempo regular, hubo una acci\u00f3n en la que<strong> Raphinha<\/strong> intent\u00f3 desequilibrar por la zona izquierda y cay\u00f3 en el \u00e1rea ante una aparente falta de <strong>Ra\u00fal Asencio.<\/strong> El juez se\u00f1al\u00f3 penal, pero tras la revisi\u00f3n en el VAR, revers\u00f3 la decisi\u00f3n tras no haber contacto del espa\u00f1ol y se llev\u00f3 la amarilla el brasile\u00f1o.<\/span><\/p>\n<p style=\"text-align: justify;\"><span style=\"font-family: helvetica, arial, sans-serif;\">Pero faltando menos de cinco minutos para los penales, sali\u00f3 mal el Madrid y rob\u00f3 <strong>Jules Kound\u00e9<\/strong> para luego sacar un remate contra el palo derecho de Courtouis y darle el t\u00edtulo n\u00famero 32 de <strong>Copa del Rey al Barcelona.<\/strong><\/span><\/p>\n<p style=\"text-align: justify;\"><span style=\"font-family: helvetica, arial, sans-serif;\">El juego termin\u00f3 en pol\u00e9mica por la expulsi\u00f3n de <strong>Rudiger<\/strong> tras un manotazo de Mbapp\u00e9 a Eric Garc\u00eda. Rudiger, quien estaba en el banco de suplentes, vio la roja, junto a<strong> Lucas V\u00e1squez.<\/strong><\/span><\/p>\n","protected":false},"excerpt":{"rendered":"<p>Partidazo en el cl\u00e1sico de Espa\u00f1a. Barcelona se impuso 3-2 al Real Madrid en un juego que se fue hasta la pr\u00f3rroga y se defini\u00f3 con un golazo de Jules Kounde al minuto 116, para darle as\u00ed el primer t\u00edtulo de la temporada a la instituci\u00f3n azulgrana, que sue\u00f1a con el triplete de Liga y [&hellip;]<\/p>\n","protected":false},"author":4,"featured_media":118845,"comment_status":"open","ping_status":"open","sticky":false,"template":"","format":"standard","meta":{"_acf_changed":false,"footnotes":""},"categories":[152],"tags":[],"class_list":{"0":"post-118844","1":"post","2":"type-post","3":"status-publish","4":"format-standard","5":"has-post-thumbnail","7":"category-mundo-futbol"},"acf":[],"yoast_head":"<!-- This site is optimized with the Yoast SEO plugin v26.8 - https:\/\/yoast.com\/product\/yoast-seo-wordpress\/ -->\n<title>Barcelona se queda con la Copa del Rey tras un partidazo contra el Madrid -<\/title>\n<meta name=\"robots\" content=\"index, follow, max-snippet:-1, max-image-preview:large, max-video-preview:-1\" \/>\n<link rel=\"canonical\" href=\"https:\/\/futbolhoy.co\/index.php\/2025\/04\/26\/barcelona-se-queda-con-la-copa-del-rey-tras-un-partidazo-contra-el-madrid\/\" \/>\n<meta property=\"og:locale\" content=\"es_ES\" \/>\n<meta property=\"og:type\" content=\"article\" \/>\n<meta property=\"og:title\" content=\"Barcelona se queda con la Copa del Rey tras un partidazo contra el Madrid -\" \/>\n<meta property=\"og:description\" content=\"Partidazo en el cl\u00e1sico de Espa\u00f1a. Barcelona se impuso 3-2 al Real Madrid en un juego que se fue hasta la pr\u00f3rroga y se defini\u00f3 con un golazo de Jules Kounde al minuto 116, para darle as\u00ed el primer t\u00edtulo de la temporada a la instituci\u00f3n azulgrana, que sue\u00f1a con el triplete de Liga y [&hellip;]\" \/>\n<meta property=\"og:url\" content=\"https:\/\/futbolhoy.co\/index.php\/2025\/04\/26\/barcelona-se-queda-con-la-copa-del-rey-tras-un-partidazo-contra-el-madrid\/\" \/>\n<meta property=\"article:publisher\" content=\"https:\/\/www.facebook.com\/FutbolHoyCol\/\" \/>\n<meta property=\"article:published_time\" content=\"2025-04-26T22:55:58+00:00\" \/>\n<meta property=\"article:modified_time\" content=\"2025-04-28T03:23:40+00:00\" \/>\n<meta property=\"og:image\" content=\"https:\/\/futbolhoy.co\/wp-content\/uploads\/2025\/04\/Gpfuq2mXAAAlbTw.jpg\" \/>\n\t<meta property=\"og:image:width\" content=\"1986\" \/>\n\t<meta property=\"og:image:height\" content=\"1271\" \/>\n\t<meta property=\"og:image:type\" content=\"image\/jpeg\" \/>\n<meta name=\"author\" content=\"contenido\" \/>\n<meta name=\"twitter:card\" content=\"summary_large_image\" \/>\n<meta name=\"twitter:creator\" content=\"@FutbolHoyCol\" \/>\n<meta name=\"twitter:site\" content=\"@FutbolHoyCol\" \/>\n<meta name=\"twitter:label1\" content=\"Escrito por\" \/>\n\t<meta name=\"twitter:data1\" content=\"contenido\" \/>\n\t<meta name=\"twitter:label2\" content=\"Tiempo de lectura\" \/>\n\t<meta name=\"twitter:data2\" content=\"2 minutos\" \/>\n<script type=\"application\/ld+json\" class=\"yoast-schema-graph\">{\"@context\":\"https:\/\/schema.org\",\"@graph\":[{\"@type\":\"Article\",\"@id\":\"https:\/\/futbolhoy.co\/index.php\/2025\/04\/26\/barcelona-se-queda-con-la-copa-del-rey-tras-un-partidazo-contra-el-madrid\/#article\",\"isPartOf\":{\"@id\":\"https:\/\/futbolhoy.co\/index.php\/2025\/04\/26\/barcelona-se-queda-con-la-copa-del-rey-tras-un-partidazo-contra-el-madrid\/\"},\"author\":{\"name\":\"contenido\",\"@id\":\"https:\/\/futbolhoy.co\/#\/schema\/person\/1721b69355b6623eaff15ac7b92d4cc3\"},\"headline\":\"Barcelona se queda con la Copa del Rey tras un partidazo contra el Madrid\",\"datePublished\":\"2025-04-26T22:55:58+00:00\",\"dateModified\":\"2025-04-28T03:23:40+00:00\",\"mainEntityOfPage\":{\"@id\":\"https:\/\/futbolhoy.co\/index.php\/2025\/04\/26\/barcelona-se-queda-con-la-copa-del-rey-tras-un-partidazo-contra-el-madrid\/\"},\"wordCount\":373,\"commentCount\":0,\"publisher\":{\"@id\":\"https:\/\/futbolhoy.co\/#organization\"},\"image\":{\"@id\":\"https:\/\/futbolhoy.co\/index.php\/2025\/04\/26\/barcelona-se-queda-con-la-copa-del-rey-tras-un-partidazo-contra-el-madrid\/#primaryimage\"},\"thumbnailUrl\":\"https:\/\/futbolhoy.co\/wp-content\/uploads\/2025\/04\/Gpfuq2mXAAAlbTw.jpg\",\"articleSection\":[\"Mundo Futbol\"],\"inLanguage\":\"es\",\"potentialAction\":[{\"@type\":\"CommentAction\",\"name\":\"Comment\",\"target\":[\"https:\/\/futbolhoy.co\/index.php\/2025\/04\/26\/barcelona-se-queda-con-la-copa-del-rey-tras-un-partidazo-contra-el-madrid\/#respond\"]}]},{\"@type\":\"WebPage\",\"@id\":\"https:\/\/futbolhoy.co\/index.php\/2025\/04\/26\/barcelona-se-queda-con-la-copa-del-rey-tras-un-partidazo-contra-el-madrid\/\",\"url\":\"https:\/\/futbolhoy.co\/index.php\/2025\/04\/26\/barcelona-se-queda-con-la-copa-del-rey-tras-un-partidazo-contra-el-madrid\/\",\"name\":\"Barcelona se queda con la Copa del Rey tras un partidazo contra el Madrid -\",\"isPartOf\":{\"@id\":\"https:\/\/futbolhoy.co\/#website\"},\"primaryImageOfPage\":{\"@id\":\"https:\/\/futbolhoy.co\/index.php\/2025\/04\/26\/barcelona-se-queda-con-la-copa-del-rey-tras-un-partidazo-contra-el-madrid\/#primaryimage\"},\"image\":{\"@id\":\"https:\/\/futbolhoy.co\/index.php\/2025\/04\/26\/barcelona-se-queda-con-la-copa-del-rey-tras-un-partidazo-contra-el-madrid\/#primaryimage\"},\"thumbnailUrl\":\"https:\/\/futbolhoy.co\/wp-content\/uploads\/2025\/04\/Gpfuq2mXAAAlbTw.jpg\",\"datePublished\":\"2025-04-26T22:55:58+00:00\",\"dateModified\":\"2025-04-28T03:23:40+00:00\",\"breadcrumb\":{\"@id\":\"https:\/\/futbolhoy.co\/index.php\/2025\/04\/26\/barcelona-se-queda-con-la-copa-del-rey-tras-un-partidazo-contra-el-madrid\/#breadcrumb\"},\"inLanguage\":\"es\",\"potentialAction\":[{\"@type\":\"ReadAction\",\"target\":[\"https:\/\/futbolhoy.co\/index.php\/2025\/04\/26\/barcelona-se-queda-con-la-copa-del-rey-tras-un-partidazo-contra-el-madrid\/\"]}]},{\"@type\":\"ImageObject\",\"inLanguage\":\"es\",\"@id\":\"https:\/\/futbolhoy.co\/index.php\/2025\/04\/26\/barcelona-se-queda-con-la-copa-del-rey-tras-un-partidazo-contra-el-madrid\/#primaryimage\",\"url\":\"https:\/\/futbolhoy.co\/wp-content\/uploads\/2025\/04\/Gpfuq2mXAAAlbTw.jpg\",\"contentUrl\":\"https:\/\/futbolhoy.co\/wp-content\/uploads\/2025\/04\/Gpfuq2mXAAAlbTw.jpg\",\"width\":1986,\"height\":1271},{\"@type\":\"BreadcrumbList\",\"@id\":\"https:\/\/futbolhoy.co\/index.php\/2025\/04\/26\/barcelona-se-queda-con-la-copa-del-rey-tras-un-partidazo-contra-el-madrid\/#breadcrumb\",\"itemListElement\":[{\"@type\":\"ListItem\",\"position\":1,\"name\":\"Portada\",\"item\":\"https:\/\/futbolhoy.co\/\"},{\"@type\":\"ListItem\",\"position\":2,\"name\":\"Barcelona se queda con la Copa del Rey tras un partidazo contra el Madrid\"}]},{\"@type\":\"WebSite\",\"@id\":\"https:\/\/futbolhoy.co\/#website\",\"url\":\"https:\/\/futbolhoy.co\/\",\"name\":\"FutbolHoy\",\"description\":\"\",\"publisher\":{\"@id\":\"https:\/\/futbolhoy.co\/#organization\"},\"potentialAction\":[{\"@type\":\"SearchAction\",\"target\":{\"@type\":\"EntryPoint\",\"urlTemplate\":\"https:\/\/futbolhoy.co\/?s={search_term_string}\"},\"query-input\":{\"@type\":\"PropertyValueSpecification\",\"valueRequired\":true,\"valueName\":\"search_term_string\"}}],\"inLanguage\":\"es\"},{\"@type\":\"Organization\",\"@id\":\"https:\/\/futbolhoy.co\/#organization\",\"name\":\"Futbolhoy.co\",\"url\":\"https:\/\/futbolhoy.co\/\",\"logo\":{\"@type\":\"ImageObject\",\"inLanguage\":\"es\",\"@id\":\"https:\/\/futbolhoy.co\/#\/schema\/logo\/image\/\",\"url\":\"https:\/\/futbolhoy.co\/wp-content\/uploads\/2018\/08\/17426380_1906371736249227_6326180412931521141_n.jpg\",\"contentUrl\":\"https:\/\/futbolhoy.co\/wp-content\/uploads\/2018\/08\/17426380_1906371736249227_6326180412931521141_n.jpg\",\"width\":960,\"height\":960,\"caption\":\"Futbolhoy.co\"},\"image\":{\"@id\":\"https:\/\/futbolhoy.co\/#\/schema\/logo\/image\/\"},\"sameAs\":[\"https:\/\/www.facebook.com\/FutbolHoyCol\/\",\"https:\/\/x.com\/FutbolHoyCol\",\"https:\/\/www.instagram.com\/futbolhoycol\/\"]},{\"@type\":\"Person\",\"@id\":\"https:\/\/futbolhoy.co\/#\/schema\/person\/1721b69355b6623eaff15ac7b92d4cc3\",\"name\":\"contenido\",\"image\":{\"@type\":\"ImageObject\",\"inLanguage\":\"es\",\"@id\":\"https:\/\/futbolhoy.co\/#\/schema\/person\/image\/\",\"url\":\"https:\/\/secure.gravatar.com\/avatar\/4f656d3256f5134f466206e7c3941518?s=96&d=mm&r=g\",\"contentUrl\":\"https:\/\/secure.gravatar.com\/avatar\/4f656d3256f5134f466206e7c3941518?s=96&d=mm&r=g\",\"caption\":\"contenido\"}}]}<\/script>\n<!-- \/ Yoast SEO plugin. -->","yoast_head_json":{"title":"Barcelona se queda con la Copa del Rey tras un partidazo contra el Madrid -","robots":{"index":"index","follow":"follow","max-snippet":"max-snippet:-1","max-image-preview":"max-image-preview:large","max-video-preview":"max-video-preview:-1"},"canonical":"https:\/\/futbolhoy.co\/index.php\/2025\/04\/26\/barcelona-se-queda-con-la-copa-del-rey-tras-un-partidazo-contra-el-madrid\/","og_locale":"es_ES","og_type":"article","og_title":"Barcelona se queda con la Copa del Rey tras un partidazo contra el Madrid -","og_description":"Partidazo en el cl\u00e1sico de Espa\u00f1a. Barcelona se impuso 3-2 al Real Madrid en un juego que se fue hasta la pr\u00f3rroga y se defini\u00f3 con un golazo de Jules Kounde al minuto 116, para darle as\u00ed el primer t\u00edtulo de la temporada a la instituci\u00f3n azulgrana, que sue\u00f1a con el triplete de Liga y [&hellip;]","og_url":"https:\/\/futbolhoy.co\/index.php\/2025\/04\/26\/barcelona-se-queda-con-la-copa-del-rey-tras-un-partidazo-contra-el-madrid\/","article_publisher":"https:\/\/www.facebook.com\/FutbolHoyCol\/","article_published_time":"2025-04-26T22:55:58+00:00","article_modified_time":"2025-04-28T03:23:40+00:00","og_image":[{"width":1986,"height":1271,"url":"https:\/\/futbolhoy.co\/wp-content\/uploads\/2025\/04\/Gpfuq2mXAAAlbTw.jpg","type":"image\/jpeg"}],"author":"contenido","twitter_card":"summary_large_image","twitter_creator":"@FutbolHoyCol","twitter_site":"@FutbolHoyCol","twitter_misc":{"Escrito por":"contenido","Tiempo de lectura":"2 minutos"},"schema":{"@context":"https:\/\/schema.org","@graph":[{"@type":"Article","@id":"https:\/\/futbolhoy.co\/index.php\/2025\/04\/26\/barcelona-se-queda-con-la-copa-del-rey-tras-un-partidazo-contra-el-madrid\/#article","isPartOf":{"@id":"https:\/\/futbolhoy.co\/index.php\/2025\/04\/26\/barcelona-se-queda-con-la-copa-del-rey-tras-un-partidazo-contra-el-madrid\/"},"author":{"name":"contenido","@id":"https:\/\/futbolhoy.co\/#\/schema\/person\/1721b69355b6623eaff15ac7b92d4cc3"},"headline":"Barcelona se queda con la Copa del Rey tras un partidazo contra el Madrid","datePublished":"2025-04-26T22:55:58+00:00","dateModified":"2025-04-28T03:23:40+00:00","mainEntityOfPage":{"@id":"https:\/\/futbolhoy.co\/index.php\/2025\/04\/26\/barcelona-se-queda-con-la-copa-del-rey-tras-un-partidazo-contra-el-madrid\/"},"wordCount":373,"commentCount":0,"publisher":{"@id":"https:\/\/futbolhoy.co\/#organization"},"image":{"@id":"https:\/\/futbolhoy.co\/index.php\/2025\/04\/26\/barcelona-se-queda-con-la-copa-del-rey-tras-un-partidazo-contra-el-madrid\/#primaryimage"},"thumbnailUrl":"https:\/\/futbolhoy.co\/wp-content\/uploads\/2025\/04\/Gpfuq2mXAAAlbTw.jpg","articleSection":["Mundo Futbol"],"inLanguage":"es","potentialAction":[{"@type":"CommentAction","name":"Comment","target":["https:\/\/futbolhoy.co\/index.php\/2025\/04\/26\/barcelona-se-queda-con-la-copa-del-rey-tras-un-partidazo-contra-el-madrid\/#respond"]}]},{"@type":"WebPage","@id":"https:\/\/futbolhoy.co\/index.php\/2025\/04\/26\/barcelona-se-queda-con-la-copa-del-rey-tras-un-partidazo-contra-el-madrid\/","url":"https:\/\/futbolhoy.co\/index.php\/2025\/04\/26\/barcelona-se-queda-con-la-copa-del-rey-tras-un-partidazo-contra-el-madrid\/","name":"Barcelona se queda con la Copa del Rey tras un partidazo contra el Madrid -","isPartOf":{"@id":"https:\/\/futbolhoy.co\/#website"},"primaryImageOfPage":{"@id":"https:\/\/futbolhoy.co\/index.php\/2025\/04\/26\/barcelona-se-queda-con-la-copa-del-rey-tras-un-partidazo-contra-el-madrid\/#primaryimage"},"image":{"@id":"https:\/\/futbolhoy.co\/index.php\/2025\/04\/26\/barcelona-se-queda-con-la-copa-del-rey-tras-un-partidazo-contra-el-madrid\/#primaryimage"},"thumbnailUrl":"https:\/\/futbolhoy.co\/wp-content\/uploads\/2025\/04\/Gpfuq2mXAAAlbTw.jpg","datePublished":"2025-04-26T22:55:58+00:00","dateModified":"2025-04-28T03:23:40+00:00","breadcrumb":{"@id":"https:\/\/futbolhoy.co\/index.php\/2025\/04\/26\/barcelona-se-queda-con-la-copa-del-rey-tras-un-partidazo-contra-el-madrid\/#breadcrumb"},"inLanguage":"es","potentialAction":[{"@type":"ReadAction","target":["https:\/\/futbolhoy.co\/index.php\/2025\/04\/26\/barcelona-se-queda-con-la-copa-del-rey-tras-un-partidazo-contra-el-madrid\/"]}]},{"@type":"ImageObject","inLanguage":"es","@id":"https:\/\/futbolhoy.co\/index.php\/2025\/04\/26\/barcelona-se-queda-con-la-copa-del-rey-tras-un-partidazo-contra-el-madrid\/#primaryimage","url":"https:\/\/futbolhoy.co\/wp-content\/uploads\/2025\/04\/Gpfuq2mXAAAlbTw.jpg","contentUrl":"https:\/\/futbolhoy.co\/wp-content\/uploads\/2025\/04\/Gpfuq2mXAAAlbTw.jpg","width":1986,"height":1271},{"@type":"BreadcrumbList","@id":"https:\/\/futbolhoy.co\/index.php\/2025\/04\/26\/barcelona-se-queda-con-la-copa-del-rey-tras-un-partidazo-contra-el-madrid\/#breadcrumb","itemListElement":[{"@type":"ListItem","position":1,"name":"Portada","item":"https:\/\/futbolhoy.co\/"},{"@type":"ListItem","position":2,"name":"Barcelona se queda con la Copa del Rey tras un partidazo contra el Madrid"}]},{"@type":"WebSite","@id":"https:\/\/futbolhoy.co\/#website","url":"https:\/\/futbolhoy.co\/","name":"FutbolHoy","description":"","publisher":{"@id":"https:\/\/futbolhoy.co\/#organization"},"potentialAction":[{"@type":"SearchAction","target":{"@type":"EntryPoint","urlTemplate":"https:\/\/futbolhoy.co\/?s={search_term_string}"},"query-input":{"@type":"PropertyValueSpecification","valueRequired":true,"valueName":"search_term_string"}}],"inLanguage":"es"},{"@type":"Organization","@id":"https:\/\/futbolhoy.co\/#organization","name":"Futbolhoy.co","url":"https:\/\/futbolhoy.co\/","logo":{"@type":"ImageObject","inLanguage":"es","@id":"https:\/\/futbolhoy.co\/#\/schema\/logo\/image\/","url":"https:\/\/futbolhoy.co\/wp-content\/uploads\/2018\/08\/17426380_1906371736249227_6326180412931521141_n.jpg","contentUrl":"https:\/\/futbolhoy.co\/wp-content\/uploads\/2018\/08\/17426380_1906371736249227_6326180412931521141_n.jpg","width":960,"height":960,"caption":"Futbolhoy.co"},"image":{"@id":"https:\/\/futbolhoy.co\/#\/schema\/logo\/image\/"},"sameAs":["https:\/\/www.facebook.com\/FutbolHoyCol\/","https:\/\/x.com\/FutbolHoyCol","https:\/\/www.instagram.com\/futbolhoycol\/"]},{"@type":"Person","@id":"https:\/\/futbolhoy.co\/#\/schema\/person\/1721b69355b6623eaff15ac7b92d4cc3","name":"contenido","image":{"@type":"ImageObject","inLanguage":"es","@id":"https:\/\/futbolhoy.co\/#\/schema\/person\/image\/","url":"https:\/\/secure.gravatar.com\/avatar\/4f656d3256f5134f466206e7c3941518?s=96&d=mm&r=g","contentUrl":"https:\/\/secure.gravatar.com\/avatar\/4f656d3256f5134f466206e7c3941518?s=96&d=mm&r=g","caption":"contenido"}}]}},"publishpress_future_action":{"enabled":false,"date":"2026-05-06 12:54:25","action":"change-status","newStatus":"draft","terms":[],"taxonomy":"category","extraData":[]},"publishpress_future_workflow_manual_trigger":{"enabledWorkflows":[]},"_links":{"self":[{"href":"https:\/\/futbolhoy.co\/index.php\/wp-json\/wp\/v2\/posts\/118844","targetHints":{"allow":["GET"]}}],"collection":[{"href":"https:\/\/futbolhoy.co\/index.php\/wp-json\/wp\/v2\/posts"}],"about":[{"href":"https:\/\/futbolhoy.co\/index.php\/wp-json\/wp\/v2\/types\/post"}],"author":[{"embeddable":true,"href":"https:\/\/futbolhoy.co\/index.php\/wp-json\/wp\/v2\/users\/4"}],"replies":[{"embeddable":true,"href":"https:\/\/futbolhoy.co\/index.php\/wp-json\/wp\/v2\/comments?post=118844"}],"version-history":[{"count":2,"href":"https:\/\/futbolhoy.co\/index.php\/wp-json\/wp\/v2\/posts\/118844\/revisions"}],"predecessor-version":[{"id":118847,"href":"https:\/\/futbolhoy.co\/index.php\/wp-json\/wp\/v2\/posts\/118844\/revisions\/118847"}],"wp:featuredmedia":[{"embeddable":true,"href":"https:\/\/futbolhoy.co\/index.php\/wp-json\/wp\/v2\/media\/118845"}],"wp:attachment":[{"href":"https:\/\/futbolhoy.co\/index.php\/wp-json\/wp\/v2\/media?parent=118844"}],"wp:term":[{"taxonomy":"category","embeddable":true,"href":"https:\/\/futbolhoy.co\/index.php\/wp-json\/wp\/v2\/categories?post=118844"},{"taxonomy":"post_tag","embeddable":true,"href":"https:\/\/futbolhoy.co\/index.php\/wp-json\/wp\/v2\/tags?post=118844"}],"curies":[{"name":"wp","href":"https:\/\/api.w.org\/{rel}","templated":true}]}}