{"id":118848,"date":"2025-04-26T17:23:24","date_gmt":"2025-04-26T22:23:24","guid":{"rendered":"https:\/\/futbolhoy.co\/?p=118848"},"modified":"2025-04-27T12:17:54","modified_gmt":"2025-04-27T17:17:54","slug":"hansi-flick-y-un-contundente-dato-sobre-las-finales-que-ha-disputado","status":"publish","type":"post","link":"https:\/\/futbolhoy.co\/index.php\/2025\/04\/26\/hansi-flick-y-un-contundente-dato-sobre-las-finales-que-ha-disputado\/","title":{"rendered":"Hansi Flick y un contundente dato sobre las finales que ha disputado"},"content":{"rendered":"<p style=\"text-align: justify;\"><span style=\"font-family: helvetica, arial, sans-serif;\">El t\u00e9cnico alem\u00e1n del Barcelona <strong>Hansi Flick<\/strong> ha conseguido llevarse su <strong>s\u00e9ptima final en las siete finales disputadas,<\/strong> cinco con el Bayern de M\u00fanich y dos con el cuadro azulgrana: la Copa del Rey y la Supercopa de Espa\u00f1a.<\/span><\/p>\n<p><span style=\"font-family: helvetica, arial, sans-serif;\">Con el Bar\u00e7a ha salido victorioso en las dos que ha disputado, la \u00faltima esta Copa del Rey, la trig\u00e9simo segunda de su historia, despu\u00e9s de un partido muy disputado, que lleg\u00f3 a la pr\u00f3rroga y en el que Jules Kounde anot\u00f3 el tanto de la victoria en el 116 con un gran remate.<\/span><\/p>\n<p><span style=\"font-family: helvetica, arial, sans-serif;\">Antes, el equipo azulgrana hab\u00eda conquistado la final de la <strong>Supercopa de Espa\u00f1a<\/strong> (12 enero 2025), en la que gole\u00f3 en Yeda (Arabia Saud\u00ed) al Real Madrid por 2-5, un partido en el que su equipo jug\u00f3 desde el minuto 56 con uno menos por la expulsi\u00f3n de Szczesny en el minuto 56.<\/span><\/p>\n<p><span style=\"font-family: helvetica, arial, sans-serif;\">La racha de victorias en finales de Flick se abri\u00f3 en la final de la <strong>Copa alemana de 2020<\/strong>. Gan\u00f3 su Bayern M\u00fanich al Bayer Leverkusen (4-2) en un partido disputado en el Ol\u00edmpico de Berl\u00edn.<\/span><\/p>\n<p><span style=\"font-family: helvetica, arial, sans-serif;\">El 23 de agosto de 2020, en el estadio Da Luz de Lisboa, el Bayern de Flick consigui\u00f3 el t\u00edtulo de la <strong>Champions,<\/strong> en una competici\u00f3n que se disput\u00f3 bajo el formato de 'Final a Ocho' en la capital portuguesa.<\/span><\/p>\n<p><span style=\"font-family: helvetica, arial, sans-serif;\">La tercera final conquistada con el Bayern fue la de la <strong>Supercopa de Europa,<\/strong> disputada en el Puskas Arena de Budapest, el 24 de septiembre de 2020.<\/span><\/p>\n<p><span style=\"font-family: helvetica, arial, sans-serif;\">El Borussia Dortmund fue el rival del <strong>Bayern en la final de la Supercopa alemana de 2020<\/strong>, que se disput\u00f3 en el Allianz Arena de M\u00fanich el 30 de septiembre.<\/span><\/p>\n<p style=\"text-align: justify;\"><span style=\"font-family: helvetica, arial, sans-serif;\">El quinto t\u00edtulo fue el Mundial de Clubes, que se disput\u00f3 el 11 de febrero de 2021 en Ray\u00e1n (Arabia Saud\u00ed). Los de Flick ganaron por 1-0 a<strong> Tigres UANL<\/strong> mexicano, gracias a un tanto de Benjam\u00edn Pavard en el minuto 59.<\/span><\/p>\n<p><span style=\"font-family: helvetica, arial, sans-serif;\">Adem\u00e1s de estos siete t\u00edtulos en siete finales, el t\u00e9cnico de Heidelberg fue el ayudante de Joachim L\u00f6w en la final del Mundial de 2014 que Alemania gan\u00f3 a Argentina en Maracan\u00e1 con un tanto de <strong>Mario G\u00f6tze<\/strong> en la pr\u00f3rroga (1-0).\u00a0<\/span><\/p>\n","protected":false},"excerpt":{"rendered":"<p>El t\u00e9cnico alem\u00e1n del Barcelona Hansi Flick ha conseguido llevarse su s\u00e9ptima final en las siete finales disputadas, cinco con el Bayern de M\u00fanich y dos con el cuadro azulgrana: la Copa del Rey y la Supercopa de Espa\u00f1a. Con el Bar\u00e7a ha salido victorioso en las dos que ha disputado, la \u00faltima esta Copa [&hellip;]<\/p>\n","protected":false},"author":4,"featured_media":118849,"comment_status":"open","ping_status":"open","sticky":false,"template":"","format":"standard","meta":{"_acf_changed":false,"footnotes":""},"categories":[152],"tags":[],"class_list":{"0":"post-118848","1":"post","2":"type-post","3":"status-publish","4":"format-standard","5":"has-post-thumbnail","7":"category-mundo-futbol"},"acf":[],"yoast_head":"<!-- This site is optimized with the Yoast SEO plugin v26.8 - https:\/\/yoast.com\/product\/yoast-seo-wordpress\/ -->\n<title>Hansi Flick y un contundente dato sobre las finales que ha disputado -<\/title>\n<meta name=\"robots\" content=\"index, follow, max-snippet:-1, max-image-preview:large, max-video-preview:-1\" \/>\n<link rel=\"canonical\" href=\"https:\/\/futbolhoy.co\/index.php\/2025\/04\/26\/hansi-flick-y-un-contundente-dato-sobre-las-finales-que-ha-disputado\/\" \/>\n<meta property=\"og:locale\" content=\"es_ES\" \/>\n<meta property=\"og:type\" content=\"article\" \/>\n<meta property=\"og:title\" content=\"Hansi Flick y un contundente dato sobre las finales que ha disputado -\" \/>\n<meta property=\"og:description\" content=\"El t\u00e9cnico alem\u00e1n del Barcelona Hansi Flick ha conseguido llevarse su s\u00e9ptima final en las siete finales disputadas, cinco con el Bayern de M\u00fanich y dos con el cuadro azulgrana: la Copa del Rey y la Supercopa de Espa\u00f1a. Con el Bar\u00e7a ha salido victorioso en las dos que ha disputado, la \u00faltima esta Copa [&hellip;]\" \/>\n<meta property=\"og:url\" content=\"https:\/\/futbolhoy.co\/index.php\/2025\/04\/26\/hansi-flick-y-un-contundente-dato-sobre-las-finales-que-ha-disputado\/\" \/>\n<meta property=\"article:publisher\" content=\"https:\/\/www.facebook.com\/FutbolHoyCol\/\" \/>\n<meta property=\"article:published_time\" content=\"2025-04-26T22:23:24+00:00\" \/>\n<meta property=\"article:modified_time\" content=\"2025-04-27T17:17:54+00:00\" \/>\n<meta property=\"og:image\" content=\"https:\/\/futbolhoy.co\/wp-content\/uploads\/2025\/04\/GpZz_vlWUAAFfXZ.jpg\" \/>\n\t<meta property=\"og:image:width\" content=\"2000\" \/>\n\t<meta property=\"og:image:height\" content=\"2000\" \/>\n\t<meta property=\"og:image:type\" content=\"image\/jpeg\" \/>\n<meta name=\"author\" content=\"contenido\" \/>\n<meta name=\"twitter:card\" content=\"summary_large_image\" \/>\n<meta name=\"twitter:creator\" content=\"@FutbolHoyCol\" \/>\n<meta name=\"twitter:site\" content=\"@FutbolHoyCol\" \/>\n<meta name=\"twitter:label1\" content=\"Escrito por\" \/>\n\t<meta name=\"twitter:data1\" content=\"contenido\" \/>\n\t<meta name=\"twitter:label2\" content=\"Tiempo de lectura\" \/>\n\t<meta name=\"twitter:data2\" content=\"2 minutos\" \/>\n<script type=\"application\/ld+json\" class=\"yoast-schema-graph\">{\"@context\":\"https:\/\/schema.org\",\"@graph\":[{\"@type\":\"Article\",\"@id\":\"https:\/\/futbolhoy.co\/index.php\/2025\/04\/26\/hansi-flick-y-un-contundente-dato-sobre-las-finales-que-ha-disputado\/#article\",\"isPartOf\":{\"@id\":\"https:\/\/futbolhoy.co\/index.php\/2025\/04\/26\/hansi-flick-y-un-contundente-dato-sobre-las-finales-que-ha-disputado\/\"},\"author\":{\"name\":\"contenido\",\"@id\":\"https:\/\/futbolhoy.co\/#\/schema\/person\/1721b69355b6623eaff15ac7b92d4cc3\"},\"headline\":\"Hansi Flick y un contundente dato sobre las finales que ha disputado\",\"datePublished\":\"2025-04-26T22:23:24+00:00\",\"dateModified\":\"2025-04-27T17:17:54+00:00\",\"mainEntityOfPage\":{\"@id\":\"https:\/\/futbolhoy.co\/index.php\/2025\/04\/26\/hansi-flick-y-un-contundente-dato-sobre-las-finales-que-ha-disputado\/\"},\"wordCount\":386,\"commentCount\":0,\"publisher\":{\"@id\":\"https:\/\/futbolhoy.co\/#organization\"},\"image\":{\"@id\":\"https:\/\/futbolhoy.co\/index.php\/2025\/04\/26\/hansi-flick-y-un-contundente-dato-sobre-las-finales-que-ha-disputado\/#primaryimage\"},\"thumbnailUrl\":\"https:\/\/futbolhoy.co\/wp-content\/uploads\/2025\/04\/GpZz_vlWUAAFfXZ.jpg\",\"articleSection\":[\"Mundo Futbol\"],\"inLanguage\":\"es\",\"potentialAction\":[{\"@type\":\"CommentAction\",\"name\":\"Comment\",\"target\":[\"https:\/\/futbolhoy.co\/index.php\/2025\/04\/26\/hansi-flick-y-un-contundente-dato-sobre-las-finales-que-ha-disputado\/#respond\"]}]},{\"@type\":\"WebPage\",\"@id\":\"https:\/\/futbolhoy.co\/index.php\/2025\/04\/26\/hansi-flick-y-un-contundente-dato-sobre-las-finales-que-ha-disputado\/\",\"url\":\"https:\/\/futbolhoy.co\/index.php\/2025\/04\/26\/hansi-flick-y-un-contundente-dato-sobre-las-finales-que-ha-disputado\/\",\"name\":\"Hansi Flick y un contundente dato sobre las finales que ha disputado -\",\"isPartOf\":{\"@id\":\"https:\/\/futbolhoy.co\/#website\"},\"primaryImageOfPage\":{\"@id\":\"https:\/\/futbolhoy.co\/index.php\/2025\/04\/26\/hansi-flick-y-un-contundente-dato-sobre-las-finales-que-ha-disputado\/#primaryimage\"},\"image\":{\"@id\":\"https:\/\/futbolhoy.co\/index.php\/2025\/04\/26\/hansi-flick-y-un-contundente-dato-sobre-las-finales-que-ha-disputado\/#primaryimage\"},\"thumbnailUrl\":\"https:\/\/futbolhoy.co\/wp-content\/uploads\/2025\/04\/GpZz_vlWUAAFfXZ.jpg\",\"datePublished\":\"2025-04-26T22:23:24+00:00\",\"dateModified\":\"2025-04-27T17:17:54+00:00\",\"breadcrumb\":{\"@id\":\"https:\/\/futbolhoy.co\/index.php\/2025\/04\/26\/hansi-flick-y-un-contundente-dato-sobre-las-finales-que-ha-disputado\/#breadcrumb\"},\"inLanguage\":\"es\",\"potentialAction\":[{\"@type\":\"ReadAction\",\"target\":[\"https:\/\/futbolhoy.co\/index.php\/2025\/04\/26\/hansi-flick-y-un-contundente-dato-sobre-las-finales-que-ha-disputado\/\"]}]},{\"@type\":\"ImageObject\",\"inLanguage\":\"es\",\"@id\":\"https:\/\/futbolhoy.co\/index.php\/2025\/04\/26\/hansi-flick-y-un-contundente-dato-sobre-las-finales-que-ha-disputado\/#primaryimage\",\"url\":\"https:\/\/futbolhoy.co\/wp-content\/uploads\/2025\/04\/GpZz_vlWUAAFfXZ.jpg\",\"contentUrl\":\"https:\/\/futbolhoy.co\/wp-content\/uploads\/2025\/04\/GpZz_vlWUAAFfXZ.jpg\",\"width\":2000,\"height\":2000},{\"@type\":\"BreadcrumbList\",\"@id\":\"https:\/\/futbolhoy.co\/index.php\/2025\/04\/26\/hansi-flick-y-un-contundente-dato-sobre-las-finales-que-ha-disputado\/#breadcrumb\",\"itemListElement\":[{\"@type\":\"ListItem\",\"position\":1,\"name\":\"Portada\",\"item\":\"https:\/\/futbolhoy.co\/\"},{\"@type\":\"ListItem\",\"position\":2,\"name\":\"Hansi Flick y un contundente dato sobre las finales que ha disputado\"}]},{\"@type\":\"WebSite\",\"@id\":\"https:\/\/futbolhoy.co\/#website\",\"url\":\"https:\/\/futbolhoy.co\/\",\"name\":\"FutbolHoy\",\"description\":\"\",\"publisher\":{\"@id\":\"https:\/\/futbolhoy.co\/#organization\"},\"potentialAction\":[{\"@type\":\"SearchAction\",\"target\":{\"@type\":\"EntryPoint\",\"urlTemplate\":\"https:\/\/futbolhoy.co\/?s={search_term_string}\"},\"query-input\":{\"@type\":\"PropertyValueSpecification\",\"valueRequired\":true,\"valueName\":\"search_term_string\"}}],\"inLanguage\":\"es\"},{\"@type\":\"Organization\",\"@id\":\"https:\/\/futbolhoy.co\/#organization\",\"name\":\"Futbolhoy.co\",\"url\":\"https:\/\/futbolhoy.co\/\",\"logo\":{\"@type\":\"ImageObject\",\"inLanguage\":\"es\",\"@id\":\"https:\/\/futbolhoy.co\/#\/schema\/logo\/image\/\",\"url\":\"https:\/\/futbolhoy.co\/wp-content\/uploads\/2018\/08\/17426380_1906371736249227_6326180412931521141_n.jpg\",\"contentUrl\":\"https:\/\/futbolhoy.co\/wp-content\/uploads\/2018\/08\/17426380_1906371736249227_6326180412931521141_n.jpg\",\"width\":960,\"height\":960,\"caption\":\"Futbolhoy.co\"},\"image\":{\"@id\":\"https:\/\/futbolhoy.co\/#\/schema\/logo\/image\/\"},\"sameAs\":[\"https:\/\/www.facebook.com\/FutbolHoyCol\/\",\"https:\/\/x.com\/FutbolHoyCol\",\"https:\/\/www.instagram.com\/futbolhoycol\/\"]},{\"@type\":\"Person\",\"@id\":\"https:\/\/futbolhoy.co\/#\/schema\/person\/1721b69355b6623eaff15ac7b92d4cc3\",\"name\":\"contenido\",\"image\":{\"@type\":\"ImageObject\",\"inLanguage\":\"es\",\"@id\":\"https:\/\/futbolhoy.co\/#\/schema\/person\/image\/\",\"url\":\"https:\/\/secure.gravatar.com\/avatar\/4f656d3256f5134f466206e7c3941518?s=96&d=mm&r=g\",\"contentUrl\":\"https:\/\/secure.gravatar.com\/avatar\/4f656d3256f5134f466206e7c3941518?s=96&d=mm&r=g\",\"caption\":\"contenido\"}}]}<\/script>\n<!-- \/ Yoast SEO plugin. -->","yoast_head_json":{"title":"Hansi Flick y un contundente dato sobre las finales que ha disputado -","robots":{"index":"index","follow":"follow","max-snippet":"max-snippet:-1","max-image-preview":"max-image-preview:large","max-video-preview":"max-video-preview:-1"},"canonical":"https:\/\/futbolhoy.co\/index.php\/2025\/04\/26\/hansi-flick-y-un-contundente-dato-sobre-las-finales-que-ha-disputado\/","og_locale":"es_ES","og_type":"article","og_title":"Hansi Flick y un contundente dato sobre las finales que ha disputado -","og_description":"El t\u00e9cnico alem\u00e1n del Barcelona Hansi Flick ha conseguido llevarse su s\u00e9ptima final en las siete finales disputadas, cinco con el Bayern de M\u00fanich y dos con el cuadro azulgrana: la Copa del Rey y la Supercopa de Espa\u00f1a. Con el Bar\u00e7a ha salido victorioso en las dos que ha disputado, la \u00faltima esta Copa [&hellip;]","og_url":"https:\/\/futbolhoy.co\/index.php\/2025\/04\/26\/hansi-flick-y-un-contundente-dato-sobre-las-finales-que-ha-disputado\/","article_publisher":"https:\/\/www.facebook.com\/FutbolHoyCol\/","article_published_time":"2025-04-26T22:23:24+00:00","article_modified_time":"2025-04-27T17:17:54+00:00","og_image":[{"width":2000,"height":2000,"url":"https:\/\/futbolhoy.co\/wp-content\/uploads\/2025\/04\/GpZz_vlWUAAFfXZ.jpg","type":"image\/jpeg"}],"author":"contenido","twitter_card":"summary_large_image","twitter_creator":"@FutbolHoyCol","twitter_site":"@FutbolHoyCol","twitter_misc":{"Escrito por":"contenido","Tiempo de lectura":"2 minutos"},"schema":{"@context":"https:\/\/schema.org","@graph":[{"@type":"Article","@id":"https:\/\/futbolhoy.co\/index.php\/2025\/04\/26\/hansi-flick-y-un-contundente-dato-sobre-las-finales-que-ha-disputado\/#article","isPartOf":{"@id":"https:\/\/futbolhoy.co\/index.php\/2025\/04\/26\/hansi-flick-y-un-contundente-dato-sobre-las-finales-que-ha-disputado\/"},"author":{"name":"contenido","@id":"https:\/\/futbolhoy.co\/#\/schema\/person\/1721b69355b6623eaff15ac7b92d4cc3"},"headline":"Hansi Flick y un contundente dato sobre las finales que ha disputado","datePublished":"2025-04-26T22:23:24+00:00","dateModified":"2025-04-27T17:17:54+00:00","mainEntityOfPage":{"@id":"https:\/\/futbolhoy.co\/index.php\/2025\/04\/26\/hansi-flick-y-un-contundente-dato-sobre-las-finales-que-ha-disputado\/"},"wordCount":386,"commentCount":0,"publisher":{"@id":"https:\/\/futbolhoy.co\/#organization"},"image":{"@id":"https:\/\/futbolhoy.co\/index.php\/2025\/04\/26\/hansi-flick-y-un-contundente-dato-sobre-las-finales-que-ha-disputado\/#primaryimage"},"thumbnailUrl":"https:\/\/futbolhoy.co\/wp-content\/uploads\/2025\/04\/GpZz_vlWUAAFfXZ.jpg","articleSection":["Mundo Futbol"],"inLanguage":"es","potentialAction":[{"@type":"CommentAction","name":"Comment","target":["https:\/\/futbolhoy.co\/index.php\/2025\/04\/26\/hansi-flick-y-un-contundente-dato-sobre-las-finales-que-ha-disputado\/#respond"]}]},{"@type":"WebPage","@id":"https:\/\/futbolhoy.co\/index.php\/2025\/04\/26\/hansi-flick-y-un-contundente-dato-sobre-las-finales-que-ha-disputado\/","url":"https:\/\/futbolhoy.co\/index.php\/2025\/04\/26\/hansi-flick-y-un-contundente-dato-sobre-las-finales-que-ha-disputado\/","name":"Hansi Flick y un contundente dato sobre las finales que ha disputado -","isPartOf":{"@id":"https:\/\/futbolhoy.co\/#website"},"primaryImageOfPage":{"@id":"https:\/\/futbolhoy.co\/index.php\/2025\/04\/26\/hansi-flick-y-un-contundente-dato-sobre-las-finales-que-ha-disputado\/#primaryimage"},"image":{"@id":"https:\/\/futbolhoy.co\/index.php\/2025\/04\/26\/hansi-flick-y-un-contundente-dato-sobre-las-finales-que-ha-disputado\/#primaryimage"},"thumbnailUrl":"https:\/\/futbolhoy.co\/wp-content\/uploads\/2025\/04\/GpZz_vlWUAAFfXZ.jpg","datePublished":"2025-04-26T22:23:24+00:00","dateModified":"2025-04-27T17:17:54+00:00","breadcrumb":{"@id":"https:\/\/futbolhoy.co\/index.php\/2025\/04\/26\/hansi-flick-y-un-contundente-dato-sobre-las-finales-que-ha-disputado\/#breadcrumb"},"inLanguage":"es","potentialAction":[{"@type":"ReadAction","target":["https:\/\/futbolhoy.co\/index.php\/2025\/04\/26\/hansi-flick-y-un-contundente-dato-sobre-las-finales-que-ha-disputado\/"]}]},{"@type":"ImageObject","inLanguage":"es","@id":"https:\/\/futbolhoy.co\/index.php\/2025\/04\/26\/hansi-flick-y-un-contundente-dato-sobre-las-finales-que-ha-disputado\/#primaryimage","url":"https:\/\/futbolhoy.co\/wp-content\/uploads\/2025\/04\/GpZz_vlWUAAFfXZ.jpg","contentUrl":"https:\/\/futbolhoy.co\/wp-content\/uploads\/2025\/04\/GpZz_vlWUAAFfXZ.jpg","width":2000,"height":2000},{"@type":"BreadcrumbList","@id":"https:\/\/futbolhoy.co\/index.php\/2025\/04\/26\/hansi-flick-y-un-contundente-dato-sobre-las-finales-que-ha-disputado\/#breadcrumb","itemListElement":[{"@type":"ListItem","position":1,"name":"Portada","item":"https:\/\/futbolhoy.co\/"},{"@type":"ListItem","position":2,"name":"Hansi Flick y un contundente dato sobre las finales que ha disputado"}]},{"@type":"WebSite","@id":"https:\/\/futbolhoy.co\/#website","url":"https:\/\/futbolhoy.co\/","name":"FutbolHoy","description":"","publisher":{"@id":"https:\/\/futbolhoy.co\/#organization"},"potentialAction":[{"@type":"SearchAction","target":{"@type":"EntryPoint","urlTemplate":"https:\/\/futbolhoy.co\/?s={search_term_string}"},"query-input":{"@type":"PropertyValueSpecification","valueRequired":true,"valueName":"search_term_string"}}],"inLanguage":"es"},{"@type":"Organization","@id":"https:\/\/futbolhoy.co\/#organization","name":"Futbolhoy.co","url":"https:\/\/futbolhoy.co\/","logo":{"@type":"ImageObject","inLanguage":"es","@id":"https:\/\/futbolhoy.co\/#\/schema\/logo\/image\/","url":"https:\/\/futbolhoy.co\/wp-content\/uploads\/2018\/08\/17426380_1906371736249227_6326180412931521141_n.jpg","contentUrl":"https:\/\/futbolhoy.co\/wp-content\/uploads\/2018\/08\/17426380_1906371736249227_6326180412931521141_n.jpg","width":960,"height":960,"caption":"Futbolhoy.co"},"image":{"@id":"https:\/\/futbolhoy.co\/#\/schema\/logo\/image\/"},"sameAs":["https:\/\/www.facebook.com\/FutbolHoyCol\/","https:\/\/x.com\/FutbolHoyCol","https:\/\/www.instagram.com\/futbolhoycol\/"]},{"@type":"Person","@id":"https:\/\/futbolhoy.co\/#\/schema\/person\/1721b69355b6623eaff15ac7b92d4cc3","name":"contenido","image":{"@type":"ImageObject","inLanguage":"es","@id":"https:\/\/futbolhoy.co\/#\/schema\/person\/image\/","url":"https:\/\/secure.gravatar.com\/avatar\/4f656d3256f5134f466206e7c3941518?s=96&d=mm&r=g","contentUrl":"https:\/\/secure.gravatar.com\/avatar\/4f656d3256f5134f466206e7c3941518?s=96&d=mm&r=g","caption":"contenido"}}]}},"publishpress_future_action":{"enabled":false,"date":"2026-05-06 13:49:09","action":"change-status","newStatus":"draft","terms":[],"taxonomy":"category","extraData":[]},"publishpress_future_workflow_manual_trigger":{"enabledWorkflows":[]},"_links":{"self":[{"href":"https:\/\/futbolhoy.co\/index.php\/wp-json\/wp\/v2\/posts\/118848","targetHints":{"allow":["GET"]}}],"collection":[{"href":"https:\/\/futbolhoy.co\/index.php\/wp-json\/wp\/v2\/posts"}],"about":[{"href":"https:\/\/futbolhoy.co\/index.php\/wp-json\/wp\/v2\/types\/post"}],"author":[{"embeddable":true,"href":"https:\/\/futbolhoy.co\/index.php\/wp-json\/wp\/v2\/users\/4"}],"replies":[{"embeddable":true,"href":"https:\/\/futbolhoy.co\/index.php\/wp-json\/wp\/v2\/comments?post=118848"}],"version-history":[{"count":2,"href":"https:\/\/futbolhoy.co\/index.php\/wp-json\/wp\/v2\/posts\/118848\/revisions"}],"predecessor-version":[{"id":118851,"href":"https:\/\/futbolhoy.co\/index.php\/wp-json\/wp\/v2\/posts\/118848\/revisions\/118851"}],"wp:featuredmedia":[{"embeddable":true,"href":"https:\/\/futbolhoy.co\/index.php\/wp-json\/wp\/v2\/media\/118849"}],"wp:attachment":[{"href":"https:\/\/futbolhoy.co\/index.php\/wp-json\/wp\/v2\/media?parent=118848"}],"wp:term":[{"taxonomy":"category","embeddable":true,"href":"https:\/\/futbolhoy.co\/index.php\/wp-json\/wp\/v2\/categories?post=118848"},{"taxonomy":"post_tag","embeddable":true,"href":"https:\/\/futbolhoy.co\/index.php\/wp-json\/wp\/v2\/tags?post=118848"}],"curies":[{"name":"wp","href":"https:\/\/api.w.org\/{rel}","templated":true}]}}