{"id":118907,"date":"2025-04-28T19:07:45","date_gmt":"2025-04-29T00:07:45","guid":{"rendered":"https:\/\/futbolhoy.co\/?p=118907"},"modified":"2025-04-29T21:39:23","modified_gmt":"2025-04-30T02:39:23","slug":"confirmado-el-dia-y-la-hora-para-colombia-vs-peru-por-eliminatorias","status":"publish","type":"post","link":"https:\/\/futbolhoy.co\/index.php\/2025\/04\/28\/confirmado-el-dia-y-la-hora-para-colombia-vs-peru-por-eliminatorias\/","title":{"rendered":"Confirmado el d\u00eda y la hora para Colombia vs. Per\u00fa por Eliminatorias"},"content":{"rendered":"<p style=\"text-align: justify;\"><span style=\"font-family: helvetica, arial, sans-serif;\">La<strong> Selecci\u00f3n Colombia<\/strong> espera por una doble fecha <strong>FIFA<\/strong> que ser\u00e1 definitiva, pues puede sellar la clasificaci\u00f3n al <strong>Mundial 2026.<\/strong> Se estima que a la Tricolor le restan 4 puntos para lograr el boleto.<\/span><\/p>\n<p style=\"text-align: justify;\"><span style=\"font-family: helvetica, arial, sans-serif;\">Los pr\u00f3ximos rivales ser\u00e1n <strong>Per\u00fa<\/strong> en <strong>Barranquilla<\/strong> y <strong>Argentina<\/strong> en condici\u00f3n de visitante, en el mes de junio, cuando las temporadas en la mayor\u00eda de los pa\u00edses ya ha concluido.<\/span><\/p>\n<p style=\"text-align: justify;\"><span style=\"font-family: helvetica, arial, sans-serif;\">La <strong>Federaci\u00f3n Colombiana de F\u00fatbol<\/strong> confirm\u00f3 el d\u00eda y la hora del juego por la fecha 15 de las clasificatorias. Ante Per\u00fa, ser\u00e1 el viernes 6 de junio y se regresa al horario de 3:30 de la tarde.<\/span><\/p>\n<p style=\"text-align: justify;\"><span style=\"font-family: helvetica, arial, sans-serif;\">El juego frente a Argentina ser\u00e1 el martes 10 del mismo mes, en horario por confirmar.<\/span><\/p>\n<p style=\"text-align: justify;\"><span style=\"font-family: helvetica, arial, sans-serif;\">Colombia, que perdi\u00f3 ante <strong>Brasil<\/strong> y empat\u00f3 con <strong>Paraguay<\/strong> en las m\u00e1s recientes jornadas, ubica en el sexto puesto de la tabla con 20 unidades.<\/span><\/p>\n","protected":false},"excerpt":{"rendered":"<p>La Selecci\u00f3n Colombia espera por una doble fecha FIFA que ser\u00e1 definitiva, pues puede sellar la clasificaci\u00f3n al Mundial 2026. Se estima que a la Tricolor le restan 4 puntos para lograr el boleto. Los pr\u00f3ximos rivales ser\u00e1n Per\u00fa en Barranquilla y Argentina en condici\u00f3n de visitante, en el mes de junio, cuando las temporadas [&hellip;]<\/p>\n","protected":false},"author":4,"featured_media":110362,"comment_status":"open","ping_status":"open","sticky":false,"template":"","format":"standard","meta":{"_acf_changed":false,"footnotes":""},"categories":[418],"tags":[],"class_list":{"0":"post-118907","1":"post","2":"type-post","3":"status-publish","4":"format-standard","5":"has-post-thumbnail","7":"category-colombia"},"acf":[],"yoast_head":"<!-- This site is optimized with the Yoast SEO plugin v26.8 - https:\/\/yoast.com\/product\/yoast-seo-wordpress\/ -->\n<title>Confirmado el d\u00eda y la hora para Colombia vs. Per\u00fa por Eliminatorias -<\/title>\n<meta name=\"robots\" content=\"index, follow, max-snippet:-1, max-image-preview:large, max-video-preview:-1\" \/>\n<link rel=\"canonical\" href=\"https:\/\/futbolhoy.co\/index.php\/2025\/04\/28\/confirmado-el-dia-y-la-hora-para-colombia-vs-peru-por-eliminatorias\/\" \/>\n<meta property=\"og:locale\" content=\"es_ES\" \/>\n<meta property=\"og:type\" content=\"article\" \/>\n<meta property=\"og:title\" content=\"Confirmado el d\u00eda y la hora para Colombia vs. Per\u00fa por Eliminatorias -\" \/>\n<meta property=\"og:description\" content=\"La Selecci\u00f3n Colombia espera por una doble fecha FIFA que ser\u00e1 definitiva, pues puede sellar la clasificaci\u00f3n al Mundial 2026. Se estima que a la Tricolor le restan 4 puntos para lograr el boleto. Los pr\u00f3ximos rivales ser\u00e1n Per\u00fa en Barranquilla y Argentina en condici\u00f3n de visitante, en el mes de junio, cuando las temporadas [&hellip;]\" \/>\n<meta property=\"og:url\" content=\"https:\/\/futbolhoy.co\/index.php\/2025\/04\/28\/confirmado-el-dia-y-la-hora-para-colombia-vs-peru-por-eliminatorias\/\" \/>\n<meta property=\"article:publisher\" content=\"https:\/\/www.facebook.com\/FutbolHoyCol\/\" \/>\n<meta property=\"article:published_time\" content=\"2025-04-29T00:07:45+00:00\" \/>\n<meta property=\"article:modified_time\" content=\"2025-04-30T02:39:23+00:00\" \/>\n<meta property=\"og:image\" content=\"https:\/\/futbolhoy.co\/wp-content\/uploads\/2024\/07\/2.-Colombia-vs.-Argentina-14-de-julio-2024.JPG.jpg\" \/>\n\t<meta property=\"og:image:width\" content=\"1600\" \/>\n\t<meta property=\"og:image:height\" content=\"1014\" \/>\n\t<meta property=\"og:image:type\" content=\"image\/jpeg\" \/>\n<meta name=\"author\" content=\"contenido\" \/>\n<meta name=\"twitter:card\" content=\"summary_large_image\" \/>\n<meta name=\"twitter:creator\" content=\"@FutbolHoyCol\" \/>\n<meta name=\"twitter:site\" content=\"@FutbolHoyCol\" \/>\n<meta name=\"twitter:label1\" content=\"Escrito por\" \/>\n\t<meta name=\"twitter:data1\" content=\"contenido\" \/>\n\t<meta name=\"twitter:label2\" content=\"Tiempo de lectura\" \/>\n\t<meta name=\"twitter:data2\" content=\"1 minuto\" \/>\n<script type=\"application\/ld+json\" class=\"yoast-schema-graph\">{\"@context\":\"https:\/\/schema.org\",\"@graph\":[{\"@type\":\"Article\",\"@id\":\"https:\/\/futbolhoy.co\/index.php\/2025\/04\/28\/confirmado-el-dia-y-la-hora-para-colombia-vs-peru-por-eliminatorias\/#article\",\"isPartOf\":{\"@id\":\"https:\/\/futbolhoy.co\/index.php\/2025\/04\/28\/confirmado-el-dia-y-la-hora-para-colombia-vs-peru-por-eliminatorias\/\"},\"author\":{\"name\":\"contenido\",\"@id\":\"https:\/\/futbolhoy.co\/#\/schema\/person\/1721b69355b6623eaff15ac7b92d4cc3\"},\"headline\":\"Confirmado el d\u00eda y la hora para Colombia vs. Per\u00fa por Eliminatorias\",\"datePublished\":\"2025-04-29T00:07:45+00:00\",\"dateModified\":\"2025-04-30T02:39:23+00:00\",\"mainEntityOfPage\":{\"@id\":\"https:\/\/futbolhoy.co\/index.php\/2025\/04\/28\/confirmado-el-dia-y-la-hora-para-colombia-vs-peru-por-eliminatorias\/\"},\"wordCount\":160,\"commentCount\":0,\"publisher\":{\"@id\":\"https:\/\/futbolhoy.co\/#organization\"},\"image\":{\"@id\":\"https:\/\/futbolhoy.co\/index.php\/2025\/04\/28\/confirmado-el-dia-y-la-hora-para-colombia-vs-peru-por-eliminatorias\/#primaryimage\"},\"thumbnailUrl\":\"https:\/\/futbolhoy.co\/wp-content\/uploads\/2024\/07\/2.-Colombia-vs.-Argentina-14-de-julio-2024.JPG.jpg\",\"articleSection\":[\"Colombia\"],\"inLanguage\":\"es\",\"potentialAction\":[{\"@type\":\"CommentAction\",\"name\":\"Comment\",\"target\":[\"https:\/\/futbolhoy.co\/index.php\/2025\/04\/28\/confirmado-el-dia-y-la-hora-para-colombia-vs-peru-por-eliminatorias\/#respond\"]}]},{\"@type\":\"WebPage\",\"@id\":\"https:\/\/futbolhoy.co\/index.php\/2025\/04\/28\/confirmado-el-dia-y-la-hora-para-colombia-vs-peru-por-eliminatorias\/\",\"url\":\"https:\/\/futbolhoy.co\/index.php\/2025\/04\/28\/confirmado-el-dia-y-la-hora-para-colombia-vs-peru-por-eliminatorias\/\",\"name\":\"Confirmado el d\u00eda y la hora para Colombia vs. Per\u00fa por Eliminatorias -\",\"isPartOf\":{\"@id\":\"https:\/\/futbolhoy.co\/#website\"},\"primaryImageOfPage\":{\"@id\":\"https:\/\/futbolhoy.co\/index.php\/2025\/04\/28\/confirmado-el-dia-y-la-hora-para-colombia-vs-peru-por-eliminatorias\/#primaryimage\"},\"image\":{\"@id\":\"https:\/\/futbolhoy.co\/index.php\/2025\/04\/28\/confirmado-el-dia-y-la-hora-para-colombia-vs-peru-por-eliminatorias\/#primaryimage\"},\"thumbnailUrl\":\"https:\/\/futbolhoy.co\/wp-content\/uploads\/2024\/07\/2.-Colombia-vs.-Argentina-14-de-julio-2024.JPG.jpg\",\"datePublished\":\"2025-04-29T00:07:45+00:00\",\"dateModified\":\"2025-04-30T02:39:23+00:00\",\"breadcrumb\":{\"@id\":\"https:\/\/futbolhoy.co\/index.php\/2025\/04\/28\/confirmado-el-dia-y-la-hora-para-colombia-vs-peru-por-eliminatorias\/#breadcrumb\"},\"inLanguage\":\"es\",\"potentialAction\":[{\"@type\":\"ReadAction\",\"target\":[\"https:\/\/futbolhoy.co\/index.php\/2025\/04\/28\/confirmado-el-dia-y-la-hora-para-colombia-vs-peru-por-eliminatorias\/\"]}]},{\"@type\":\"ImageObject\",\"inLanguage\":\"es\",\"@id\":\"https:\/\/futbolhoy.co\/index.php\/2025\/04\/28\/confirmado-el-dia-y-la-hora-para-colombia-vs-peru-por-eliminatorias\/#primaryimage\",\"url\":\"https:\/\/futbolhoy.co\/wp-content\/uploads\/2024\/07\/2.-Colombia-vs.-Argentina-14-de-julio-2024.JPG.jpg\",\"contentUrl\":\"https:\/\/futbolhoy.co\/wp-content\/uploads\/2024\/07\/2.-Colombia-vs.-Argentina-14-de-julio-2024.JPG.jpg\",\"width\":1600,\"height\":1014},{\"@type\":\"BreadcrumbList\",\"@id\":\"https:\/\/futbolhoy.co\/index.php\/2025\/04\/28\/confirmado-el-dia-y-la-hora-para-colombia-vs-peru-por-eliminatorias\/#breadcrumb\",\"itemListElement\":[{\"@type\":\"ListItem\",\"position\":1,\"name\":\"Portada\",\"item\":\"https:\/\/futbolhoy.co\/\"},{\"@type\":\"ListItem\",\"position\":2,\"name\":\"Confirmado el d\u00eda y la hora para Colombia vs. Per\u00fa por Eliminatorias\"}]},{\"@type\":\"WebSite\",\"@id\":\"https:\/\/futbolhoy.co\/#website\",\"url\":\"https:\/\/futbolhoy.co\/\",\"name\":\"FutbolHoy\",\"description\":\"\",\"publisher\":{\"@id\":\"https:\/\/futbolhoy.co\/#organization\"},\"potentialAction\":[{\"@type\":\"SearchAction\",\"target\":{\"@type\":\"EntryPoint\",\"urlTemplate\":\"https:\/\/futbolhoy.co\/?s={search_term_string}\"},\"query-input\":{\"@type\":\"PropertyValueSpecification\",\"valueRequired\":true,\"valueName\":\"search_term_string\"}}],\"inLanguage\":\"es\"},{\"@type\":\"Organization\",\"@id\":\"https:\/\/futbolhoy.co\/#organization\",\"name\":\"Futbolhoy.co\",\"url\":\"https:\/\/futbolhoy.co\/\",\"logo\":{\"@type\":\"ImageObject\",\"inLanguage\":\"es\",\"@id\":\"https:\/\/futbolhoy.co\/#\/schema\/logo\/image\/\",\"url\":\"https:\/\/futbolhoy.co\/wp-content\/uploads\/2018\/08\/17426380_1906371736249227_6326180412931521141_n.jpg\",\"contentUrl\":\"https:\/\/futbolhoy.co\/wp-content\/uploads\/2018\/08\/17426380_1906371736249227_6326180412931521141_n.jpg\",\"width\":960,\"height\":960,\"caption\":\"Futbolhoy.co\"},\"image\":{\"@id\":\"https:\/\/futbolhoy.co\/#\/schema\/logo\/image\/\"},\"sameAs\":[\"https:\/\/www.facebook.com\/FutbolHoyCol\/\",\"https:\/\/x.com\/FutbolHoyCol\",\"https:\/\/www.instagram.com\/futbolhoycol\/\"]},{\"@type\":\"Person\",\"@id\":\"https:\/\/futbolhoy.co\/#\/schema\/person\/1721b69355b6623eaff15ac7b92d4cc3\",\"name\":\"contenido\",\"image\":{\"@type\":\"ImageObject\",\"inLanguage\":\"es\",\"@id\":\"https:\/\/futbolhoy.co\/#\/schema\/person\/image\/\",\"url\":\"https:\/\/secure.gravatar.com\/avatar\/4f656d3256f5134f466206e7c3941518?s=96&d=mm&r=g\",\"contentUrl\":\"https:\/\/secure.gravatar.com\/avatar\/4f656d3256f5134f466206e7c3941518?s=96&d=mm&r=g\",\"caption\":\"contenido\"}}]}<\/script>\n<!-- \/ Yoast SEO plugin. -->","yoast_head_json":{"title":"Confirmado el d\u00eda y la hora para Colombia vs. Per\u00fa por Eliminatorias -","robots":{"index":"index","follow":"follow","max-snippet":"max-snippet:-1","max-image-preview":"max-image-preview:large","max-video-preview":"max-video-preview:-1"},"canonical":"https:\/\/futbolhoy.co\/index.php\/2025\/04\/28\/confirmado-el-dia-y-la-hora-para-colombia-vs-peru-por-eliminatorias\/","og_locale":"es_ES","og_type":"article","og_title":"Confirmado el d\u00eda y la hora para Colombia vs. Per\u00fa por Eliminatorias -","og_description":"La Selecci\u00f3n Colombia espera por una doble fecha FIFA que ser\u00e1 definitiva, pues puede sellar la clasificaci\u00f3n al Mundial 2026. Se estima que a la Tricolor le restan 4 puntos para lograr el boleto. Los pr\u00f3ximos rivales ser\u00e1n Per\u00fa en Barranquilla y Argentina en condici\u00f3n de visitante, en el mes de junio, cuando las temporadas [&hellip;]","og_url":"https:\/\/futbolhoy.co\/index.php\/2025\/04\/28\/confirmado-el-dia-y-la-hora-para-colombia-vs-peru-por-eliminatorias\/","article_publisher":"https:\/\/www.facebook.com\/FutbolHoyCol\/","article_published_time":"2025-04-29T00:07:45+00:00","article_modified_time":"2025-04-30T02:39:23+00:00","og_image":[{"width":1600,"height":1014,"url":"https:\/\/futbolhoy.co\/wp-content\/uploads\/2024\/07\/2.-Colombia-vs.-Argentina-14-de-julio-2024.JPG.jpg","type":"image\/jpeg"}],"author":"contenido","twitter_card":"summary_large_image","twitter_creator":"@FutbolHoyCol","twitter_site":"@FutbolHoyCol","twitter_misc":{"Escrito por":"contenido","Tiempo de lectura":"1 minuto"},"schema":{"@context":"https:\/\/schema.org","@graph":[{"@type":"Article","@id":"https:\/\/futbolhoy.co\/index.php\/2025\/04\/28\/confirmado-el-dia-y-la-hora-para-colombia-vs-peru-por-eliminatorias\/#article","isPartOf":{"@id":"https:\/\/futbolhoy.co\/index.php\/2025\/04\/28\/confirmado-el-dia-y-la-hora-para-colombia-vs-peru-por-eliminatorias\/"},"author":{"name":"contenido","@id":"https:\/\/futbolhoy.co\/#\/schema\/person\/1721b69355b6623eaff15ac7b92d4cc3"},"headline":"Confirmado el d\u00eda y la hora para Colombia vs. Per\u00fa por Eliminatorias","datePublished":"2025-04-29T00:07:45+00:00","dateModified":"2025-04-30T02:39:23+00:00","mainEntityOfPage":{"@id":"https:\/\/futbolhoy.co\/index.php\/2025\/04\/28\/confirmado-el-dia-y-la-hora-para-colombia-vs-peru-por-eliminatorias\/"},"wordCount":160,"commentCount":0,"publisher":{"@id":"https:\/\/futbolhoy.co\/#organization"},"image":{"@id":"https:\/\/futbolhoy.co\/index.php\/2025\/04\/28\/confirmado-el-dia-y-la-hora-para-colombia-vs-peru-por-eliminatorias\/#primaryimage"},"thumbnailUrl":"https:\/\/futbolhoy.co\/wp-content\/uploads\/2024\/07\/2.-Colombia-vs.-Argentina-14-de-julio-2024.JPG.jpg","articleSection":["Colombia"],"inLanguage":"es","potentialAction":[{"@type":"CommentAction","name":"Comment","target":["https:\/\/futbolhoy.co\/index.php\/2025\/04\/28\/confirmado-el-dia-y-la-hora-para-colombia-vs-peru-por-eliminatorias\/#respond"]}]},{"@type":"WebPage","@id":"https:\/\/futbolhoy.co\/index.php\/2025\/04\/28\/confirmado-el-dia-y-la-hora-para-colombia-vs-peru-por-eliminatorias\/","url":"https:\/\/futbolhoy.co\/index.php\/2025\/04\/28\/confirmado-el-dia-y-la-hora-para-colombia-vs-peru-por-eliminatorias\/","name":"Confirmado el d\u00eda y la hora para Colombia vs. Per\u00fa por Eliminatorias -","isPartOf":{"@id":"https:\/\/futbolhoy.co\/#website"},"primaryImageOfPage":{"@id":"https:\/\/futbolhoy.co\/index.php\/2025\/04\/28\/confirmado-el-dia-y-la-hora-para-colombia-vs-peru-por-eliminatorias\/#primaryimage"},"image":{"@id":"https:\/\/futbolhoy.co\/index.php\/2025\/04\/28\/confirmado-el-dia-y-la-hora-para-colombia-vs-peru-por-eliminatorias\/#primaryimage"},"thumbnailUrl":"https:\/\/futbolhoy.co\/wp-content\/uploads\/2024\/07\/2.-Colombia-vs.-Argentina-14-de-julio-2024.JPG.jpg","datePublished":"2025-04-29T00:07:45+00:00","dateModified":"2025-04-30T02:39:23+00:00","breadcrumb":{"@id":"https:\/\/futbolhoy.co\/index.php\/2025\/04\/28\/confirmado-el-dia-y-la-hora-para-colombia-vs-peru-por-eliminatorias\/#breadcrumb"},"inLanguage":"es","potentialAction":[{"@type":"ReadAction","target":["https:\/\/futbolhoy.co\/index.php\/2025\/04\/28\/confirmado-el-dia-y-la-hora-para-colombia-vs-peru-por-eliminatorias\/"]}]},{"@type":"ImageObject","inLanguage":"es","@id":"https:\/\/futbolhoy.co\/index.php\/2025\/04\/28\/confirmado-el-dia-y-la-hora-para-colombia-vs-peru-por-eliminatorias\/#primaryimage","url":"https:\/\/futbolhoy.co\/wp-content\/uploads\/2024\/07\/2.-Colombia-vs.-Argentina-14-de-julio-2024.JPG.jpg","contentUrl":"https:\/\/futbolhoy.co\/wp-content\/uploads\/2024\/07\/2.-Colombia-vs.-Argentina-14-de-julio-2024.JPG.jpg","width":1600,"height":1014},{"@type":"BreadcrumbList","@id":"https:\/\/futbolhoy.co\/index.php\/2025\/04\/28\/confirmado-el-dia-y-la-hora-para-colombia-vs-peru-por-eliminatorias\/#breadcrumb","itemListElement":[{"@type":"ListItem","position":1,"name":"Portada","item":"https:\/\/futbolhoy.co\/"},{"@type":"ListItem","position":2,"name":"Confirmado el d\u00eda y la hora para Colombia vs. Per\u00fa por Eliminatorias"}]},{"@type":"WebSite","@id":"https:\/\/futbolhoy.co\/#website","url":"https:\/\/futbolhoy.co\/","name":"FutbolHoy","description":"","publisher":{"@id":"https:\/\/futbolhoy.co\/#organization"},"potentialAction":[{"@type":"SearchAction","target":{"@type":"EntryPoint","urlTemplate":"https:\/\/futbolhoy.co\/?s={search_term_string}"},"query-input":{"@type":"PropertyValueSpecification","valueRequired":true,"valueName":"search_term_string"}}],"inLanguage":"es"},{"@type":"Organization","@id":"https:\/\/futbolhoy.co\/#organization","name":"Futbolhoy.co","url":"https:\/\/futbolhoy.co\/","logo":{"@type":"ImageObject","inLanguage":"es","@id":"https:\/\/futbolhoy.co\/#\/schema\/logo\/image\/","url":"https:\/\/futbolhoy.co\/wp-content\/uploads\/2018\/08\/17426380_1906371736249227_6326180412931521141_n.jpg","contentUrl":"https:\/\/futbolhoy.co\/wp-content\/uploads\/2018\/08\/17426380_1906371736249227_6326180412931521141_n.jpg","width":960,"height":960,"caption":"Futbolhoy.co"},"image":{"@id":"https:\/\/futbolhoy.co\/#\/schema\/logo\/image\/"},"sameAs":["https:\/\/www.facebook.com\/FutbolHoyCol\/","https:\/\/x.com\/FutbolHoyCol","https:\/\/www.instagram.com\/futbolhoycol\/"]},{"@type":"Person","@id":"https:\/\/futbolhoy.co\/#\/schema\/person\/1721b69355b6623eaff15ac7b92d4cc3","name":"contenido","image":{"@type":"ImageObject","inLanguage":"es","@id":"https:\/\/futbolhoy.co\/#\/schema\/person\/image\/","url":"https:\/\/secure.gravatar.com\/avatar\/4f656d3256f5134f466206e7c3941518?s=96&d=mm&r=g","contentUrl":"https:\/\/secure.gravatar.com\/avatar\/4f656d3256f5134f466206e7c3941518?s=96&d=mm&r=g","caption":"contenido"}}]}},"publishpress_future_action":{"enabled":false,"date":"2026-05-04 00:19:08","action":"change-status","newStatus":"draft","terms":[],"taxonomy":"category","extraData":[]},"publishpress_future_workflow_manual_trigger":{"enabledWorkflows":[]},"_links":{"self":[{"href":"https:\/\/futbolhoy.co\/index.php\/wp-json\/wp\/v2\/posts\/118907","targetHints":{"allow":["GET"]}}],"collection":[{"href":"https:\/\/futbolhoy.co\/index.php\/wp-json\/wp\/v2\/posts"}],"about":[{"href":"https:\/\/futbolhoy.co\/index.php\/wp-json\/wp\/v2\/types\/post"}],"author":[{"embeddable":true,"href":"https:\/\/futbolhoy.co\/index.php\/wp-json\/wp\/v2\/users\/4"}],"replies":[{"embeddable":true,"href":"https:\/\/futbolhoy.co\/index.php\/wp-json\/wp\/v2\/comments?post=118907"}],"version-history":[{"count":1,"href":"https:\/\/futbolhoy.co\/index.php\/wp-json\/wp\/v2\/posts\/118907\/revisions"}],"predecessor-version":[{"id":118908,"href":"https:\/\/futbolhoy.co\/index.php\/wp-json\/wp\/v2\/posts\/118907\/revisions\/118908"}],"wp:featuredmedia":[{"embeddable":true,"href":"https:\/\/futbolhoy.co\/index.php\/wp-json\/wp\/v2\/media\/110362"}],"wp:attachment":[{"href":"https:\/\/futbolhoy.co\/index.php\/wp-json\/wp\/v2\/media?parent=118907"}],"wp:term":[{"taxonomy":"category","embeddable":true,"href":"https:\/\/futbolhoy.co\/index.php\/wp-json\/wp\/v2\/categories?post=118907"},{"taxonomy":"post_tag","embeddable":true,"href":"https:\/\/futbolhoy.co\/index.php\/wp-json\/wp\/v2\/tags?post=118907"}],"curies":[{"name":"wp","href":"https:\/\/api.w.org\/{rel}","templated":true}]}}