{"id":118909,"date":"2025-04-29T08:04:04","date_gmt":"2025-04-29T13:04:04","guid":{"rendered":"https:\/\/futbolhoy.co\/?p=118909"},"modified":"2025-04-30T09:32:44","modified_gmt":"2025-04-30T14:32:44","slug":"118909","status":"publish","type":"post","link":"https:\/\/futbolhoy.co\/index.php\/2025\/04\/29\/118909\/","title":{"rendered":"Fernando Gago, destituido de Boca Juniors"},"content":{"rendered":"<p style=\"text-align: justify;\"><span style=\"font-family: helvetica, arial, sans-serif;\"><strong>Boca Juniors<\/strong> anunci\u00f3 este martes el despido de su entrenador, <strong>Fernando Gag<\/strong>o, poco despu\u00e9s de la derrota por 2-1 el pasado domingo en el Supercl\u00e1sico ante <strong>River Plate.<\/strong><\/span><\/p>\n<p><span style=\"font-family: helvetica, arial, sans-serif;\">\"Hemos tomado una decisi\u00f3n, es que hasta ac\u00e1 ha llegado Fernando Gago y su cuerpo t\u00e9cnico con la instituci\u00f3n\", inform\u00f3 este martes<strong> Mauricio Serna,<\/strong> integrante del <strong>Consejo de F\u00fatbol de Boca Juniors.<\/strong><\/span><\/p>\n<p><span style=\"font-family: helvetica, arial, sans-serif;\">\"En el d\u00eda de ayer, hasta altas horas de la noche, hemos buscado y encontrado la manera para que ya <strong>hoy Fernando no sea m\u00e1s nuestro entrenador<\/strong>\", a\u00f1adi\u00f3 Serna en declaraciones a los medios en el Predio de Boca Juniors.\u00a0<\/span><\/p>\n<p style=\"text-align: justify;\"><span style=\"font-family: helvetica, arial, sans-serif;\">Gago, quien asumi\u00f3 en octubre de 2024 en reemplazo de D<strong>iego Mart\u00ednez,<\/strong> estuvo 191 d\u00edas en el cargo. Dirigi\u00f3 un total de\u00a0<strong>30 partidos,<\/strong>\u00a0consiguiendo 1.87 puntos por juego, producto de <strong>17 triunfos, 5 empates y 8 derrotas.<\/strong><\/span><\/p>\n<p style=\"text-align: justify;\"><span style=\"font-family: helvetica, arial, sans-serif;\"><strong>Los dej\u00f3 l\u00edderes del Grupo A de la Liga con 32 puntos<\/strong>\u00a0e instalados en la siguiente ronda.<\/span><\/p>\n<p style=\"text-align: justify;\"><span style=\"font-family: helvetica, arial, sans-serif;\">Como su reemplazo, el principal candidato, seg\u00fan apuntan en Argentina, aparece el nombre de <strong>Gustavo Quinteros,<\/strong> quien se encuentra sin equipo y es el vigente campe\u00f3n del f\u00fatbol argentino, al consagrarse con V\u00e9lez.<\/span><\/p>\n","protected":false},"excerpt":{"rendered":"<p>Boca Juniors anunci\u00f3 este martes el despido de su entrenador, Fernando Gago, poco despu\u00e9s de la derrota por 2-1 el pasado domingo en el Supercl\u00e1sico ante River Plate. \"Hemos tomado una decisi\u00f3n, es que hasta ac\u00e1 ha llegado Fernando Gago y su cuerpo t\u00e9cnico con la instituci\u00f3n\", inform\u00f3 este martes Mauricio Serna, integrante del Consejo [&hellip;]<\/p>\n","protected":false},"author":4,"featured_media":118910,"comment_status":"open","ping_status":"open","sticky":false,"template":"","format":"standard","meta":{"_acf_changed":false,"footnotes":""},"categories":[152],"tags":[],"class_list":{"0":"post-118909","1":"post","2":"type-post","3":"status-publish","4":"format-standard","5":"has-post-thumbnail","7":"category-mundo-futbol"},"acf":[],"yoast_head":"<!-- This site is optimized with the Yoast SEO plugin v26.8 - https:\/\/yoast.com\/product\/yoast-seo-wordpress\/ -->\n<title>Fernando Gago, destituido de Boca Juniors -<\/title>\n<meta name=\"robots\" content=\"index, follow, max-snippet:-1, max-image-preview:large, max-video-preview:-1\" \/>\n<link rel=\"canonical\" href=\"https:\/\/futbolhoy.co\/index.php\/2025\/04\/29\/118909\/\" \/>\n<meta property=\"og:locale\" content=\"es_ES\" \/>\n<meta property=\"og:type\" content=\"article\" \/>\n<meta property=\"og:title\" content=\"Fernando Gago, destituido de Boca Juniors -\" \/>\n<meta property=\"og:description\" content=\"Boca Juniors anunci\u00f3 este martes el despido de su entrenador, Fernando Gago, poco despu\u00e9s de la derrota por 2-1 el pasado domingo en el Supercl\u00e1sico ante River Plate. &quot;Hemos tomado una decisi\u00f3n, es que hasta ac\u00e1 ha llegado Fernando Gago y su cuerpo t\u00e9cnico con la instituci\u00f3n&quot;, inform\u00f3 este martes Mauricio Serna, integrante del Consejo [&hellip;]\" \/>\n<meta property=\"og:url\" content=\"https:\/\/futbolhoy.co\/index.php\/2025\/04\/29\/118909\/\" \/>\n<meta property=\"article:publisher\" content=\"https:\/\/www.facebook.com\/FutbolHoyCol\/\" \/>\n<meta property=\"article:published_time\" content=\"2025-04-29T13:04:04+00:00\" \/>\n<meta property=\"article:modified_time\" content=\"2025-04-30T14:32:44+00:00\" \/>\n<meta property=\"og:image\" content=\"https:\/\/futbolhoy.co\/wp-content\/uploads\/2025\/04\/GZ8jSgxWAAAFBWO-scaled.jpg\" \/>\n\t<meta property=\"og:image:width\" content=\"2560\" \/>\n\t<meta property=\"og:image:height\" content=\"1880\" \/>\n\t<meta property=\"og:image:type\" content=\"image\/jpeg\" \/>\n<meta name=\"author\" content=\"contenido\" \/>\n<meta name=\"twitter:card\" content=\"summary_large_image\" \/>\n<meta name=\"twitter:creator\" content=\"@FutbolHoyCol\" \/>\n<meta name=\"twitter:site\" content=\"@FutbolHoyCol\" \/>\n<meta name=\"twitter:label1\" content=\"Escrito por\" \/>\n\t<meta name=\"twitter:data1\" content=\"contenido\" \/>\n\t<meta name=\"twitter:label2\" content=\"Tiempo de lectura\" \/>\n\t<meta name=\"twitter:data2\" content=\"1 minuto\" \/>\n<script type=\"application\/ld+json\" class=\"yoast-schema-graph\">{\"@context\":\"https:\/\/schema.org\",\"@graph\":[{\"@type\":\"Article\",\"@id\":\"https:\/\/futbolhoy.co\/index.php\/2025\/04\/29\/118909\/#article\",\"isPartOf\":{\"@id\":\"https:\/\/futbolhoy.co\/index.php\/2025\/04\/29\/118909\/\"},\"author\":{\"name\":\"contenido\",\"@id\":\"https:\/\/futbolhoy.co\/#\/schema\/person\/1721b69355b6623eaff15ac7b92d4cc3\"},\"headline\":\"Fernando Gago, destituido de Boca Juniors\",\"datePublished\":\"2025-04-29T13:04:04+00:00\",\"dateModified\":\"2025-04-30T14:32:44+00:00\",\"mainEntityOfPage\":{\"@id\":\"https:\/\/futbolhoy.co\/index.php\/2025\/04\/29\/118909\/\"},\"wordCount\":203,\"commentCount\":0,\"publisher\":{\"@id\":\"https:\/\/futbolhoy.co\/#organization\"},\"image\":{\"@id\":\"https:\/\/futbolhoy.co\/index.php\/2025\/04\/29\/118909\/#primaryimage\"},\"thumbnailUrl\":\"https:\/\/futbolhoy.co\/wp-content\/uploads\/2025\/04\/GZ8jSgxWAAAFBWO-scaled.jpg\",\"articleSection\":[\"Mundo Futbol\"],\"inLanguage\":\"es\",\"potentialAction\":[{\"@type\":\"CommentAction\",\"name\":\"Comment\",\"target\":[\"https:\/\/futbolhoy.co\/index.php\/2025\/04\/29\/118909\/#respond\"]}]},{\"@type\":\"WebPage\",\"@id\":\"https:\/\/futbolhoy.co\/index.php\/2025\/04\/29\/118909\/\",\"url\":\"https:\/\/futbolhoy.co\/index.php\/2025\/04\/29\/118909\/\",\"name\":\"Fernando Gago, destituido de Boca Juniors -\",\"isPartOf\":{\"@id\":\"https:\/\/futbolhoy.co\/#website\"},\"primaryImageOfPage\":{\"@id\":\"https:\/\/futbolhoy.co\/index.php\/2025\/04\/29\/118909\/#primaryimage\"},\"image\":{\"@id\":\"https:\/\/futbolhoy.co\/index.php\/2025\/04\/29\/118909\/#primaryimage\"},\"thumbnailUrl\":\"https:\/\/futbolhoy.co\/wp-content\/uploads\/2025\/04\/GZ8jSgxWAAAFBWO-scaled.jpg\",\"datePublished\":\"2025-04-29T13:04:04+00:00\",\"dateModified\":\"2025-04-30T14:32:44+00:00\",\"breadcrumb\":{\"@id\":\"https:\/\/futbolhoy.co\/index.php\/2025\/04\/29\/118909\/#breadcrumb\"},\"inLanguage\":\"es\",\"potentialAction\":[{\"@type\":\"ReadAction\",\"target\":[\"https:\/\/futbolhoy.co\/index.php\/2025\/04\/29\/118909\/\"]}]},{\"@type\":\"ImageObject\",\"inLanguage\":\"es\",\"@id\":\"https:\/\/futbolhoy.co\/index.php\/2025\/04\/29\/118909\/#primaryimage\",\"url\":\"https:\/\/futbolhoy.co\/wp-content\/uploads\/2025\/04\/GZ8jSgxWAAAFBWO-scaled.jpg\",\"contentUrl\":\"https:\/\/futbolhoy.co\/wp-content\/uploads\/2025\/04\/GZ8jSgxWAAAFBWO-scaled.jpg\",\"width\":2560,\"height\":1880},{\"@type\":\"BreadcrumbList\",\"@id\":\"https:\/\/futbolhoy.co\/index.php\/2025\/04\/29\/118909\/#breadcrumb\",\"itemListElement\":[{\"@type\":\"ListItem\",\"position\":1,\"name\":\"Portada\",\"item\":\"https:\/\/futbolhoy.co\/\"},{\"@type\":\"ListItem\",\"position\":2,\"name\":\"Fernando Gago, destituido de Boca Juniors\"}]},{\"@type\":\"WebSite\",\"@id\":\"https:\/\/futbolhoy.co\/#website\",\"url\":\"https:\/\/futbolhoy.co\/\",\"name\":\"FutbolHoy\",\"description\":\"\",\"publisher\":{\"@id\":\"https:\/\/futbolhoy.co\/#organization\"},\"potentialAction\":[{\"@type\":\"SearchAction\",\"target\":{\"@type\":\"EntryPoint\",\"urlTemplate\":\"https:\/\/futbolhoy.co\/?s={search_term_string}\"},\"query-input\":{\"@type\":\"PropertyValueSpecification\",\"valueRequired\":true,\"valueName\":\"search_term_string\"}}],\"inLanguage\":\"es\"},{\"@type\":\"Organization\",\"@id\":\"https:\/\/futbolhoy.co\/#organization\",\"name\":\"Futbolhoy.co\",\"url\":\"https:\/\/futbolhoy.co\/\",\"logo\":{\"@type\":\"ImageObject\",\"inLanguage\":\"es\",\"@id\":\"https:\/\/futbolhoy.co\/#\/schema\/logo\/image\/\",\"url\":\"https:\/\/futbolhoy.co\/wp-content\/uploads\/2018\/08\/17426380_1906371736249227_6326180412931521141_n.jpg\",\"contentUrl\":\"https:\/\/futbolhoy.co\/wp-content\/uploads\/2018\/08\/17426380_1906371736249227_6326180412931521141_n.jpg\",\"width\":960,\"height\":960,\"caption\":\"Futbolhoy.co\"},\"image\":{\"@id\":\"https:\/\/futbolhoy.co\/#\/schema\/logo\/image\/\"},\"sameAs\":[\"https:\/\/www.facebook.com\/FutbolHoyCol\/\",\"https:\/\/x.com\/FutbolHoyCol\",\"https:\/\/www.instagram.com\/futbolhoycol\/\"]},{\"@type\":\"Person\",\"@id\":\"https:\/\/futbolhoy.co\/#\/schema\/person\/1721b69355b6623eaff15ac7b92d4cc3\",\"name\":\"contenido\",\"image\":{\"@type\":\"ImageObject\",\"inLanguage\":\"es\",\"@id\":\"https:\/\/futbolhoy.co\/#\/schema\/person\/image\/\",\"url\":\"https:\/\/secure.gravatar.com\/avatar\/4f656d3256f5134f466206e7c3941518?s=96&d=mm&r=g\",\"contentUrl\":\"https:\/\/secure.gravatar.com\/avatar\/4f656d3256f5134f466206e7c3941518?s=96&d=mm&r=g\",\"caption\":\"contenido\"}}]}<\/script>\n<!-- \/ Yoast SEO plugin. -->","yoast_head_json":{"title":"Fernando Gago, destituido de Boca Juniors -","robots":{"index":"index","follow":"follow","max-snippet":"max-snippet:-1","max-image-preview":"max-image-preview:large","max-video-preview":"max-video-preview:-1"},"canonical":"https:\/\/futbolhoy.co\/index.php\/2025\/04\/29\/118909\/","og_locale":"es_ES","og_type":"article","og_title":"Fernando Gago, destituido de Boca Juniors -","og_description":"Boca Juniors anunci\u00f3 este martes el despido de su entrenador, Fernando Gago, poco despu\u00e9s de la derrota por 2-1 el pasado domingo en el Supercl\u00e1sico ante River Plate. \"Hemos tomado una decisi\u00f3n, es que hasta ac\u00e1 ha llegado Fernando Gago y su cuerpo t\u00e9cnico con la instituci\u00f3n\", inform\u00f3 este martes Mauricio Serna, integrante del Consejo [&hellip;]","og_url":"https:\/\/futbolhoy.co\/index.php\/2025\/04\/29\/118909\/","article_publisher":"https:\/\/www.facebook.com\/FutbolHoyCol\/","article_published_time":"2025-04-29T13:04:04+00:00","article_modified_time":"2025-04-30T14:32:44+00:00","og_image":[{"width":2560,"height":1880,"url":"https:\/\/futbolhoy.co\/wp-content\/uploads\/2025\/04\/GZ8jSgxWAAAFBWO-scaled.jpg","type":"image\/jpeg"}],"author":"contenido","twitter_card":"summary_large_image","twitter_creator":"@FutbolHoyCol","twitter_site":"@FutbolHoyCol","twitter_misc":{"Escrito por":"contenido","Tiempo de lectura":"1 minuto"},"schema":{"@context":"https:\/\/schema.org","@graph":[{"@type":"Article","@id":"https:\/\/futbolhoy.co\/index.php\/2025\/04\/29\/118909\/#article","isPartOf":{"@id":"https:\/\/futbolhoy.co\/index.php\/2025\/04\/29\/118909\/"},"author":{"name":"contenido","@id":"https:\/\/futbolhoy.co\/#\/schema\/person\/1721b69355b6623eaff15ac7b92d4cc3"},"headline":"Fernando Gago, destituido de Boca Juniors","datePublished":"2025-04-29T13:04:04+00:00","dateModified":"2025-04-30T14:32:44+00:00","mainEntityOfPage":{"@id":"https:\/\/futbolhoy.co\/index.php\/2025\/04\/29\/118909\/"},"wordCount":203,"commentCount":0,"publisher":{"@id":"https:\/\/futbolhoy.co\/#organization"},"image":{"@id":"https:\/\/futbolhoy.co\/index.php\/2025\/04\/29\/118909\/#primaryimage"},"thumbnailUrl":"https:\/\/futbolhoy.co\/wp-content\/uploads\/2025\/04\/GZ8jSgxWAAAFBWO-scaled.jpg","articleSection":["Mundo Futbol"],"inLanguage":"es","potentialAction":[{"@type":"CommentAction","name":"Comment","target":["https:\/\/futbolhoy.co\/index.php\/2025\/04\/29\/118909\/#respond"]}]},{"@type":"WebPage","@id":"https:\/\/futbolhoy.co\/index.php\/2025\/04\/29\/118909\/","url":"https:\/\/futbolhoy.co\/index.php\/2025\/04\/29\/118909\/","name":"Fernando Gago, destituido de Boca Juniors -","isPartOf":{"@id":"https:\/\/futbolhoy.co\/#website"},"primaryImageOfPage":{"@id":"https:\/\/futbolhoy.co\/index.php\/2025\/04\/29\/118909\/#primaryimage"},"image":{"@id":"https:\/\/futbolhoy.co\/index.php\/2025\/04\/29\/118909\/#primaryimage"},"thumbnailUrl":"https:\/\/futbolhoy.co\/wp-content\/uploads\/2025\/04\/GZ8jSgxWAAAFBWO-scaled.jpg","datePublished":"2025-04-29T13:04:04+00:00","dateModified":"2025-04-30T14:32:44+00:00","breadcrumb":{"@id":"https:\/\/futbolhoy.co\/index.php\/2025\/04\/29\/118909\/#breadcrumb"},"inLanguage":"es","potentialAction":[{"@type":"ReadAction","target":["https:\/\/futbolhoy.co\/index.php\/2025\/04\/29\/118909\/"]}]},{"@type":"ImageObject","inLanguage":"es","@id":"https:\/\/futbolhoy.co\/index.php\/2025\/04\/29\/118909\/#primaryimage","url":"https:\/\/futbolhoy.co\/wp-content\/uploads\/2025\/04\/GZ8jSgxWAAAFBWO-scaled.jpg","contentUrl":"https:\/\/futbolhoy.co\/wp-content\/uploads\/2025\/04\/GZ8jSgxWAAAFBWO-scaled.jpg","width":2560,"height":1880},{"@type":"BreadcrumbList","@id":"https:\/\/futbolhoy.co\/index.php\/2025\/04\/29\/118909\/#breadcrumb","itemListElement":[{"@type":"ListItem","position":1,"name":"Portada","item":"https:\/\/futbolhoy.co\/"},{"@type":"ListItem","position":2,"name":"Fernando Gago, destituido de Boca Juniors"}]},{"@type":"WebSite","@id":"https:\/\/futbolhoy.co\/#website","url":"https:\/\/futbolhoy.co\/","name":"FutbolHoy","description":"","publisher":{"@id":"https:\/\/futbolhoy.co\/#organization"},"potentialAction":[{"@type":"SearchAction","target":{"@type":"EntryPoint","urlTemplate":"https:\/\/futbolhoy.co\/?s={search_term_string}"},"query-input":{"@type":"PropertyValueSpecification","valueRequired":true,"valueName":"search_term_string"}}],"inLanguage":"es"},{"@type":"Organization","@id":"https:\/\/futbolhoy.co\/#organization","name":"Futbolhoy.co","url":"https:\/\/futbolhoy.co\/","logo":{"@type":"ImageObject","inLanguage":"es","@id":"https:\/\/futbolhoy.co\/#\/schema\/logo\/image\/","url":"https:\/\/futbolhoy.co\/wp-content\/uploads\/2018\/08\/17426380_1906371736249227_6326180412931521141_n.jpg","contentUrl":"https:\/\/futbolhoy.co\/wp-content\/uploads\/2018\/08\/17426380_1906371736249227_6326180412931521141_n.jpg","width":960,"height":960,"caption":"Futbolhoy.co"},"image":{"@id":"https:\/\/futbolhoy.co\/#\/schema\/logo\/image\/"},"sameAs":["https:\/\/www.facebook.com\/FutbolHoyCol\/","https:\/\/x.com\/FutbolHoyCol","https:\/\/www.instagram.com\/futbolhoycol\/"]},{"@type":"Person","@id":"https:\/\/futbolhoy.co\/#\/schema\/person\/1721b69355b6623eaff15ac7b92d4cc3","name":"contenido","image":{"@type":"ImageObject","inLanguage":"es","@id":"https:\/\/futbolhoy.co\/#\/schema\/person\/image\/","url":"https:\/\/secure.gravatar.com\/avatar\/4f656d3256f5134f466206e7c3941518?s=96&d=mm&r=g","contentUrl":"https:\/\/secure.gravatar.com\/avatar\/4f656d3256f5134f466206e7c3941518?s=96&d=mm&r=g","caption":"contenido"}}]}},"publishpress_future_action":{"enabled":false,"date":"2026-05-04 00:19:18","action":"change-status","newStatus":"draft","terms":[],"taxonomy":"category","extraData":[]},"publishpress_future_workflow_manual_trigger":{"enabledWorkflows":[]},"_links":{"self":[{"href":"https:\/\/futbolhoy.co\/index.php\/wp-json\/wp\/v2\/posts\/118909","targetHints":{"allow":["GET"]}}],"collection":[{"href":"https:\/\/futbolhoy.co\/index.php\/wp-json\/wp\/v2\/posts"}],"about":[{"href":"https:\/\/futbolhoy.co\/index.php\/wp-json\/wp\/v2\/types\/post"}],"author":[{"embeddable":true,"href":"https:\/\/futbolhoy.co\/index.php\/wp-json\/wp\/v2\/users\/4"}],"replies":[{"embeddable":true,"href":"https:\/\/futbolhoy.co\/index.php\/wp-json\/wp\/v2\/comments?post=118909"}],"version-history":[{"count":2,"href":"https:\/\/futbolhoy.co\/index.php\/wp-json\/wp\/v2\/posts\/118909\/revisions"}],"predecessor-version":[{"id":118912,"href":"https:\/\/futbolhoy.co\/index.php\/wp-json\/wp\/v2\/posts\/118909\/revisions\/118912"}],"wp:featuredmedia":[{"embeddable":true,"href":"https:\/\/futbolhoy.co\/index.php\/wp-json\/wp\/v2\/media\/118910"}],"wp:attachment":[{"href":"https:\/\/futbolhoy.co\/index.php\/wp-json\/wp\/v2\/media?parent=118909"}],"wp:term":[{"taxonomy":"category","embeddable":true,"href":"https:\/\/futbolhoy.co\/index.php\/wp-json\/wp\/v2\/categories?post=118909"},{"taxonomy":"post_tag","embeddable":true,"href":"https:\/\/futbolhoy.co\/index.php\/wp-json\/wp\/v2\/tags?post=118909"}],"curies":[{"name":"wp","href":"https:\/\/api.w.org\/{rel}","templated":true}]}}