{"id":118914,"date":"2025-04-29T08:35:49","date_gmt":"2025-04-29T13:35:49","guid":{"rendered":"https:\/\/futbolhoy.co\/?p=118914"},"modified":"2025-04-29T15:35:22","modified_gmt":"2025-04-29T20:35:22","slug":"arsenal-y-psg-abren-el-telon-de-las-semifinales-de-champions","status":"publish","type":"post","link":"https:\/\/futbolhoy.co\/index.php\/2025\/04\/29\/arsenal-y-psg-abren-el-telon-de-las-semifinales-de-champions\/","title":{"rendered":"Arsenal y PSG abren el tel\u00f3n de las semifinales de Champions"},"content":{"rendered":"<p style=\"text-align: justify;\"><span style=\"font-family: helvetica, arial, sans-serif;\"><strong>Arsenal y PSG<\/strong> abren las semifinales de la <strong>Champions League<\/strong> con un partidazo en el Emirates Stadium, este martes desde las 2:00 p.m.<\/span><\/p>\n<p style=\"text-align: justify;\"><span style=\"font-family: helvetica, arial, sans-serif;\">Ni en Par\u00eds ni en el norte de Londres saben lo que es ganar una Copa de Europa, el ansiado t\u00edtulo por el que Catar compr\u00f3 el PSG y por el que el Arsenal ha suspirado durante toda la su historia.<\/span><\/p>\n<p><span style=\"font-family: helvetica, arial, sans-serif;\">Los 'Gunners', que solo han jugado una final, p\u00e9rdida ante el<strong> Barcelona en 2006,<\/strong> quieren acabar con esa pancarta que ondea en Stamford Bridge y que dice \"El \u00fanico club de Londres con una 'Champions'\" y para ello cuentan con el mejor antecedente posible, haber eliminado al vigente campe\u00f3n, el <strong>Real Madrid.<\/strong><\/span><\/p>\n<p><span style=\"font-family: helvetica, arial, sans-serif;\">Arteta adem\u00e1s a\u00f1ade la peque\u00f1a y probablemente insignificante ventaja de haber ganado al PSG este curso. Eso s\u00ed, fue en octubre, cuando <strong>Luis Enrique<\/strong> a\u00fan distaba mucho de haber dado a su equipo el car\u00e1cter de uno de los equipos m\u00e1s divertidos de Europa.<\/span><\/p>\n<p><span style=\"font-family: helvetica, arial, sans-serif;\">Tiene a todos a su disposici\u00f3n Luis Enrique, que adem\u00e1s puede contar, por primera vez en estas eliminatorias, con la vuelta en el Parque de los Pr\u00edncipes.<\/span><\/p>\n<p><span style=\"font-family: helvetica, arial, sans-serif;\">El Arsenal, que ya ha perdido oficialmente la <strong>Premier League<\/strong> en favor del <strong>Liverpool<\/strong>, ha podido descansar el fin de semana y ha tenido casi una semana para preparar el encuentro, aunque su cabeza ya estaba puesta en el PSG pr\u00e1cticamente desde que eliminaran al <strong>Real Madrid.<\/strong><\/span><\/p>\n<p><span style=\"font-family: helvetica, arial, sans-serif; font-size: 12pt;\">Alineaciones posibles<\/span><\/p>\n<p><span style=\"font-family: helvetica, arial, sans-serif;\"><strong>Arsenal:<\/strong> Raya; Timber, Kiwior, Saliba, Lewis-Skelly; Rice, Odegaard, Merino; Martinelli, Saka, Trossard.<\/span><\/p>\n<p><span style=\"font-family: helvetica, arial, sans-serif;\"><strong>Paris Saint Germain<\/strong>: Donnarumma; Hakimi, Marquinhos, Pacho, Mendes; Ruiz, Vitinha, Neves; Barcola, Dembel\u00e9, Kvaratskhelia.<\/span><\/p>\n","protected":false},"excerpt":{"rendered":"<p>Arsenal y PSG abren las semifinales de la Champions League con un partidazo en el Emirates Stadium, este martes desde las 2:00 p.m. Ni en Par\u00eds ni en el norte de Londres saben lo que es ganar una Copa de Europa, el ansiado t\u00edtulo por el que Catar compr\u00f3 el PSG y por el que [&hellip;]<\/p>\n","protected":false},"author":4,"featured_media":118915,"comment_status":"open","ping_status":"open","sticky":false,"template":"","format":"standard","meta":{"_acf_changed":false,"footnotes":""},"categories":[152],"tags":[],"class_list":{"0":"post-118914","1":"post","2":"type-post","3":"status-publish","4":"format-standard","5":"has-post-thumbnail","7":"category-mundo-futbol"},"acf":[],"yoast_head":"<!-- This site is optimized with the Yoast SEO plugin v26.8 - https:\/\/yoast.com\/product\/yoast-seo-wordpress\/ -->\n<title>Arsenal y PSG abren el tel\u00f3n de las semifinales de Champions -<\/title>\n<meta name=\"robots\" content=\"index, follow, max-snippet:-1, max-image-preview:large, max-video-preview:-1\" \/>\n<link rel=\"canonical\" href=\"https:\/\/futbolhoy.co\/index.php\/2025\/04\/29\/arsenal-y-psg-abren-el-telon-de-las-semifinales-de-champions\/\" \/>\n<meta property=\"og:locale\" content=\"es_ES\" \/>\n<meta property=\"og:type\" content=\"article\" \/>\n<meta property=\"og:title\" content=\"Arsenal y PSG abren el tel\u00f3n de las semifinales de Champions -\" \/>\n<meta property=\"og:description\" content=\"Arsenal y PSG abren las semifinales de la Champions League con un partidazo en el Emirates Stadium, este martes desde las 2:00 p.m. Ni en Par\u00eds ni en el norte de Londres saben lo que es ganar una Copa de Europa, el ansiado t\u00edtulo por el que Catar compr\u00f3 el PSG y por el que [&hellip;]\" \/>\n<meta property=\"og:url\" content=\"https:\/\/futbolhoy.co\/index.php\/2025\/04\/29\/arsenal-y-psg-abren-el-telon-de-las-semifinales-de-champions\/\" \/>\n<meta property=\"article:publisher\" content=\"https:\/\/www.facebook.com\/FutbolHoyCol\/\" \/>\n<meta property=\"article:published_time\" content=\"2025-04-29T13:35:49+00:00\" \/>\n<meta property=\"article:modified_time\" content=\"2025-04-29T20:35:22+00:00\" \/>\n<meta property=\"og:image\" content=\"https:\/\/futbolhoy.co\/wp-content\/uploads\/2025\/04\/GpsbdWpXwAAsL-h.jpg\" \/>\n\t<meta property=\"og:image:width\" content=\"1075\" \/>\n\t<meta property=\"og:image:height\" content=\"709\" \/>\n\t<meta property=\"og:image:type\" content=\"image\/jpeg\" \/>\n<meta name=\"author\" content=\"contenido\" \/>\n<meta name=\"twitter:card\" content=\"summary_large_image\" \/>\n<meta name=\"twitter:creator\" content=\"@FutbolHoyCol\" \/>\n<meta name=\"twitter:site\" content=\"@FutbolHoyCol\" \/>\n<meta name=\"twitter:label1\" content=\"Escrito por\" \/>\n\t<meta name=\"twitter:data1\" content=\"contenido\" \/>\n\t<meta name=\"twitter:label2\" content=\"Tiempo de lectura\" \/>\n\t<meta name=\"twitter:data2\" content=\"1 minuto\" \/>\n<script type=\"application\/ld+json\" class=\"yoast-schema-graph\">{\"@context\":\"https:\/\/schema.org\",\"@graph\":[{\"@type\":\"Article\",\"@id\":\"https:\/\/futbolhoy.co\/index.php\/2025\/04\/29\/arsenal-y-psg-abren-el-telon-de-las-semifinales-de-champions\/#article\",\"isPartOf\":{\"@id\":\"https:\/\/futbolhoy.co\/index.php\/2025\/04\/29\/arsenal-y-psg-abren-el-telon-de-las-semifinales-de-champions\/\"},\"author\":{\"name\":\"contenido\",\"@id\":\"https:\/\/futbolhoy.co\/#\/schema\/person\/1721b69355b6623eaff15ac7b92d4cc3\"},\"headline\":\"Arsenal y PSG abren el tel\u00f3n de las semifinales de Champions\",\"datePublished\":\"2025-04-29T13:35:49+00:00\",\"dateModified\":\"2025-04-29T20:35:22+00:00\",\"mainEntityOfPage\":{\"@id\":\"https:\/\/futbolhoy.co\/index.php\/2025\/04\/29\/arsenal-y-psg-abren-el-telon-de-las-semifinales-de-champions\/\"},\"wordCount\":287,\"commentCount\":0,\"publisher\":{\"@id\":\"https:\/\/futbolhoy.co\/#organization\"},\"image\":{\"@id\":\"https:\/\/futbolhoy.co\/index.php\/2025\/04\/29\/arsenal-y-psg-abren-el-telon-de-las-semifinales-de-champions\/#primaryimage\"},\"thumbnailUrl\":\"https:\/\/futbolhoy.co\/wp-content\/uploads\/2025\/04\/GpsbdWpXwAAsL-h.jpg\",\"articleSection\":[\"Mundo Futbol\"],\"inLanguage\":\"es\",\"potentialAction\":[{\"@type\":\"CommentAction\",\"name\":\"Comment\",\"target\":[\"https:\/\/futbolhoy.co\/index.php\/2025\/04\/29\/arsenal-y-psg-abren-el-telon-de-las-semifinales-de-champions\/#respond\"]}]},{\"@type\":\"WebPage\",\"@id\":\"https:\/\/futbolhoy.co\/index.php\/2025\/04\/29\/arsenal-y-psg-abren-el-telon-de-las-semifinales-de-champions\/\",\"url\":\"https:\/\/futbolhoy.co\/index.php\/2025\/04\/29\/arsenal-y-psg-abren-el-telon-de-las-semifinales-de-champions\/\",\"name\":\"Arsenal y PSG abren el tel\u00f3n de las semifinales de Champions -\",\"isPartOf\":{\"@id\":\"https:\/\/futbolhoy.co\/#website\"},\"primaryImageOfPage\":{\"@id\":\"https:\/\/futbolhoy.co\/index.php\/2025\/04\/29\/arsenal-y-psg-abren-el-telon-de-las-semifinales-de-champions\/#primaryimage\"},\"image\":{\"@id\":\"https:\/\/futbolhoy.co\/index.php\/2025\/04\/29\/arsenal-y-psg-abren-el-telon-de-las-semifinales-de-champions\/#primaryimage\"},\"thumbnailUrl\":\"https:\/\/futbolhoy.co\/wp-content\/uploads\/2025\/04\/GpsbdWpXwAAsL-h.jpg\",\"datePublished\":\"2025-04-29T13:35:49+00:00\",\"dateModified\":\"2025-04-29T20:35:22+00:00\",\"breadcrumb\":{\"@id\":\"https:\/\/futbolhoy.co\/index.php\/2025\/04\/29\/arsenal-y-psg-abren-el-telon-de-las-semifinales-de-champions\/#breadcrumb\"},\"inLanguage\":\"es\",\"potentialAction\":[{\"@type\":\"ReadAction\",\"target\":[\"https:\/\/futbolhoy.co\/index.php\/2025\/04\/29\/arsenal-y-psg-abren-el-telon-de-las-semifinales-de-champions\/\"]}]},{\"@type\":\"ImageObject\",\"inLanguage\":\"es\",\"@id\":\"https:\/\/futbolhoy.co\/index.php\/2025\/04\/29\/arsenal-y-psg-abren-el-telon-de-las-semifinales-de-champions\/#primaryimage\",\"url\":\"https:\/\/futbolhoy.co\/wp-content\/uploads\/2025\/04\/GpsbdWpXwAAsL-h.jpg\",\"contentUrl\":\"https:\/\/futbolhoy.co\/wp-content\/uploads\/2025\/04\/GpsbdWpXwAAsL-h.jpg\",\"width\":1075,\"height\":709},{\"@type\":\"BreadcrumbList\",\"@id\":\"https:\/\/futbolhoy.co\/index.php\/2025\/04\/29\/arsenal-y-psg-abren-el-telon-de-las-semifinales-de-champions\/#breadcrumb\",\"itemListElement\":[{\"@type\":\"ListItem\",\"position\":1,\"name\":\"Portada\",\"item\":\"https:\/\/futbolhoy.co\/\"},{\"@type\":\"ListItem\",\"position\":2,\"name\":\"Arsenal y PSG abren el tel\u00f3n de las semifinales de Champions\"}]},{\"@type\":\"WebSite\",\"@id\":\"https:\/\/futbolhoy.co\/#website\",\"url\":\"https:\/\/futbolhoy.co\/\",\"name\":\"FutbolHoy\",\"description\":\"\",\"publisher\":{\"@id\":\"https:\/\/futbolhoy.co\/#organization\"},\"potentialAction\":[{\"@type\":\"SearchAction\",\"target\":{\"@type\":\"EntryPoint\",\"urlTemplate\":\"https:\/\/futbolhoy.co\/?s={search_term_string}\"},\"query-input\":{\"@type\":\"PropertyValueSpecification\",\"valueRequired\":true,\"valueName\":\"search_term_string\"}}],\"inLanguage\":\"es\"},{\"@type\":\"Organization\",\"@id\":\"https:\/\/futbolhoy.co\/#organization\",\"name\":\"Futbolhoy.co\",\"url\":\"https:\/\/futbolhoy.co\/\",\"logo\":{\"@type\":\"ImageObject\",\"inLanguage\":\"es\",\"@id\":\"https:\/\/futbolhoy.co\/#\/schema\/logo\/image\/\",\"url\":\"https:\/\/futbolhoy.co\/wp-content\/uploads\/2018\/08\/17426380_1906371736249227_6326180412931521141_n.jpg\",\"contentUrl\":\"https:\/\/futbolhoy.co\/wp-content\/uploads\/2018\/08\/17426380_1906371736249227_6326180412931521141_n.jpg\",\"width\":960,\"height\":960,\"caption\":\"Futbolhoy.co\"},\"image\":{\"@id\":\"https:\/\/futbolhoy.co\/#\/schema\/logo\/image\/\"},\"sameAs\":[\"https:\/\/www.facebook.com\/FutbolHoyCol\/\",\"https:\/\/x.com\/FutbolHoyCol\",\"https:\/\/www.instagram.com\/futbolhoycol\/\"]},{\"@type\":\"Person\",\"@id\":\"https:\/\/futbolhoy.co\/#\/schema\/person\/1721b69355b6623eaff15ac7b92d4cc3\",\"name\":\"contenido\",\"image\":{\"@type\":\"ImageObject\",\"inLanguage\":\"es\",\"@id\":\"https:\/\/futbolhoy.co\/#\/schema\/person\/image\/\",\"url\":\"https:\/\/secure.gravatar.com\/avatar\/4f656d3256f5134f466206e7c3941518?s=96&d=mm&r=g\",\"contentUrl\":\"https:\/\/secure.gravatar.com\/avatar\/4f656d3256f5134f466206e7c3941518?s=96&d=mm&r=g\",\"caption\":\"contenido\"}}]}<\/script>\n<!-- \/ Yoast SEO plugin. -->","yoast_head_json":{"title":"Arsenal y PSG abren el tel\u00f3n de las semifinales de Champions -","robots":{"index":"index","follow":"follow","max-snippet":"max-snippet:-1","max-image-preview":"max-image-preview:large","max-video-preview":"max-video-preview:-1"},"canonical":"https:\/\/futbolhoy.co\/index.php\/2025\/04\/29\/arsenal-y-psg-abren-el-telon-de-las-semifinales-de-champions\/","og_locale":"es_ES","og_type":"article","og_title":"Arsenal y PSG abren el tel\u00f3n de las semifinales de Champions -","og_description":"Arsenal y PSG abren las semifinales de la Champions League con un partidazo en el Emirates Stadium, este martes desde las 2:00 p.m. Ni en Par\u00eds ni en el norte de Londres saben lo que es ganar una Copa de Europa, el ansiado t\u00edtulo por el que Catar compr\u00f3 el PSG y por el que [&hellip;]","og_url":"https:\/\/futbolhoy.co\/index.php\/2025\/04\/29\/arsenal-y-psg-abren-el-telon-de-las-semifinales-de-champions\/","article_publisher":"https:\/\/www.facebook.com\/FutbolHoyCol\/","article_published_time":"2025-04-29T13:35:49+00:00","article_modified_time":"2025-04-29T20:35:22+00:00","og_image":[{"width":1075,"height":709,"url":"https:\/\/futbolhoy.co\/wp-content\/uploads\/2025\/04\/GpsbdWpXwAAsL-h.jpg","type":"image\/jpeg"}],"author":"contenido","twitter_card":"summary_large_image","twitter_creator":"@FutbolHoyCol","twitter_site":"@FutbolHoyCol","twitter_misc":{"Escrito por":"contenido","Tiempo de lectura":"1 minuto"},"schema":{"@context":"https:\/\/schema.org","@graph":[{"@type":"Article","@id":"https:\/\/futbolhoy.co\/index.php\/2025\/04\/29\/arsenal-y-psg-abren-el-telon-de-las-semifinales-de-champions\/#article","isPartOf":{"@id":"https:\/\/futbolhoy.co\/index.php\/2025\/04\/29\/arsenal-y-psg-abren-el-telon-de-las-semifinales-de-champions\/"},"author":{"name":"contenido","@id":"https:\/\/futbolhoy.co\/#\/schema\/person\/1721b69355b6623eaff15ac7b92d4cc3"},"headline":"Arsenal y PSG abren el tel\u00f3n de las semifinales de Champions","datePublished":"2025-04-29T13:35:49+00:00","dateModified":"2025-04-29T20:35:22+00:00","mainEntityOfPage":{"@id":"https:\/\/futbolhoy.co\/index.php\/2025\/04\/29\/arsenal-y-psg-abren-el-telon-de-las-semifinales-de-champions\/"},"wordCount":287,"commentCount":0,"publisher":{"@id":"https:\/\/futbolhoy.co\/#organization"},"image":{"@id":"https:\/\/futbolhoy.co\/index.php\/2025\/04\/29\/arsenal-y-psg-abren-el-telon-de-las-semifinales-de-champions\/#primaryimage"},"thumbnailUrl":"https:\/\/futbolhoy.co\/wp-content\/uploads\/2025\/04\/GpsbdWpXwAAsL-h.jpg","articleSection":["Mundo Futbol"],"inLanguage":"es","potentialAction":[{"@type":"CommentAction","name":"Comment","target":["https:\/\/futbolhoy.co\/index.php\/2025\/04\/29\/arsenal-y-psg-abren-el-telon-de-las-semifinales-de-champions\/#respond"]}]},{"@type":"WebPage","@id":"https:\/\/futbolhoy.co\/index.php\/2025\/04\/29\/arsenal-y-psg-abren-el-telon-de-las-semifinales-de-champions\/","url":"https:\/\/futbolhoy.co\/index.php\/2025\/04\/29\/arsenal-y-psg-abren-el-telon-de-las-semifinales-de-champions\/","name":"Arsenal y PSG abren el tel\u00f3n de las semifinales de Champions -","isPartOf":{"@id":"https:\/\/futbolhoy.co\/#website"},"primaryImageOfPage":{"@id":"https:\/\/futbolhoy.co\/index.php\/2025\/04\/29\/arsenal-y-psg-abren-el-telon-de-las-semifinales-de-champions\/#primaryimage"},"image":{"@id":"https:\/\/futbolhoy.co\/index.php\/2025\/04\/29\/arsenal-y-psg-abren-el-telon-de-las-semifinales-de-champions\/#primaryimage"},"thumbnailUrl":"https:\/\/futbolhoy.co\/wp-content\/uploads\/2025\/04\/GpsbdWpXwAAsL-h.jpg","datePublished":"2025-04-29T13:35:49+00:00","dateModified":"2025-04-29T20:35:22+00:00","breadcrumb":{"@id":"https:\/\/futbolhoy.co\/index.php\/2025\/04\/29\/arsenal-y-psg-abren-el-telon-de-las-semifinales-de-champions\/#breadcrumb"},"inLanguage":"es","potentialAction":[{"@type":"ReadAction","target":["https:\/\/futbolhoy.co\/index.php\/2025\/04\/29\/arsenal-y-psg-abren-el-telon-de-las-semifinales-de-champions\/"]}]},{"@type":"ImageObject","inLanguage":"es","@id":"https:\/\/futbolhoy.co\/index.php\/2025\/04\/29\/arsenal-y-psg-abren-el-telon-de-las-semifinales-de-champions\/#primaryimage","url":"https:\/\/futbolhoy.co\/wp-content\/uploads\/2025\/04\/GpsbdWpXwAAsL-h.jpg","contentUrl":"https:\/\/futbolhoy.co\/wp-content\/uploads\/2025\/04\/GpsbdWpXwAAsL-h.jpg","width":1075,"height":709},{"@type":"BreadcrumbList","@id":"https:\/\/futbolhoy.co\/index.php\/2025\/04\/29\/arsenal-y-psg-abren-el-telon-de-las-semifinales-de-champions\/#breadcrumb","itemListElement":[{"@type":"ListItem","position":1,"name":"Portada","item":"https:\/\/futbolhoy.co\/"},{"@type":"ListItem","position":2,"name":"Arsenal y PSG abren el tel\u00f3n de las semifinales de Champions"}]},{"@type":"WebSite","@id":"https:\/\/futbolhoy.co\/#website","url":"https:\/\/futbolhoy.co\/","name":"FutbolHoy","description":"","publisher":{"@id":"https:\/\/futbolhoy.co\/#organization"},"potentialAction":[{"@type":"SearchAction","target":{"@type":"EntryPoint","urlTemplate":"https:\/\/futbolhoy.co\/?s={search_term_string}"},"query-input":{"@type":"PropertyValueSpecification","valueRequired":true,"valueName":"search_term_string"}}],"inLanguage":"es"},{"@type":"Organization","@id":"https:\/\/futbolhoy.co\/#organization","name":"Futbolhoy.co","url":"https:\/\/futbolhoy.co\/","logo":{"@type":"ImageObject","inLanguage":"es","@id":"https:\/\/futbolhoy.co\/#\/schema\/logo\/image\/","url":"https:\/\/futbolhoy.co\/wp-content\/uploads\/2018\/08\/17426380_1906371736249227_6326180412931521141_n.jpg","contentUrl":"https:\/\/futbolhoy.co\/wp-content\/uploads\/2018\/08\/17426380_1906371736249227_6326180412931521141_n.jpg","width":960,"height":960,"caption":"Futbolhoy.co"},"image":{"@id":"https:\/\/futbolhoy.co\/#\/schema\/logo\/image\/"},"sameAs":["https:\/\/www.facebook.com\/FutbolHoyCol\/","https:\/\/x.com\/FutbolHoyCol","https:\/\/www.instagram.com\/futbolhoycol\/"]},{"@type":"Person","@id":"https:\/\/futbolhoy.co\/#\/schema\/person\/1721b69355b6623eaff15ac7b92d4cc3","name":"contenido","image":{"@type":"ImageObject","inLanguage":"es","@id":"https:\/\/futbolhoy.co\/#\/schema\/person\/image\/","url":"https:\/\/secure.gravatar.com\/avatar\/4f656d3256f5134f466206e7c3941518?s=96&d=mm&r=g","contentUrl":"https:\/\/secure.gravatar.com\/avatar\/4f656d3256f5134f466206e7c3941518?s=96&d=mm&r=g","caption":"contenido"}}]}},"publishpress_future_action":{"enabled":false,"date":"2026-05-03 20:04:21","action":"change-status","newStatus":"draft","terms":[],"taxonomy":"category","extraData":[]},"publishpress_future_workflow_manual_trigger":{"enabledWorkflows":[]},"_links":{"self":[{"href":"https:\/\/futbolhoy.co\/index.php\/wp-json\/wp\/v2\/posts\/118914","targetHints":{"allow":["GET"]}}],"collection":[{"href":"https:\/\/futbolhoy.co\/index.php\/wp-json\/wp\/v2\/posts"}],"about":[{"href":"https:\/\/futbolhoy.co\/index.php\/wp-json\/wp\/v2\/types\/post"}],"author":[{"embeddable":true,"href":"https:\/\/futbolhoy.co\/index.php\/wp-json\/wp\/v2\/users\/4"}],"replies":[{"embeddable":true,"href":"https:\/\/futbolhoy.co\/index.php\/wp-json\/wp\/v2\/comments?post=118914"}],"version-history":[{"count":2,"href":"https:\/\/futbolhoy.co\/index.php\/wp-json\/wp\/v2\/posts\/118914\/revisions"}],"predecessor-version":[{"id":118918,"href":"https:\/\/futbolhoy.co\/index.php\/wp-json\/wp\/v2\/posts\/118914\/revisions\/118918"}],"wp:featuredmedia":[{"embeddable":true,"href":"https:\/\/futbolhoy.co\/index.php\/wp-json\/wp\/v2\/media\/118915"}],"wp:attachment":[{"href":"https:\/\/futbolhoy.co\/index.php\/wp-json\/wp\/v2\/media?parent=118914"}],"wp:term":[{"taxonomy":"category","embeddable":true,"href":"https:\/\/futbolhoy.co\/index.php\/wp-json\/wp\/v2\/categories?post=118914"},{"taxonomy":"post_tag","embeddable":true,"href":"https:\/\/futbolhoy.co\/index.php\/wp-json\/wp\/v2\/tags?post=118914"}],"curies":[{"name":"wp","href":"https:\/\/api.w.org\/{rel}","templated":true}]}}