{"id":118919,"date":"2025-04-29T15:46:19","date_gmt":"2025-04-29T20:46:19","guid":{"rendered":"https:\/\/futbolhoy.co\/?p=118919"},"modified":"2025-04-30T20:07:21","modified_gmt":"2025-05-01T01:07:21","slug":"rudiger-se-pierde-el-resto-de-temporada-por-sancion","status":"publish","type":"post","link":"https:\/\/futbolhoy.co\/index.php\/2025\/04\/29\/rudiger-se-pierde-el-resto-de-temporada-por-sancion\/","title":{"rendered":"R\u00fcdiger se pierde el resto de temporada por sanci\u00f3n"},"content":{"rendered":"<p style=\"text-align: justify;\"><span style=\"font-family: helvetica, arial, sans-serif;\">El juez disciplinario \u00fanico de la <strong>Real Federaci\u00f3n Espa\u00f1ola de F\u00fatbol (RFEF)<\/strong> sancion\u00f3 este martes con seis partidos al defensa alem\u00e1n del <strong>Real Madrid, Antonio R\u00fcdiger<\/strong> por \"producirse con violencia leve hacia los \u00e1rbitros\" en la final de la <strong>Copa del Rey,<\/strong> mientras que <strong>Lucas V\u00e1zquez<\/strong> recibi\u00f3 dos encuentros de suspensi\u00f3n \"por protestas\".<\/span><\/p>\n<p style=\"text-align: justify;\"><span style=\"font-family: helvetica, arial, sans-serif;\">El ingl\u00e9s <strong>Jude Bellingham,<\/strong> tercer expulsado del Real Madrid en la final de Copa ante el <strong>Barcelona,<\/strong> una vez acabada la pr\u00f3rroga, no recibi\u00f3 sanci\u00f3n alguna y le ha sido retirada la tarjeta roja al prosperar el recurso de la alegaci\u00f3n con v\u00eddeos presentado por el club blanco.<\/span><\/p>\n<p style=\"text-align: justify;\"><span style=\"font-family: helvetica, arial, sans-serif;\">El colegiado del encuentro,<strong> Ricardo de Burgos Bengoetxea,<\/strong> reflej\u00f3 en el acta de la final que R\u00fcdiger \"fue expulsado por lanzar un objeto desde el \u00e1rea t\u00e9cnica\", un hielo, que no lleg\u00f3 a alcanzarlo. Y a\u00f1adi\u00f3 que el jugador madridista tuvo \"que ser sujetado por varios miembros del cuerpo t\u00e9cnico, mostrando una actitud agresiva\".<\/span><\/p>\n<p style=\"text-align: justify;\"><span style=\"font-family: helvetica, arial, sans-serif;\">En el caso de Lucas V\u00e1zquez, castigado con dos partidos, seg\u00fan el art\u00edculo 127, por protestar, podr\u00e1 jugar en <strong>LaLiga EA Sports (Primera Divisi\u00f3n)<\/strong> y cumplir\u00eda la sanci\u00f3n en la pr\u00f3xima edici\u00f3n de la Copa del Rey.<\/span><\/p>\n","protected":false},"excerpt":{"rendered":"<p>El juez disciplinario \u00fanico de la Real Federaci\u00f3n Espa\u00f1ola de F\u00fatbol (RFEF) sancion\u00f3 este martes con seis partidos al defensa alem\u00e1n del Real Madrid, Antonio R\u00fcdiger por \"producirse con violencia leve hacia los \u00e1rbitros\" en la final de la Copa del Rey, mientras que Lucas V\u00e1zquez recibi\u00f3 dos encuentros de suspensi\u00f3n \"por protestas\". El ingl\u00e9s [&hellip;]<\/p>\n","protected":false},"author":4,"featured_media":118920,"comment_status":"open","ping_status":"open","sticky":false,"template":"","format":"standard","meta":{"_acf_changed":false,"footnotes":""},"categories":[152],"tags":[],"class_list":{"0":"post-118919","1":"post","2":"type-post","3":"status-publish","4":"format-standard","5":"has-post-thumbnail","7":"category-mundo-futbol"},"acf":[],"yoast_head":"<!-- This site is optimized with the Yoast SEO plugin v26.8 - https:\/\/yoast.com\/product\/yoast-seo-wordpress\/ -->\n<title>R\u00fcdiger se pierde el resto de temporada por sanci\u00f3n -<\/title>\n<meta name=\"robots\" content=\"index, follow, max-snippet:-1, max-image-preview:large, max-video-preview:-1\" \/>\n<link rel=\"canonical\" href=\"https:\/\/futbolhoy.co\/index.php\/2025\/04\/29\/rudiger-se-pierde-el-resto-de-temporada-por-sancion\/\" \/>\n<meta property=\"og:locale\" content=\"es_ES\" \/>\n<meta property=\"og:type\" content=\"article\" \/>\n<meta property=\"og:title\" content=\"R\u00fcdiger se pierde el resto de temporada por sanci\u00f3n -\" \/>\n<meta property=\"og:description\" content=\"El juez disciplinario \u00fanico de la Real Federaci\u00f3n Espa\u00f1ola de F\u00fatbol (RFEF) sancion\u00f3 este martes con seis partidos al defensa alem\u00e1n del Real Madrid, Antonio R\u00fcdiger por &quot;producirse con violencia leve hacia los \u00e1rbitros&quot; en la final de la Copa del Rey, mientras que Lucas V\u00e1zquez recibi\u00f3 dos encuentros de suspensi\u00f3n &quot;por protestas&quot;. El ingl\u00e9s [&hellip;]\" \/>\n<meta property=\"og:url\" content=\"https:\/\/futbolhoy.co\/index.php\/2025\/04\/29\/rudiger-se-pierde-el-resto-de-temporada-por-sancion\/\" \/>\n<meta property=\"article:publisher\" content=\"https:\/\/www.facebook.com\/FutbolHoyCol\/\" \/>\n<meta property=\"article:published_time\" content=\"2025-04-29T20:46:19+00:00\" \/>\n<meta property=\"article:modified_time\" content=\"2025-05-01T01:07:21+00:00\" \/>\n<meta property=\"og:image\" content=\"https:\/\/futbolhoy.co\/wp-content\/uploads\/2025\/04\/WhatsApp-Image-2025-04-29-at-3.45.31-PM.jpeg\" \/>\n\t<meta property=\"og:image:width\" content=\"1179\" \/>\n\t<meta property=\"og:image:height\" content=\"856\" \/>\n\t<meta property=\"og:image:type\" content=\"image\/jpeg\" \/>\n<meta name=\"author\" content=\"contenido\" \/>\n<meta name=\"twitter:card\" content=\"summary_large_image\" \/>\n<meta name=\"twitter:creator\" content=\"@FutbolHoyCol\" \/>\n<meta name=\"twitter:site\" content=\"@FutbolHoyCol\" \/>\n<meta name=\"twitter:label1\" content=\"Escrito por\" \/>\n\t<meta name=\"twitter:data1\" content=\"contenido\" \/>\n\t<meta name=\"twitter:label2\" content=\"Tiempo de lectura\" \/>\n\t<meta name=\"twitter:data2\" content=\"1 minuto\" \/>\n<script type=\"application\/ld+json\" class=\"yoast-schema-graph\">{\"@context\":\"https:\/\/schema.org\",\"@graph\":[{\"@type\":\"Article\",\"@id\":\"https:\/\/futbolhoy.co\/index.php\/2025\/04\/29\/rudiger-se-pierde-el-resto-de-temporada-por-sancion\/#article\",\"isPartOf\":{\"@id\":\"https:\/\/futbolhoy.co\/index.php\/2025\/04\/29\/rudiger-se-pierde-el-resto-de-temporada-por-sancion\/\"},\"author\":{\"name\":\"contenido\",\"@id\":\"https:\/\/futbolhoy.co\/#\/schema\/person\/1721b69355b6623eaff15ac7b92d4cc3\"},\"headline\":\"R\u00fcdiger se pierde el resto de temporada por sanci\u00f3n\",\"datePublished\":\"2025-04-29T20:46:19+00:00\",\"dateModified\":\"2025-05-01T01:07:21+00:00\",\"mainEntityOfPage\":{\"@id\":\"https:\/\/futbolhoy.co\/index.php\/2025\/04\/29\/rudiger-se-pierde-el-resto-de-temporada-por-sancion\/\"},\"wordCount\":226,\"commentCount\":0,\"publisher\":{\"@id\":\"https:\/\/futbolhoy.co\/#organization\"},\"image\":{\"@id\":\"https:\/\/futbolhoy.co\/index.php\/2025\/04\/29\/rudiger-se-pierde-el-resto-de-temporada-por-sancion\/#primaryimage\"},\"thumbnailUrl\":\"https:\/\/futbolhoy.co\/wp-content\/uploads\/2025\/04\/WhatsApp-Image-2025-04-29-at-3.45.31-PM.jpeg\",\"articleSection\":[\"Mundo Futbol\"],\"inLanguage\":\"es\",\"potentialAction\":[{\"@type\":\"CommentAction\",\"name\":\"Comment\",\"target\":[\"https:\/\/futbolhoy.co\/index.php\/2025\/04\/29\/rudiger-se-pierde-el-resto-de-temporada-por-sancion\/#respond\"]}]},{\"@type\":\"WebPage\",\"@id\":\"https:\/\/futbolhoy.co\/index.php\/2025\/04\/29\/rudiger-se-pierde-el-resto-de-temporada-por-sancion\/\",\"url\":\"https:\/\/futbolhoy.co\/index.php\/2025\/04\/29\/rudiger-se-pierde-el-resto-de-temporada-por-sancion\/\",\"name\":\"R\u00fcdiger se pierde el resto de temporada por sanci\u00f3n -\",\"isPartOf\":{\"@id\":\"https:\/\/futbolhoy.co\/#website\"},\"primaryImageOfPage\":{\"@id\":\"https:\/\/futbolhoy.co\/index.php\/2025\/04\/29\/rudiger-se-pierde-el-resto-de-temporada-por-sancion\/#primaryimage\"},\"image\":{\"@id\":\"https:\/\/futbolhoy.co\/index.php\/2025\/04\/29\/rudiger-se-pierde-el-resto-de-temporada-por-sancion\/#primaryimage\"},\"thumbnailUrl\":\"https:\/\/futbolhoy.co\/wp-content\/uploads\/2025\/04\/WhatsApp-Image-2025-04-29-at-3.45.31-PM.jpeg\",\"datePublished\":\"2025-04-29T20:46:19+00:00\",\"dateModified\":\"2025-05-01T01:07:21+00:00\",\"breadcrumb\":{\"@id\":\"https:\/\/futbolhoy.co\/index.php\/2025\/04\/29\/rudiger-se-pierde-el-resto-de-temporada-por-sancion\/#breadcrumb\"},\"inLanguage\":\"es\",\"potentialAction\":[{\"@type\":\"ReadAction\",\"target\":[\"https:\/\/futbolhoy.co\/index.php\/2025\/04\/29\/rudiger-se-pierde-el-resto-de-temporada-por-sancion\/\"]}]},{\"@type\":\"ImageObject\",\"inLanguage\":\"es\",\"@id\":\"https:\/\/futbolhoy.co\/index.php\/2025\/04\/29\/rudiger-se-pierde-el-resto-de-temporada-por-sancion\/#primaryimage\",\"url\":\"https:\/\/futbolhoy.co\/wp-content\/uploads\/2025\/04\/WhatsApp-Image-2025-04-29-at-3.45.31-PM.jpeg\",\"contentUrl\":\"https:\/\/futbolhoy.co\/wp-content\/uploads\/2025\/04\/WhatsApp-Image-2025-04-29-at-3.45.31-PM.jpeg\",\"width\":1179,\"height\":856},{\"@type\":\"BreadcrumbList\",\"@id\":\"https:\/\/futbolhoy.co\/index.php\/2025\/04\/29\/rudiger-se-pierde-el-resto-de-temporada-por-sancion\/#breadcrumb\",\"itemListElement\":[{\"@type\":\"ListItem\",\"position\":1,\"name\":\"Portada\",\"item\":\"https:\/\/futbolhoy.co\/\"},{\"@type\":\"ListItem\",\"position\":2,\"name\":\"R\u00fcdiger se pierde el resto de temporada por sanci\u00f3n\"}]},{\"@type\":\"WebSite\",\"@id\":\"https:\/\/futbolhoy.co\/#website\",\"url\":\"https:\/\/futbolhoy.co\/\",\"name\":\"FutbolHoy\",\"description\":\"\",\"publisher\":{\"@id\":\"https:\/\/futbolhoy.co\/#organization\"},\"potentialAction\":[{\"@type\":\"SearchAction\",\"target\":{\"@type\":\"EntryPoint\",\"urlTemplate\":\"https:\/\/futbolhoy.co\/?s={search_term_string}\"},\"query-input\":{\"@type\":\"PropertyValueSpecification\",\"valueRequired\":true,\"valueName\":\"search_term_string\"}}],\"inLanguage\":\"es\"},{\"@type\":\"Organization\",\"@id\":\"https:\/\/futbolhoy.co\/#organization\",\"name\":\"Futbolhoy.co\",\"url\":\"https:\/\/futbolhoy.co\/\",\"logo\":{\"@type\":\"ImageObject\",\"inLanguage\":\"es\",\"@id\":\"https:\/\/futbolhoy.co\/#\/schema\/logo\/image\/\",\"url\":\"https:\/\/futbolhoy.co\/wp-content\/uploads\/2018\/08\/17426380_1906371736249227_6326180412931521141_n.jpg\",\"contentUrl\":\"https:\/\/futbolhoy.co\/wp-content\/uploads\/2018\/08\/17426380_1906371736249227_6326180412931521141_n.jpg\",\"width\":960,\"height\":960,\"caption\":\"Futbolhoy.co\"},\"image\":{\"@id\":\"https:\/\/futbolhoy.co\/#\/schema\/logo\/image\/\"},\"sameAs\":[\"https:\/\/www.facebook.com\/FutbolHoyCol\/\",\"https:\/\/x.com\/FutbolHoyCol\",\"https:\/\/www.instagram.com\/futbolhoycol\/\"]},{\"@type\":\"Person\",\"@id\":\"https:\/\/futbolhoy.co\/#\/schema\/person\/1721b69355b6623eaff15ac7b92d4cc3\",\"name\":\"contenido\",\"image\":{\"@type\":\"ImageObject\",\"inLanguage\":\"es\",\"@id\":\"https:\/\/futbolhoy.co\/#\/schema\/person\/image\/\",\"url\":\"https:\/\/secure.gravatar.com\/avatar\/4f656d3256f5134f466206e7c3941518?s=96&d=mm&r=g\",\"contentUrl\":\"https:\/\/secure.gravatar.com\/avatar\/4f656d3256f5134f466206e7c3941518?s=96&d=mm&r=g\",\"caption\":\"contenido\"}}]}<\/script>\n<!-- \/ Yoast SEO plugin. -->","yoast_head_json":{"title":"R\u00fcdiger se pierde el resto de temporada por sanci\u00f3n -","robots":{"index":"index","follow":"follow","max-snippet":"max-snippet:-1","max-image-preview":"max-image-preview:large","max-video-preview":"max-video-preview:-1"},"canonical":"https:\/\/futbolhoy.co\/index.php\/2025\/04\/29\/rudiger-se-pierde-el-resto-de-temporada-por-sancion\/","og_locale":"es_ES","og_type":"article","og_title":"R\u00fcdiger se pierde el resto de temporada por sanci\u00f3n -","og_description":"El juez disciplinario \u00fanico de la Real Federaci\u00f3n Espa\u00f1ola de F\u00fatbol (RFEF) sancion\u00f3 este martes con seis partidos al defensa alem\u00e1n del Real Madrid, Antonio R\u00fcdiger por \"producirse con violencia leve hacia los \u00e1rbitros\" en la final de la Copa del Rey, mientras que Lucas V\u00e1zquez recibi\u00f3 dos encuentros de suspensi\u00f3n \"por protestas\". El ingl\u00e9s [&hellip;]","og_url":"https:\/\/futbolhoy.co\/index.php\/2025\/04\/29\/rudiger-se-pierde-el-resto-de-temporada-por-sancion\/","article_publisher":"https:\/\/www.facebook.com\/FutbolHoyCol\/","article_published_time":"2025-04-29T20:46:19+00:00","article_modified_time":"2025-05-01T01:07:21+00:00","og_image":[{"width":1179,"height":856,"url":"https:\/\/futbolhoy.co\/wp-content\/uploads\/2025\/04\/WhatsApp-Image-2025-04-29-at-3.45.31-PM.jpeg","type":"image\/jpeg"}],"author":"contenido","twitter_card":"summary_large_image","twitter_creator":"@FutbolHoyCol","twitter_site":"@FutbolHoyCol","twitter_misc":{"Escrito por":"contenido","Tiempo de lectura":"1 minuto"},"schema":{"@context":"https:\/\/schema.org","@graph":[{"@type":"Article","@id":"https:\/\/futbolhoy.co\/index.php\/2025\/04\/29\/rudiger-se-pierde-el-resto-de-temporada-por-sancion\/#article","isPartOf":{"@id":"https:\/\/futbolhoy.co\/index.php\/2025\/04\/29\/rudiger-se-pierde-el-resto-de-temporada-por-sancion\/"},"author":{"name":"contenido","@id":"https:\/\/futbolhoy.co\/#\/schema\/person\/1721b69355b6623eaff15ac7b92d4cc3"},"headline":"R\u00fcdiger se pierde el resto de temporada por sanci\u00f3n","datePublished":"2025-04-29T20:46:19+00:00","dateModified":"2025-05-01T01:07:21+00:00","mainEntityOfPage":{"@id":"https:\/\/futbolhoy.co\/index.php\/2025\/04\/29\/rudiger-se-pierde-el-resto-de-temporada-por-sancion\/"},"wordCount":226,"commentCount":0,"publisher":{"@id":"https:\/\/futbolhoy.co\/#organization"},"image":{"@id":"https:\/\/futbolhoy.co\/index.php\/2025\/04\/29\/rudiger-se-pierde-el-resto-de-temporada-por-sancion\/#primaryimage"},"thumbnailUrl":"https:\/\/futbolhoy.co\/wp-content\/uploads\/2025\/04\/WhatsApp-Image-2025-04-29-at-3.45.31-PM.jpeg","articleSection":["Mundo Futbol"],"inLanguage":"es","potentialAction":[{"@type":"CommentAction","name":"Comment","target":["https:\/\/futbolhoy.co\/index.php\/2025\/04\/29\/rudiger-se-pierde-el-resto-de-temporada-por-sancion\/#respond"]}]},{"@type":"WebPage","@id":"https:\/\/futbolhoy.co\/index.php\/2025\/04\/29\/rudiger-se-pierde-el-resto-de-temporada-por-sancion\/","url":"https:\/\/futbolhoy.co\/index.php\/2025\/04\/29\/rudiger-se-pierde-el-resto-de-temporada-por-sancion\/","name":"R\u00fcdiger se pierde el resto de temporada por sanci\u00f3n -","isPartOf":{"@id":"https:\/\/futbolhoy.co\/#website"},"primaryImageOfPage":{"@id":"https:\/\/futbolhoy.co\/index.php\/2025\/04\/29\/rudiger-se-pierde-el-resto-de-temporada-por-sancion\/#primaryimage"},"image":{"@id":"https:\/\/futbolhoy.co\/index.php\/2025\/04\/29\/rudiger-se-pierde-el-resto-de-temporada-por-sancion\/#primaryimage"},"thumbnailUrl":"https:\/\/futbolhoy.co\/wp-content\/uploads\/2025\/04\/WhatsApp-Image-2025-04-29-at-3.45.31-PM.jpeg","datePublished":"2025-04-29T20:46:19+00:00","dateModified":"2025-05-01T01:07:21+00:00","breadcrumb":{"@id":"https:\/\/futbolhoy.co\/index.php\/2025\/04\/29\/rudiger-se-pierde-el-resto-de-temporada-por-sancion\/#breadcrumb"},"inLanguage":"es","potentialAction":[{"@type":"ReadAction","target":["https:\/\/futbolhoy.co\/index.php\/2025\/04\/29\/rudiger-se-pierde-el-resto-de-temporada-por-sancion\/"]}]},{"@type":"ImageObject","inLanguage":"es","@id":"https:\/\/futbolhoy.co\/index.php\/2025\/04\/29\/rudiger-se-pierde-el-resto-de-temporada-por-sancion\/#primaryimage","url":"https:\/\/futbolhoy.co\/wp-content\/uploads\/2025\/04\/WhatsApp-Image-2025-04-29-at-3.45.31-PM.jpeg","contentUrl":"https:\/\/futbolhoy.co\/wp-content\/uploads\/2025\/04\/WhatsApp-Image-2025-04-29-at-3.45.31-PM.jpeg","width":1179,"height":856},{"@type":"BreadcrumbList","@id":"https:\/\/futbolhoy.co\/index.php\/2025\/04\/29\/rudiger-se-pierde-el-resto-de-temporada-por-sancion\/#breadcrumb","itemListElement":[{"@type":"ListItem","position":1,"name":"Portada","item":"https:\/\/futbolhoy.co\/"},{"@type":"ListItem","position":2,"name":"R\u00fcdiger se pierde el resto de temporada por sanci\u00f3n"}]},{"@type":"WebSite","@id":"https:\/\/futbolhoy.co\/#website","url":"https:\/\/futbolhoy.co\/","name":"FutbolHoy","description":"","publisher":{"@id":"https:\/\/futbolhoy.co\/#organization"},"potentialAction":[{"@type":"SearchAction","target":{"@type":"EntryPoint","urlTemplate":"https:\/\/futbolhoy.co\/?s={search_term_string}"},"query-input":{"@type":"PropertyValueSpecification","valueRequired":true,"valueName":"search_term_string"}}],"inLanguage":"es"},{"@type":"Organization","@id":"https:\/\/futbolhoy.co\/#organization","name":"Futbolhoy.co","url":"https:\/\/futbolhoy.co\/","logo":{"@type":"ImageObject","inLanguage":"es","@id":"https:\/\/futbolhoy.co\/#\/schema\/logo\/image\/","url":"https:\/\/futbolhoy.co\/wp-content\/uploads\/2018\/08\/17426380_1906371736249227_6326180412931521141_n.jpg","contentUrl":"https:\/\/futbolhoy.co\/wp-content\/uploads\/2018\/08\/17426380_1906371736249227_6326180412931521141_n.jpg","width":960,"height":960,"caption":"Futbolhoy.co"},"image":{"@id":"https:\/\/futbolhoy.co\/#\/schema\/logo\/image\/"},"sameAs":["https:\/\/www.facebook.com\/FutbolHoyCol\/","https:\/\/x.com\/FutbolHoyCol","https:\/\/www.instagram.com\/futbolhoycol\/"]},{"@type":"Person","@id":"https:\/\/futbolhoy.co\/#\/schema\/person\/1721b69355b6623eaff15ac7b92d4cc3","name":"contenido","image":{"@type":"ImageObject","inLanguage":"es","@id":"https:\/\/futbolhoy.co\/#\/schema\/person\/image\/","url":"https:\/\/secure.gravatar.com\/avatar\/4f656d3256f5134f466206e7c3941518?s=96&d=mm&r=g","contentUrl":"https:\/\/secure.gravatar.com\/avatar\/4f656d3256f5134f466206e7c3941518?s=96&d=mm&r=g","caption":"contenido"}}]}},"publishpress_future_action":{"enabled":false,"date":"2026-05-03 18:39:00","action":"change-status","newStatus":"draft","terms":[],"taxonomy":"category","extraData":[]},"publishpress_future_workflow_manual_trigger":{"enabledWorkflows":[]},"_links":{"self":[{"href":"https:\/\/futbolhoy.co\/index.php\/wp-json\/wp\/v2\/posts\/118919","targetHints":{"allow":["GET"]}}],"collection":[{"href":"https:\/\/futbolhoy.co\/index.php\/wp-json\/wp\/v2\/posts"}],"about":[{"href":"https:\/\/futbolhoy.co\/index.php\/wp-json\/wp\/v2\/types\/post"}],"author":[{"embeddable":true,"href":"https:\/\/futbolhoy.co\/index.php\/wp-json\/wp\/v2\/users\/4"}],"replies":[{"embeddable":true,"href":"https:\/\/futbolhoy.co\/index.php\/wp-json\/wp\/v2\/comments?post=118919"}],"version-history":[{"count":1,"href":"https:\/\/futbolhoy.co\/index.php\/wp-json\/wp\/v2\/posts\/118919\/revisions"}],"predecessor-version":[{"id":118921,"href":"https:\/\/futbolhoy.co\/index.php\/wp-json\/wp\/v2\/posts\/118919\/revisions\/118921"}],"wp:featuredmedia":[{"embeddable":true,"href":"https:\/\/futbolhoy.co\/index.php\/wp-json\/wp\/v2\/media\/118920"}],"wp:attachment":[{"href":"https:\/\/futbolhoy.co\/index.php\/wp-json\/wp\/v2\/media?parent=118919"}],"wp:term":[{"taxonomy":"category","embeddable":true,"href":"https:\/\/futbolhoy.co\/index.php\/wp-json\/wp\/v2\/categories?post=118919"},{"taxonomy":"post_tag","embeddable":true,"href":"https:\/\/futbolhoy.co\/index.php\/wp-json\/wp\/v2\/tags?post=118919"}],"curies":[{"name":"wp","href":"https:\/\/api.w.org\/{rel}","templated":true}]}}