{"id":118925,"date":"2025-04-29T19:23:10","date_gmt":"2025-04-30T00:23:10","guid":{"rendered":"https:\/\/futbolhoy.co\/?p=118925"},"modified":"2025-05-01T10:24:32","modified_gmt":"2025-05-01T15:24:32","slug":"giro-inesperado-ancelotti-no-llegaria-a-la-seleccion-de-brasil","status":"publish","type":"post","link":"https:\/\/futbolhoy.co\/index.php\/2025\/04\/29\/giro-inesperado-ancelotti-no-llegaria-a-la-seleccion-de-brasil\/","title":{"rendered":"Giro inesperado: Ancelotti no llegar\u00eda a la Selecci\u00f3n de Brasil"},"content":{"rendered":"<p style=\"text-align: justify;\"><span style=\"font-family: helvetica, arial, sans-serif;\">En un giro inesperado de los acontecimientos, la <strong>Confederaci\u00f3n Brasile\u00f1a de F\u00fatbol (CBF)<\/strong> le puso fin a las negociaciones con el italiano <strong>Carlo Ancelotti,<\/strong> entrenador del <strong>Real Madrid,<\/strong> para dirigir la Canarinha, seg\u00fan inform\u00f3 este martes el medio deportivo <strong>'Ge',<\/strong> del grupo <strong>Globo.<\/strong><\/span><\/p>\n<p style=\"text-align: justify;\"><span style=\"font-family: helvetica, arial, sans-serif;\">Despu\u00e9s de haber alcanzado un principio de acuerdo, la CBF desisti\u00f3 finalmente de contratar al laureado t\u00e9cnico \"despu\u00e9s de que el Real Madrid dificultara su liberaci\u00f3n\", de acuerdo con la informaci\u00f3n firmada por<strong> Andr\u00e9 Rizek y Cah\u00ea Mota.<\/strong><\/span><\/p>\n<p style=\"text-align: justify;\"><span style=\"font-family: helvetica, arial, sans-serif;\">El favorito para el puesto pasa a ser ahora el portugu\u00e9s Jorge Jesus, actual entrenador del<strong> Al-Hilal<\/strong> saud\u00ed.<\/span><\/p>\n<p style=\"text-align: justify;\"><span style=\"font-family: helvetica, arial, sans-serif;\">Horas antes, el mismo portal asegur\u00f3 que la CBF y Ancelotti hab\u00edan llegado a un acuerdo para que el italiano se sentara en el banquillo de la selecci\u00f3n brasile\u00f1a a partir del pr\u00f3ximo junio y que solo esperaban el aval del conjunto blanco para hacerlo oficial.<\/span><\/p>\n<p style=\"text-align: justify;\"><span style=\"font-family: helvetica, arial, sans-serif;\">Pero el Real Madrid se ha cerrado en banda, pues 'Carletto' tiene contrato con el equipo blanco hasta 2026, y las partes no se han puesto de acuerdo sobre el pago de la cl\u00e1usula de rescisi\u00f3n para obtener la carta de libertad, seg\u00fan 'Ge'.<\/span><\/p>\n<p style=\"text-align: justify;\"><span style=\"font-family: helvetica, arial, sans-serif;\">La prensa espa\u00f1ola apunta, sin embargo, a que Ancelotti ha recibido una oferta mareante del f\u00fatbol saud\u00ed que le ha hecho dar marcha atr\u00e1s en su intenci\u00f3n de ponerse al frente de la pentacampeona del mundo.<\/span><\/p>\n","protected":false},"excerpt":{"rendered":"<p>En un giro inesperado de los acontecimientos, la Confederaci\u00f3n Brasile\u00f1a de F\u00fatbol (CBF) le puso fin a las negociaciones con el italiano Carlo Ancelotti, entrenador del Real Madrid, para dirigir la Canarinha, seg\u00fan inform\u00f3 este martes el medio deportivo 'Ge', del grupo Globo. Despu\u00e9s de haber alcanzado un principio de acuerdo, la CBF desisti\u00f3 finalmente [&hellip;]<\/p>\n","protected":false},"author":4,"featured_media":79650,"comment_status":"open","ping_status":"open","sticky":false,"template":"","format":"standard","meta":{"_acf_changed":false,"footnotes":""},"categories":[152],"tags":[],"class_list":{"0":"post-118925","1":"post","2":"type-post","3":"status-publish","4":"format-standard","5":"has-post-thumbnail","7":"category-mundo-futbol"},"acf":[],"yoast_head":"<!-- This site is optimized with the Yoast SEO plugin v26.8 - https:\/\/yoast.com\/product\/yoast-seo-wordpress\/ -->\n<title>Giro inesperado: Ancelotti no llegar\u00eda a la Selecci\u00f3n de Brasil -<\/title>\n<meta name=\"robots\" content=\"index, follow, max-snippet:-1, max-image-preview:large, max-video-preview:-1\" \/>\n<link rel=\"canonical\" href=\"https:\/\/futbolhoy.co\/index.php\/2025\/04\/29\/giro-inesperado-ancelotti-no-llegaria-a-la-seleccion-de-brasil\/\" \/>\n<meta property=\"og:locale\" content=\"es_ES\" \/>\n<meta property=\"og:type\" content=\"article\" \/>\n<meta property=\"og:title\" content=\"Giro inesperado: Ancelotti no llegar\u00eda a la Selecci\u00f3n de Brasil -\" \/>\n<meta property=\"og:description\" content=\"En un giro inesperado de los acontecimientos, la Confederaci\u00f3n Brasile\u00f1a de F\u00fatbol (CBF) le puso fin a las negociaciones con el italiano Carlo Ancelotti, entrenador del Real Madrid, para dirigir la Canarinha, seg\u00fan inform\u00f3 este martes el medio deportivo &#039;Ge&#039;, del grupo Globo. Despu\u00e9s de haber alcanzado un principio de acuerdo, la CBF desisti\u00f3 finalmente [&hellip;]\" \/>\n<meta property=\"og:url\" content=\"https:\/\/futbolhoy.co\/index.php\/2025\/04\/29\/giro-inesperado-ancelotti-no-llegaria-a-la-seleccion-de-brasil\/\" \/>\n<meta property=\"article:publisher\" content=\"https:\/\/www.facebook.com\/FutbolHoyCol\/\" \/>\n<meta property=\"article:published_time\" content=\"2025-04-30T00:23:10+00:00\" \/>\n<meta property=\"article:modified_time\" content=\"2025-05-01T15:24:32+00:00\" \/>\n<meta property=\"og:image\" content=\"https:\/\/futbolhoy.co\/wp-content\/uploads\/2022\/05\/Ancelotti.gif\" \/>\n\t<meta property=\"og:image:width\" content=\"653\" \/>\n\t<meta property=\"og:image:height\" content=\"599\" \/>\n\t<meta property=\"og:image:type\" content=\"image\/gif\" \/>\n<meta name=\"author\" content=\"contenido\" \/>\n<meta name=\"twitter:card\" content=\"summary_large_image\" \/>\n<meta name=\"twitter:creator\" content=\"@FutbolHoyCol\" \/>\n<meta name=\"twitter:site\" content=\"@FutbolHoyCol\" \/>\n<meta name=\"twitter:label1\" content=\"Escrito por\" \/>\n\t<meta name=\"twitter:data1\" content=\"contenido\" \/>\n\t<meta name=\"twitter:label2\" content=\"Tiempo de lectura\" \/>\n\t<meta name=\"twitter:data2\" content=\"1 minuto\" \/>\n<script type=\"application\/ld+json\" class=\"yoast-schema-graph\">{\"@context\":\"https:\/\/schema.org\",\"@graph\":[{\"@type\":\"Article\",\"@id\":\"https:\/\/futbolhoy.co\/index.php\/2025\/04\/29\/giro-inesperado-ancelotti-no-llegaria-a-la-seleccion-de-brasil\/#article\",\"isPartOf\":{\"@id\":\"https:\/\/futbolhoy.co\/index.php\/2025\/04\/29\/giro-inesperado-ancelotti-no-llegaria-a-la-seleccion-de-brasil\/\"},\"author\":{\"name\":\"contenido\",\"@id\":\"https:\/\/futbolhoy.co\/#\/schema\/person\/1721b69355b6623eaff15ac7b92d4cc3\"},\"headline\":\"Giro inesperado: Ancelotti no llegar\u00eda a la Selecci\u00f3n de Brasil\",\"datePublished\":\"2025-04-30T00:23:10+00:00\",\"dateModified\":\"2025-05-01T15:24:32+00:00\",\"mainEntityOfPage\":{\"@id\":\"https:\/\/futbolhoy.co\/index.php\/2025\/04\/29\/giro-inesperado-ancelotti-no-llegaria-a-la-seleccion-de-brasil\/\"},\"wordCount\":257,\"commentCount\":0,\"publisher\":{\"@id\":\"https:\/\/futbolhoy.co\/#organization\"},\"image\":{\"@id\":\"https:\/\/futbolhoy.co\/index.php\/2025\/04\/29\/giro-inesperado-ancelotti-no-llegaria-a-la-seleccion-de-brasil\/#primaryimage\"},\"thumbnailUrl\":\"https:\/\/futbolhoy.co\/wp-content\/uploads\/2022\/05\/Ancelotti.gif\",\"articleSection\":[\"Mundo Futbol\"],\"inLanguage\":\"es\",\"potentialAction\":[{\"@type\":\"CommentAction\",\"name\":\"Comment\",\"target\":[\"https:\/\/futbolhoy.co\/index.php\/2025\/04\/29\/giro-inesperado-ancelotti-no-llegaria-a-la-seleccion-de-brasil\/#respond\"]}]},{\"@type\":\"WebPage\",\"@id\":\"https:\/\/futbolhoy.co\/index.php\/2025\/04\/29\/giro-inesperado-ancelotti-no-llegaria-a-la-seleccion-de-brasil\/\",\"url\":\"https:\/\/futbolhoy.co\/index.php\/2025\/04\/29\/giro-inesperado-ancelotti-no-llegaria-a-la-seleccion-de-brasil\/\",\"name\":\"Giro inesperado: Ancelotti no llegar\u00eda a la Selecci\u00f3n de Brasil -\",\"isPartOf\":{\"@id\":\"https:\/\/futbolhoy.co\/#website\"},\"primaryImageOfPage\":{\"@id\":\"https:\/\/futbolhoy.co\/index.php\/2025\/04\/29\/giro-inesperado-ancelotti-no-llegaria-a-la-seleccion-de-brasil\/#primaryimage\"},\"image\":{\"@id\":\"https:\/\/futbolhoy.co\/index.php\/2025\/04\/29\/giro-inesperado-ancelotti-no-llegaria-a-la-seleccion-de-brasil\/#primaryimage\"},\"thumbnailUrl\":\"https:\/\/futbolhoy.co\/wp-content\/uploads\/2022\/05\/Ancelotti.gif\",\"datePublished\":\"2025-04-30T00:23:10+00:00\",\"dateModified\":\"2025-05-01T15:24:32+00:00\",\"breadcrumb\":{\"@id\":\"https:\/\/futbolhoy.co\/index.php\/2025\/04\/29\/giro-inesperado-ancelotti-no-llegaria-a-la-seleccion-de-brasil\/#breadcrumb\"},\"inLanguage\":\"es\",\"potentialAction\":[{\"@type\":\"ReadAction\",\"target\":[\"https:\/\/futbolhoy.co\/index.php\/2025\/04\/29\/giro-inesperado-ancelotti-no-llegaria-a-la-seleccion-de-brasil\/\"]}]},{\"@type\":\"ImageObject\",\"inLanguage\":\"es\",\"@id\":\"https:\/\/futbolhoy.co\/index.php\/2025\/04\/29\/giro-inesperado-ancelotti-no-llegaria-a-la-seleccion-de-brasil\/#primaryimage\",\"url\":\"https:\/\/futbolhoy.co\/wp-content\/uploads\/2022\/05\/Ancelotti.gif\",\"contentUrl\":\"https:\/\/futbolhoy.co\/wp-content\/uploads\/2022\/05\/Ancelotti.gif\",\"width\":653,\"height\":599},{\"@type\":\"BreadcrumbList\",\"@id\":\"https:\/\/futbolhoy.co\/index.php\/2025\/04\/29\/giro-inesperado-ancelotti-no-llegaria-a-la-seleccion-de-brasil\/#breadcrumb\",\"itemListElement\":[{\"@type\":\"ListItem\",\"position\":1,\"name\":\"Portada\",\"item\":\"https:\/\/futbolhoy.co\/\"},{\"@type\":\"ListItem\",\"position\":2,\"name\":\"Giro inesperado: Ancelotti no llegar\u00eda a la Selecci\u00f3n de Brasil\"}]},{\"@type\":\"WebSite\",\"@id\":\"https:\/\/futbolhoy.co\/#website\",\"url\":\"https:\/\/futbolhoy.co\/\",\"name\":\"FutbolHoy\",\"description\":\"\",\"publisher\":{\"@id\":\"https:\/\/futbolhoy.co\/#organization\"},\"potentialAction\":[{\"@type\":\"SearchAction\",\"target\":{\"@type\":\"EntryPoint\",\"urlTemplate\":\"https:\/\/futbolhoy.co\/?s={search_term_string}\"},\"query-input\":{\"@type\":\"PropertyValueSpecification\",\"valueRequired\":true,\"valueName\":\"search_term_string\"}}],\"inLanguage\":\"es\"},{\"@type\":\"Organization\",\"@id\":\"https:\/\/futbolhoy.co\/#organization\",\"name\":\"Futbolhoy.co\",\"url\":\"https:\/\/futbolhoy.co\/\",\"logo\":{\"@type\":\"ImageObject\",\"inLanguage\":\"es\",\"@id\":\"https:\/\/futbolhoy.co\/#\/schema\/logo\/image\/\",\"url\":\"https:\/\/futbolhoy.co\/wp-content\/uploads\/2018\/08\/17426380_1906371736249227_6326180412931521141_n.jpg\",\"contentUrl\":\"https:\/\/futbolhoy.co\/wp-content\/uploads\/2018\/08\/17426380_1906371736249227_6326180412931521141_n.jpg\",\"width\":960,\"height\":960,\"caption\":\"Futbolhoy.co\"},\"image\":{\"@id\":\"https:\/\/futbolhoy.co\/#\/schema\/logo\/image\/\"},\"sameAs\":[\"https:\/\/www.facebook.com\/FutbolHoyCol\/\",\"https:\/\/x.com\/FutbolHoyCol\",\"https:\/\/www.instagram.com\/futbolhoycol\/\"]},{\"@type\":\"Person\",\"@id\":\"https:\/\/futbolhoy.co\/#\/schema\/person\/1721b69355b6623eaff15ac7b92d4cc3\",\"name\":\"contenido\",\"image\":{\"@type\":\"ImageObject\",\"inLanguage\":\"es\",\"@id\":\"https:\/\/futbolhoy.co\/#\/schema\/person\/image\/\",\"url\":\"https:\/\/secure.gravatar.com\/avatar\/4f656d3256f5134f466206e7c3941518?s=96&d=mm&r=g\",\"contentUrl\":\"https:\/\/secure.gravatar.com\/avatar\/4f656d3256f5134f466206e7c3941518?s=96&d=mm&r=g\",\"caption\":\"contenido\"}}]}<\/script>\n<!-- \/ Yoast SEO plugin. -->","yoast_head_json":{"title":"Giro inesperado: Ancelotti no llegar\u00eda a la Selecci\u00f3n de Brasil -","robots":{"index":"index","follow":"follow","max-snippet":"max-snippet:-1","max-image-preview":"max-image-preview:large","max-video-preview":"max-video-preview:-1"},"canonical":"https:\/\/futbolhoy.co\/index.php\/2025\/04\/29\/giro-inesperado-ancelotti-no-llegaria-a-la-seleccion-de-brasil\/","og_locale":"es_ES","og_type":"article","og_title":"Giro inesperado: Ancelotti no llegar\u00eda a la Selecci\u00f3n de Brasil -","og_description":"En un giro inesperado de los acontecimientos, la Confederaci\u00f3n Brasile\u00f1a de F\u00fatbol (CBF) le puso fin a las negociaciones con el italiano Carlo Ancelotti, entrenador del Real Madrid, para dirigir la Canarinha, seg\u00fan inform\u00f3 este martes el medio deportivo 'Ge', del grupo Globo. Despu\u00e9s de haber alcanzado un principio de acuerdo, la CBF desisti\u00f3 finalmente [&hellip;]","og_url":"https:\/\/futbolhoy.co\/index.php\/2025\/04\/29\/giro-inesperado-ancelotti-no-llegaria-a-la-seleccion-de-brasil\/","article_publisher":"https:\/\/www.facebook.com\/FutbolHoyCol\/","article_published_time":"2025-04-30T00:23:10+00:00","article_modified_time":"2025-05-01T15:24:32+00:00","og_image":[{"width":653,"height":599,"url":"https:\/\/futbolhoy.co\/wp-content\/uploads\/2022\/05\/Ancelotti.gif","type":"image\/gif"}],"author":"contenido","twitter_card":"summary_large_image","twitter_creator":"@FutbolHoyCol","twitter_site":"@FutbolHoyCol","twitter_misc":{"Escrito por":"contenido","Tiempo de lectura":"1 minuto"},"schema":{"@context":"https:\/\/schema.org","@graph":[{"@type":"Article","@id":"https:\/\/futbolhoy.co\/index.php\/2025\/04\/29\/giro-inesperado-ancelotti-no-llegaria-a-la-seleccion-de-brasil\/#article","isPartOf":{"@id":"https:\/\/futbolhoy.co\/index.php\/2025\/04\/29\/giro-inesperado-ancelotti-no-llegaria-a-la-seleccion-de-brasil\/"},"author":{"name":"contenido","@id":"https:\/\/futbolhoy.co\/#\/schema\/person\/1721b69355b6623eaff15ac7b92d4cc3"},"headline":"Giro inesperado: Ancelotti no llegar\u00eda a la Selecci\u00f3n de Brasil","datePublished":"2025-04-30T00:23:10+00:00","dateModified":"2025-05-01T15:24:32+00:00","mainEntityOfPage":{"@id":"https:\/\/futbolhoy.co\/index.php\/2025\/04\/29\/giro-inesperado-ancelotti-no-llegaria-a-la-seleccion-de-brasil\/"},"wordCount":257,"commentCount":0,"publisher":{"@id":"https:\/\/futbolhoy.co\/#organization"},"image":{"@id":"https:\/\/futbolhoy.co\/index.php\/2025\/04\/29\/giro-inesperado-ancelotti-no-llegaria-a-la-seleccion-de-brasil\/#primaryimage"},"thumbnailUrl":"https:\/\/futbolhoy.co\/wp-content\/uploads\/2022\/05\/Ancelotti.gif","articleSection":["Mundo Futbol"],"inLanguage":"es","potentialAction":[{"@type":"CommentAction","name":"Comment","target":["https:\/\/futbolhoy.co\/index.php\/2025\/04\/29\/giro-inesperado-ancelotti-no-llegaria-a-la-seleccion-de-brasil\/#respond"]}]},{"@type":"WebPage","@id":"https:\/\/futbolhoy.co\/index.php\/2025\/04\/29\/giro-inesperado-ancelotti-no-llegaria-a-la-seleccion-de-brasil\/","url":"https:\/\/futbolhoy.co\/index.php\/2025\/04\/29\/giro-inesperado-ancelotti-no-llegaria-a-la-seleccion-de-brasil\/","name":"Giro inesperado: Ancelotti no llegar\u00eda a la Selecci\u00f3n de Brasil -","isPartOf":{"@id":"https:\/\/futbolhoy.co\/#website"},"primaryImageOfPage":{"@id":"https:\/\/futbolhoy.co\/index.php\/2025\/04\/29\/giro-inesperado-ancelotti-no-llegaria-a-la-seleccion-de-brasil\/#primaryimage"},"image":{"@id":"https:\/\/futbolhoy.co\/index.php\/2025\/04\/29\/giro-inesperado-ancelotti-no-llegaria-a-la-seleccion-de-brasil\/#primaryimage"},"thumbnailUrl":"https:\/\/futbolhoy.co\/wp-content\/uploads\/2022\/05\/Ancelotti.gif","datePublished":"2025-04-30T00:23:10+00:00","dateModified":"2025-05-01T15:24:32+00:00","breadcrumb":{"@id":"https:\/\/futbolhoy.co\/index.php\/2025\/04\/29\/giro-inesperado-ancelotti-no-llegaria-a-la-seleccion-de-brasil\/#breadcrumb"},"inLanguage":"es","potentialAction":[{"@type":"ReadAction","target":["https:\/\/futbolhoy.co\/index.php\/2025\/04\/29\/giro-inesperado-ancelotti-no-llegaria-a-la-seleccion-de-brasil\/"]}]},{"@type":"ImageObject","inLanguage":"es","@id":"https:\/\/futbolhoy.co\/index.php\/2025\/04\/29\/giro-inesperado-ancelotti-no-llegaria-a-la-seleccion-de-brasil\/#primaryimage","url":"https:\/\/futbolhoy.co\/wp-content\/uploads\/2022\/05\/Ancelotti.gif","contentUrl":"https:\/\/futbolhoy.co\/wp-content\/uploads\/2022\/05\/Ancelotti.gif","width":653,"height":599},{"@type":"BreadcrumbList","@id":"https:\/\/futbolhoy.co\/index.php\/2025\/04\/29\/giro-inesperado-ancelotti-no-llegaria-a-la-seleccion-de-brasil\/#breadcrumb","itemListElement":[{"@type":"ListItem","position":1,"name":"Portada","item":"https:\/\/futbolhoy.co\/"},{"@type":"ListItem","position":2,"name":"Giro inesperado: Ancelotti no llegar\u00eda a la Selecci\u00f3n de Brasil"}]},{"@type":"WebSite","@id":"https:\/\/futbolhoy.co\/#website","url":"https:\/\/futbolhoy.co\/","name":"FutbolHoy","description":"","publisher":{"@id":"https:\/\/futbolhoy.co\/#organization"},"potentialAction":[{"@type":"SearchAction","target":{"@type":"EntryPoint","urlTemplate":"https:\/\/futbolhoy.co\/?s={search_term_string}"},"query-input":{"@type":"PropertyValueSpecification","valueRequired":true,"valueName":"search_term_string"}}],"inLanguage":"es"},{"@type":"Organization","@id":"https:\/\/futbolhoy.co\/#organization","name":"Futbolhoy.co","url":"https:\/\/futbolhoy.co\/","logo":{"@type":"ImageObject","inLanguage":"es","@id":"https:\/\/futbolhoy.co\/#\/schema\/logo\/image\/","url":"https:\/\/futbolhoy.co\/wp-content\/uploads\/2018\/08\/17426380_1906371736249227_6326180412931521141_n.jpg","contentUrl":"https:\/\/futbolhoy.co\/wp-content\/uploads\/2018\/08\/17426380_1906371736249227_6326180412931521141_n.jpg","width":960,"height":960,"caption":"Futbolhoy.co"},"image":{"@id":"https:\/\/futbolhoy.co\/#\/schema\/logo\/image\/"},"sameAs":["https:\/\/www.facebook.com\/FutbolHoyCol\/","https:\/\/x.com\/FutbolHoyCol","https:\/\/www.instagram.com\/futbolhoycol\/"]},{"@type":"Person","@id":"https:\/\/futbolhoy.co\/#\/schema\/person\/1721b69355b6623eaff15ac7b92d4cc3","name":"contenido","image":{"@type":"ImageObject","inLanguage":"es","@id":"https:\/\/futbolhoy.co\/#\/schema\/person\/image\/","url":"https:\/\/secure.gravatar.com\/avatar\/4f656d3256f5134f466206e7c3941518?s=96&d=mm&r=g","contentUrl":"https:\/\/secure.gravatar.com\/avatar\/4f656d3256f5134f466206e7c3941518?s=96&d=mm&r=g","caption":"contenido"}}]}},"publishpress_future_action":{"enabled":false,"date":"2026-05-03 22:46:36","action":"change-status","newStatus":"draft","terms":[],"taxonomy":"category","extraData":[]},"publishpress_future_workflow_manual_trigger":{"enabledWorkflows":[]},"_links":{"self":[{"href":"https:\/\/futbolhoy.co\/index.php\/wp-json\/wp\/v2\/posts\/118925","targetHints":{"allow":["GET"]}}],"collection":[{"href":"https:\/\/futbolhoy.co\/index.php\/wp-json\/wp\/v2\/posts"}],"about":[{"href":"https:\/\/futbolhoy.co\/index.php\/wp-json\/wp\/v2\/types\/post"}],"author":[{"embeddable":true,"href":"https:\/\/futbolhoy.co\/index.php\/wp-json\/wp\/v2\/users\/4"}],"replies":[{"embeddable":true,"href":"https:\/\/futbolhoy.co\/index.php\/wp-json\/wp\/v2\/comments?post=118925"}],"version-history":[{"count":1,"href":"https:\/\/futbolhoy.co\/index.php\/wp-json\/wp\/v2\/posts\/118925\/revisions"}],"predecessor-version":[{"id":118926,"href":"https:\/\/futbolhoy.co\/index.php\/wp-json\/wp\/v2\/posts\/118925\/revisions\/118926"}],"wp:featuredmedia":[{"embeddable":true,"href":"https:\/\/futbolhoy.co\/index.php\/wp-json\/wp\/v2\/media\/79650"}],"wp:attachment":[{"href":"https:\/\/futbolhoy.co\/index.php\/wp-json\/wp\/v2\/media?parent=118925"}],"wp:term":[{"taxonomy":"category","embeddable":true,"href":"https:\/\/futbolhoy.co\/index.php\/wp-json\/wp\/v2\/categories?post=118925"},{"taxonomy":"post_tag","embeddable":true,"href":"https:\/\/futbolhoy.co\/index.php\/wp-json\/wp\/v2\/tags?post=118925"}],"curies":[{"name":"wp","href":"https:\/\/api.w.org\/{rel}","templated":true}]}}