{"id":118938,"date":"2025-04-30T09:35:56","date_gmt":"2025-04-30T14:35:56","guid":{"rendered":"https:\/\/futbolhoy.co\/?p=118938"},"modified":"2025-04-30T16:02:37","modified_gmt":"2025-04-30T21:02:37","slug":"118938","status":"publish","type":"post","link":"https:\/\/futbolhoy.co\/index.php\/2025\/04\/30\/118938\/","title":{"rendered":"Barcelona vs. Inter, partidazo por semifinales de Champions League"},"content":{"rendered":"<p style=\"text-align: justify;\"><span style=\"font-family: helvetica, arial, sans-serif;\">Despu\u00e9s de la victoria de prestigio ante el <strong>Real Madrid<\/strong> en la final de <strong>Copa del Rey,<\/strong> Barcelona afronta un nuevo paso en su carrera hacia otro t\u00edtulo con el reto del Inter de Mil\u00e1n, en un duelo entre el mejor ataque y la mejor defensa de Europa con alguna cuenta pendiente.<\/span><\/p>\n<p style=\"text-align: justify;\"><span style=\"font-family: helvetica, arial, sans-serif;\">Llegan ambos equipos con <strong>din\u00e1micas diferentes<\/strong> y con mucha carga de partidos. Los de<strong> Hansi Flick<\/strong> con la adrenalina disparada tras el subid\u00f3n por el t\u00edtulo, por c\u00f3mo se produjo y por el rival; los de <strong>Simone Inzhagi<\/strong> un poco m\u00e1s desinflados, despu\u00e9s de que en los \u00faltimos partidos su principal fortaleza -la defensa- no est\u00e9 al nivel que le ha llevado hasta aqu\u00ed.<\/span><\/p>\n<p style=\"text-align: justify;\"><span style=\"font-family: helvetica, arial, sans-serif;\">Siguen de baja segura por lesi\u00f3n <strong>Alejandro Balde y Robert Lewandowski<\/strong>. En Sevilla, el carrilero fue suplido por <strong>Gerard Mart\u00edn<\/strong>, mientras que Ferran Torres entr\u00f3 por el polaco. Ante el Inter podr\u00eda repetirse esta secuencia, m\u00e1xime cuando el defensa demostr\u00f3 su fiabilidad y el delantero su estado de gracia, ya que fue quien llev\u00f3 el partido a la pr\u00f3rroga.<\/span><\/p>\n<p style=\"text-align: justify;\"><span style=\"font-family: helvetica, arial, sans-serif;\">Para el Inter el partido llega en uno de los peores momentos del curso. Sus \u00faltimas dos semanas son terribles. Humillado ante el <strong>Milan en Copa Italia<\/strong>, derrotado en sus \u00faltimos 3 partidos, superado por el N\u00e1poles en la tabla de Serie A, sin marcar gol desde el pasado 16 de abril y con el sue\u00f1o del triplete roto en mil a\u00f1icos.<\/span><\/p>\n<p style=\"text-align: justify;\"><span style=\"font-family: helvetica, arial, sans-serif;\">Inzaghi, con la \u00fanica duda de Thuram en mente, recuper\u00f3 tambi\u00e9n al neerland\u00e9s <strong>Denzel Dumfries<\/strong> para el carril derecho y solo tendr\u00e1 la baja confirmada por lesi\u00f3n del franc\u00e9s <strong>Benjamin Pavard<\/strong>, fijo en la l\u00ednea de 3 centrales en la que ahora parte como favorito en su puesto el alem\u00e1n Yann Bisseck.<\/span><\/p>\n<p style=\"text-align: justify;\"><span style=\"font-family: helvetica, arial, sans-serif; font-size: 14pt;\">Alineaciones probables<\/span><\/p>\n<p style=\"text-align: justify;\"><span style=\"font-family: helvetica, arial, sans-serif;\"><strong>Barcelona:<\/strong> Szcz\u0119sny; Kounde, Cubars\u00ed, \u00cd\u00f1igo Mart\u00ednez o Araujo, Gerard Mart\u00edn; Frenkie de Jong, Pedri; Lamine Yamal, Olmo o Gavi, Raphinha; y Ferran Torres.<\/span><\/p>\n<p style=\"text-align: justify;\"><span style=\"font-family: helvetica, arial, sans-serif;\"><strong>Inter de Mil\u00e1n:<\/strong> Sommer; Bisseck, Acerbi, Bastoni; Dumfries, Barella, Calhanoglu, Mkhitaryan, Dimarco; Thuram o Arnautovic y Lautaro.<\/span><\/p>\n","protected":false},"excerpt":{"rendered":"<p>Despu\u00e9s de la victoria de prestigio ante el Real Madrid en la final de Copa del Rey, Barcelona afronta un nuevo paso en su carrera hacia otro t\u00edtulo con el reto del Inter de Mil\u00e1n, en un duelo entre el mejor ataque y la mejor defensa de Europa con alguna cuenta pendiente. Llegan ambos equipos [&hellip;]<\/p>\n","protected":false},"author":4,"featured_media":118939,"comment_status":"open","ping_status":"open","sticky":false,"template":"","format":"standard","meta":{"_acf_changed":false,"footnotes":""},"categories":[152],"tags":[],"class_list":{"0":"post-118938","1":"post","2":"type-post","3":"status-publish","4":"format-standard","5":"has-post-thumbnail","7":"category-mundo-futbol"},"acf":[],"yoast_head":"<!-- This site is optimized with the Yoast SEO plugin v26.8 - https:\/\/yoast.com\/product\/yoast-seo-wordpress\/ -->\n<title>Barcelona vs. Inter, partidazo por semifinales de Champions League -<\/title>\n<meta name=\"robots\" content=\"index, follow, max-snippet:-1, max-image-preview:large, max-video-preview:-1\" \/>\n<link rel=\"canonical\" href=\"https:\/\/futbolhoy.co\/index.php\/2025\/04\/30\/118938\/\" \/>\n<meta property=\"og:locale\" content=\"es_ES\" \/>\n<meta property=\"og:type\" content=\"article\" \/>\n<meta property=\"og:title\" content=\"Barcelona vs. Inter, partidazo por semifinales de Champions League -\" \/>\n<meta property=\"og:description\" content=\"Despu\u00e9s de la victoria de prestigio ante el Real Madrid en la final de Copa del Rey, Barcelona afronta un nuevo paso en su carrera hacia otro t\u00edtulo con el reto del Inter de Mil\u00e1n, en un duelo entre el mejor ataque y la mejor defensa de Europa con alguna cuenta pendiente. Llegan ambos equipos [&hellip;]\" \/>\n<meta property=\"og:url\" content=\"https:\/\/futbolhoy.co\/index.php\/2025\/04\/30\/118938\/\" \/>\n<meta property=\"article:publisher\" content=\"https:\/\/www.facebook.com\/FutbolHoyCol\/\" \/>\n<meta property=\"article:published_time\" content=\"2025-04-30T14:35:56+00:00\" \/>\n<meta property=\"article:modified_time\" content=\"2025-04-30T21:02:37+00:00\" \/>\n<meta property=\"og:image\" content=\"https:\/\/futbolhoy.co\/wp-content\/uploads\/2025\/04\/GpxOIH4WwAAoCBo.jpg\" \/>\n\t<meta property=\"og:image:width\" content=\"1075\" \/>\n\t<meta property=\"og:image:height\" content=\"837\" \/>\n\t<meta property=\"og:image:type\" content=\"image\/jpeg\" \/>\n<meta name=\"author\" content=\"contenido\" \/>\n<meta name=\"twitter:card\" content=\"summary_large_image\" \/>\n<meta name=\"twitter:creator\" content=\"@FutbolHoyCol\" \/>\n<meta name=\"twitter:site\" content=\"@FutbolHoyCol\" \/>\n<meta name=\"twitter:label1\" content=\"Escrito por\" \/>\n\t<meta name=\"twitter:data1\" content=\"contenido\" \/>\n\t<meta name=\"twitter:label2\" content=\"Tiempo de lectura\" \/>\n\t<meta name=\"twitter:data2\" content=\"2 minutos\" \/>\n<script type=\"application\/ld+json\" class=\"yoast-schema-graph\">{\"@context\":\"https:\/\/schema.org\",\"@graph\":[{\"@type\":\"Article\",\"@id\":\"https:\/\/futbolhoy.co\/index.php\/2025\/04\/30\/118938\/#article\",\"isPartOf\":{\"@id\":\"https:\/\/futbolhoy.co\/index.php\/2025\/04\/30\/118938\/\"},\"author\":{\"name\":\"contenido\",\"@id\":\"https:\/\/futbolhoy.co\/#\/schema\/person\/1721b69355b6623eaff15ac7b92d4cc3\"},\"headline\":\"Barcelona vs. Inter, partidazo por semifinales de Champions League\",\"datePublished\":\"2025-04-30T14:35:56+00:00\",\"dateModified\":\"2025-04-30T21:02:37+00:00\",\"mainEntityOfPage\":{\"@id\":\"https:\/\/futbolhoy.co\/index.php\/2025\/04\/30\/118938\/\"},\"wordCount\":364,\"commentCount\":0,\"publisher\":{\"@id\":\"https:\/\/futbolhoy.co\/#organization\"},\"image\":{\"@id\":\"https:\/\/futbolhoy.co\/index.php\/2025\/04\/30\/118938\/#primaryimage\"},\"thumbnailUrl\":\"https:\/\/futbolhoy.co\/wp-content\/uploads\/2025\/04\/GpxOIH4WwAAoCBo.jpg\",\"articleSection\":[\"Mundo Futbol\"],\"inLanguage\":\"es\",\"potentialAction\":[{\"@type\":\"CommentAction\",\"name\":\"Comment\",\"target\":[\"https:\/\/futbolhoy.co\/index.php\/2025\/04\/30\/118938\/#respond\"]}]},{\"@type\":\"WebPage\",\"@id\":\"https:\/\/futbolhoy.co\/index.php\/2025\/04\/30\/118938\/\",\"url\":\"https:\/\/futbolhoy.co\/index.php\/2025\/04\/30\/118938\/\",\"name\":\"Barcelona vs. Inter, partidazo por semifinales de Champions League -\",\"isPartOf\":{\"@id\":\"https:\/\/futbolhoy.co\/#website\"},\"primaryImageOfPage\":{\"@id\":\"https:\/\/futbolhoy.co\/index.php\/2025\/04\/30\/118938\/#primaryimage\"},\"image\":{\"@id\":\"https:\/\/futbolhoy.co\/index.php\/2025\/04\/30\/118938\/#primaryimage\"},\"thumbnailUrl\":\"https:\/\/futbolhoy.co\/wp-content\/uploads\/2025\/04\/GpxOIH4WwAAoCBo.jpg\",\"datePublished\":\"2025-04-30T14:35:56+00:00\",\"dateModified\":\"2025-04-30T21:02:37+00:00\",\"breadcrumb\":{\"@id\":\"https:\/\/futbolhoy.co\/index.php\/2025\/04\/30\/118938\/#breadcrumb\"},\"inLanguage\":\"es\",\"potentialAction\":[{\"@type\":\"ReadAction\",\"target\":[\"https:\/\/futbolhoy.co\/index.php\/2025\/04\/30\/118938\/\"]}]},{\"@type\":\"ImageObject\",\"inLanguage\":\"es\",\"@id\":\"https:\/\/futbolhoy.co\/index.php\/2025\/04\/30\/118938\/#primaryimage\",\"url\":\"https:\/\/futbolhoy.co\/wp-content\/uploads\/2025\/04\/GpxOIH4WwAAoCBo.jpg\",\"contentUrl\":\"https:\/\/futbolhoy.co\/wp-content\/uploads\/2025\/04\/GpxOIH4WwAAoCBo.jpg\",\"width\":1075,\"height\":837},{\"@type\":\"BreadcrumbList\",\"@id\":\"https:\/\/futbolhoy.co\/index.php\/2025\/04\/30\/118938\/#breadcrumb\",\"itemListElement\":[{\"@type\":\"ListItem\",\"position\":1,\"name\":\"Portada\",\"item\":\"https:\/\/futbolhoy.co\/\"},{\"@type\":\"ListItem\",\"position\":2,\"name\":\"Barcelona vs. Inter, partidazo por semifinales de Champions League\"}]},{\"@type\":\"WebSite\",\"@id\":\"https:\/\/futbolhoy.co\/#website\",\"url\":\"https:\/\/futbolhoy.co\/\",\"name\":\"FutbolHoy\",\"description\":\"\",\"publisher\":{\"@id\":\"https:\/\/futbolhoy.co\/#organization\"},\"potentialAction\":[{\"@type\":\"SearchAction\",\"target\":{\"@type\":\"EntryPoint\",\"urlTemplate\":\"https:\/\/futbolhoy.co\/?s={search_term_string}\"},\"query-input\":{\"@type\":\"PropertyValueSpecification\",\"valueRequired\":true,\"valueName\":\"search_term_string\"}}],\"inLanguage\":\"es\"},{\"@type\":\"Organization\",\"@id\":\"https:\/\/futbolhoy.co\/#organization\",\"name\":\"Futbolhoy.co\",\"url\":\"https:\/\/futbolhoy.co\/\",\"logo\":{\"@type\":\"ImageObject\",\"inLanguage\":\"es\",\"@id\":\"https:\/\/futbolhoy.co\/#\/schema\/logo\/image\/\",\"url\":\"https:\/\/futbolhoy.co\/wp-content\/uploads\/2018\/08\/17426380_1906371736249227_6326180412931521141_n.jpg\",\"contentUrl\":\"https:\/\/futbolhoy.co\/wp-content\/uploads\/2018\/08\/17426380_1906371736249227_6326180412931521141_n.jpg\",\"width\":960,\"height\":960,\"caption\":\"Futbolhoy.co\"},\"image\":{\"@id\":\"https:\/\/futbolhoy.co\/#\/schema\/logo\/image\/\"},\"sameAs\":[\"https:\/\/www.facebook.com\/FutbolHoyCol\/\",\"https:\/\/x.com\/FutbolHoyCol\",\"https:\/\/www.instagram.com\/futbolhoycol\/\"]},{\"@type\":\"Person\",\"@id\":\"https:\/\/futbolhoy.co\/#\/schema\/person\/1721b69355b6623eaff15ac7b92d4cc3\",\"name\":\"contenido\",\"image\":{\"@type\":\"ImageObject\",\"inLanguage\":\"es\",\"@id\":\"https:\/\/futbolhoy.co\/#\/schema\/person\/image\/\",\"url\":\"https:\/\/secure.gravatar.com\/avatar\/4f656d3256f5134f466206e7c3941518?s=96&d=mm&r=g\",\"contentUrl\":\"https:\/\/secure.gravatar.com\/avatar\/4f656d3256f5134f466206e7c3941518?s=96&d=mm&r=g\",\"caption\":\"contenido\"}}]}<\/script>\n<!-- \/ Yoast SEO plugin. -->","yoast_head_json":{"title":"Barcelona vs. Inter, partidazo por semifinales de Champions League -","robots":{"index":"index","follow":"follow","max-snippet":"max-snippet:-1","max-image-preview":"max-image-preview:large","max-video-preview":"max-video-preview:-1"},"canonical":"https:\/\/futbolhoy.co\/index.php\/2025\/04\/30\/118938\/","og_locale":"es_ES","og_type":"article","og_title":"Barcelona vs. Inter, partidazo por semifinales de Champions League -","og_description":"Despu\u00e9s de la victoria de prestigio ante el Real Madrid en la final de Copa del Rey, Barcelona afronta un nuevo paso en su carrera hacia otro t\u00edtulo con el reto del Inter de Mil\u00e1n, en un duelo entre el mejor ataque y la mejor defensa de Europa con alguna cuenta pendiente. Llegan ambos equipos [&hellip;]","og_url":"https:\/\/futbolhoy.co\/index.php\/2025\/04\/30\/118938\/","article_publisher":"https:\/\/www.facebook.com\/FutbolHoyCol\/","article_published_time":"2025-04-30T14:35:56+00:00","article_modified_time":"2025-04-30T21:02:37+00:00","og_image":[{"width":1075,"height":837,"url":"https:\/\/futbolhoy.co\/wp-content\/uploads\/2025\/04\/GpxOIH4WwAAoCBo.jpg","type":"image\/jpeg"}],"author":"contenido","twitter_card":"summary_large_image","twitter_creator":"@FutbolHoyCol","twitter_site":"@FutbolHoyCol","twitter_misc":{"Escrito por":"contenido","Tiempo de lectura":"2 minutos"},"schema":{"@context":"https:\/\/schema.org","@graph":[{"@type":"Article","@id":"https:\/\/futbolhoy.co\/index.php\/2025\/04\/30\/118938\/#article","isPartOf":{"@id":"https:\/\/futbolhoy.co\/index.php\/2025\/04\/30\/118938\/"},"author":{"name":"contenido","@id":"https:\/\/futbolhoy.co\/#\/schema\/person\/1721b69355b6623eaff15ac7b92d4cc3"},"headline":"Barcelona vs. Inter, partidazo por semifinales de Champions League","datePublished":"2025-04-30T14:35:56+00:00","dateModified":"2025-04-30T21:02:37+00:00","mainEntityOfPage":{"@id":"https:\/\/futbolhoy.co\/index.php\/2025\/04\/30\/118938\/"},"wordCount":364,"commentCount":0,"publisher":{"@id":"https:\/\/futbolhoy.co\/#organization"},"image":{"@id":"https:\/\/futbolhoy.co\/index.php\/2025\/04\/30\/118938\/#primaryimage"},"thumbnailUrl":"https:\/\/futbolhoy.co\/wp-content\/uploads\/2025\/04\/GpxOIH4WwAAoCBo.jpg","articleSection":["Mundo Futbol"],"inLanguage":"es","potentialAction":[{"@type":"CommentAction","name":"Comment","target":["https:\/\/futbolhoy.co\/index.php\/2025\/04\/30\/118938\/#respond"]}]},{"@type":"WebPage","@id":"https:\/\/futbolhoy.co\/index.php\/2025\/04\/30\/118938\/","url":"https:\/\/futbolhoy.co\/index.php\/2025\/04\/30\/118938\/","name":"Barcelona vs. Inter, partidazo por semifinales de Champions League -","isPartOf":{"@id":"https:\/\/futbolhoy.co\/#website"},"primaryImageOfPage":{"@id":"https:\/\/futbolhoy.co\/index.php\/2025\/04\/30\/118938\/#primaryimage"},"image":{"@id":"https:\/\/futbolhoy.co\/index.php\/2025\/04\/30\/118938\/#primaryimage"},"thumbnailUrl":"https:\/\/futbolhoy.co\/wp-content\/uploads\/2025\/04\/GpxOIH4WwAAoCBo.jpg","datePublished":"2025-04-30T14:35:56+00:00","dateModified":"2025-04-30T21:02:37+00:00","breadcrumb":{"@id":"https:\/\/futbolhoy.co\/index.php\/2025\/04\/30\/118938\/#breadcrumb"},"inLanguage":"es","potentialAction":[{"@type":"ReadAction","target":["https:\/\/futbolhoy.co\/index.php\/2025\/04\/30\/118938\/"]}]},{"@type":"ImageObject","inLanguage":"es","@id":"https:\/\/futbolhoy.co\/index.php\/2025\/04\/30\/118938\/#primaryimage","url":"https:\/\/futbolhoy.co\/wp-content\/uploads\/2025\/04\/GpxOIH4WwAAoCBo.jpg","contentUrl":"https:\/\/futbolhoy.co\/wp-content\/uploads\/2025\/04\/GpxOIH4WwAAoCBo.jpg","width":1075,"height":837},{"@type":"BreadcrumbList","@id":"https:\/\/futbolhoy.co\/index.php\/2025\/04\/30\/118938\/#breadcrumb","itemListElement":[{"@type":"ListItem","position":1,"name":"Portada","item":"https:\/\/futbolhoy.co\/"},{"@type":"ListItem","position":2,"name":"Barcelona vs. Inter, partidazo por semifinales de Champions League"}]},{"@type":"WebSite","@id":"https:\/\/futbolhoy.co\/#website","url":"https:\/\/futbolhoy.co\/","name":"FutbolHoy","description":"","publisher":{"@id":"https:\/\/futbolhoy.co\/#organization"},"potentialAction":[{"@type":"SearchAction","target":{"@type":"EntryPoint","urlTemplate":"https:\/\/futbolhoy.co\/?s={search_term_string}"},"query-input":{"@type":"PropertyValueSpecification","valueRequired":true,"valueName":"search_term_string"}}],"inLanguage":"es"},{"@type":"Organization","@id":"https:\/\/futbolhoy.co\/#organization","name":"Futbolhoy.co","url":"https:\/\/futbolhoy.co\/","logo":{"@type":"ImageObject","inLanguage":"es","@id":"https:\/\/futbolhoy.co\/#\/schema\/logo\/image\/","url":"https:\/\/futbolhoy.co\/wp-content\/uploads\/2018\/08\/17426380_1906371736249227_6326180412931521141_n.jpg","contentUrl":"https:\/\/futbolhoy.co\/wp-content\/uploads\/2018\/08\/17426380_1906371736249227_6326180412931521141_n.jpg","width":960,"height":960,"caption":"Futbolhoy.co"},"image":{"@id":"https:\/\/futbolhoy.co\/#\/schema\/logo\/image\/"},"sameAs":["https:\/\/www.facebook.com\/FutbolHoyCol\/","https:\/\/x.com\/FutbolHoyCol","https:\/\/www.instagram.com\/futbolhoycol\/"]},{"@type":"Person","@id":"https:\/\/futbolhoy.co\/#\/schema\/person\/1721b69355b6623eaff15ac7b92d4cc3","name":"contenido","image":{"@type":"ImageObject","inLanguage":"es","@id":"https:\/\/futbolhoy.co\/#\/schema\/person\/image\/","url":"https:\/\/secure.gravatar.com\/avatar\/4f656d3256f5134f466206e7c3941518?s=96&d=mm&r=g","contentUrl":"https:\/\/secure.gravatar.com\/avatar\/4f656d3256f5134f466206e7c3941518?s=96&d=mm&r=g","caption":"contenido"}}]}},"publishpress_future_action":{"enabled":false,"date":"2026-05-04 09:03:30","action":"change-status","newStatus":"draft","terms":[],"taxonomy":"category","extraData":[]},"publishpress_future_workflow_manual_trigger":{"enabledWorkflows":[]},"_links":{"self":[{"href":"https:\/\/futbolhoy.co\/index.php\/wp-json\/wp\/v2\/posts\/118938","targetHints":{"allow":["GET"]}}],"collection":[{"href":"https:\/\/futbolhoy.co\/index.php\/wp-json\/wp\/v2\/posts"}],"about":[{"href":"https:\/\/futbolhoy.co\/index.php\/wp-json\/wp\/v2\/types\/post"}],"author":[{"embeddable":true,"href":"https:\/\/futbolhoy.co\/index.php\/wp-json\/wp\/v2\/users\/4"}],"replies":[{"embeddable":true,"href":"https:\/\/futbolhoy.co\/index.php\/wp-json\/wp\/v2\/comments?post=118938"}],"version-history":[{"count":3,"href":"https:\/\/futbolhoy.co\/index.php\/wp-json\/wp\/v2\/posts\/118938\/revisions"}],"predecessor-version":[{"id":118942,"href":"https:\/\/futbolhoy.co\/index.php\/wp-json\/wp\/v2\/posts\/118938\/revisions\/118942"}],"wp:featuredmedia":[{"embeddable":true,"href":"https:\/\/futbolhoy.co\/index.php\/wp-json\/wp\/v2\/media\/118939"}],"wp:attachment":[{"href":"https:\/\/futbolhoy.co\/index.php\/wp-json\/wp\/v2\/media?parent=118938"}],"wp:term":[{"taxonomy":"category","embeddable":true,"href":"https:\/\/futbolhoy.co\/index.php\/wp-json\/wp\/v2\/categories?post=118938"},{"taxonomy":"post_tag","embeddable":true,"href":"https:\/\/futbolhoy.co\/index.php\/wp-json\/wp\/v2\/tags?post=118938"}],"curies":[{"name":"wp","href":"https:\/\/api.w.org\/{rel}","templated":true}]}}